{"id":3332,"date":"2025-11-02T09:45:00","date_gmt":"2025-11-02T12:45:00","guid":{"rendered":"https:\/\/tribunademinas.audiencelabs.com.br\/?p=3332"},"modified":"2025-10-31T14:11:12","modified_gmt":"2025-10-31T17:11:12","slug":"recebe-bolsa-familia-ligue-este-numero-se-valor-estiver-errado","status":"publish","type":"post","link":"https:\/\/tribunademinas.audiencelabs.com.br\/recebe-bolsa-familia-ligue-este-numero-se-valor-estiver-errado\/","title":{"rendered":"Recebe Bolsa Fam\u00edlia? Ligue neste n\u00famero se valor estiver errado"},"content":{"rendered":"\n<p>Os repasses do Bolsa Fam\u00edlia referentes ao m\u00eas de outubro chegaram ao fim na \u00faltima sexta-feira, 31. Cerca de 19 milh\u00f5es de fam\u00edlias em situa\u00e7\u00e3o de vulnerabilidade social foram contempladas com, no m\u00ednimo, R$ 600, valor base do benef\u00edcio. <\/p>\n\n\n\n<p>Apesar da regularidade dos pagamentos, alguns benefici\u00e1rios podem ter encontrado diverg\u00eancias nos valores recebidos. <\/p>\n\n\n\n<p>Nesses casos, \u00e9 poss\u00edvel entrar em contato diretamente com o Minist\u00e9rio do Desenvolvimento e Assist\u00eancia Social, Fam\u00edlia e Combate \u00e0 Fome (MDS) para buscar esclarecimentos.<\/p>\n\n\n\n<h2 class=\"wp-block-heading\">Recebe Bolsa Fam\u00edlia? Ligue este n\u00famero se valor estiver errado<\/h2>\n\n\n\n<p>Para isso, o canal oficial de atendimento do governo \u00e9 o Disque Social 121. A liga\u00e7\u00e3o \u00e9 gratuita e est\u00e1 dispon\u00edvel para todo o Brasil, de segunda a sexta-feira, das 7h \u00e0s 19h. <\/p>\n\n\n\n<p>Pelo telefone, os usu\u00e1rios podem questionar o valor do benef\u00edcio, registrar contesta\u00e7\u00f5es ou obter informa\u00e7\u00f5es sobre programas sociais como o Bolsa Fam\u00edlia, Cadastro \u00danico, carteira da pessoa idosa, entre outros.<\/p>\n\n\n\n<p>Al\u00e9m das chamadas telef\u00f4nicas, o servi\u00e7o tamb\u00e9m oferece alternativas de atendimento para garantir acessibilidade. Pessoas com defici\u00eancia auditiva ou de fala podem ser atendidas por videochamada. <\/p>\n\n\n\n<p>H\u00e1 tamb\u00e9m suporte por meio de plataformas digitais como WhatsApp e Telegram, facilitando o acesso de quem prefere utilizar meios online. <\/p>\n\n\n\n<p>Os atendentes s\u00e3o treinados para fornecer informa\u00e7\u00f5es claras e atualizadas, com m\u00e9dia de resposta inferior a dois dias \u00fateis, um tempo muito abaixo dos 30 dias previstos por lei.<\/p>\n\n\n\n<h3 class=\"wp-block-heading\">Datas dos pagamentos de novembro do Bolsa Fam\u00edlia<\/h3>\n\n\n\n<p>Com o encerramento dos pagamentos de outubro, o governo j\u00e1 definiu as datas para os dep\u00f3sitos do m\u00eas de <a href=\"https:\/\/tribunademinas.com.br\/colunas\/dinheiroecidadania\/nis-final-0-a-9-datas-liberadas-do-bolsa-familia-para-novembro-2025\/\"><strong>novembro<\/strong><\/a>. Como de costume, o calend\u00e1rio \u00e9 organizado conforme o d\u00edgito final do N\u00famero de Identifica\u00e7\u00e3o Social (NIS) impresso no cart\u00e3o do titular. <\/p>\n\n\n\n<p>Os valores continuar\u00e3o sendo depositados nas contas digitais do aplicativo Caixa Tem, que permite movimenta\u00e7\u00f5es financeiras e saques.<\/p>\n\n\n\n<p>Os repasses de novembro come\u00e7ar\u00e3o no dia 14 e se estender\u00e3o at\u00e9 o dia 28, respeitando a libera\u00e7\u00e3o escalonada para evitar sobrecarga no sistema. Confira abaixo as datas de pagamento conforme o final do NIS:<\/p>\n\n\n\n<figure class=\"wp-block-table is-style-stripes\"><table class=\"has-fixed-layout\"><thead><tr><th>Final do NIS<\/th><th>Data de Pagamento<\/th><\/tr><\/thead><tbody><tr><td>1<\/td><td>14 de novembro (sexta)<\/td><\/tr><tr><td>2<\/td><td>17 de novembro (segunda)<\/td><\/tr><tr><td>3<\/td><td>18 de novembro (ter\u00e7a)<\/td><\/tr><tr><td>4<\/td><td>19 de novembro (quarta)<\/td><\/tr><tr><td>5<\/td><td>21 de novembro (sexta)<\/td><\/tr><tr><td>6<\/td><td>24 de novembro (segunda)<\/td><\/tr><tr><td>7<\/td><td>25 de novembro (ter\u00e7a)<\/td><\/tr><tr><td>8<\/td><td>26 de novembro (quarta)<\/td><\/tr><tr><td>9<\/td><td>27 de novembro (quinta)<\/td><\/tr><tr><td>0<\/td><td>28 de novembro (sexta)<\/td><\/tr><\/tbody><\/table><\/figure>\n","protected":false},"excerpt":{"rendered":"<p>Os repasses do Bolsa Fam\u00edlia referentes ao m\u00eas de outubro chegaram ao fim na \u00faltima sexta-feira, 31. Cerca de 19 milh\u00f5es de fam\u00edlias em situa\u00e7\u00e3o de vulnerabilidade social foram contempladas com, no m\u00ednimo, R$ 600, valor base do benef\u00edcio. Apesar da regularidade dos pagamentos, alguns benefici\u00e1rios podem ter encontrado diverg\u00eancias nos valores recebidos. Nesses casos, [&hellip;]<\/p>\n","protected":false},"author":5,"featured_media":3333,"comment_status":"open","ping_status":"open","sticky":false,"template":"","format":"standard","meta":{"jnews-multi-image_gallery":[],"jnews_single_post":{"format":"standard"},"jnews_primary_category":[],"jnews_social_meta":[],"jnews_post_split":[],"footnotes":""},"categories":[1],"tags":[],"class_list":["post-3332","post","type-post","status-publish","format-standard","has-post-thumbnail","hentry","category-dinheiro"],"yoast_head":"<!-- This site is optimized with the Yoast SEO plugin v25.6 - https:\/\/yoast.com\/wordpress\/plugins\/seo\/ -->\n<title>Recebe Bolsa Fam\u00edlia? Ligue neste n\u00famero se valor estiver errado<\/title>\n<meta name=\"description\" content=\"Os repasses do Bolsa Fam\u00edlia referentes ao m\u00eas de outubro chegaram ao fim na \u00faltima sexta-feira, 31, atendendo 19 milh\u00f5es de fam\u00edlias.\" \/>\n<meta name=\"robots\" content=\"index, follow, max-snippet:-1, max-image-preview:large, max-video-preview:-1\" \/>\n<link rel=\"canonical\" href=\"https:\/\/tribunademinas.audiencelabs.com.br\/recebe-bolsa-familia-ligue-este-numero-se-valor-estiver-errado\/\" \/>\n<meta property=\"og:locale\" content=\"pt_BR\" \/>\n<meta property=\"og:type\" content=\"article\" \/>\n<meta property=\"og:title\" content=\"Recebe Bolsa Fam\u00edlia? Ligue neste n\u00famero se valor estiver errado\" \/>\n<meta property=\"og:description\" content=\"Os repasses do Bolsa Fam\u00edlia referentes ao m\u00eas de outubro chegaram ao fim na \u00faltima sexta-feira, 31, atendendo 19 milh\u00f5es de fam\u00edlias.\" \/>\n<meta property=\"og:url\" content=\"https:\/\/tribunademinas.audiencelabs.com.br\/recebe-bolsa-familia-ligue-este-numero-se-valor-estiver-errado\/\" \/>\n<meta property=\"og:site_name\" content=\"Tribuna de Minas - Dinheiro e Cidadania\" \/>\n<meta property=\"article:publisher\" content=\"https:\/\/www.facebook.com\/tribunademinas\/\" \/>\n<meta property=\"article:published_time\" content=\"2025-11-02T12:45:00+00:00\" \/>\n<meta property=\"og:image\" content=\"https:\/\/tribunademinas.audiencelabs.com.br\/wp-content\/uploads\/2025\/10\/Bolsa-Familia-19.webp\" \/>\n\t<meta property=\"og:image:width\" content=\"1170\" \/>\n\t<meta property=\"og:image:height\" content=\"700\" \/>\n\t<meta property=\"og:image:type\" content=\"image\/webp\" \/>\n<meta name=\"author\" content=\"Jeferson Carvalho\" \/>\n<meta name=\"twitter:card\" content=\"summary_large_image\" \/>\n<meta name=\"twitter:creator\" content=\"@tribunademinas\" \/>\n<meta name=\"twitter:site\" content=\"@tribunademinas\" \/>\n<meta name=\"twitter:label1\" content=\"Escrito por\" \/>\n\t<meta name=\"twitter:data1\" content=\"Jeferson Carvalho\" \/>\n\t<meta name=\"twitter:label2\" content=\"Est. tempo de leitura\" \/>\n\t<meta name=\"twitter:data2\" content=\"3 minutos\" \/>\n<!-- \/ Yoast SEO plugin. -->","yoast_head_json":{"title":"Recebe Bolsa Fam\u00edlia? Ligue neste n\u00famero se valor estiver errado","description":"Os repasses do Bolsa Fam\u00edlia referentes ao m\u00eas de outubro chegaram ao fim na \u00faltima sexta-feira, 31, atendendo 19 milh\u00f5es de fam\u00edlias.","robots":{"index":"index","follow":"follow","max-snippet":"max-snippet:-1","max-image-preview":"max-image-preview:large","max-video-preview":"max-video-preview:-1"},"canonical":"https:\/\/tribunademinas.audiencelabs.com.br\/recebe-bolsa-familia-ligue-este-numero-se-valor-estiver-errado\/","og_locale":"pt_BR","og_type":"article","og_title":"Recebe Bolsa Fam\u00edlia? Ligue neste n\u00famero se valor estiver errado","og_description":"Os repasses do Bolsa Fam\u00edlia referentes ao m\u00eas de outubro chegaram ao fim na \u00faltima sexta-feira, 31, atendendo 19 milh\u00f5es de fam\u00edlias.","og_url":"https:\/\/tribunademinas.audiencelabs.com.br\/recebe-bolsa-familia-ligue-este-numero-se-valor-estiver-errado\/","og_site_name":"Tribuna de Minas - Dinheiro e Cidadania","article_publisher":"https:\/\/www.facebook.com\/tribunademinas\/","article_published_time":"2025-11-02T12:45:00+00:00","og_image":[{"width":1170,"height":700,"url":"https:\/\/tribunademinas.audiencelabs.com.br\/wp-content\/uploads\/2025\/10\/Bolsa-Familia-19.webp","type":"image\/webp"}],"author":"Jeferson Carvalho","twitter_card":"summary_large_image","twitter_creator":"@tribunademinas","twitter_site":"@tribunademinas","twitter_misc":{"Escrito por":"Jeferson Carvalho","Est. tempo de leitura":"3 minutos"},"schema":{"@context":"https:\/\/schema.org","@graph":[{"@type":"Article","@id":"https:\/\/tribunademinas.audiencelabs.com.br\/recebe-bolsa-familia-ligue-este-numero-se-valor-estiver-errado\/#article","isPartOf":{"@id":"https:\/\/tribunademinas.audiencelabs.com.br\/recebe-bolsa-familia-ligue-este-numero-se-valor-estiver-errado\/"},"author":{"name":"Jeferson Carvalho","@id":"https:\/\/tribunademinas.audiencelabs.com.br\/#\/schema\/person\/db18fc40307804bacef94213aa68fd9d"},"headline":"Recebe Bolsa Fam\u00edlia? Ligue neste n\u00famero se valor estiver errado","datePublished":"2025-11-02T12:45:00+00:00","mainEntityOfPage":{"@id":"https:\/\/tribunademinas.audiencelabs.com.br\/recebe-bolsa-familia-ligue-este-numero-se-valor-estiver-errado\/"},"wordCount":413,"commentCount":0,"publisher":{"@id":"https:\/\/tribunademinas.audiencelabs.com.br\/#organization"},"image":{"@id":"https:\/\/tribunademinas.audiencelabs.com.br\/recebe-bolsa-familia-ligue-este-numero-se-valor-estiver-errado\/#primaryimage"},"thumbnailUrl":"https:\/\/tribunademinas.audiencelabs.com.br\/wp-content\/uploads\/2025\/10\/Bolsa-Familia-19.webp","articleSection":["Dinheiro"],"inLanguage":"pt-BR","potentialAction":[{"@type":"CommentAction","name":"Comment","target":["https:\/\/tribunademinas.audiencelabs.com.br\/recebe-bolsa-familia-ligue-este-numero-se-valor-estiver-errado\/#respond"]}]},{"@type":"WebPage","@id":"https:\/\/tribunademinas.audiencelabs.com.br\/recebe-bolsa-familia-ligue-este-numero-se-valor-estiver-errado\/","url":"https:\/\/tribunademinas.audiencelabs.com.br\/recebe-bolsa-familia-ligue-este-numero-se-valor-estiver-errado\/","name":"Recebe Bolsa Fam\u00edlia? Ligue neste n\u00famero se valor estiver errado","isPartOf":{"@id":"https:\/\/tribunademinas.audiencelabs.com.br\/#website"},"primaryImageOfPage":{"@id":"https:\/\/tribunademinas.audiencelabs.com.br\/recebe-bolsa-familia-ligue-este-numero-se-valor-estiver-errado\/#primaryimage"},"image":{"@id":"https:\/\/tribunademinas.audiencelabs.com.br\/recebe-bolsa-familia-ligue-este-numero-se-valor-estiver-errado\/#primaryimage"},"thumbnailUrl":"https:\/\/tribunademinas.audiencelabs.com.br\/wp-content\/uploads\/2025\/10\/Bolsa-Familia-19.webp","datePublished":"2025-11-02T12:45:00+00:00","description":"Os repasses do Bolsa Fam\u00edlia referentes ao m\u00eas de outubro chegaram ao fim na \u00faltima sexta-feira, 31, atendendo 19 milh\u00f5es de fam\u00edlias.","breadcrumb":{"@id":"https:\/\/tribunademinas.audiencelabs.com.br\/recebe-bolsa-familia-ligue-este-numero-se-valor-estiver-errado\/#breadcrumb"},"inLanguage":"pt-BR","potentialAction":[{"@type":"ReadAction","target":["https:\/\/tribunademinas.audiencelabs.com.br\/recebe-bolsa-familia-ligue-este-numero-se-valor-estiver-errado\/"]}]},{"@type":"ImageObject","inLanguage":"pt-BR","@id":"https:\/\/tribunademinas.audiencelabs.com.br\/recebe-bolsa-familia-ligue-este-numero-se-valor-estiver-errado\/#primaryimage","url":"https:\/\/tribunademinas.audiencelabs.com.br\/wp-content\/uploads\/2025\/10\/Bolsa-Familia-19.webp","contentUrl":"https:\/\/tribunademinas.audiencelabs.com.br\/wp-content\/uploads\/2025\/10\/Bolsa-Familia-19.webp","width":1170,"height":700,"caption":"Recebe Bolsa Fam\u00edlia? Ligue este n\u00famero se valor estiver errado - Imagem: Lyon Santos\/ MDS"},{"@type":"BreadcrumbList","@id":"https:\/\/tribunademinas.audiencelabs.com.br\/recebe-bolsa-familia-ligue-este-numero-se-valor-estiver-errado\/#breadcrumb","itemListElement":[{"@type":"ListItem","position":1,"name":"In\u00edcio","item":"https:\/\/tribunademinas.audiencelabs.com.br\/"},{"@type":"ListItem","position":2,"name":"Recebe Bolsa Fam\u00edlia? Ligue neste n\u00famero se valor estiver errado"}]},{"@type":"WebSite","@id":"https:\/\/tribunademinas.audiencelabs.com.br\/#website","url":"https:\/\/tribunademinas.audiencelabs.com.br\/","name":"Tribuna de Minas - Dinheiro e Cidadania","description":"","publisher":{"@id":"https:\/\/tribunademinas.audiencelabs.com.br\/#organization"},"potentialAction":[{"@type":"SearchAction","target":{"@type":"EntryPoint","urlTemplate":"https:\/\/tribunademinas.audiencelabs.com.br\/?s={search_term_string}"},"query-input":{"@type":"PropertyValueSpecification","valueRequired":true,"valueName":"search_term_string"}}],"inLanguage":"pt-BR"},{"@type":"Organization","@id":"https:\/\/tribunademinas.audiencelabs.com.br\/#organization","name":"Tribuna de Minas - Dinheiro e Cidadania","url":"https:\/\/tribunademinas.audiencelabs.com.br\/","logo":{"@type":"ImageObject","inLanguage":"pt-BR","@id":"https:\/\/tribunademinas.audiencelabs.com.br\/#\/schema\/logo\/image\/","url":"https:\/\/tribunademinas.audiencelabs.com.br\/wp-content\/uploads\/2025\/08\/cropped-Tribuna_512x512-96x96-1.png","contentUrl":"https:\/\/tribunademinas.audiencelabs.com.br\/wp-content\/uploads\/2025\/08\/cropped-Tribuna_512x512-96x96-1.png","width":96,"height":96,"caption":"Tribuna de Minas - Dinheiro e Cidadania"},"image":{"@id":"https:\/\/tribunademinas.audiencelabs.com.br\/#\/schema\/logo\/image\/"},"sameAs":["https:\/\/www.facebook.com\/tribunademinas\/","https:\/\/x.com\/tribunademinas","https:\/\/www.instagram.com\/tribunademinas\/","https:\/\/www.youtube.com\/user\/TribunadeMinasJF"]},{"@type":"Person","@id":"https:\/\/tribunademinas.audiencelabs.com.br\/#\/schema\/person\/db18fc40307804bacef94213aa68fd9d","name":"Jeferson Carvalho","image":{"@type":"ImageObject","inLanguage":"pt-BR","@id":"https:\/\/tribunademinas.audiencelabs.com.br\/#\/schema\/person\/image\/","url":"https:\/\/secure.gravatar.com\/avatar\/cd7646e328d9670dad7dea8698522e522745eeffcff5b9d08be858e377ce326b?s=96&d=mm&r=g","contentUrl":"https:\/\/secure.gravatar.com\/avatar\/cd7646e328d9670dad7dea8698522e522745eeffcff5b9d08be858e377ce326b?s=96&d=mm&r=g","caption":"Jeferson Carvalho"},"description":"Jornalista apaixonado pela profiss\u00e3o!","url":"https:\/\/tribunademinas.audiencelabs.com.br\/author\/jeferson\/"}]}},"amp_enabled":true,"_links":{"self":[{"href":"https:\/\/tribunademinas.audiencelabs.com.br\/wp-json\/wp\/v2\/posts\/3332","targetHints":{"allow":["GET"]}}],"collection":[{"href":"https:\/\/tribunademinas.audiencelabs.com.br\/wp-json\/wp\/v2\/posts"}],"about":[{"href":"https:\/\/tribunademinas.audiencelabs.com.br\/wp-json\/wp\/v2\/types\/post"}],"author":[{"embeddable":true,"href":"https:\/\/tribunademinas.audiencelabs.com.br\/wp-json\/wp\/v2\/users\/5"}],"replies":[{"embeddable":true,"href":"https:\/\/tribunademinas.audiencelabs.com.br\/wp-json\/wp\/v2\/comments?post=3332"}],"version-history":[{"count":2,"href":"https:\/\/tribunademinas.audiencelabs.com.br\/wp-json\/wp\/v2\/posts\/3332\/revisions"}],"predecessor-version":[{"id":3361,"href":"https:\/\/tribunademinas.audiencelabs.com.br\/wp-json\/wp\/v2\/posts\/3332\/revisions\/3361"}],"wp:featuredmedia":[{"embeddable":true,"href":"https:\/\/tribunademinas.audiencelabs.com.br\/wp-json\/wp\/v2\/media\/3333"}],"wp:attachment":[{"href":"https:\/\/tribunademinas.audiencelabs.com.br\/wp-json\/wp\/v2\/media?parent=3332"}],"wp:term":[{"taxonomy":"category","embeddable":true,"href":"https:\/\/tribunademinas.audiencelabs.com.br\/wp-json\/wp\/v2\/categories?post=3332"},{"taxonomy":"post_tag","embeddable":true,"href":"https:\/\/tribunademinas.audiencelabs.com.br\/wp-json\/wp\/v2\/tags?post=3332"}],"curies":[{"name":"wp","href":"https:\/\/api.w.org\/{rel}","templated":true}]}}