{"id":3326,"date":"2025-11-02T07:45:00","date_gmt":"2025-11-02T10:45:00","guid":{"rendered":"https:\/\/tribunademinas.audiencelabs.com.br\/?p=3326"},"modified":"2025-10-30T19:41:35","modified_gmt":"2025-10-30T22:41:35","slug":"alunos-da-rede-publica-podem-aplicar-bolsa-do-pe-de-meia-em-titulos-publicos","status":"publish","type":"post","link":"https:\/\/tribunademinas.audiencelabs.com.br\/alunos-da-rede-publica-podem-aplicar-bolsa-do-pe-de-meia-em-titulos-publicos\/","title":{"rendered":"Alunos da rede p\u00fablica podem aplicar bolsa do P\u00e9-de-Meia em t\u00edtulos p\u00fablicos"},"content":{"rendered":"\n<p>Estudantes do ensino m\u00e9dio da rede p\u00fablica agora t\u00eam a possibilidade de aplicar parte dos recursos recebidos pelo programa P\u00e9-de-Meia em t\u00edtulos p\u00fablicos do Tesouro Direto. <\/p>\n\n\n\n<p>A nova medida, oficializada pelo Minist\u00e9rio da Educa\u00e7\u00e3o (MEC), permite que os jovens invistam o chamado \u201cincentivo de conclus\u00e3o\u201d, refor\u00e7ando o car\u00e1ter de poupan\u00e7a educacional da iniciativa federal voltada a alunos de baixa renda.<\/p>\n\n\n\n<h2 class=\"wp-block-heading\">Alunos da rede p\u00fablica podem aplicar bolsa do P\u00e9-de-Meia em t\u00edtulos p\u00fablicos<\/h2>\n\n\n\n<p>O P\u00e9-de-Meia foi criado com o objetivo de estimular a perman\u00eancia escolar e combater a evas\u00e3o no ensino m\u00e9dio. <\/p>\n\n\n\n<p>O programa prev\u00ea o repasse mensal de R$ 200 aos estudantes que comprovem matr\u00edcula e frequ\u00eancia m\u00ednima exigida, al\u00e9m de um b\u00f4nus de R$ 1.000 ao fim de cada ano letivo conclu\u00eddo com aprova\u00e7\u00e3o. <\/p>\n\n\n\n<p>\u00c9 justamente esse valor anual, referente ao desempenho e \u00e0 continuidade nos estudos, que poder\u00e1 ser investido pelos benefici\u00e1rios.<\/p>\n\n\n\n<p>Esse incentivo de R$ 1.000, chamado de incentivo de conclus\u00e3o, s\u00f3 pode ser sacado ap\u00f3s o t\u00e9rmino do ensino m\u00e9dio, mediante a apresenta\u00e7\u00e3o do certificado de conclus\u00e3o. <\/p>\n\n\n\n<p>Enquanto o aluno ainda estiver cursando, o valor permanece retido em uma conta de poupan\u00e7a vinculada \u00e0 Caixa Econ\u00f4mica Federal. <\/p>\n\n\n\n<p>A novidade \u00e9 que, em vez de deixar os recursos parados na poupan\u00e7a, os estudantes poder\u00e3o optar por aplic\u00e1-los em t\u00edtulos do Tesouro Direto, obtendo rendimentos potencialmente maiores.<\/p>\n\n\n\n<p>Por padr\u00e3o, o dinheiro permanece na poupan\u00e7a, mas o estudante pode solicitar a mudan\u00e7a de aplica\u00e7\u00e3o a qualquer momento. A movimenta\u00e7\u00e3o dos recursos exige o consentimento do respons\u00e1vel legal, no caso dos menores de idade. <\/p>\n\n\n\n<p>Toda a gest\u00e3o \u00e9 feita por meio de plataformas digitais como o aplicativo Caixa Tem ou o sistema do pr\u00f3prio MEC.<\/p>\n\n\n\n<h3 class=\"wp-block-heading\">Quem recebe o P\u00e9-de-Meia?<\/h3>\n\n\n\n<p>Para ter acesso ao P\u00e9-de-Meia, o aluno precisa estar regularmente matriculado em escola p\u00fablica de ensino m\u00e9dio, seja na modalidade regular ou na Educa\u00e7\u00e3o de Jovens e Adultos (EJA). <\/p>\n\n\n\n<p>Tamb\u00e9m \u00e9 necess\u00e1rio ter entre 14 e 24 anos (ou 19 a 24, no caso da EJA), pertencer a uma fam\u00edlia cadastrada no Cad\u00danico e manter frequ\u00eancia escolar de no m\u00ednimo 80%. <\/p>\n\n\n\n<p>A entrada no <a href=\"https:\/\/tribunademinas.com.br\/colunas\/dinheiroecidadania\/estudantes-habilitados-recebem-8a-parcela-do-pe-de-meia\/\"><strong>programa<\/strong><\/a> \u00e9 autom\u00e1tica, desde que os dados estejam atualizados nas bases do governo.<\/p>\n\n\n\n<p>Com a possibilidade de investir em t\u00edtulos p\u00fablicos, o governo federal busca n\u00e3o apenas garantir a perman\u00eancia dos jovens na escola, mas tamb\u00e9m incentivar o desenvolvimento da educa\u00e7\u00e3o financeira desde cedo.<\/p>\n\n\n\n<p><\/p>\n","protected":false},"excerpt":{"rendered":"<p>Estudantes do ensino m\u00e9dio da rede p\u00fablica agora t\u00eam a possibilidade de aplicar parte dos recursos recebidos pelo programa P\u00e9-de-Meia em t\u00edtulos p\u00fablicos do Tesouro Direto. A nova medida, oficializada pelo Minist\u00e9rio da Educa\u00e7\u00e3o (MEC), permite que os jovens invistam o chamado \u201cincentivo de conclus\u00e3o\u201d, refor\u00e7ando o car\u00e1ter de poupan\u00e7a educacional da iniciativa federal voltada [&hellip;]<\/p>\n","protected":false},"author":5,"featured_media":3327,"comment_status":"open","ping_status":"open","sticky":false,"template":"","format":"standard","meta":{"jnews-multi-image_gallery":[],"jnews_single_post":{"format":"standard"},"jnews_primary_category":[],"jnews_social_meta":[],"jnews_post_split":[],"footnotes":""},"categories":[1],"tags":[],"class_list":["post-3326","post","type-post","status-publish","format-standard","has-post-thumbnail","hentry","category-dinheiro"],"yoast_head":"<!-- This site is optimized with the Yoast SEO plugin v25.6 - https:\/\/yoast.com\/wordpress\/plugins\/seo\/ -->\n<title>Alunos da rede p\u00fablica podem aplicar bolsa do P\u00e9-de-Meia em t\u00edtulos p\u00fablicos<\/title>\n<meta name=\"description\" content=\"Estudantes agora t\u00eam a possibilidade de aplicar parte dos recursos recebidos pelo programa P\u00e9-de-Meia em t\u00edtulos p\u00fablicos do Tesouro Direto.\" \/>\n<meta name=\"robots\" content=\"index, follow, max-snippet:-1, max-image-preview:large, max-video-preview:-1\" \/>\n<link rel=\"canonical\" href=\"https:\/\/tribunademinas.audiencelabs.com.br\/alunos-da-rede-publica-podem-aplicar-bolsa-do-pe-de-meia-em-titulos-publicos\/\" \/>\n<meta property=\"og:locale\" content=\"pt_BR\" \/>\n<meta property=\"og:type\" content=\"article\" \/>\n<meta property=\"og:title\" content=\"Alunos da rede p\u00fablica podem aplicar bolsa do P\u00e9-de-Meia em t\u00edtulos p\u00fablicos\" \/>\n<meta property=\"og:description\" content=\"Estudantes agora t\u00eam a possibilidade de aplicar parte dos recursos recebidos pelo programa P\u00e9-de-Meia em t\u00edtulos p\u00fablicos do Tesouro Direto.\" \/>\n<meta property=\"og:url\" content=\"https:\/\/tribunademinas.audiencelabs.com.br\/alunos-da-rede-publica-podem-aplicar-bolsa-do-pe-de-meia-em-titulos-publicos\/\" \/>\n<meta property=\"og:site_name\" content=\"Tribuna de Minas - Dinheiro e Cidadania\" \/>\n<meta property=\"article:publisher\" content=\"https:\/\/www.facebook.com\/tribunademinas\/\" \/>\n<meta property=\"article:published_time\" content=\"2025-11-02T10:45:00+00:00\" \/>\n<meta property=\"og:image\" content=\"https:\/\/tribunademinas.audiencelabs.com.br\/wp-content\/uploads\/2025\/10\/Pe-de-Meia-2.webp\" \/>\n\t<meta property=\"og:image:width\" content=\"1170\" \/>\n\t<meta property=\"og:image:height\" content=\"700\" \/>\n\t<meta property=\"og:image:type\" content=\"image\/webp\" \/>\n<meta name=\"author\" content=\"Jeferson Carvalho\" \/>\n<meta name=\"twitter:card\" content=\"summary_large_image\" \/>\n<meta name=\"twitter:creator\" content=\"@tribunademinas\" \/>\n<meta name=\"twitter:site\" content=\"@tribunademinas\" \/>\n<meta name=\"twitter:label1\" content=\"Escrito por\" \/>\n\t<meta name=\"twitter:data1\" content=\"Jeferson Carvalho\" \/>\n\t<meta name=\"twitter:label2\" content=\"Est. tempo de leitura\" \/>\n\t<meta name=\"twitter:data2\" content=\"3 minutos\" \/>\n<!-- \/ Yoast SEO plugin. -->","yoast_head_json":{"title":"Alunos da rede p\u00fablica podem aplicar bolsa do P\u00e9-de-Meia em t\u00edtulos p\u00fablicos","description":"Estudantes agora t\u00eam a possibilidade de aplicar parte dos recursos recebidos pelo programa P\u00e9-de-Meia em t\u00edtulos p\u00fablicos do Tesouro Direto.","robots":{"index":"index","follow":"follow","max-snippet":"max-snippet:-1","max-image-preview":"max-image-preview:large","max-video-preview":"max-video-preview:-1"},"canonical":"https:\/\/tribunademinas.audiencelabs.com.br\/alunos-da-rede-publica-podem-aplicar-bolsa-do-pe-de-meia-em-titulos-publicos\/","og_locale":"pt_BR","og_type":"article","og_title":"Alunos da rede p\u00fablica podem aplicar bolsa do P\u00e9-de-Meia em t\u00edtulos p\u00fablicos","og_description":"Estudantes agora t\u00eam a possibilidade de aplicar parte dos recursos recebidos pelo programa P\u00e9-de-Meia em t\u00edtulos p\u00fablicos do Tesouro Direto.","og_url":"https:\/\/tribunademinas.audiencelabs.com.br\/alunos-da-rede-publica-podem-aplicar-bolsa-do-pe-de-meia-em-titulos-publicos\/","og_site_name":"Tribuna de Minas - Dinheiro e Cidadania","article_publisher":"https:\/\/www.facebook.com\/tribunademinas\/","article_published_time":"2025-11-02T10:45:00+00:00","og_image":[{"width":1170,"height":700,"url":"https:\/\/tribunademinas.audiencelabs.com.br\/wp-content\/uploads\/2025\/10\/Pe-de-Meia-2.webp","type":"image\/webp"}],"author":"Jeferson Carvalho","twitter_card":"summary_large_image","twitter_creator":"@tribunademinas","twitter_site":"@tribunademinas","twitter_misc":{"Escrito por":"Jeferson Carvalho","Est. tempo de leitura":"3 minutos"},"schema":{"@context":"https:\/\/schema.org","@graph":[{"@type":"Article","@id":"https:\/\/tribunademinas.audiencelabs.com.br\/alunos-da-rede-publica-podem-aplicar-bolsa-do-pe-de-meia-em-titulos-publicos\/#article","isPartOf":{"@id":"https:\/\/tribunademinas.audiencelabs.com.br\/alunos-da-rede-publica-podem-aplicar-bolsa-do-pe-de-meia-em-titulos-publicos\/"},"author":{"name":"Jeferson Carvalho","@id":"https:\/\/tribunademinas.audiencelabs.com.br\/#\/schema\/person\/db18fc40307804bacef94213aa68fd9d"},"headline":"Alunos da rede p\u00fablica podem aplicar bolsa do P\u00e9-de-Meia em t\u00edtulos p\u00fablicos","datePublished":"2025-11-02T10:45:00+00:00","mainEntityOfPage":{"@id":"https:\/\/tribunademinas.audiencelabs.com.br\/alunos-da-rede-publica-podem-aplicar-bolsa-do-pe-de-meia-em-titulos-publicos\/"},"wordCount":454,"commentCount":0,"publisher":{"@id":"https:\/\/tribunademinas.audiencelabs.com.br\/#organization"},"image":{"@id":"https:\/\/tribunademinas.audiencelabs.com.br\/alunos-da-rede-publica-podem-aplicar-bolsa-do-pe-de-meia-em-titulos-publicos\/#primaryimage"},"thumbnailUrl":"https:\/\/tribunademinas.audiencelabs.com.br\/wp-content\/uploads\/2025\/10\/Pe-de-Meia-2.webp","articleSection":["Dinheiro"],"inLanguage":"pt-BR","potentialAction":[{"@type":"CommentAction","name":"Comment","target":["https:\/\/tribunademinas.audiencelabs.com.br\/alunos-da-rede-publica-podem-aplicar-bolsa-do-pe-de-meia-em-titulos-publicos\/#respond"]}]},{"@type":"WebPage","@id":"https:\/\/tribunademinas.audiencelabs.com.br\/alunos-da-rede-publica-podem-aplicar-bolsa-do-pe-de-meia-em-titulos-publicos\/","url":"https:\/\/tribunademinas.audiencelabs.com.br\/alunos-da-rede-publica-podem-aplicar-bolsa-do-pe-de-meia-em-titulos-publicos\/","name":"Alunos da rede p\u00fablica podem aplicar bolsa do P\u00e9-de-Meia em t\u00edtulos p\u00fablicos","isPartOf":{"@id":"https:\/\/tribunademinas.audiencelabs.com.br\/#website"},"primaryImageOfPage":{"@id":"https:\/\/tribunademinas.audiencelabs.com.br\/alunos-da-rede-publica-podem-aplicar-bolsa-do-pe-de-meia-em-titulos-publicos\/#primaryimage"},"image":{"@id":"https:\/\/tribunademinas.audiencelabs.com.br\/alunos-da-rede-publica-podem-aplicar-bolsa-do-pe-de-meia-em-titulos-publicos\/#primaryimage"},"thumbnailUrl":"https:\/\/tribunademinas.audiencelabs.com.br\/wp-content\/uploads\/2025\/10\/Pe-de-Meia-2.webp","datePublished":"2025-11-02T10:45:00+00:00","description":"Estudantes agora t\u00eam a possibilidade de aplicar parte dos recursos recebidos pelo programa P\u00e9-de-Meia em t\u00edtulos p\u00fablicos do Tesouro Direto.","breadcrumb":{"@id":"https:\/\/tribunademinas.audiencelabs.com.br\/alunos-da-rede-publica-podem-aplicar-bolsa-do-pe-de-meia-em-titulos-publicos\/#breadcrumb"},"inLanguage":"pt-BR","potentialAction":[{"@type":"ReadAction","target":["https:\/\/tribunademinas.audiencelabs.com.br\/alunos-da-rede-publica-podem-aplicar-bolsa-do-pe-de-meia-em-titulos-publicos\/"]}]},{"@type":"ImageObject","inLanguage":"pt-BR","@id":"https:\/\/tribunademinas.audiencelabs.com.br\/alunos-da-rede-publica-podem-aplicar-bolsa-do-pe-de-meia-em-titulos-publicos\/#primaryimage","url":"https:\/\/tribunademinas.audiencelabs.com.br\/wp-content\/uploads\/2025\/10\/Pe-de-Meia-2.webp","contentUrl":"https:\/\/tribunademinas.audiencelabs.com.br\/wp-content\/uploads\/2025\/10\/Pe-de-Meia-2.webp","width":1170,"height":700,"caption":"Alunos da rede p\u00fablica podem aplicar bolsa do P\u00e9-de-Meia em t\u00edtulos p\u00fablicos - Imagem: MEC\/Divulga\u00e7\u00e3o"},{"@type":"BreadcrumbList","@id":"https:\/\/tribunademinas.audiencelabs.com.br\/alunos-da-rede-publica-podem-aplicar-bolsa-do-pe-de-meia-em-titulos-publicos\/#breadcrumb","itemListElement":[{"@type":"ListItem","position":1,"name":"In\u00edcio","item":"https:\/\/tribunademinas.audiencelabs.com.br\/"},{"@type":"ListItem","position":2,"name":"Alunos da rede p\u00fablica podem aplicar bolsa do P\u00e9-de-Meia em t\u00edtulos p\u00fablicos"}]},{"@type":"WebSite","@id":"https:\/\/tribunademinas.audiencelabs.com.br\/#website","url":"https:\/\/tribunademinas.audiencelabs.com.br\/","name":"Tribuna de Minas - Dinheiro e Cidadania","description":"","publisher":{"@id":"https:\/\/tribunademinas.audiencelabs.com.br\/#organization"},"potentialAction":[{"@type":"SearchAction","target":{"@type":"EntryPoint","urlTemplate":"https:\/\/tribunademinas.audiencelabs.com.br\/?s={search_term_string}"},"query-input":{"@type":"PropertyValueSpecification","valueRequired":true,"valueName":"search_term_string"}}],"inLanguage":"pt-BR"},{"@type":"Organization","@id":"https:\/\/tribunademinas.audiencelabs.com.br\/#organization","name":"Tribuna de Minas - Dinheiro e Cidadania","url":"https:\/\/tribunademinas.audiencelabs.com.br\/","logo":{"@type":"ImageObject","inLanguage":"pt-BR","@id":"https:\/\/tribunademinas.audiencelabs.com.br\/#\/schema\/logo\/image\/","url":"https:\/\/tribunademinas.audiencelabs.com.br\/wp-content\/uploads\/2025\/08\/cropped-Tribuna_512x512-96x96-1.png","contentUrl":"https:\/\/tribunademinas.audiencelabs.com.br\/wp-content\/uploads\/2025\/08\/cropped-Tribuna_512x512-96x96-1.png","width":96,"height":96,"caption":"Tribuna de Minas - Dinheiro e Cidadania"},"image":{"@id":"https:\/\/tribunademinas.audiencelabs.com.br\/#\/schema\/logo\/image\/"},"sameAs":["https:\/\/www.facebook.com\/tribunademinas\/","https:\/\/x.com\/tribunademinas","https:\/\/www.instagram.com\/tribunademinas\/","https:\/\/www.youtube.com\/user\/TribunadeMinasJF"]},{"@type":"Person","@id":"https:\/\/tribunademinas.audiencelabs.com.br\/#\/schema\/person\/db18fc40307804bacef94213aa68fd9d","name":"Jeferson Carvalho","image":{"@type":"ImageObject","inLanguage":"pt-BR","@id":"https:\/\/tribunademinas.audiencelabs.com.br\/#\/schema\/person\/image\/","url":"https:\/\/secure.gravatar.com\/avatar\/cd7646e328d9670dad7dea8698522e522745eeffcff5b9d08be858e377ce326b?s=96&d=mm&r=g","contentUrl":"https:\/\/secure.gravatar.com\/avatar\/cd7646e328d9670dad7dea8698522e522745eeffcff5b9d08be858e377ce326b?s=96&d=mm&r=g","caption":"Jeferson Carvalho"},"description":"Jornalista apaixonado pela profiss\u00e3o!","url":"https:\/\/tribunademinas.audiencelabs.com.br\/author\/jeferson\/"}]}},"amp_enabled":true,"_links":{"self":[{"href":"https:\/\/tribunademinas.audiencelabs.com.br\/wp-json\/wp\/v2\/posts\/3326","targetHints":{"allow":["GET"]}}],"collection":[{"href":"https:\/\/tribunademinas.audiencelabs.com.br\/wp-json\/wp\/v2\/posts"}],"about":[{"href":"https:\/\/tribunademinas.audiencelabs.com.br\/wp-json\/wp\/v2\/types\/post"}],"author":[{"embeddable":true,"href":"https:\/\/tribunademinas.audiencelabs.com.br\/wp-json\/wp\/v2\/users\/5"}],"replies":[{"embeddable":true,"href":"https:\/\/tribunademinas.audiencelabs.com.br\/wp-json\/wp\/v2\/comments?post=3326"}],"version-history":[{"count":1,"href":"https:\/\/tribunademinas.audiencelabs.com.br\/wp-json\/wp\/v2\/posts\/3326\/revisions"}],"predecessor-version":[{"id":3328,"href":"https:\/\/tribunademinas.audiencelabs.com.br\/wp-json\/wp\/v2\/posts\/3326\/revisions\/3328"}],"wp:featuredmedia":[{"embeddable":true,"href":"https:\/\/tribunademinas.audiencelabs.com.br\/wp-json\/wp\/v2\/media\/3327"}],"wp:attachment":[{"href":"https:\/\/tribunademinas.audiencelabs.com.br\/wp-json\/wp\/v2\/media?parent=3326"}],"wp:term":[{"taxonomy":"category","embeddable":true,"href":"https:\/\/tribunademinas.audiencelabs.com.br\/wp-json\/wp\/v2\/categories?post=3326"},{"taxonomy":"post_tag","embeddable":true,"href":"https:\/\/tribunademinas.audiencelabs.com.br\/wp-json\/wp\/v2\/tags?post=3326"}],"curies":[{"name":"wp","href":"https:\/\/api.w.org\/{rel}","templated":true}]}}