{"id":3320,"date":"2025-10-31T08:45:00","date_gmt":"2025-10-31T11:45:00","guid":{"rendered":"https:\/\/tribunademinas.audiencelabs.com.br\/?p=3320"},"modified":"2025-10-30T18:39:21","modified_gmt":"2025-10-30T21:39:21","slug":"empresario-envolvido-na-farra-do-inss-tinha-dinheiro-no-exterior","status":"publish","type":"post","link":"https:\/\/tribunademinas.audiencelabs.com.br\/empresario-envolvido-na-farra-do-inss-tinha-dinheiro-no-exterior\/","title":{"rendered":"Empres\u00e1rio envolvido na farra do INSS tinha dinheiro no exterior"},"content":{"rendered":"\n<p>O empres\u00e1rio Maur\u00edcio Camisotti, preso preventivamente por suspeita de integrar um esquema fraudulento de descontos indevidos em aposentadorias do INSS, \u00e9 alvo de investiga\u00e7\u00f5es que apontam a exist\u00eancia de recursos ocultos fora do Brasil. <\/p>\n\n\n\n<p>De acordo com a Pol\u00edcia Federal, ele utilizou estruturas financeiras no exterior para movimentar dinheiro obtido de forma il\u00edcita, segundo os elementos reunidos pela for\u00e7a-tarefa respons\u00e1vel pelo caso.<\/p>\n\n\n\n<h2 class=\"wp-block-heading\">Empres\u00e1rio envolvido na farra do INSS tinha dinheiro no exterior<\/h2>\n\n\n\n<p>Camisotti \u00e9 apontado pelos investigadores como um dos benefici\u00e1rios finais do dinheiro desviado por meio de entidades envolvidas na chamada \u201c<a href=\"https:\/\/tribunademinas.com.br\/colunas\/dinheiroecidadania\/atualizacao-da-fraude-do-inss-mostra-como-acontecia-o-crime\/\"><strong>farra dos descontos<\/strong><\/a>\u201d, um esquema que aplicava cobran\u00e7as indevidas em aposentados e pensionistas do Instituto Nacional do Seguro Social. <\/p>\n\n\n\n<p>O golpe, revelado em detalhes durante a Opera\u00e7\u00e3o Sem Desconto, resultou em preju\u00edzos bilion\u00e1rios para milhares de segurados, por meio de falsas associa\u00e7\u00f5es que realizavam descontos sem autoriza\u00e7\u00e3o diretamente nos benef\u00edcios previdenci\u00e1rios.<\/p>\n\n\n\n<p>Empres\u00e1rio de perfil discreto, Camisotti passou a ser investigado ap\u00f3s a PF identificar o repasse de pelo menos R$ 25 milh\u00f5es de empresas ligadas a ele para o lobista Ant\u00f4nio Carlos Camilo Antunes, conhecido como Careca do INSS, apontado como operador central das fraudes. <\/p>\n\n\n\n<p>Com o avan\u00e7o das apura\u00e7\u00f5es, a an\u00e1lise do conte\u00fado extra\u00eddo do celular de Camisotti e seus dados banc\u00e1rios revelou movimenta\u00e7\u00f5es financeiras que chamaram a aten\u00e7\u00e3o das autoridades.<\/p>\n\n\n\n<h3 class=\"wp-block-heading\">PF e Coaf apontam que empres\u00e1rio envolvido nos descontos do INSS enviou dinheiro para o exterior<\/h3>\n\n\n\n<p>Segundo a PF, Camisotti usou uma offshore e um fundo de investimento ligado \u00e0 Genial Investimentos, localizado na regi\u00e3o da Faria Lima, em S\u00e3o Paulo, para movimentar valores fora do territ\u00f3rio nacional. <\/p>\n\n\n\n<p>Os ind\u00edcios de envio de recursos para o exterior foram refor\u00e7ados por relat\u00f3rios do Conselho de Controle de Atividades Financeiras (Coaf), que tamb\u00e9m apontaram tentativas recentes do empres\u00e1rio de transferir parte de seu patrim\u00f4nio para criptoativos, o que, para os investigadores, configuraria uma tentativa de oculta\u00e7\u00e3o de bens.<\/p>\n\n\n\n<p>A defesa de Camisotti nega qualquer ilegalidade nas movimenta\u00e7\u00f5es. Em nota, os advogados afirmam que a offshore foi criada de forma regular em 2015 e sempre foi devidamente declarada \u00e0s autoridades fiscais brasileiras. <\/p>\n\n\n\n<p>A abertura da conta na Genial, segundo eles, foi uma alternativa ap\u00f3s o encerramento unilateral de outra conta, no BTG Pactual. <\/p>\n\n\n\n<p>A defesa sustenta que Camisotti est\u00e1 colaborando com as investiga\u00e7\u00f5es e se mant\u00e9m \u00e0 disposi\u00e7\u00e3o para prestar esclarecimentos.<\/p>\n\n\n\n<p><\/p>\n","protected":false},"excerpt":{"rendered":"<p>O empres\u00e1rio Maur\u00edcio Camisotti, preso preventivamente por suspeita de integrar um esquema fraudulento de descontos indevidos em aposentadorias do INSS, \u00e9 alvo de investiga\u00e7\u00f5es que apontam a exist\u00eancia de recursos ocultos fora do Brasil. De acordo com a Pol\u00edcia Federal, ele utilizou estruturas financeiras no exterior para movimentar dinheiro obtido de forma il\u00edcita, segundo os [&hellip;]<\/p>\n","protected":false},"author":5,"featured_media":3321,"comment_status":"open","ping_status":"open","sticky":false,"template":"","format":"standard","meta":{"jnews-multi-image_gallery":[],"jnews_single_post":{"format":"standard"},"jnews_primary_category":[],"jnews_social_meta":[],"jnews_post_split":[],"footnotes":""},"categories":[159],"tags":[],"class_list":["post-3320","post","type-post","status-publish","format-standard","has-post-thumbnail","hentry","category-cidadania"],"yoast_head":"<!-- This site is optimized with the Yoast SEO plugin v25.6 - https:\/\/yoast.com\/wordpress\/plugins\/seo\/ -->\n<title>Empres\u00e1rio envolvido na farra do INSS tinha dinheiro no exterior<\/title>\n<meta name=\"description\" content=\"Empres\u00e1rio preso por suspeita de integrar esquema de descontos do INSS, \u00e9 alvo de investiga\u00e7\u00f5es que apontam a exist\u00eancia de recursos ocultos.\" \/>\n<meta name=\"robots\" content=\"index, follow, max-snippet:-1, max-image-preview:large, max-video-preview:-1\" \/>\n<link rel=\"canonical\" href=\"https:\/\/tribunademinas.audiencelabs.com.br\/empresario-envolvido-na-farra-do-inss-tinha-dinheiro-no-exterior\/\" \/>\n<meta property=\"og:locale\" content=\"pt_BR\" \/>\n<meta property=\"og:type\" content=\"article\" \/>\n<meta property=\"og:title\" content=\"Empres\u00e1rio envolvido na farra do INSS tinha dinheiro no exterior\" \/>\n<meta property=\"og:description\" content=\"Empres\u00e1rio preso por suspeita de integrar esquema de descontos do INSS, \u00e9 alvo de investiga\u00e7\u00f5es que apontam a exist\u00eancia de recursos ocultos.\" \/>\n<meta property=\"og:url\" content=\"https:\/\/tribunademinas.audiencelabs.com.br\/empresario-envolvido-na-farra-do-inss-tinha-dinheiro-no-exterior\/\" \/>\n<meta property=\"og:site_name\" content=\"Tribuna de Minas - Dinheiro e Cidadania\" \/>\n<meta property=\"article:publisher\" content=\"https:\/\/www.facebook.com\/tribunademinas\/\" \/>\n<meta property=\"article:published_time\" content=\"2025-10-31T11:45:00+00:00\" \/>\n<meta property=\"og:image\" content=\"https:\/\/tribunademinas.audiencelabs.com.br\/wp-content\/uploads\/2025\/10\/INSS-10.webp\" \/>\n\t<meta property=\"og:image:width\" content=\"1170\" \/>\n\t<meta property=\"og:image:height\" content=\"700\" \/>\n\t<meta property=\"og:image:type\" content=\"image\/webp\" \/>\n<meta name=\"author\" content=\"Jeferson Carvalho\" \/>\n<meta name=\"twitter:card\" content=\"summary_large_image\" \/>\n<meta name=\"twitter:creator\" content=\"@tribunademinas\" \/>\n<meta name=\"twitter:site\" content=\"@tribunademinas\" \/>\n<meta name=\"twitter:label1\" content=\"Escrito por\" \/>\n\t<meta name=\"twitter:data1\" content=\"Jeferson Carvalho\" \/>\n\t<meta name=\"twitter:label2\" content=\"Est. tempo de leitura\" \/>\n\t<meta name=\"twitter:data2\" content=\"3 minutos\" \/>\n<!-- \/ Yoast SEO plugin. -->","yoast_head_json":{"title":"Empres\u00e1rio envolvido na farra do INSS tinha dinheiro no exterior","description":"Empres\u00e1rio preso por suspeita de integrar esquema de descontos do INSS, \u00e9 alvo de investiga\u00e7\u00f5es que apontam a exist\u00eancia de recursos ocultos.","robots":{"index":"index","follow":"follow","max-snippet":"max-snippet:-1","max-image-preview":"max-image-preview:large","max-video-preview":"max-video-preview:-1"},"canonical":"https:\/\/tribunademinas.audiencelabs.com.br\/empresario-envolvido-na-farra-do-inss-tinha-dinheiro-no-exterior\/","og_locale":"pt_BR","og_type":"article","og_title":"Empres\u00e1rio envolvido na farra do INSS tinha dinheiro no exterior","og_description":"Empres\u00e1rio preso por suspeita de integrar esquema de descontos do INSS, \u00e9 alvo de investiga\u00e7\u00f5es que apontam a exist\u00eancia de recursos ocultos.","og_url":"https:\/\/tribunademinas.audiencelabs.com.br\/empresario-envolvido-na-farra-do-inss-tinha-dinheiro-no-exterior\/","og_site_name":"Tribuna de Minas - Dinheiro e Cidadania","article_publisher":"https:\/\/www.facebook.com\/tribunademinas\/","article_published_time":"2025-10-31T11:45:00+00:00","og_image":[{"width":1170,"height":700,"url":"https:\/\/tribunademinas.audiencelabs.com.br\/wp-content\/uploads\/2025\/10\/INSS-10.webp","type":"image\/webp"}],"author":"Jeferson Carvalho","twitter_card":"summary_large_image","twitter_creator":"@tribunademinas","twitter_site":"@tribunademinas","twitter_misc":{"Escrito por":"Jeferson Carvalho","Est. tempo de leitura":"3 minutos"},"schema":{"@context":"https:\/\/schema.org","@graph":[{"@type":"Article","@id":"https:\/\/tribunademinas.audiencelabs.com.br\/empresario-envolvido-na-farra-do-inss-tinha-dinheiro-no-exterior\/#article","isPartOf":{"@id":"https:\/\/tribunademinas.audiencelabs.com.br\/empresario-envolvido-na-farra-do-inss-tinha-dinheiro-no-exterior\/"},"author":{"name":"Jeferson Carvalho","@id":"https:\/\/tribunademinas.audiencelabs.com.br\/#\/schema\/person\/db18fc40307804bacef94213aa68fd9d"},"headline":"Empres\u00e1rio envolvido na farra do INSS tinha dinheiro no exterior","datePublished":"2025-10-31T11:45:00+00:00","mainEntityOfPage":{"@id":"https:\/\/tribunademinas.audiencelabs.com.br\/empresario-envolvido-na-farra-do-inss-tinha-dinheiro-no-exterior\/"},"wordCount":433,"commentCount":0,"publisher":{"@id":"https:\/\/tribunademinas.audiencelabs.com.br\/#organization"},"image":{"@id":"https:\/\/tribunademinas.audiencelabs.com.br\/empresario-envolvido-na-farra-do-inss-tinha-dinheiro-no-exterior\/#primaryimage"},"thumbnailUrl":"https:\/\/tribunademinas.audiencelabs.com.br\/wp-content\/uploads\/2025\/10\/INSS-10.webp","articleSection":["Cidadania"],"inLanguage":"pt-BR","potentialAction":[{"@type":"CommentAction","name":"Comment","target":["https:\/\/tribunademinas.audiencelabs.com.br\/empresario-envolvido-na-farra-do-inss-tinha-dinheiro-no-exterior\/#respond"]}]},{"@type":"WebPage","@id":"https:\/\/tribunademinas.audiencelabs.com.br\/empresario-envolvido-na-farra-do-inss-tinha-dinheiro-no-exterior\/","url":"https:\/\/tribunademinas.audiencelabs.com.br\/empresario-envolvido-na-farra-do-inss-tinha-dinheiro-no-exterior\/","name":"Empres\u00e1rio envolvido na farra do INSS tinha dinheiro no exterior","isPartOf":{"@id":"https:\/\/tribunademinas.audiencelabs.com.br\/#website"},"primaryImageOfPage":{"@id":"https:\/\/tribunademinas.audiencelabs.com.br\/empresario-envolvido-na-farra-do-inss-tinha-dinheiro-no-exterior\/#primaryimage"},"image":{"@id":"https:\/\/tribunademinas.audiencelabs.com.br\/empresario-envolvido-na-farra-do-inss-tinha-dinheiro-no-exterior\/#primaryimage"},"thumbnailUrl":"https:\/\/tribunademinas.audiencelabs.com.br\/wp-content\/uploads\/2025\/10\/INSS-10.webp","datePublished":"2025-10-31T11:45:00+00:00","description":"Empres\u00e1rio preso por suspeita de integrar esquema de descontos do INSS, \u00e9 alvo de investiga\u00e7\u00f5es que apontam a exist\u00eancia de recursos ocultos.","breadcrumb":{"@id":"https:\/\/tribunademinas.audiencelabs.com.br\/empresario-envolvido-na-farra-do-inss-tinha-dinheiro-no-exterior\/#breadcrumb"},"inLanguage":"pt-BR","potentialAction":[{"@type":"ReadAction","target":["https:\/\/tribunademinas.audiencelabs.com.br\/empresario-envolvido-na-farra-do-inss-tinha-dinheiro-no-exterior\/"]}]},{"@type":"ImageObject","inLanguage":"pt-BR","@id":"https:\/\/tribunademinas.audiencelabs.com.br\/empresario-envolvido-na-farra-do-inss-tinha-dinheiro-no-exterior\/#primaryimage","url":"https:\/\/tribunademinas.audiencelabs.com.br\/wp-content\/uploads\/2025\/10\/INSS-10.webp","contentUrl":"https:\/\/tribunademinas.audiencelabs.com.br\/wp-content\/uploads\/2025\/10\/INSS-10.webp","width":1170,"height":700,"caption":"Empres\u00e1rio envolvido na farra do INSS tinha dinheiro no exterior - Imagem: Rafa Neddermeyer\/Ag\u00eancia Brasil"},{"@type":"BreadcrumbList","@id":"https:\/\/tribunademinas.audiencelabs.com.br\/empresario-envolvido-na-farra-do-inss-tinha-dinheiro-no-exterior\/#breadcrumb","itemListElement":[{"@type":"ListItem","position":1,"name":"In\u00edcio","item":"https:\/\/tribunademinas.audiencelabs.com.br\/"},{"@type":"ListItem","position":2,"name":"Empres\u00e1rio envolvido na farra do INSS tinha dinheiro no exterior"}]},{"@type":"WebSite","@id":"https:\/\/tribunademinas.audiencelabs.com.br\/#website","url":"https:\/\/tribunademinas.audiencelabs.com.br\/","name":"Tribuna de Minas - Dinheiro e Cidadania","description":"","publisher":{"@id":"https:\/\/tribunademinas.audiencelabs.com.br\/#organization"},"potentialAction":[{"@type":"SearchAction","target":{"@type":"EntryPoint","urlTemplate":"https:\/\/tribunademinas.audiencelabs.com.br\/?s={search_term_string}"},"query-input":{"@type":"PropertyValueSpecification","valueRequired":true,"valueName":"search_term_string"}}],"inLanguage":"pt-BR"},{"@type":"Organization","@id":"https:\/\/tribunademinas.audiencelabs.com.br\/#organization","name":"Tribuna de Minas - Dinheiro e Cidadania","url":"https:\/\/tribunademinas.audiencelabs.com.br\/","logo":{"@type":"ImageObject","inLanguage":"pt-BR","@id":"https:\/\/tribunademinas.audiencelabs.com.br\/#\/schema\/logo\/image\/","url":"https:\/\/tribunademinas.audiencelabs.com.br\/wp-content\/uploads\/2025\/08\/cropped-Tribuna_512x512-96x96-1.png","contentUrl":"https:\/\/tribunademinas.audiencelabs.com.br\/wp-content\/uploads\/2025\/08\/cropped-Tribuna_512x512-96x96-1.png","width":96,"height":96,"caption":"Tribuna de Minas - Dinheiro e Cidadania"},"image":{"@id":"https:\/\/tribunademinas.audiencelabs.com.br\/#\/schema\/logo\/image\/"},"sameAs":["https:\/\/www.facebook.com\/tribunademinas\/","https:\/\/x.com\/tribunademinas","https:\/\/www.instagram.com\/tribunademinas\/","https:\/\/www.youtube.com\/user\/TribunadeMinasJF"]},{"@type":"Person","@id":"https:\/\/tribunademinas.audiencelabs.com.br\/#\/schema\/person\/db18fc40307804bacef94213aa68fd9d","name":"Jeferson Carvalho","image":{"@type":"ImageObject","inLanguage":"pt-BR","@id":"https:\/\/tribunademinas.audiencelabs.com.br\/#\/schema\/person\/image\/","url":"https:\/\/secure.gravatar.com\/avatar\/cd7646e328d9670dad7dea8698522e522745eeffcff5b9d08be858e377ce326b?s=96&d=mm&r=g","contentUrl":"https:\/\/secure.gravatar.com\/avatar\/cd7646e328d9670dad7dea8698522e522745eeffcff5b9d08be858e377ce326b?s=96&d=mm&r=g","caption":"Jeferson Carvalho"},"description":"Jornalista apaixonado pela profiss\u00e3o!","url":"https:\/\/tribunademinas.audiencelabs.com.br\/author\/jeferson\/"}]}},"amp_enabled":true,"_links":{"self":[{"href":"https:\/\/tribunademinas.audiencelabs.com.br\/wp-json\/wp\/v2\/posts\/3320","targetHints":{"allow":["GET"]}}],"collection":[{"href":"https:\/\/tribunademinas.audiencelabs.com.br\/wp-json\/wp\/v2\/posts"}],"about":[{"href":"https:\/\/tribunademinas.audiencelabs.com.br\/wp-json\/wp\/v2\/types\/post"}],"author":[{"embeddable":true,"href":"https:\/\/tribunademinas.audiencelabs.com.br\/wp-json\/wp\/v2\/users\/5"}],"replies":[{"embeddable":true,"href":"https:\/\/tribunademinas.audiencelabs.com.br\/wp-json\/wp\/v2\/comments?post=3320"}],"version-history":[{"count":1,"href":"https:\/\/tribunademinas.audiencelabs.com.br\/wp-json\/wp\/v2\/posts\/3320\/revisions"}],"predecessor-version":[{"id":3322,"href":"https:\/\/tribunademinas.audiencelabs.com.br\/wp-json\/wp\/v2\/posts\/3320\/revisions\/3322"}],"wp:featuredmedia":[{"embeddable":true,"href":"https:\/\/tribunademinas.audiencelabs.com.br\/wp-json\/wp\/v2\/media\/3321"}],"wp:attachment":[{"href":"https:\/\/tribunademinas.audiencelabs.com.br\/wp-json\/wp\/v2\/media?parent=3320"}],"wp:term":[{"taxonomy":"category","embeddable":true,"href":"https:\/\/tribunademinas.audiencelabs.com.br\/wp-json\/wp\/v2\/categories?post=3320"},{"taxonomy":"post_tag","embeddable":true,"href":"https:\/\/tribunademinas.audiencelabs.com.br\/wp-json\/wp\/v2\/tags?post=3320"}],"curies":[{"name":"wp","href":"https:\/\/api.w.org\/{rel}","templated":true}]}}