{"id":3309,"date":"2025-10-31T06:45:00","date_gmt":"2025-10-31T09:45:00","guid":{"rendered":"https:\/\/tribunademinas.audiencelabs.com.br\/?p=3309"},"modified":"2025-10-30T17:57:48","modified_gmt":"2025-10-30T20:57:48","slug":"meis-vao-poder-ter-faturamento-acima-do-limite-permitido-hoje","status":"publish","type":"post","link":"https:\/\/tribunademinas.audiencelabs.com.br\/meis-vao-poder-ter-faturamento-acima-do-limite-permitido-hoje\/","title":{"rendered":"MEIs v\u00e3o poder ter faturamento acima do limite permitido hoje"},"content":{"rendered":"\n<p>Microempreendedores Individuais (MEIs) poder\u00e3o, em breve, contar com um novo teto de faturamento anual, acima dos atuais R$ 81 mil. A mudan\u00e7a, que ainda depende de aprova\u00e7\u00e3o nas casas legislativas, est\u00e1 em discuss\u00e3o tanto no Senado quanto na C\u00e2mara dos Deputados. <\/p>\n\n\n\n<p>Enquanto uma comiss\u00e3o no Senado deu sinal verde a um projeto de lei que prop\u00f5e elevar esse limite, um movimento articulado por parlamentares na C\u00e2mara tamb\u00e9m pressiona por essa atualiza\u00e7\u00e3o.<\/p>\n\n\n\n<h2 class=\"wp-block-heading\">MEIs v\u00e3o poder ter faturamento acima do limite permitido hoje<\/h2>\n\n\n\n<p>No Senado, o <a href=\"https:\/\/tribunademinas.com.br\/colunas\/dinheiroecidadania\/pj-com-faturamento-de-r-140-mil-vao-se-enquadrar-em-novo-mei\/\"><strong>debate avan\u00e7ou<\/strong><\/a> com a aprova\u00e7\u00e3o do Projeto de Lei Complementar 60\/2025 pela Comiss\u00e3o de Assuntos Sociais. <\/p>\n\n\n\n<p>A proposta eleva o teto anual do MEI para R$ 140 mil e cria uma nova faixa de contribui\u00e7\u00e3o para quem ultrapassar os R$ 81 mil, mas ainda permanecer dentro do novo limite. <\/p>\n\n\n\n<p>Nesse caso, a al\u00edquota sobre o sal\u00e1rio m\u00ednimo subiria de 5% para 8%. O projeto busca acolher empreendedores que crescem, mas ainda operam em pequena escala, sem empurr\u00e1-los automaticamente para regimes tribut\u00e1rios mais pesados.<\/p>\n\n\n\n<p>A ideia original previa ainda a possibilidade de o MEI contratar at\u00e9 dois empregados e uma corre\u00e7\u00e3o anual do limite com base na infla\u00e7\u00e3o. <\/p>\n\n\n\n<p>No entanto, essas medidas foram retiradas do texto pelo relator da proposta, o senador Veneziano Vital do R\u00eago (MDB-PB), ap\u00f3s parecer da Receita Federal apontando riscos administrativos e fiscais. <\/p>\n\n\n\n<p>O projeto agora aguarda an\u00e1lise da Comiss\u00e3o de Assuntos Econ\u00f4micos antes de ser votado em plen\u00e1rio.<\/p>\n\n\n\n<h3 class=\"wp-block-heading\">C\u00e2mara tamb\u00e9m trabalha para ampliar limite de faturamento dos MEIs<\/h3>\n\n\n\n<p>Na C\u00e2mara, a press\u00e3o por mudan\u00e7as vem de outro projeto: o PLP 108\/2021. Durante uma sess\u00e3o solene alusiva ao Dia do Empreendedor, representantes de diversas frentes parlamentares apresentaram um <a href=\"https:\/\/tribunademinas.com.br\/colunas\/dinheiroecidadania\/tudo-pode-mudar-para-quem-e-mei-apos-manifesto\/\"><strong>manifesto<\/strong><\/a> cobrando prioridade na tramita\u00e7\u00e3o da proposta.<\/p>\n\n\n\n<p> O texto em an\u00e1lise prev\u00ea um aumento ainda maior no teto do MEI, para cerca de R$ 144,9 mil anuais. <\/p>\n\n\n\n<p>Ele tamb\u00e9m autoriza a contrata\u00e7\u00e3o de at\u00e9 dois funcion\u00e1rios por empresa e defende a necessidade de ajustar os limites de receita do Simples Nacional para refletir a infla\u00e7\u00e3o acumulada nos \u00faltimos anos, que j\u00e1 ultrapassou os 40% desde 2018.<\/p>\n\n\n\n<p>Apesar dos avan\u00e7os nas discuss\u00f5es, nenhum dos dois projetos tem for\u00e7a de lei por enquanto. Ambos ainda precisam passar por outras comiss\u00f5es e vota\u00e7\u00f5es. <\/p>\n\n\n\n<p>No entanto, se aprovados, poder\u00e3o representar um al\u00edvio significativo para pequenos empreendedores que enfrentam o risco de desenquadramento por crescimento modesto da receita.<\/p>\n\n\n\n<p><\/p>\n","protected":false},"excerpt":{"rendered":"<p>Microempreendedores Individuais (MEIs) poder\u00e3o, em breve, contar com um novo teto de faturamento anual, acima dos atuais R$ 81 mil. A mudan\u00e7a, que ainda depende de aprova\u00e7\u00e3o nas casas legislativas, est\u00e1 em discuss\u00e3o tanto no Senado quanto na C\u00e2mara dos Deputados. Enquanto uma comiss\u00e3o no Senado deu sinal verde a um projeto de lei que [&hellip;]<\/p>\n","protected":false},"author":5,"featured_media":3312,"comment_status":"open","ping_status":"open","sticky":false,"template":"","format":"standard","meta":{"jnews-multi-image_gallery":[],"jnews_single_post":{"format":"standard"},"jnews_primary_category":[],"jnews_social_meta":[],"jnews_post_split":[],"footnotes":""},"categories":[159],"tags":[],"class_list":["post-3309","post","type-post","status-publish","format-standard","has-post-thumbnail","hentry","category-cidadania"],"yoast_head":"<!-- This site is optimized with the Yoast SEO plugin v25.6 - https:\/\/yoast.com\/wordpress\/plugins\/seo\/ -->\n<title>MEIs v\u00e3o poder ter faturamento acima do limite permitido hoje<\/title>\n<meta name=\"description\" content=\"Microempreendedores Individuais (MEIs) poder\u00e3o, em breve, contar com um novo teto de faturamento anual, acima dos atuais R$ 81 mil.\" \/>\n<meta name=\"robots\" content=\"index, follow, max-snippet:-1, max-image-preview:large, max-video-preview:-1\" \/>\n<link rel=\"canonical\" href=\"https:\/\/tribunademinas.audiencelabs.com.br\/meis-vao-poder-ter-faturamento-acima-do-limite-permitido-hoje\/\" \/>\n<meta property=\"og:locale\" content=\"pt_BR\" \/>\n<meta property=\"og:type\" content=\"article\" \/>\n<meta property=\"og:title\" content=\"MEIs v\u00e3o poder ter faturamento acima do limite permitido hoje\" \/>\n<meta property=\"og:description\" content=\"Microempreendedores Individuais (MEIs) poder\u00e3o, em breve, contar com um novo teto de faturamento anual, acima dos atuais R$ 81 mil.\" \/>\n<meta property=\"og:url\" content=\"https:\/\/tribunademinas.audiencelabs.com.br\/meis-vao-poder-ter-faturamento-acima-do-limite-permitido-hoje\/\" \/>\n<meta property=\"og:site_name\" content=\"Tribuna de Minas - Dinheiro e Cidadania\" \/>\n<meta property=\"article:publisher\" content=\"https:\/\/www.facebook.com\/tribunademinas\/\" \/>\n<meta property=\"article:published_time\" content=\"2025-10-31T09:45:00+00:00\" \/>\n<meta property=\"og:image\" content=\"https:\/\/tribunademinas.audiencelabs.com.br\/wp-content\/uploads\/2025\/10\/MEIs.webp\" \/>\n\t<meta property=\"og:image:width\" content=\"1170\" \/>\n\t<meta property=\"og:image:height\" content=\"700\" \/>\n\t<meta property=\"og:image:type\" content=\"image\/webp\" \/>\n<meta name=\"author\" content=\"Jeferson Carvalho\" \/>\n<meta name=\"twitter:card\" content=\"summary_large_image\" \/>\n<meta name=\"twitter:creator\" content=\"@tribunademinas\" \/>\n<meta name=\"twitter:site\" content=\"@tribunademinas\" \/>\n<meta name=\"twitter:label1\" content=\"Escrito por\" \/>\n\t<meta name=\"twitter:data1\" content=\"Jeferson Carvalho\" \/>\n\t<meta name=\"twitter:label2\" content=\"Est. tempo de leitura\" \/>\n\t<meta name=\"twitter:data2\" content=\"3 minutos\" \/>\n<!-- \/ Yoast SEO plugin. -->","yoast_head_json":{"title":"MEIs v\u00e3o poder ter faturamento acima do limite permitido hoje","description":"Microempreendedores Individuais (MEIs) poder\u00e3o, em breve, contar com um novo teto de faturamento anual, acima dos atuais R$ 81 mil.","robots":{"index":"index","follow":"follow","max-snippet":"max-snippet:-1","max-image-preview":"max-image-preview:large","max-video-preview":"max-video-preview:-1"},"canonical":"https:\/\/tribunademinas.audiencelabs.com.br\/meis-vao-poder-ter-faturamento-acima-do-limite-permitido-hoje\/","og_locale":"pt_BR","og_type":"article","og_title":"MEIs v\u00e3o poder ter faturamento acima do limite permitido hoje","og_description":"Microempreendedores Individuais (MEIs) poder\u00e3o, em breve, contar com um novo teto de faturamento anual, acima dos atuais R$ 81 mil.","og_url":"https:\/\/tribunademinas.audiencelabs.com.br\/meis-vao-poder-ter-faturamento-acima-do-limite-permitido-hoje\/","og_site_name":"Tribuna de Minas - Dinheiro e Cidadania","article_publisher":"https:\/\/www.facebook.com\/tribunademinas\/","article_published_time":"2025-10-31T09:45:00+00:00","og_image":[{"width":1170,"height":700,"url":"https:\/\/tribunademinas.audiencelabs.com.br\/wp-content\/uploads\/2025\/10\/MEIs.webp","type":"image\/webp"}],"author":"Jeferson Carvalho","twitter_card":"summary_large_image","twitter_creator":"@tribunademinas","twitter_site":"@tribunademinas","twitter_misc":{"Escrito por":"Jeferson Carvalho","Est. tempo de leitura":"3 minutos"},"schema":{"@context":"https:\/\/schema.org","@graph":[{"@type":"Article","@id":"https:\/\/tribunademinas.audiencelabs.com.br\/meis-vao-poder-ter-faturamento-acima-do-limite-permitido-hoje\/#article","isPartOf":{"@id":"https:\/\/tribunademinas.audiencelabs.com.br\/meis-vao-poder-ter-faturamento-acima-do-limite-permitido-hoje\/"},"author":{"name":"Jeferson Carvalho","@id":"https:\/\/tribunademinas.audiencelabs.com.br\/#\/schema\/person\/db18fc40307804bacef94213aa68fd9d"},"headline":"MEIs v\u00e3o poder ter faturamento acima do limite permitido hoje","datePublished":"2025-10-31T09:45:00+00:00","mainEntityOfPage":{"@id":"https:\/\/tribunademinas.audiencelabs.com.br\/meis-vao-poder-ter-faturamento-acima-do-limite-permitido-hoje\/"},"wordCount":436,"commentCount":0,"publisher":{"@id":"https:\/\/tribunademinas.audiencelabs.com.br\/#organization"},"image":{"@id":"https:\/\/tribunademinas.audiencelabs.com.br\/meis-vao-poder-ter-faturamento-acima-do-limite-permitido-hoje\/#primaryimage"},"thumbnailUrl":"https:\/\/tribunademinas.audiencelabs.com.br\/wp-content\/uploads\/2025\/10\/MEIs.webp","articleSection":["Cidadania"],"inLanguage":"pt-BR","potentialAction":[{"@type":"CommentAction","name":"Comment","target":["https:\/\/tribunademinas.audiencelabs.com.br\/meis-vao-poder-ter-faturamento-acima-do-limite-permitido-hoje\/#respond"]}]},{"@type":"WebPage","@id":"https:\/\/tribunademinas.audiencelabs.com.br\/meis-vao-poder-ter-faturamento-acima-do-limite-permitido-hoje\/","url":"https:\/\/tribunademinas.audiencelabs.com.br\/meis-vao-poder-ter-faturamento-acima-do-limite-permitido-hoje\/","name":"MEIs v\u00e3o poder ter faturamento acima do limite permitido hoje","isPartOf":{"@id":"https:\/\/tribunademinas.audiencelabs.com.br\/#website"},"primaryImageOfPage":{"@id":"https:\/\/tribunademinas.audiencelabs.com.br\/meis-vao-poder-ter-faturamento-acima-do-limite-permitido-hoje\/#primaryimage"},"image":{"@id":"https:\/\/tribunademinas.audiencelabs.com.br\/meis-vao-poder-ter-faturamento-acima-do-limite-permitido-hoje\/#primaryimage"},"thumbnailUrl":"https:\/\/tribunademinas.audiencelabs.com.br\/wp-content\/uploads\/2025\/10\/MEIs.webp","datePublished":"2025-10-31T09:45:00+00:00","description":"Microempreendedores Individuais (MEIs) poder\u00e3o, em breve, contar com um novo teto de faturamento anual, acima dos atuais R$ 81 mil.","breadcrumb":{"@id":"https:\/\/tribunademinas.audiencelabs.com.br\/meis-vao-poder-ter-faturamento-acima-do-limite-permitido-hoje\/#breadcrumb"},"inLanguage":"pt-BR","potentialAction":[{"@type":"ReadAction","target":["https:\/\/tribunademinas.audiencelabs.com.br\/meis-vao-poder-ter-faturamento-acima-do-limite-permitido-hoje\/"]}]},{"@type":"ImageObject","inLanguage":"pt-BR","@id":"https:\/\/tribunademinas.audiencelabs.com.br\/meis-vao-poder-ter-faturamento-acima-do-limite-permitido-hoje\/#primaryimage","url":"https:\/\/tribunademinas.audiencelabs.com.br\/wp-content\/uploads\/2025\/10\/MEIs.webp","contentUrl":"https:\/\/tribunademinas.audiencelabs.com.br\/wp-content\/uploads\/2025\/10\/MEIs.webp","width":1170,"height":700,"caption":"MEIs v\u00e3o poder ter faturamento acima do limite permitido hoje - Imagem: Marcello Casal Jr\/Ag\u00eancia Brasil"},{"@type":"BreadcrumbList","@id":"https:\/\/tribunademinas.audiencelabs.com.br\/meis-vao-poder-ter-faturamento-acima-do-limite-permitido-hoje\/#breadcrumb","itemListElement":[{"@type":"ListItem","position":1,"name":"In\u00edcio","item":"https:\/\/tribunademinas.audiencelabs.com.br\/"},{"@type":"ListItem","position":2,"name":"MEIs v\u00e3o poder ter faturamento acima do limite permitido hoje"}]},{"@type":"WebSite","@id":"https:\/\/tribunademinas.audiencelabs.com.br\/#website","url":"https:\/\/tribunademinas.audiencelabs.com.br\/","name":"Tribuna de Minas - Dinheiro e Cidadania","description":"","publisher":{"@id":"https:\/\/tribunademinas.audiencelabs.com.br\/#organization"},"potentialAction":[{"@type":"SearchAction","target":{"@type":"EntryPoint","urlTemplate":"https:\/\/tribunademinas.audiencelabs.com.br\/?s={search_term_string}"},"query-input":{"@type":"PropertyValueSpecification","valueRequired":true,"valueName":"search_term_string"}}],"inLanguage":"pt-BR"},{"@type":"Organization","@id":"https:\/\/tribunademinas.audiencelabs.com.br\/#organization","name":"Tribuna de Minas - Dinheiro e Cidadania","url":"https:\/\/tribunademinas.audiencelabs.com.br\/","logo":{"@type":"ImageObject","inLanguage":"pt-BR","@id":"https:\/\/tribunademinas.audiencelabs.com.br\/#\/schema\/logo\/image\/","url":"https:\/\/tribunademinas.audiencelabs.com.br\/wp-content\/uploads\/2025\/08\/cropped-Tribuna_512x512-96x96-1.png","contentUrl":"https:\/\/tribunademinas.audiencelabs.com.br\/wp-content\/uploads\/2025\/08\/cropped-Tribuna_512x512-96x96-1.png","width":96,"height":96,"caption":"Tribuna de Minas - Dinheiro e Cidadania"},"image":{"@id":"https:\/\/tribunademinas.audiencelabs.com.br\/#\/schema\/logo\/image\/"},"sameAs":["https:\/\/www.facebook.com\/tribunademinas\/","https:\/\/x.com\/tribunademinas","https:\/\/www.instagram.com\/tribunademinas\/","https:\/\/www.youtube.com\/user\/TribunadeMinasJF"]},{"@type":"Person","@id":"https:\/\/tribunademinas.audiencelabs.com.br\/#\/schema\/person\/db18fc40307804bacef94213aa68fd9d","name":"Jeferson Carvalho","image":{"@type":"ImageObject","inLanguage":"pt-BR","@id":"https:\/\/tribunademinas.audiencelabs.com.br\/#\/schema\/person\/image\/","url":"https:\/\/secure.gravatar.com\/avatar\/cd7646e328d9670dad7dea8698522e522745eeffcff5b9d08be858e377ce326b?s=96&d=mm&r=g","contentUrl":"https:\/\/secure.gravatar.com\/avatar\/cd7646e328d9670dad7dea8698522e522745eeffcff5b9d08be858e377ce326b?s=96&d=mm&r=g","caption":"Jeferson Carvalho"},"description":"Jornalista apaixonado pela profiss\u00e3o!","url":"https:\/\/tribunademinas.audiencelabs.com.br\/author\/jeferson\/"}]}},"amp_enabled":true,"_links":{"self":[{"href":"https:\/\/tribunademinas.audiencelabs.com.br\/wp-json\/wp\/v2\/posts\/3309","targetHints":{"allow":["GET"]}}],"collection":[{"href":"https:\/\/tribunademinas.audiencelabs.com.br\/wp-json\/wp\/v2\/posts"}],"about":[{"href":"https:\/\/tribunademinas.audiencelabs.com.br\/wp-json\/wp\/v2\/types\/post"}],"author":[{"embeddable":true,"href":"https:\/\/tribunademinas.audiencelabs.com.br\/wp-json\/wp\/v2\/users\/5"}],"replies":[{"embeddable":true,"href":"https:\/\/tribunademinas.audiencelabs.com.br\/wp-json\/wp\/v2\/comments?post=3309"}],"version-history":[{"count":1,"href":"https:\/\/tribunademinas.audiencelabs.com.br\/wp-json\/wp\/v2\/posts\/3309\/revisions"}],"predecessor-version":[{"id":3315,"href":"https:\/\/tribunademinas.audiencelabs.com.br\/wp-json\/wp\/v2\/posts\/3309\/revisions\/3315"}],"wp:featuredmedia":[{"embeddable":true,"href":"https:\/\/tribunademinas.audiencelabs.com.br\/wp-json\/wp\/v2\/media\/3312"}],"wp:attachment":[{"href":"https:\/\/tribunademinas.audiencelabs.com.br\/wp-json\/wp\/v2\/media?parent=3309"}],"wp:term":[{"taxonomy":"category","embeddable":true,"href":"https:\/\/tribunademinas.audiencelabs.com.br\/wp-json\/wp\/v2\/categories?post=3309"},{"taxonomy":"post_tag","embeddable":true,"href":"https:\/\/tribunademinas.audiencelabs.com.br\/wp-json\/wp\/v2\/tags?post=3309"}],"curies":[{"name":"wp","href":"https:\/\/api.w.org\/{rel}","templated":true}]}}