{"id":3303,"date":"2025-11-02T12:45:00","date_gmt":"2025-11-02T15:45:00","guid":{"rendered":"https:\/\/tribunademinas.audiencelabs.com.br\/?p=3303"},"modified":"2025-10-30T17:29:18","modified_gmt":"2025-10-30T20:29:18","slug":"acesso-ao-inss-sera-permitido-so-com-esse-certificado-digital","status":"publish","type":"post","link":"https:\/\/tribunademinas.audiencelabs.com.br\/acesso-ao-inss-sera-permitido-so-com-esse-certificado-digital\/","title":{"rendered":"Acesso ao INSS ser\u00e1 permitido s\u00f3 com esse certificado digital"},"content":{"rendered":"\n<p>De acordo com o<strong> Instituto Nacional do Seguro Social (INSS)<\/strong>, os sistemas passaram por uma grande atualiza\u00e7\u00e3o em seus processos de autentica\u00e7\u00e3o neste m\u00eas de novembro para refor\u00e7ar a seguran\u00e7a para todos os usu\u00e1rios.<\/p>\n\n\n\n<p>Por conta das novas mudan\u00e7as, que passar\u00e3o a vigorar a partir do dia 24, usu\u00e1rios externos precisar\u00e3o utilizar <strong>o certificado digital A3<\/strong> para realizar determinados servi\u00e7os o sistema da autarquia, seja em m\u00eddia f\u00edsica, token ou em nuvem.<\/p>\n\n\n\n<p>Diferentemente do modelo A1, que oferece bem menos seguran\u00e7a, o certificado digital A3 \u00e9 um tipo de<strong> identidade eletr\u00f4nica com validade jur\u00eddica<\/strong> que dificulta fraudes por conta de sua complexidade.<\/p>\n\n\n\n<p>Isso porque, al\u00e9m de ficar armazenado em uma m\u00eddia criptogr\u00e1fica, o certificado exige senha para cada uso e conex\u00e3o f\u00edsica no computador no momento da autentica\u00e7\u00e3o, assegurando assim que somente pessoas autorizadas realizem determinadas a\u00e7\u00f5es.<\/p>\n\n\n\n<p>O A3 \u00e9 regulamentado pela ICP-Brasil e, desde que atendidos os padr\u00f5es estabelecidos pelo \u00f3rg\u00e3o, n\u00e3o h\u00e1 restri\u00e7\u00f5es quanto \u00e0 autoridade certificadora emissora. Entretanto, o INSS recomenda que os usu\u00e1rios externos j\u00e1 estejam com as devidas permiss\u00f5es at\u00e9 a data limite para evitar contratempos.<\/p>\n\n\n\n<h2 class=\"wp-block-heading\">Certificado digital A3: quem ser\u00e1 impactado?<\/h2>\n\n\n\n<p>Conforme mencionado, o certificado digital A3 garante que somente usu\u00e1rios devidamente identificados e com certificado v\u00e1lido possam realizar determinadas opera\u00e7\u00f5es nos sistemas do INSS, como<strong> protocolos, revis\u00f5es de benef\u00edcios e envio de documentos confidenciais<\/strong>. Entre eles, est\u00e3o:<\/p>\n\n\n\n<ul class=\"wp-block-list\">\n<li>Profissionais de contabilidade, advocacia e recursos humanos;<\/li>\n\n\n\n<li>Empresas que realizam acesso via sistema pr\u00f3prio ou de terceiros;<\/li>\n\n\n\n<li>Desenvolvedores de sistemas integrados e terceiros autorizados.<\/li>\n<\/ul>\n\n\n\n<p>O acesso por meio das credenciais do portal Gov.br continuar\u00e1 v\u00e1lido para grande parte dos benefici\u00e1rios do INSS. No entanto, para a gest\u00e3o de demandas jur\u00eddicas ou m\u00e9dicas sens\u00edveis, a autarquia poder\u00e1 exigir o certificado digital A3. Nesse caso, \u00e9 recomend\u00e1vel buscar suporte t\u00e9cnico ou contar com a ajuda de um procurador digital certificado.<\/p>\n","protected":false},"excerpt":{"rendered":"<p>De acordo com o Instituto Nacional do Seguro Social (INSS), os sistemas passaram por uma grande atualiza\u00e7\u00e3o em seus processos de autentica\u00e7\u00e3o neste m\u00eas de novembro para refor\u00e7ar a seguran\u00e7a para todos os usu\u00e1rios. Por conta das novas mudan\u00e7as, que passar\u00e3o a vigorar a partir do dia 24, usu\u00e1rios externos precisar\u00e3o utilizar o certificado digital [&hellip;]<\/p>\n","protected":false},"author":3,"featured_media":3304,"comment_status":"open","ping_status":"open","sticky":false,"template":"","format":"standard","meta":{"jnews-multi-image_gallery":[],"jnews_single_post":{"format":"standard"},"jnews_primary_category":[],"jnews_social_meta":[],"jnews_post_split":[],"footnotes":""},"categories":[159],"tags":[],"class_list":["post-3303","post","type-post","status-publish","format-standard","has-post-thumbnail","hentry","category-cidadania"],"yoast_head":"<!-- This site is optimized with the Yoast SEO plugin v25.6 - https:\/\/yoast.com\/wordpress\/plugins\/seo\/ -->\n<title>Acesso ao INSS ser\u00e1 permitido s\u00f3 com esse certificado digital<\/title>\n<meta name=\"robots\" content=\"index, follow, max-snippet:-1, max-image-preview:large, max-video-preview:-1\" \/>\n<link rel=\"canonical\" href=\"https:\/\/tribunademinas.audiencelabs.com.br\/acesso-ao-inss-sera-permitido-so-com-esse-certificado-digital\/\" \/>\n<meta property=\"og:locale\" content=\"pt_BR\" \/>\n<meta property=\"og:type\" content=\"article\" \/>\n<meta property=\"og:title\" content=\"Acesso ao INSS ser\u00e1 permitido s\u00f3 com esse certificado digital\" \/>\n<meta property=\"og:description\" content=\"De acordo com o Instituto Nacional do Seguro Social (INSS), os sistemas passaram por uma grande atualiza\u00e7\u00e3o em seus processos de autentica\u00e7\u00e3o neste m\u00eas de novembro para refor\u00e7ar a seguran\u00e7a para todos os usu\u00e1rios. Por conta das novas mudan\u00e7as, que passar\u00e3o a vigorar a partir do dia 24, usu\u00e1rios externos precisar\u00e3o utilizar o certificado digital [&hellip;]\" \/>\n<meta property=\"og:url\" content=\"https:\/\/tribunademinas.audiencelabs.com.br\/acesso-ao-inss-sera-permitido-so-com-esse-certificado-digital\/\" \/>\n<meta property=\"og:site_name\" content=\"Tribuna de Minas - Dinheiro e Cidadania\" \/>\n<meta property=\"article:publisher\" content=\"https:\/\/www.facebook.com\/tribunademinas\/\" \/>\n<meta property=\"article:published_time\" content=\"2025-11-02T15:45:00+00:00\" \/>\n<meta property=\"og:image\" content=\"https:\/\/tribunademinas.audiencelabs.com.br\/wp-content\/uploads\/2025\/10\/acesso-inss-permitido-certificado-digital.webp\" \/>\n\t<meta property=\"og:image:width\" content=\"1280\" \/>\n\t<meta property=\"og:image:height\" content=\"720\" \/>\n\t<meta property=\"og:image:type\" content=\"image\/webp\" \/>\n<meta name=\"author\" content=\"Jo\u00e3o Carlos Gomes\" \/>\n<meta name=\"twitter:card\" content=\"summary_large_image\" \/>\n<meta name=\"twitter:creator\" content=\"@tribunademinas\" \/>\n<meta name=\"twitter:site\" content=\"@tribunademinas\" \/>\n<meta name=\"twitter:label1\" content=\"Escrito por\" \/>\n\t<meta name=\"twitter:data1\" content=\"Jo\u00e3o Carlos Gomes\" \/>\n\t<meta name=\"twitter:label2\" content=\"Est. tempo de leitura\" \/>\n\t<meta name=\"twitter:data2\" content=\"2 minutos\" \/>\n<!-- \/ Yoast SEO plugin. -->","yoast_head_json":{"title":"Acesso ao INSS ser\u00e1 permitido s\u00f3 com esse certificado digital","robots":{"index":"index","follow":"follow","max-snippet":"max-snippet:-1","max-image-preview":"max-image-preview:large","max-video-preview":"max-video-preview:-1"},"canonical":"https:\/\/tribunademinas.audiencelabs.com.br\/acesso-ao-inss-sera-permitido-so-com-esse-certificado-digital\/","og_locale":"pt_BR","og_type":"article","og_title":"Acesso ao INSS ser\u00e1 permitido s\u00f3 com esse certificado digital","og_description":"De acordo com o Instituto Nacional do Seguro Social (INSS), os sistemas passaram por uma grande atualiza\u00e7\u00e3o em seus processos de autentica\u00e7\u00e3o neste m\u00eas de novembro para refor\u00e7ar a seguran\u00e7a para todos os usu\u00e1rios. Por conta das novas mudan\u00e7as, que passar\u00e3o a vigorar a partir do dia 24, usu\u00e1rios externos precisar\u00e3o utilizar o certificado digital [&hellip;]","og_url":"https:\/\/tribunademinas.audiencelabs.com.br\/acesso-ao-inss-sera-permitido-so-com-esse-certificado-digital\/","og_site_name":"Tribuna de Minas - Dinheiro e Cidadania","article_publisher":"https:\/\/www.facebook.com\/tribunademinas\/","article_published_time":"2025-11-02T15:45:00+00:00","og_image":[{"width":1280,"height":720,"url":"https:\/\/tribunademinas.audiencelabs.com.br\/wp-content\/uploads\/2025\/10\/acesso-inss-permitido-certificado-digital.webp","type":"image\/webp"}],"author":"Jo\u00e3o Carlos Gomes","twitter_card":"summary_large_image","twitter_creator":"@tribunademinas","twitter_site":"@tribunademinas","twitter_misc":{"Escrito por":"Jo\u00e3o Carlos Gomes","Est. tempo de leitura":"2 minutos"},"schema":{"@context":"https:\/\/schema.org","@graph":[{"@type":"Article","@id":"https:\/\/tribunademinas.audiencelabs.com.br\/acesso-ao-inss-sera-permitido-so-com-esse-certificado-digital\/#article","isPartOf":{"@id":"https:\/\/tribunademinas.audiencelabs.com.br\/acesso-ao-inss-sera-permitido-so-com-esse-certificado-digital\/"},"author":{"name":"Jo\u00e3o Carlos Gomes","@id":"https:\/\/tribunademinas.audiencelabs.com.br\/#\/schema\/person\/37af466a64a722fadb8ef6841c52114f"},"headline":"Acesso ao INSS ser\u00e1 permitido s\u00f3 com esse certificado digital","datePublished":"2025-11-02T15:45:00+00:00","mainEntityOfPage":{"@id":"https:\/\/tribunademinas.audiencelabs.com.br\/acesso-ao-inss-sera-permitido-so-com-esse-certificado-digital\/"},"wordCount":352,"commentCount":0,"publisher":{"@id":"https:\/\/tribunademinas.audiencelabs.com.br\/#organization"},"image":{"@id":"https:\/\/tribunademinas.audiencelabs.com.br\/acesso-ao-inss-sera-permitido-so-com-esse-certificado-digital\/#primaryimage"},"thumbnailUrl":"https:\/\/tribunademinas.audiencelabs.com.br\/wp-content\/uploads\/2025\/10\/acesso-inss-permitido-certificado-digital.webp","articleSection":["Cidadania"],"inLanguage":"pt-BR","potentialAction":[{"@type":"CommentAction","name":"Comment","target":["https:\/\/tribunademinas.audiencelabs.com.br\/acesso-ao-inss-sera-permitido-so-com-esse-certificado-digital\/#respond"]}]},{"@type":"WebPage","@id":"https:\/\/tribunademinas.audiencelabs.com.br\/acesso-ao-inss-sera-permitido-so-com-esse-certificado-digital\/","url":"https:\/\/tribunademinas.audiencelabs.com.br\/acesso-ao-inss-sera-permitido-so-com-esse-certificado-digital\/","name":"Acesso ao INSS ser\u00e1 permitido s\u00f3 com esse certificado digital","isPartOf":{"@id":"https:\/\/tribunademinas.audiencelabs.com.br\/#website"},"primaryImageOfPage":{"@id":"https:\/\/tribunademinas.audiencelabs.com.br\/acesso-ao-inss-sera-permitido-so-com-esse-certificado-digital\/#primaryimage"},"image":{"@id":"https:\/\/tribunademinas.audiencelabs.com.br\/acesso-ao-inss-sera-permitido-so-com-esse-certificado-digital\/#primaryimage"},"thumbnailUrl":"https:\/\/tribunademinas.audiencelabs.com.br\/wp-content\/uploads\/2025\/10\/acesso-inss-permitido-certificado-digital.webp","datePublished":"2025-11-02T15:45:00+00:00","breadcrumb":{"@id":"https:\/\/tribunademinas.audiencelabs.com.br\/acesso-ao-inss-sera-permitido-so-com-esse-certificado-digital\/#breadcrumb"},"inLanguage":"pt-BR","potentialAction":[{"@type":"ReadAction","target":["https:\/\/tribunademinas.audiencelabs.com.br\/acesso-ao-inss-sera-permitido-so-com-esse-certificado-digital\/"]}]},{"@type":"ImageObject","inLanguage":"pt-BR","@id":"https:\/\/tribunademinas.audiencelabs.com.br\/acesso-ao-inss-sera-permitido-so-com-esse-certificado-digital\/#primaryimage","url":"https:\/\/tribunademinas.audiencelabs.com.br\/wp-content\/uploads\/2025\/10\/acesso-inss-permitido-certificado-digital.webp","contentUrl":"https:\/\/tribunademinas.audiencelabs.com.br\/wp-content\/uploads\/2025\/10\/acesso-inss-permitido-certificado-digital.webp","width":1280,"height":720,"caption":"Foto: INSS\/Divulga\u00e7\u00e3o"},{"@type":"BreadcrumbList","@id":"https:\/\/tribunademinas.audiencelabs.com.br\/acesso-ao-inss-sera-permitido-so-com-esse-certificado-digital\/#breadcrumb","itemListElement":[{"@type":"ListItem","position":1,"name":"In\u00edcio","item":"https:\/\/tribunademinas.audiencelabs.com.br\/"},{"@type":"ListItem","position":2,"name":"Acesso ao INSS ser\u00e1 permitido s\u00f3 com esse certificado digital"}]},{"@type":"WebSite","@id":"https:\/\/tribunademinas.audiencelabs.com.br\/#website","url":"https:\/\/tribunademinas.audiencelabs.com.br\/","name":"Tribuna de Minas - Dinheiro e Cidadania","description":"","publisher":{"@id":"https:\/\/tribunademinas.audiencelabs.com.br\/#organization"},"potentialAction":[{"@type":"SearchAction","target":{"@type":"EntryPoint","urlTemplate":"https:\/\/tribunademinas.audiencelabs.com.br\/?s={search_term_string}"},"query-input":{"@type":"PropertyValueSpecification","valueRequired":true,"valueName":"search_term_string"}}],"inLanguage":"pt-BR"},{"@type":"Organization","@id":"https:\/\/tribunademinas.audiencelabs.com.br\/#organization","name":"Tribuna de Minas - Dinheiro e Cidadania","url":"https:\/\/tribunademinas.audiencelabs.com.br\/","logo":{"@type":"ImageObject","inLanguage":"pt-BR","@id":"https:\/\/tribunademinas.audiencelabs.com.br\/#\/schema\/logo\/image\/","url":"https:\/\/tribunademinas.audiencelabs.com.br\/wp-content\/uploads\/2025\/08\/cropped-Tribuna_512x512-96x96-1.png","contentUrl":"https:\/\/tribunademinas.audiencelabs.com.br\/wp-content\/uploads\/2025\/08\/cropped-Tribuna_512x512-96x96-1.png","width":96,"height":96,"caption":"Tribuna de Minas - Dinheiro e Cidadania"},"image":{"@id":"https:\/\/tribunademinas.audiencelabs.com.br\/#\/schema\/logo\/image\/"},"sameAs":["https:\/\/www.facebook.com\/tribunademinas\/","https:\/\/x.com\/tribunademinas","https:\/\/www.instagram.com\/tribunademinas\/","https:\/\/www.youtube.com\/user\/TribunadeMinasJF"]},{"@type":"Person","@id":"https:\/\/tribunademinas.audiencelabs.com.br\/#\/schema\/person\/37af466a64a722fadb8ef6841c52114f","name":"Jo\u00e3o Carlos Gomes","image":{"@type":"ImageObject","inLanguage":"pt-BR","@id":"https:\/\/tribunademinas.audiencelabs.com.br\/#\/schema\/person\/image\/","url":"https:\/\/secure.gravatar.com\/avatar\/4ce4672dbdd694b329cd6fdb51bee7d1409be1f0ff76a537e4c4a737b2c7d1a9?s=96&d=mm&r=g","contentUrl":"https:\/\/secure.gravatar.com\/avatar\/4ce4672dbdd694b329cd6fdb51bee7d1409be1f0ff76a537e4c4a737b2c7d1a9?s=96&d=mm&r=g","caption":"Jo\u00e3o Carlos Gomes"},"description":"Jornalista formado pelo Centro Universit\u00e1rio Carioca, apreciador da Bossa Nova ao Metal Extremo, criador de conte\u00fado e m\u00fasico independente nas horas vagas.","url":"https:\/\/tribunademinas.audiencelabs.com.br\/author\/joaoc-junior\/"}]}},"amp_enabled":true,"_links":{"self":[{"href":"https:\/\/tribunademinas.audiencelabs.com.br\/wp-json\/wp\/v2\/posts\/3303","targetHints":{"allow":["GET"]}}],"collection":[{"href":"https:\/\/tribunademinas.audiencelabs.com.br\/wp-json\/wp\/v2\/posts"}],"about":[{"href":"https:\/\/tribunademinas.audiencelabs.com.br\/wp-json\/wp\/v2\/types\/post"}],"author":[{"embeddable":true,"href":"https:\/\/tribunademinas.audiencelabs.com.br\/wp-json\/wp\/v2\/users\/3"}],"replies":[{"embeddable":true,"href":"https:\/\/tribunademinas.audiencelabs.com.br\/wp-json\/wp\/v2\/comments?post=3303"}],"version-history":[{"count":1,"href":"https:\/\/tribunademinas.audiencelabs.com.br\/wp-json\/wp\/v2\/posts\/3303\/revisions"}],"predecessor-version":[{"id":3311,"href":"https:\/\/tribunademinas.audiencelabs.com.br\/wp-json\/wp\/v2\/posts\/3303\/revisions\/3311"}],"wp:featuredmedia":[{"embeddable":true,"href":"https:\/\/tribunademinas.audiencelabs.com.br\/wp-json\/wp\/v2\/media\/3304"}],"wp:attachment":[{"href":"https:\/\/tribunademinas.audiencelabs.com.br\/wp-json\/wp\/v2\/media?parent=3303"}],"wp:term":[{"taxonomy":"category","embeddable":true,"href":"https:\/\/tribunademinas.audiencelabs.com.br\/wp-json\/wp\/v2\/categories?post=3303"},{"taxonomy":"post_tag","embeddable":true,"href":"https:\/\/tribunademinas.audiencelabs.com.br\/wp-json\/wp\/v2\/tags?post=3303"}],"curies":[{"name":"wp","href":"https:\/\/api.w.org\/{rel}","templated":true}]}}