{"id":3297,"date":"2025-10-31T18:00:00","date_gmt":"2025-10-31T21:00:00","guid":{"rendered":"https:\/\/tribunademinas.audiencelabs.com.br\/?p=3297"},"modified":"2025-10-30T16:54:52","modified_gmt":"2025-10-30T19:54:52","slug":"13o-salario-quem-recebe-e-quando-sai-a-primeira-parcela","status":"publish","type":"post","link":"https:\/\/tribunademinas.audiencelabs.com.br\/13o-salario-quem-recebe-e-quando-sai-a-primeira-parcela\/","title":{"rendered":"13\u00ba sal\u00e1rio: quem recebe e quando sai a primeira parcela"},"content":{"rendered":"\n<p>Previsto na Consolida\u00e7\u00e3o das Leis do Trabalho (CLT), o<strong> 13\u00ba sal\u00e1rio<\/strong> (conhecido como &#8220;abono natalino&#8221;) \u00e9 uma remunera\u00e7\u00e3o adicional, geralmente paga nos \u00faltimos meses do ano, que \u00e9 amplamente aguardada pelos trabalhadores para auxiliar na organiza\u00e7\u00e3o financeira.<\/p>\n\n\n\n<p>Inclusive, justamente por se tratar de um direito trabalhista, o pagamento \u00e9 <strong>exclusivo para trabalhadores com carteira assinada<\/strong>, que j\u00e1 podem contar com o benef\u00edcio a partir de 15 dias trabalhados no m\u00eas.<\/p>\n\n\n\n<p>Alguns empregadores optam por efetuar o pagamento do 13\u00ba \u00e0 vista. No entanto, a pr\u00e1tica mais comum \u00e9 o parcelamento, sendo que a primeira parcela, correspondente a 50% do valor bruto do sal\u00e1rio sem descontos, deve ser<strong> paga at\u00e9 o dia 30 de novembro<\/strong>.<\/p>\n\n\n\n<p>Mas, vale lembrar que, neste ano, a data coincidiu com um domingo, que n\u00e3o \u00e9 considerado dia \u00fatil pela CLT. Neste caso, \u00e9 prov\u00e1vel que ocorra uma antecipa\u00e7\u00e3o nos dep\u00f3sitos, e o pagamento ocorra <strong>na sexta-feira (28)<\/strong>.<\/p>\n\n\n\n<h2 class=\"wp-block-heading\">Prazo tamb\u00e9m \u00e9 v\u00e1lido para pagamento \u00e0 vista do 13\u00ba sal\u00e1rio<\/h2>\n\n\n\n<p>Caso a empresa opte por pagar o 13\u00ba sal\u00e1rio em parcela \u00fanica, os trabalhadores tamb\u00e9m ter\u00e3o grandes chances de receber o valor integral j\u00e1 no dia 28, uma vez que a<strong> data limite para pagamento \u00e0 vista \u00e9 30 de novembro<\/strong>.<\/p>\n\n\n\n<p>Todavia, \u00e9 importante destacar que a decis\u00e3o de parcelar ou n\u00e3o o 13\u00ba sal\u00e1rio cabe exclusivamente ao empregador. Desta forma, caso ele opte por dividir o valor em duas parcelas, ser\u00e1 necess\u00e1rio aguardar ambas as datas para receber o total integral.<\/p>\n\n\n\n<h2 class=\"wp-block-heading\">Segunda parcela do 13\u00ba sal\u00e1rio: data do pagamento<\/h2>\n\n\n\n<p>A segunda parcela do 13\u00ba sal\u00e1rio pode ser encaminhada aos trabalhadores at\u00e9<strong> o dia 20 de dezembro<\/strong>.\u00a0E vale destacar que, diferente da primeira, ela costuma ser um pouco menor.<\/p>\n\n\n\n<p>Isso porque, enquanto a primeira parcela corresponde a 50% do valor bruto do sal\u00e1rio, sem descontos, a segunda j\u00e1 inclui os descontos do Instituto Nacional do Seguro Social (INSS) e Imposto de Renda.<\/p>\n","protected":false},"excerpt":{"rendered":"<p>Previsto na Consolida\u00e7\u00e3o das Leis do Trabalho (CLT), o 13\u00ba sal\u00e1rio (conhecido como &#8220;abono natalino&#8221;) \u00e9 uma remunera\u00e7\u00e3o adicional, geralmente paga nos \u00faltimos meses do ano, que \u00e9 amplamente aguardada pelos trabalhadores para auxiliar na organiza\u00e7\u00e3o financeira. Inclusive, justamente por se tratar de um direito trabalhista, o pagamento \u00e9 exclusivo para trabalhadores com carteira assinada, [&hellip;]<\/p>\n","protected":false},"author":3,"featured_media":3298,"comment_status":"open","ping_status":"open","sticky":false,"template":"","format":"standard","meta":{"jnews-multi-image_gallery":[],"jnews_single_post":{"format":"standard"},"jnews_primary_category":[],"jnews_social_meta":[],"jnews_post_split":[],"footnotes":""},"categories":[1],"tags":[],"class_list":["post-3297","post","type-post","status-publish","format-standard","has-post-thumbnail","hentry","category-dinheiro"],"yoast_head":"<!-- This site is optimized with the Yoast SEO plugin v25.6 - https:\/\/yoast.com\/wordpress\/plugins\/seo\/ -->\n<title>13\u00ba sal\u00e1rio: quem recebe e quando sai a primeira parcela<\/title>\n<meta name=\"robots\" content=\"index, follow, max-snippet:-1, max-image-preview:large, max-video-preview:-1\" \/>\n<link rel=\"canonical\" href=\"https:\/\/tribunademinas.audiencelabs.com.br\/13o-salario-quem-recebe-e-quando-sai-a-primeira-parcela\/\" \/>\n<meta property=\"og:locale\" content=\"pt_BR\" \/>\n<meta property=\"og:type\" content=\"article\" \/>\n<meta property=\"og:title\" content=\"13\u00ba sal\u00e1rio: quem recebe e quando sai a primeira parcela\" \/>\n<meta property=\"og:description\" content=\"Previsto na Consolida\u00e7\u00e3o das Leis do Trabalho (CLT), o 13\u00ba sal\u00e1rio (conhecido como &#8220;abono natalino&#8221;) \u00e9 uma remunera\u00e7\u00e3o adicional, geralmente paga nos \u00faltimos meses do ano, que \u00e9 amplamente aguardada pelos trabalhadores para auxiliar na organiza\u00e7\u00e3o financeira. Inclusive, justamente por se tratar de um direito trabalhista, o pagamento \u00e9 exclusivo para trabalhadores com carteira assinada, [&hellip;]\" \/>\n<meta property=\"og:url\" content=\"https:\/\/tribunademinas.audiencelabs.com.br\/13o-salario-quem-recebe-e-quando-sai-a-primeira-parcela\/\" \/>\n<meta property=\"og:site_name\" content=\"Tribuna de Minas - Dinheiro e Cidadania\" \/>\n<meta property=\"article:publisher\" content=\"https:\/\/www.facebook.com\/tribunademinas\/\" \/>\n<meta property=\"article:published_time\" content=\"2025-10-31T21:00:00+00:00\" \/>\n<meta property=\"og:image\" content=\"https:\/\/tribunademinas.audiencelabs.com.br\/wp-content\/uploads\/2025\/10\/13-salario-quem-recebe-quando-sai-primeira-parcela.webp\" \/>\n\t<meta property=\"og:image:width\" content=\"1280\" \/>\n\t<meta property=\"og:image:height\" content=\"720\" \/>\n\t<meta property=\"og:image:type\" content=\"image\/webp\" \/>\n<meta name=\"author\" content=\"Jo\u00e3o Carlos Gomes\" \/>\n<meta name=\"twitter:card\" content=\"summary_large_image\" \/>\n<meta name=\"twitter:creator\" content=\"@tribunademinas\" \/>\n<meta name=\"twitter:site\" content=\"@tribunademinas\" \/>\n<meta name=\"twitter:label1\" content=\"Escrito por\" \/>\n\t<meta name=\"twitter:data1\" content=\"Jo\u00e3o Carlos Gomes\" \/>\n\t<meta name=\"twitter:label2\" content=\"Est. tempo de leitura\" \/>\n\t<meta name=\"twitter:data2\" content=\"2 minutos\" \/>\n<!-- \/ Yoast SEO plugin. -->","yoast_head_json":{"title":"13\u00ba sal\u00e1rio: quem recebe e quando sai a primeira parcela","robots":{"index":"index","follow":"follow","max-snippet":"max-snippet:-1","max-image-preview":"max-image-preview:large","max-video-preview":"max-video-preview:-1"},"canonical":"https:\/\/tribunademinas.audiencelabs.com.br\/13o-salario-quem-recebe-e-quando-sai-a-primeira-parcela\/","og_locale":"pt_BR","og_type":"article","og_title":"13\u00ba sal\u00e1rio: quem recebe e quando sai a primeira parcela","og_description":"Previsto na Consolida\u00e7\u00e3o das Leis do Trabalho (CLT), o 13\u00ba sal\u00e1rio (conhecido como &#8220;abono natalino&#8221;) \u00e9 uma remunera\u00e7\u00e3o adicional, geralmente paga nos \u00faltimos meses do ano, que \u00e9 amplamente aguardada pelos trabalhadores para auxiliar na organiza\u00e7\u00e3o financeira. Inclusive, justamente por se tratar de um direito trabalhista, o pagamento \u00e9 exclusivo para trabalhadores com carteira assinada, [&hellip;]","og_url":"https:\/\/tribunademinas.audiencelabs.com.br\/13o-salario-quem-recebe-e-quando-sai-a-primeira-parcela\/","og_site_name":"Tribuna de Minas - Dinheiro e Cidadania","article_publisher":"https:\/\/www.facebook.com\/tribunademinas\/","article_published_time":"2025-10-31T21:00:00+00:00","og_image":[{"width":1280,"height":720,"url":"https:\/\/tribunademinas.audiencelabs.com.br\/wp-content\/uploads\/2025\/10\/13-salario-quem-recebe-quando-sai-primeira-parcela.webp","type":"image\/webp"}],"author":"Jo\u00e3o Carlos Gomes","twitter_card":"summary_large_image","twitter_creator":"@tribunademinas","twitter_site":"@tribunademinas","twitter_misc":{"Escrito por":"Jo\u00e3o Carlos Gomes","Est. tempo de leitura":"2 minutos"},"schema":{"@context":"https:\/\/schema.org","@graph":[{"@type":"Article","@id":"https:\/\/tribunademinas.audiencelabs.com.br\/13o-salario-quem-recebe-e-quando-sai-a-primeira-parcela\/#article","isPartOf":{"@id":"https:\/\/tribunademinas.audiencelabs.com.br\/13o-salario-quem-recebe-e-quando-sai-a-primeira-parcela\/"},"author":{"name":"Jo\u00e3o Carlos Gomes","@id":"https:\/\/tribunademinas.audiencelabs.com.br\/#\/schema\/person\/37af466a64a722fadb8ef6841c52114f"},"headline":"13\u00ba sal\u00e1rio: quem recebe e quando sai a primeira parcela","datePublished":"2025-10-31T21:00:00+00:00","mainEntityOfPage":{"@id":"https:\/\/tribunademinas.audiencelabs.com.br\/13o-salario-quem-recebe-e-quando-sai-a-primeira-parcela\/"},"wordCount":323,"commentCount":0,"publisher":{"@id":"https:\/\/tribunademinas.audiencelabs.com.br\/#organization"},"image":{"@id":"https:\/\/tribunademinas.audiencelabs.com.br\/13o-salario-quem-recebe-e-quando-sai-a-primeira-parcela\/#primaryimage"},"thumbnailUrl":"https:\/\/tribunademinas.audiencelabs.com.br\/wp-content\/uploads\/2025\/10\/13-salario-quem-recebe-quando-sai-primeira-parcela.webp","articleSection":["Dinheiro"],"inLanguage":"pt-BR","potentialAction":[{"@type":"CommentAction","name":"Comment","target":["https:\/\/tribunademinas.audiencelabs.com.br\/13o-salario-quem-recebe-e-quando-sai-a-primeira-parcela\/#respond"]}]},{"@type":"WebPage","@id":"https:\/\/tribunademinas.audiencelabs.com.br\/13o-salario-quem-recebe-e-quando-sai-a-primeira-parcela\/","url":"https:\/\/tribunademinas.audiencelabs.com.br\/13o-salario-quem-recebe-e-quando-sai-a-primeira-parcela\/","name":"13\u00ba sal\u00e1rio: quem recebe e quando sai a primeira parcela","isPartOf":{"@id":"https:\/\/tribunademinas.audiencelabs.com.br\/#website"},"primaryImageOfPage":{"@id":"https:\/\/tribunademinas.audiencelabs.com.br\/13o-salario-quem-recebe-e-quando-sai-a-primeira-parcela\/#primaryimage"},"image":{"@id":"https:\/\/tribunademinas.audiencelabs.com.br\/13o-salario-quem-recebe-e-quando-sai-a-primeira-parcela\/#primaryimage"},"thumbnailUrl":"https:\/\/tribunademinas.audiencelabs.com.br\/wp-content\/uploads\/2025\/10\/13-salario-quem-recebe-quando-sai-primeira-parcela.webp","datePublished":"2025-10-31T21:00:00+00:00","breadcrumb":{"@id":"https:\/\/tribunademinas.audiencelabs.com.br\/13o-salario-quem-recebe-e-quando-sai-a-primeira-parcela\/#breadcrumb"},"inLanguage":"pt-BR","potentialAction":[{"@type":"ReadAction","target":["https:\/\/tribunademinas.audiencelabs.com.br\/13o-salario-quem-recebe-e-quando-sai-a-primeira-parcela\/"]}]},{"@type":"ImageObject","inLanguage":"pt-BR","@id":"https:\/\/tribunademinas.audiencelabs.com.br\/13o-salario-quem-recebe-e-quando-sai-a-primeira-parcela\/#primaryimage","url":"https:\/\/tribunademinas.audiencelabs.com.br\/wp-content\/uploads\/2025\/10\/13-salario-quem-recebe-quando-sai-primeira-parcela.webp","contentUrl":"https:\/\/tribunademinas.audiencelabs.com.br\/wp-content\/uploads\/2025\/10\/13-salario-quem-recebe-quando-sai-primeira-parcela.webp","width":1280,"height":720,"caption":"Foto: Jos\u00e9 Cruz\/Ag\u00eancia Brasil"},{"@type":"BreadcrumbList","@id":"https:\/\/tribunademinas.audiencelabs.com.br\/13o-salario-quem-recebe-e-quando-sai-a-primeira-parcela\/#breadcrumb","itemListElement":[{"@type":"ListItem","position":1,"name":"In\u00edcio","item":"https:\/\/tribunademinas.audiencelabs.com.br\/"},{"@type":"ListItem","position":2,"name":"13\u00ba sal\u00e1rio: quem recebe e quando sai a primeira parcela"}]},{"@type":"WebSite","@id":"https:\/\/tribunademinas.audiencelabs.com.br\/#website","url":"https:\/\/tribunademinas.audiencelabs.com.br\/","name":"Tribuna de Minas - Dinheiro e Cidadania","description":"","publisher":{"@id":"https:\/\/tribunademinas.audiencelabs.com.br\/#organization"},"potentialAction":[{"@type":"SearchAction","target":{"@type":"EntryPoint","urlTemplate":"https:\/\/tribunademinas.audiencelabs.com.br\/?s={search_term_string}"},"query-input":{"@type":"PropertyValueSpecification","valueRequired":true,"valueName":"search_term_string"}}],"inLanguage":"pt-BR"},{"@type":"Organization","@id":"https:\/\/tribunademinas.audiencelabs.com.br\/#organization","name":"Tribuna de Minas - Dinheiro e Cidadania","url":"https:\/\/tribunademinas.audiencelabs.com.br\/","logo":{"@type":"ImageObject","inLanguage":"pt-BR","@id":"https:\/\/tribunademinas.audiencelabs.com.br\/#\/schema\/logo\/image\/","url":"https:\/\/tribunademinas.audiencelabs.com.br\/wp-content\/uploads\/2025\/08\/cropped-Tribuna_512x512-96x96-1.png","contentUrl":"https:\/\/tribunademinas.audiencelabs.com.br\/wp-content\/uploads\/2025\/08\/cropped-Tribuna_512x512-96x96-1.png","width":96,"height":96,"caption":"Tribuna de Minas - Dinheiro e Cidadania"},"image":{"@id":"https:\/\/tribunademinas.audiencelabs.com.br\/#\/schema\/logo\/image\/"},"sameAs":["https:\/\/www.facebook.com\/tribunademinas\/","https:\/\/x.com\/tribunademinas","https:\/\/www.instagram.com\/tribunademinas\/","https:\/\/www.youtube.com\/user\/TribunadeMinasJF"]},{"@type":"Person","@id":"https:\/\/tribunademinas.audiencelabs.com.br\/#\/schema\/person\/37af466a64a722fadb8ef6841c52114f","name":"Jo\u00e3o Carlos Gomes","image":{"@type":"ImageObject","inLanguage":"pt-BR","@id":"https:\/\/tribunademinas.audiencelabs.com.br\/#\/schema\/person\/image\/","url":"https:\/\/secure.gravatar.com\/avatar\/4ce4672dbdd694b329cd6fdb51bee7d1409be1f0ff76a537e4c4a737b2c7d1a9?s=96&d=mm&r=g","contentUrl":"https:\/\/secure.gravatar.com\/avatar\/4ce4672dbdd694b329cd6fdb51bee7d1409be1f0ff76a537e4c4a737b2c7d1a9?s=96&d=mm&r=g","caption":"Jo\u00e3o Carlos Gomes"},"description":"Jornalista formado pelo Centro Universit\u00e1rio Carioca, apreciador da Bossa Nova ao Metal Extremo, criador de conte\u00fado e m\u00fasico independente nas horas vagas.","url":"https:\/\/tribunademinas.audiencelabs.com.br\/author\/joaoc-junior\/"}]}},"amp_enabled":true,"_links":{"self":[{"href":"https:\/\/tribunademinas.audiencelabs.com.br\/wp-json\/wp\/v2\/posts\/3297","targetHints":{"allow":["GET"]}}],"collection":[{"href":"https:\/\/tribunademinas.audiencelabs.com.br\/wp-json\/wp\/v2\/posts"}],"about":[{"href":"https:\/\/tribunademinas.audiencelabs.com.br\/wp-json\/wp\/v2\/types\/post"}],"author":[{"embeddable":true,"href":"https:\/\/tribunademinas.audiencelabs.com.br\/wp-json\/wp\/v2\/users\/3"}],"replies":[{"embeddable":true,"href":"https:\/\/tribunademinas.audiencelabs.com.br\/wp-json\/wp\/v2\/comments?post=3297"}],"version-history":[{"count":1,"href":"https:\/\/tribunademinas.audiencelabs.com.br\/wp-json\/wp\/v2\/posts\/3297\/revisions"}],"predecessor-version":[{"id":3302,"href":"https:\/\/tribunademinas.audiencelabs.com.br\/wp-json\/wp\/v2\/posts\/3297\/revisions\/3302"}],"wp:featuredmedia":[{"embeddable":true,"href":"https:\/\/tribunademinas.audiencelabs.com.br\/wp-json\/wp\/v2\/media\/3298"}],"wp:attachment":[{"href":"https:\/\/tribunademinas.audiencelabs.com.br\/wp-json\/wp\/v2\/media?parent=3297"}],"wp:term":[{"taxonomy":"category","embeddable":true,"href":"https:\/\/tribunademinas.audiencelabs.com.br\/wp-json\/wp\/v2\/categories?post=3297"},{"taxonomy":"post_tag","embeddable":true,"href":"https:\/\/tribunademinas.audiencelabs.com.br\/wp-json\/wp\/v2\/tags?post=3297"}],"curies":[{"name":"wp","href":"https:\/\/api.w.org\/{rel}","templated":true}]}}