{"id":3277,"date":"2025-10-31T08:00:00","date_gmt":"2025-10-31T11:00:00","guid":{"rendered":"https:\/\/tribunademinas.audiencelabs.com.br\/?p=3277"},"modified":"2025-10-30T17:22:33","modified_gmt":"2025-10-30T20:22:33","slug":"pesquisa-mostra-maioria-dos-motoristas-por-app-nao-quer-carteira-assinada","status":"publish","type":"post","link":"https:\/\/tribunademinas.audiencelabs.com.br\/pesquisa-mostra-maioria-dos-motoristas-por-app-nao-quer-carteira-assinada\/","title":{"rendered":"Pesquisa mostra que maioria dos motoristas por app n\u00e3o quer carteira assinada"},"content":{"rendered":"\n<p>Com recentes discuss\u00f5es sobre a regulamenta\u00e7\u00e3o do trabalho nas diferentes esferas do governo, o instituto Datafolha desenvolveu uma pesquisa, a pedido da Uber, para saber a opini\u00e3o dos<strong> motoristas de aplicativo<\/strong> sobre o t\u00f3pico.<\/p>\n\n\n\n<p>E de acordo com os resultados, divulgados nesta quinta-feira (30), cerca de 60% dos entrevistados <strong>rejeitam o v\u00ednculo empregat\u00edcio pela Consolida\u00e7\u00e3o das Leis do Trabalho (CLT)<\/strong>, alegando que o modelo n\u00e3o se adequa \u00e0s suas necessidades.<\/p>\n\n\n\n<p>Quando questionados sobre a possibilidade de migrar para um emprego CLT em tempo integral, a maioria dos paticipantes alegou aceitar a proposta caso a remunera\u00e7\u00e3o fosse de, no m\u00ednimo, quatro sal\u00e1rios m\u00ednimos. Entretanto, se o montante fosse equivalente a seus ganhos atuais, 54% afirmaram que recusariam a oferta.<\/p>\n\n\n\n<p>O levantamento revelou ainda que ao menos 55% dos motoristas t\u00eam nos aplicativos sua principal fonte de renda. Apesar disso, 79% afirmaram dirigir por necessidade de obter renda extra, enquanto 69% declararam depender da atividade para manter sua renda regular.<\/p>\n\n\n\n<p>O diretor de Pol\u00edticas P\u00fablicas da Uber, Ricardo Leite Ribeiro, destacou que os resultados mostram que os motoristas rejeitam os modelos tradicionais por valorizarem mais a flexibilidade que o servi\u00e7o oferece.<\/p>\n\n\n\n<h2 class=\"wp-block-heading\">Motoristas est\u00e3o abertos \u00e0 regulamenta\u00e7\u00e3o<\/h2>\n\n\n\n<p>Apesar da resist\u00eancia \u00e0 CLT, uma significativa parcela de motoristas de app se mostrou favor\u00e1vel \u00e0 regulamenta\u00e7\u00e3o da profiss\u00e3o, com pelo menos 69% concordando pelo estabelecimento de um piso de ganhos m\u00ednimos para evitar preju\u00edzos.<\/p>\n\n\n\n<p>Al\u00e9m disso, 76% dos motoristas demonstraram interesse em serem inclu\u00eddos na seguridade social e acreditam que as plataformas deveriam facilitar esse processo, de modo a garantir acesso a benef\u00edcios como aux\u00edlio-acidente, pens\u00e3o por morte e aposentadoria.<\/p>\n\n\n\n<p>Vale destacar que muitos motoristas n\u00e3o realizam nenhum tipo de contribui\u00e7\u00e3o previdenci\u00e1ria, por diversos motivos, incluindo falta de informa\u00e7\u00e3o ou burocracia envolvida no processo. No entanto, uma regulamenta\u00e7\u00e3o adequada poderia alterar esse cen\u00e1rio de forma positiva.<\/p>\n","protected":false},"excerpt":{"rendered":"<p>Com recentes discuss\u00f5es sobre a regulamenta\u00e7\u00e3o do trabalho nas diferentes esferas do governo, o instituto Datafolha desenvolveu uma pesquisa, a pedido da Uber, para saber a opini\u00e3o dos motoristas de aplicativo sobre o t\u00f3pico. E de acordo com os resultados, divulgados nesta quinta-feira (30), cerca de 60% dos entrevistados rejeitam o v\u00ednculo empregat\u00edcio pela Consolida\u00e7\u00e3o [&hellip;]<\/p>\n","protected":false},"author":3,"featured_media":3278,"comment_status":"open","ping_status":"open","sticky":false,"template":"","format":"standard","meta":{"jnews-multi-image_gallery":[],"jnews_single_post":{"format":"standard"},"jnews_primary_category":[],"jnews_social_meta":[],"jnews_post_split":[],"footnotes":""},"categories":[1],"tags":[],"class_list":["post-3277","post","type-post","status-publish","format-standard","has-post-thumbnail","hentry","category-dinheiro"],"yoast_head":"<!-- This site is optimized with the Yoast SEO plugin v25.6 - https:\/\/yoast.com\/wordpress\/plugins\/seo\/ -->\n<title>Pesquisa mostra que maioria dos motoristas por app n\u00e3o quer carteira assinada<\/title>\n<meta name=\"robots\" content=\"index, follow, max-snippet:-1, max-image-preview:large, max-video-preview:-1\" \/>\n<link rel=\"canonical\" href=\"https:\/\/tribunademinas.audiencelabs.com.br\/pesquisa-mostra-maioria-dos-motoristas-por-app-nao-quer-carteira-assinada\/\" \/>\n<meta property=\"og:locale\" content=\"pt_BR\" \/>\n<meta property=\"og:type\" content=\"article\" \/>\n<meta property=\"og:title\" content=\"Pesquisa mostra que maioria dos motoristas por app n\u00e3o quer carteira assinada\" \/>\n<meta property=\"og:description\" content=\"Com recentes discuss\u00f5es sobre a regulamenta\u00e7\u00e3o do trabalho nas diferentes esferas do governo, o instituto Datafolha desenvolveu uma pesquisa, a pedido da Uber, para saber a opini\u00e3o dos motoristas de aplicativo sobre o t\u00f3pico. E de acordo com os resultados, divulgados nesta quinta-feira (30), cerca de 60% dos entrevistados rejeitam o v\u00ednculo empregat\u00edcio pela Consolida\u00e7\u00e3o [&hellip;]\" \/>\n<meta property=\"og:url\" content=\"https:\/\/tribunademinas.audiencelabs.com.br\/pesquisa-mostra-maioria-dos-motoristas-por-app-nao-quer-carteira-assinada\/\" \/>\n<meta property=\"og:site_name\" content=\"Tribuna de Minas - Dinheiro e Cidadania\" \/>\n<meta property=\"article:publisher\" content=\"https:\/\/www.facebook.com\/tribunademinas\/\" \/>\n<meta property=\"article:published_time\" content=\"2025-10-31T11:00:00+00:00\" \/>\n<meta property=\"og:image\" content=\"https:\/\/tribunademinas.audiencelabs.com.br\/wp-content\/uploads\/2025\/10\/pesquisa-mostra-maioria-motoristas-por-app-nao-quer-carteira-assinada.jpg\" \/>\n\t<meta property=\"og:image:width\" content=\"1920\" \/>\n\t<meta property=\"og:image:height\" content=\"1080\" \/>\n\t<meta property=\"og:image:type\" content=\"image\/jpeg\" \/>\n<meta name=\"author\" content=\"Jo\u00e3o Carlos Gomes\" \/>\n<meta name=\"twitter:card\" content=\"summary_large_image\" \/>\n<meta name=\"twitter:creator\" content=\"@tribunademinas\" \/>\n<meta name=\"twitter:site\" content=\"@tribunademinas\" \/>\n<meta name=\"twitter:label1\" content=\"Escrito por\" \/>\n\t<meta name=\"twitter:data1\" content=\"Jo\u00e3o Carlos Gomes\" \/>\n\t<meta name=\"twitter:label2\" content=\"Est. tempo de leitura\" \/>\n\t<meta name=\"twitter:data2\" content=\"2 minutos\" \/>\n<!-- \/ Yoast SEO plugin. -->","yoast_head_json":{"title":"Pesquisa mostra que maioria dos motoristas por app n\u00e3o quer carteira assinada","robots":{"index":"index","follow":"follow","max-snippet":"max-snippet:-1","max-image-preview":"max-image-preview:large","max-video-preview":"max-video-preview:-1"},"canonical":"https:\/\/tribunademinas.audiencelabs.com.br\/pesquisa-mostra-maioria-dos-motoristas-por-app-nao-quer-carteira-assinada\/","og_locale":"pt_BR","og_type":"article","og_title":"Pesquisa mostra que maioria dos motoristas por app n\u00e3o quer carteira assinada","og_description":"Com recentes discuss\u00f5es sobre a regulamenta\u00e7\u00e3o do trabalho nas diferentes esferas do governo, o instituto Datafolha desenvolveu uma pesquisa, a pedido da Uber, para saber a opini\u00e3o dos motoristas de aplicativo sobre o t\u00f3pico. E de acordo com os resultados, divulgados nesta quinta-feira (30), cerca de 60% dos entrevistados rejeitam o v\u00ednculo empregat\u00edcio pela Consolida\u00e7\u00e3o [&hellip;]","og_url":"https:\/\/tribunademinas.audiencelabs.com.br\/pesquisa-mostra-maioria-dos-motoristas-por-app-nao-quer-carteira-assinada\/","og_site_name":"Tribuna de Minas - Dinheiro e Cidadania","article_publisher":"https:\/\/www.facebook.com\/tribunademinas\/","article_published_time":"2025-10-31T11:00:00+00:00","og_image":[{"width":1920,"height":1080,"url":"https:\/\/tribunademinas.audiencelabs.com.br\/wp-content\/uploads\/2025\/10\/pesquisa-mostra-maioria-motoristas-por-app-nao-quer-carteira-assinada.jpg","type":"image\/jpeg"}],"author":"Jo\u00e3o Carlos Gomes","twitter_card":"summary_large_image","twitter_creator":"@tribunademinas","twitter_site":"@tribunademinas","twitter_misc":{"Escrito por":"Jo\u00e3o Carlos Gomes","Est. tempo de leitura":"2 minutos"},"schema":{"@context":"https:\/\/schema.org","@graph":[{"@type":"Article","@id":"https:\/\/tribunademinas.audiencelabs.com.br\/pesquisa-mostra-maioria-dos-motoristas-por-app-nao-quer-carteira-assinada\/#article","isPartOf":{"@id":"https:\/\/tribunademinas.audiencelabs.com.br\/pesquisa-mostra-maioria-dos-motoristas-por-app-nao-quer-carteira-assinada\/"},"author":{"name":"Jo\u00e3o Carlos Gomes","@id":"https:\/\/tribunademinas.audiencelabs.com.br\/#\/schema\/person\/37af466a64a722fadb8ef6841c52114f"},"headline":"Pesquisa mostra que maioria dos motoristas por app n\u00e3o quer carteira assinada","datePublished":"2025-10-31T11:00:00+00:00","mainEntityOfPage":{"@id":"https:\/\/tribunademinas.audiencelabs.com.br\/pesquisa-mostra-maioria-dos-motoristas-por-app-nao-quer-carteira-assinada\/"},"wordCount":338,"commentCount":0,"publisher":{"@id":"https:\/\/tribunademinas.audiencelabs.com.br\/#organization"},"image":{"@id":"https:\/\/tribunademinas.audiencelabs.com.br\/pesquisa-mostra-maioria-dos-motoristas-por-app-nao-quer-carteira-assinada\/#primaryimage"},"thumbnailUrl":"https:\/\/tribunademinas.audiencelabs.com.br\/wp-content\/uploads\/2025\/10\/pesquisa-mostra-maioria-motoristas-por-app-nao-quer-carteira-assinada.jpg","articleSection":["Dinheiro"],"inLanguage":"pt-BR","potentialAction":[{"@type":"CommentAction","name":"Comment","target":["https:\/\/tribunademinas.audiencelabs.com.br\/pesquisa-mostra-maioria-dos-motoristas-por-app-nao-quer-carteira-assinada\/#respond"]}]},{"@type":"WebPage","@id":"https:\/\/tribunademinas.audiencelabs.com.br\/pesquisa-mostra-maioria-dos-motoristas-por-app-nao-quer-carteira-assinada\/","url":"https:\/\/tribunademinas.audiencelabs.com.br\/pesquisa-mostra-maioria-dos-motoristas-por-app-nao-quer-carteira-assinada\/","name":"Pesquisa mostra que maioria dos motoristas por app n\u00e3o quer carteira assinada","isPartOf":{"@id":"https:\/\/tribunademinas.audiencelabs.com.br\/#website"},"primaryImageOfPage":{"@id":"https:\/\/tribunademinas.audiencelabs.com.br\/pesquisa-mostra-maioria-dos-motoristas-por-app-nao-quer-carteira-assinada\/#primaryimage"},"image":{"@id":"https:\/\/tribunademinas.audiencelabs.com.br\/pesquisa-mostra-maioria-dos-motoristas-por-app-nao-quer-carteira-assinada\/#primaryimage"},"thumbnailUrl":"https:\/\/tribunademinas.audiencelabs.com.br\/wp-content\/uploads\/2025\/10\/pesquisa-mostra-maioria-motoristas-por-app-nao-quer-carteira-assinada.jpg","datePublished":"2025-10-31T11:00:00+00:00","breadcrumb":{"@id":"https:\/\/tribunademinas.audiencelabs.com.br\/pesquisa-mostra-maioria-dos-motoristas-por-app-nao-quer-carteira-assinada\/#breadcrumb"},"inLanguage":"pt-BR","potentialAction":[{"@type":"ReadAction","target":["https:\/\/tribunademinas.audiencelabs.com.br\/pesquisa-mostra-maioria-dos-motoristas-por-app-nao-quer-carteira-assinada\/"]}]},{"@type":"ImageObject","inLanguage":"pt-BR","@id":"https:\/\/tribunademinas.audiencelabs.com.br\/pesquisa-mostra-maioria-dos-motoristas-por-app-nao-quer-carteira-assinada\/#primaryimage","url":"https:\/\/tribunademinas.audiencelabs.com.br\/wp-content\/uploads\/2025\/10\/pesquisa-mostra-maioria-motoristas-por-app-nao-quer-carteira-assinada.jpg","contentUrl":"https:\/\/tribunademinas.audiencelabs.com.br\/wp-content\/uploads\/2025\/10\/pesquisa-mostra-maioria-motoristas-por-app-nao-quer-carteira-assinada.jpg","width":1920,"height":1080,"caption":"Foto: Camila Fern\u00e1ndez\/Unsplash"},{"@type":"BreadcrumbList","@id":"https:\/\/tribunademinas.audiencelabs.com.br\/pesquisa-mostra-maioria-dos-motoristas-por-app-nao-quer-carteira-assinada\/#breadcrumb","itemListElement":[{"@type":"ListItem","position":1,"name":"In\u00edcio","item":"https:\/\/tribunademinas.audiencelabs.com.br\/"},{"@type":"ListItem","position":2,"name":"Pesquisa mostra que maioria dos motoristas por app n\u00e3o quer carteira assinada"}]},{"@type":"WebSite","@id":"https:\/\/tribunademinas.audiencelabs.com.br\/#website","url":"https:\/\/tribunademinas.audiencelabs.com.br\/","name":"Tribuna de Minas - Dinheiro e Cidadania","description":"","publisher":{"@id":"https:\/\/tribunademinas.audiencelabs.com.br\/#organization"},"potentialAction":[{"@type":"SearchAction","target":{"@type":"EntryPoint","urlTemplate":"https:\/\/tribunademinas.audiencelabs.com.br\/?s={search_term_string}"},"query-input":{"@type":"PropertyValueSpecification","valueRequired":true,"valueName":"search_term_string"}}],"inLanguage":"pt-BR"},{"@type":"Organization","@id":"https:\/\/tribunademinas.audiencelabs.com.br\/#organization","name":"Tribuna de Minas - Dinheiro e Cidadania","url":"https:\/\/tribunademinas.audiencelabs.com.br\/","logo":{"@type":"ImageObject","inLanguage":"pt-BR","@id":"https:\/\/tribunademinas.audiencelabs.com.br\/#\/schema\/logo\/image\/","url":"https:\/\/tribunademinas.audiencelabs.com.br\/wp-content\/uploads\/2025\/08\/cropped-Tribuna_512x512-96x96-1.png","contentUrl":"https:\/\/tribunademinas.audiencelabs.com.br\/wp-content\/uploads\/2025\/08\/cropped-Tribuna_512x512-96x96-1.png","width":96,"height":96,"caption":"Tribuna de Minas - Dinheiro e Cidadania"},"image":{"@id":"https:\/\/tribunademinas.audiencelabs.com.br\/#\/schema\/logo\/image\/"},"sameAs":["https:\/\/www.facebook.com\/tribunademinas\/","https:\/\/x.com\/tribunademinas","https:\/\/www.instagram.com\/tribunademinas\/","https:\/\/www.youtube.com\/user\/TribunadeMinasJF"]},{"@type":"Person","@id":"https:\/\/tribunademinas.audiencelabs.com.br\/#\/schema\/person\/37af466a64a722fadb8ef6841c52114f","name":"Jo\u00e3o Carlos Gomes","image":{"@type":"ImageObject","inLanguage":"pt-BR","@id":"https:\/\/tribunademinas.audiencelabs.com.br\/#\/schema\/person\/image\/","url":"https:\/\/secure.gravatar.com\/avatar\/4ce4672dbdd694b329cd6fdb51bee7d1409be1f0ff76a537e4c4a737b2c7d1a9?s=96&d=mm&r=g","contentUrl":"https:\/\/secure.gravatar.com\/avatar\/4ce4672dbdd694b329cd6fdb51bee7d1409be1f0ff76a537e4c4a737b2c7d1a9?s=96&d=mm&r=g","caption":"Jo\u00e3o Carlos Gomes"},"description":"Jornalista formado pelo Centro Universit\u00e1rio Carioca, apreciador da Bossa Nova ao Metal Extremo, criador de conte\u00fado e m\u00fasico independente nas horas vagas.","url":"https:\/\/tribunademinas.audiencelabs.com.br\/author\/joaoc-junior\/"}]}},"amp_enabled":true,"_links":{"self":[{"href":"https:\/\/tribunademinas.audiencelabs.com.br\/wp-json\/wp\/v2\/posts\/3277","targetHints":{"allow":["GET"]}}],"collection":[{"href":"https:\/\/tribunademinas.audiencelabs.com.br\/wp-json\/wp\/v2\/posts"}],"about":[{"href":"https:\/\/tribunademinas.audiencelabs.com.br\/wp-json\/wp\/v2\/types\/post"}],"author":[{"embeddable":true,"href":"https:\/\/tribunademinas.audiencelabs.com.br\/wp-json\/wp\/v2\/users\/3"}],"replies":[{"embeddable":true,"href":"https:\/\/tribunademinas.audiencelabs.com.br\/wp-json\/wp\/v2\/comments?post=3277"}],"version-history":[{"count":2,"href":"https:\/\/tribunademinas.audiencelabs.com.br\/wp-json\/wp\/v2\/posts\/3277\/revisions"}],"predecessor-version":[{"id":3310,"href":"https:\/\/tribunademinas.audiencelabs.com.br\/wp-json\/wp\/v2\/posts\/3277\/revisions\/3310"}],"wp:featuredmedia":[{"embeddable":true,"href":"https:\/\/tribunademinas.audiencelabs.com.br\/wp-json\/wp\/v2\/media\/3278"}],"wp:attachment":[{"href":"https:\/\/tribunademinas.audiencelabs.com.br\/wp-json\/wp\/v2\/media?parent=3277"}],"wp:term":[{"taxonomy":"category","embeddable":true,"href":"https:\/\/tribunademinas.audiencelabs.com.br\/wp-json\/wp\/v2\/categories?post=3277"},{"taxonomy":"post_tag","embeddable":true,"href":"https:\/\/tribunademinas.audiencelabs.com.br\/wp-json\/wp\/v2\/tags?post=3277"}],"curies":[{"name":"wp","href":"https:\/\/api.w.org\/{rel}","templated":true}]}}