{"id":3263,"date":"2025-11-02T10:45:00","date_gmt":"2025-11-02T13:45:00","guid":{"rendered":"https:\/\/tribunademinas.audiencelabs.com.br\/?p=3263"},"modified":"2025-10-31T11:18:36","modified_gmt":"2025-10-31T14:18:36","slug":"clt-garante-pausas-obrigatorias-que-muitos-trabalhadores-desconhecem","status":"publish","type":"post","link":"https:\/\/tribunademinas.audiencelabs.com.br\/clt-garante-pausas-obrigatorias-que-muitos-trabalhadores-desconhecem\/","title":{"rendered":"CLT garante pausas obrigat\u00f3rias que muitos trabalhadores desconhecem"},"content":{"rendered":"\n<p>A <a href=\"https:\/\/www.planalto.gov.br\/ccivil_03\/decreto-lei\/del5452.htm\"><strong>Consolida\u00e7\u00e3o das Leis do Trabalho<\/strong><\/a>, conhecida como CLT, foi criada para garantir condi\u00e7\u00f5es m\u00ednimas de dignidade e seguran\u00e7a aos trabalhadores brasileiros. <\/p>\n\n\n\n<p>Desde 1943, esse conjunto de normas regula rela\u00e7\u00f5es de trabalho no pa\u00eds, assegurando direitos como f\u00e9rias, 13\u00ba sal\u00e1rio, jornada limitada e, entre outros pontos menos lembrados, pausas obrigat\u00f3rias durante e entre as jornadas. <\/p>\n\n\n\n<p>Apesar de serem essenciais para a sa\u00fade e o desempenho dos profissionais, essas pausas ainda s\u00e3o ignoradas por muitos empregados, e tamb\u00e9m negligenciadas por diversos empregadores.<\/p>\n\n\n\n<h2 class=\"wp-block-heading\">CLT garante pausas obrigat\u00f3rias que muitos trabalhadores desconhecem<\/h2>\n\n\n\n<p>A legisla\u00e7\u00e3o trabalhista brasileira reconhece que o descanso faz parte de uma jornada de trabalho equilibrada. <\/p>\n\n\n<style>@media (min-width: 992px) {\n    .recomendadorV2Area1 {\n        width: 280px;\n    }\n    .recomendadorV2Area2 {\n        padding: 0px 20px;\n        width: calc(100% - 280px);\n    }\n}\n\n@media (max-width: 992px) {\n    .recomendadorV2Button {\n        margin: 0 auto;\n    }\n    .recomendadorV2Area {\n        flex-direction: column;\n        text-align: center;\n    }\n    .recomendadorV2Area2 {\n        padding: 0px 20px;\n    }\n}\n\n.recomendadorV2Area {\n    background: #eeeeee3d;\n    border-radius: 10px;\n    padding: 15px;\n    display: flex;\n    margin: 15px auto;\n    border: 1px solid #00000014;\n    max-width: 800px;\n}\n\n.recomendadorV2Area1 img {\n    width: 280px;\n    height: auto;\n    border-radius: 8px;\n}\n\n.linkrecomendadorv2 {\n    text-decoration: none !important;\n}\n\n.recomendadorV2Area2 .recomendadorV2Type {\n    text-transform: uppercase;\n    font-weight: 500;\n    font-size: 11px;\n    letter-spacing: 2px;\n    color: #666;\n    margin: 12px 0;\n    display: block;\n}\n\n.recomendadorV2Title h2 {\n    padding-top: 0px !important;\n    margin: 0px !important;\n    border-left: none !important;\n    padding-left: 0px !important;\n    line-height: 1.3;\n    color: #000 !important;\n    font-size: 24px;\n    margin-bottom: 12px !important;\n}\n\n.recomendadorV2Desc {\n    color: #333;\n    margin: 12px 0px !important;\n    font-size: 15px;\n    line-height: 1.5;\n}\n\n.recomendadorV2Button {\n    width: auto;\n    max-width: 200px;\n    margin: 0;\n    display: inline-flex;\n    align-items: center;\n    background: #1D3557;\n    border-radius: 8px;\n    color: #fff;\n    height: 36px;\n    justify-content: center;\n    text-align: center;\n    font-size: 14px;\n    padding: 0 20px;\n    transition: background-color 0.2s ease;\n}\n\n.recomendadorV2Button:hover {\n    background: #2a4d7a;\n}\n\n.recomendadorV2Button:after {\n    margin-top: -2px;\n    content: \"\u2192\";\n    padding: 0px 0px 0px 8px;\n}\n\n.recomendadorV2Alert {\n    text-align: left;\n    font-size: 11px;\n    margin-top: 8px;\n    color: #666;\n}\n\n.recomendadorFixedArea {\n    width: 100%;\n    display: flex;\n    justify-content: center;\n    align-items: center;\n}\n\n@media (min-width: 992px) {\n    #recomendadorFixed {\n        width: 32% !important;\n        left: 5%;\n    }\n    .recomendadorCloseFixed{\n        right: inherit !important;\n        left: 378px !important;\n    }\n}\n\n#recomendadorFixed {\n    width: 90%;\n    box-shadow: 0 10px 20px 0px #00000057;\n    display: none;\n    height: 90px;\n    background: #F6F6F6;\n    position: fixed;\n    flex-direction: row;\n    bottom: 10px;\n    z-index: 9999;\n    border-radius: 16px;\n    padding: 7px 10px;\n}\n\n.recomendadorLeftArea {\n    width: 160px;\n}\n\n.recomendadorRightArea h2 {\n    padding-top: 0px;\n    margin: 2px 0px 4px 0px !important;\n    font-weight: 400;\n    text-align: center;\n    padding-left: 0px !important;\n    color: #000 !important;\n    border-left: none !important;\n    line-height: 20px;\n    font-size: 12px !important;\n}\n\n.recomendadorImgFixed {\n    overflow: hidden;\n    padding: 8px 6px;\n    height: 100%;\n}\n\n.recomendadorImgFixed img {\n    height: 100% !important;\n    border-radius: 16px;\n}\n\n.recomendadorRightArea {\n    padding-top: 6px;\n    display: flex;\n    width: calc(100% - 130px);\n    justify-content: space-between;\n    align-items: center;\n    flex-direction: column;\n}\n\n.recomendadorButtonFixed {\n    margin: 0 auto;\n    background: #1D3557;\n    width: 80%;\n    text-align: center;\n    font-size: 10px;\n    color: #FFF;\n    padding: 2px 10px;\n    border-radius: 3px;\n}\n\n.recomendadorButtonFixed:after {\n    margin-top: -3px;\n    content: \"\u2192\";\n    padding: 0px 0px 0px 10px;\n}\n\n.recomendadorAlertFixed {\n    font-weight: 400;\n    text-align: center;\n    color: #484848;\n    font-size: 8px;\n}\n\n.recomendadorCloseFixed {\n    z-index: 99999;\n    display: none;\n    right: 0px;\n    left: inherit;\n    bottom: 99px;\n    position: fixed;\n    justify-content: center;\n    background: #F6F6F6;\n    width: 25px;\n    align-items: center;\n    height: 25px;\n    font-weight: 800;\n    border-radius: 50%;\n    border: 1px solid #EBEBEB;\n}\n\n.recomendadorV2Desc{\n    color: #000000;\n    margin: 20px 0px;\n}\n\n@media (max-width: 576px) {\n    .recomendadorV2Area {\n      padding: 10px;\n      max-width: 100%;\n    }\n  \n    .recomendadorV2Area1 img {\n      width: 100%;\n      border-radius: 6px;\n    }\n  \n    .recomendadorV2Area2 .recomendadorV2Type {\n      font-size: 9px;\n      letter-spacing: 1px;\n      margin: 8px 0;\n    }\n  \n    .recomendadorV2Title h2 {\n      font-size: 18px !important;\n      margin-bottom: 8px !important;\n      line-height: 1.2;\n    }\n  \n    .recomendadorV2Desc {\n      font-size: 14px;\n      margin: 8px 0 !important;\n      line-height: 1.4;\n    }\n  \n    .recomendadorV2Button {\n      font-size: 12px;\n      height: 30px;\n      padding: 0 12px;\n      max-width: 160px;\n    }\n  \n    .recomendadorV2Button:after {\n      padding-left: 6px;\n    }\n  }\n  <\/style>\n        <div class=\"lazyblock-recomendador-v2-2jDGz wp-block-lazyblock-recomendador-v2\">\n        <a class=\"linkrecomendadorv2\" href=\"https:\/\/tribunademinas.com.br\/colunas\/dinheiroecidadania\/jornada-4\u00d73-vai-ser-real-atualizacoes-sobre-proposta\/?utm_source=lazy\">\n            <div class=\"recomendadorV2Area\">\n            <div class=\"recomendadorV2Area1\">\n                <div class=\"recomendadorV2Img\">\n                <img class=\"lazyloaded\" decoding=\"async\" src=\"https:\/\/tribunademinas.audiencelabs.com.br\/wp-content\/uploads\/2025\/10\/jornada.jpg\" data-src=\"https:\/\/tribunademinas.audiencelabs.com.br\/wp-content\/uploads\/2025\/10\/jornada.jpg\" alt=\"\">\n                <\/div>\n            <\/div>\n            <div class=\"recomendadorV2Area2\">\n                <div class=\"recomendadorV2Type\">\n                    <span>Nova escala<\/span>\n                <\/div>\n                <div class=\"recomendadorV2Title\">\n                <h2><span>Jornada 4\u00d73 em debate \ud83d\uddd3\ufe0f<\/span><\/h2>\n                <\/div>\n                <div class=\"recomendadorV2Desc\">\n                <span>Saiba como pode mudar os 4 dias de trabalho<\/span>\n                <\/div>\n                <div class=\"recomendadorV2Button\">Veja detalhes<\/div>\n                <div class=\"recomendadorV2Alert\"><\/div>\n            <\/div>\n            <\/div>\n        <\/a>\n        <div>\n            <div style=\"z-index:99999;\" id=\"buttonClose\" onclick=\"closeRecomendadorFixed()\">\n            <div class=\"recomendadorCloseFixed\">X<\/div>\n            <\/div>\n            <a href=\"https:\/\/tribunademinas.com.br\/colunas\/dinheiroecidadania\/jornada-4\u00d73-vai-ser-real-atualizacoes-sobre-proposta\/?utm_source=lazy\">\n            <div class=\"recomendadorFixedArea\">\n                <div id=\"recomendadorFixed\">\n                <div class=\"recomendadorLeftArea\">\n                    <div class=\"recomendadorImgFixed\">\n                    <img class=\"lazyload\" decoding=\"async\" src=\"https:\/\/tribunademinas.audiencelabs.com.br\/wp-content\/uploads\/2025\/10\/jornada.jpg\" alt=\"\">\n                    <\/div>\n                <\/div>\n                <div class=\"recomendadorRightArea\">\n                    <div class=\"recomendadorTitleFixed\">\n                    <h2><span>Jornada 4\u00d73 em debate \ud83d\uddd3\ufe0f<\/span><\/h2>\n                    <\/div>\n                    <div class=\"recomendadorButtonFixed\">Veja detalhes<\/div>\n                    <div class=\"recomendadorAlertFixed\"><\/div>\n                <\/div>\n                <\/div>\n            <\/div>\n            <\/a>\n        <\/div>\n        <\/div>\n\n\n\n<p>Por isso, determina dois tipos principais de pausas: a <strong>intrajornada<\/strong>, que ocorre dentro do turno de trabalho, e a <strong>interjornada<\/strong>, que \u00e9 o per\u00edodo de descanso entre um expediente e outro. Ambas t\u00eam regras claras quanto \u00e0 dura\u00e7\u00e3o e obrigatoriedade.<\/p>\n\n\n\n<p>Para a pausa intrajornada, a CLT estabelece que, sempre que a jornada ultrapassar seis horas, o trabalhador deve ter no m\u00ednimo uma hora e no m\u00e1ximo duas de intervalo para repouso ou alimenta\u00e7\u00e3o. <\/p>\n\n\n\n<p>Quando a jornada varia entre quatro e seis horas, o descanso m\u00ednimo \u00e9 de 15 minutos. J\u00e1 se o expediente for inferior a quatro horas, n\u00e3o h\u00e1 exig\u00eancia legal de intervalo. <\/p>\n\n\n\n<p>Essas pausas n\u00e3o podem ser suprimidas sem compensa\u00e7\u00e3o. Se a empresa deixar de conced\u00ea-las corretamente, deve pagar o tempo suprimido como hora extra, com acr\u00e9scimo de 50%.<\/p>\n\n\n\n<p>No caso da interjornada, o trabalhador tem direito a pelo menos 11 horas consecutivas de descanso entre o fim de um dia de trabalho e o in\u00edcio do seguinte. <\/p>\n\n\n\n<p>Esse tempo \u00e9 considerado essencial para a recupera\u00e7\u00e3o f\u00edsica e mental do empregado. A interrup\u00e7\u00e3o desse intervalo tamb\u00e9m gera obriga\u00e7\u00e3o de pagamento extra por parte do empregador.<\/p>\n\n\n\n<h3 class=\"wp-block-heading\">CLT tamb\u00e9m garante pausas especiais para trabalhadores<\/h3>\n\n\n\n<p>H\u00e1 ainda as chamadas pausas especiais, previstas em Normas Regulamentadoras do Minist\u00e9rio do Trabalho, que valem para fun\u00e7\u00f5es espec\u00edficas com altos n\u00edveis de esfor\u00e7o f\u00edsico, repetitividade ou exposi\u00e7\u00e3o a riscos.<\/p>\n\n\n\n<p>Descumprir essas normas pode levar empresas a arcar com multas, processos trabalhistas e encargos sobre verbas como f\u00e9rias e FGTS. O ideal, segundo especialistas, \u00e9 que os empregadores invistam em sistemas de controle de jornada e planejamento de escalas. <\/p>\n\n\n\n<p>Respeitar os intervalos \u00e9 mais que uma exig\u00eancia legal, \u00e9 uma medida de responsabilidade social e de gest\u00e3o eficiente.<\/p>\n\n\n\n<p><\/p>\n","protected":false},"excerpt":{"rendered":"<p>A Consolida\u00e7\u00e3o das Leis do Trabalho, conhecida como CLT, foi criada para garantir condi\u00e7\u00f5es m\u00ednimas de dignidade e seguran\u00e7a aos trabalhadores brasileiros. Desde 1943, esse conjunto de normas regula rela\u00e7\u00f5es de trabalho no pa\u00eds, assegurando direitos como f\u00e9rias, 13\u00ba sal\u00e1rio, jornada limitada e, entre outros pontos menos lembrados, pausas obrigat\u00f3rias durante e entre as jornadas. [&hellip;]<\/p>\n","protected":false},"author":5,"featured_media":3264,"comment_status":"open","ping_status":"open","sticky":false,"template":"","format":"standard","meta":{"jnews-multi-image_gallery":[],"jnews_single_post":{"format":"standard"},"jnews_primary_category":[],"jnews_social_meta":[],"jnews_post_split":[],"footnotes":""},"categories":[159],"tags":[],"class_list":["post-3263","post","type-post","status-publish","format-standard","has-post-thumbnail","hentry","category-cidadania"],"yoast_head":"<!-- This site is optimized with the Yoast SEO plugin v25.6 - https:\/\/yoast.com\/wordpress\/plugins\/seo\/ -->\n<title>CLT garante pausas obrigat\u00f3rias que muitos trabalhadores desconhecem<\/title>\n<meta name=\"description\" content=\"A Consolida\u00e7\u00e3o das Leis do Trabalho (CLT), foi criada para garantir condi\u00e7\u00f5es m\u00ednimas de dignidade e seguran\u00e7a aos trabalhadores brasileiros.\" \/>\n<meta name=\"robots\" content=\"index, follow, max-snippet:-1, max-image-preview:large, max-video-preview:-1\" \/>\n<link rel=\"canonical\" href=\"https:\/\/tribunademinas.audiencelabs.com.br\/clt-garante-pausas-obrigatorias-que-muitos-trabalhadores-desconhecem\/\" \/>\n<meta property=\"og:locale\" content=\"pt_BR\" \/>\n<meta property=\"og:type\" content=\"article\" \/>\n<meta property=\"og:title\" content=\"CLT garante pausas obrigat\u00f3rias que muitos trabalhadores desconhecem\" \/>\n<meta property=\"og:description\" content=\"A Consolida\u00e7\u00e3o das Leis do Trabalho (CLT), foi criada para garantir condi\u00e7\u00f5es m\u00ednimas de dignidade e seguran\u00e7a aos trabalhadores brasileiros.\" \/>\n<meta property=\"og:url\" content=\"https:\/\/tribunademinas.audiencelabs.com.br\/clt-garante-pausas-obrigatorias-que-muitos-trabalhadores-desconhecem\/\" \/>\n<meta property=\"og:site_name\" content=\"Tribuna de Minas - Dinheiro e Cidadania\" \/>\n<meta property=\"article:publisher\" content=\"https:\/\/www.facebook.com\/tribunademinas\/\" \/>\n<meta property=\"article:published_time\" content=\"2025-11-02T13:45:00+00:00\" \/>\n<meta property=\"og:image\" content=\"https:\/\/tribunademinas.audiencelabs.com.br\/wp-content\/uploads\/2025\/10\/CLT.webp\" \/>\n\t<meta property=\"og:image:width\" content=\"1170\" \/>\n\t<meta property=\"og:image:height\" content=\"700\" \/>\n\t<meta property=\"og:image:type\" content=\"image\/webp\" \/>\n<meta name=\"author\" content=\"Jeferson Carvalho\" \/>\n<meta name=\"twitter:card\" content=\"summary_large_image\" \/>\n<meta name=\"twitter:creator\" content=\"@tribunademinas\" \/>\n<meta name=\"twitter:site\" content=\"@tribunademinas\" \/>\n<meta name=\"twitter:label1\" content=\"Escrito por\" \/>\n\t<meta name=\"twitter:data1\" content=\"Jeferson Carvalho\" \/>\n\t<meta name=\"twitter:label2\" content=\"Est. tempo de leitura\" \/>\n\t<meta name=\"twitter:data2\" content=\"3 minutos\" \/>\n<!-- \/ Yoast SEO plugin. -->","yoast_head_json":{"title":"CLT garante pausas obrigat\u00f3rias que muitos trabalhadores desconhecem","description":"A Consolida\u00e7\u00e3o das Leis do Trabalho (CLT), foi criada para garantir condi\u00e7\u00f5es m\u00ednimas de dignidade e seguran\u00e7a aos trabalhadores brasileiros.","robots":{"index":"index","follow":"follow","max-snippet":"max-snippet:-1","max-image-preview":"max-image-preview:large","max-video-preview":"max-video-preview:-1"},"canonical":"https:\/\/tribunademinas.audiencelabs.com.br\/clt-garante-pausas-obrigatorias-que-muitos-trabalhadores-desconhecem\/","og_locale":"pt_BR","og_type":"article","og_title":"CLT garante pausas obrigat\u00f3rias que muitos trabalhadores desconhecem","og_description":"A Consolida\u00e7\u00e3o das Leis do Trabalho (CLT), foi criada para garantir condi\u00e7\u00f5es m\u00ednimas de dignidade e seguran\u00e7a aos trabalhadores brasileiros.","og_url":"https:\/\/tribunademinas.audiencelabs.com.br\/clt-garante-pausas-obrigatorias-que-muitos-trabalhadores-desconhecem\/","og_site_name":"Tribuna de Minas - Dinheiro e Cidadania","article_publisher":"https:\/\/www.facebook.com\/tribunademinas\/","article_published_time":"2025-11-02T13:45:00+00:00","og_image":[{"width":1170,"height":700,"url":"https:\/\/tribunademinas.audiencelabs.com.br\/wp-content\/uploads\/2025\/10\/CLT.webp","type":"image\/webp"}],"author":"Jeferson Carvalho","twitter_card":"summary_large_image","twitter_creator":"@tribunademinas","twitter_site":"@tribunademinas","twitter_misc":{"Escrito por":"Jeferson Carvalho","Est. tempo de leitura":"3 minutos"},"schema":{"@context":"https:\/\/schema.org","@graph":[{"@type":"Article","@id":"https:\/\/tribunademinas.audiencelabs.com.br\/clt-garante-pausas-obrigatorias-que-muitos-trabalhadores-desconhecem\/#article","isPartOf":{"@id":"https:\/\/tribunademinas.audiencelabs.com.br\/clt-garante-pausas-obrigatorias-que-muitos-trabalhadores-desconhecem\/"},"author":{"name":"Jeferson Carvalho","@id":"https:\/\/tribunademinas.audiencelabs.com.br\/#\/schema\/person\/db18fc40307804bacef94213aa68fd9d"},"headline":"CLT garante pausas obrigat\u00f3rias que muitos trabalhadores desconhecem","datePublished":"2025-11-02T13:45:00+00:00","mainEntityOfPage":{"@id":"https:\/\/tribunademinas.audiencelabs.com.br\/clt-garante-pausas-obrigatorias-que-muitos-trabalhadores-desconhecem\/"},"wordCount":482,"commentCount":0,"publisher":{"@id":"https:\/\/tribunademinas.audiencelabs.com.br\/#organization"},"image":{"@id":"https:\/\/tribunademinas.audiencelabs.com.br\/clt-garante-pausas-obrigatorias-que-muitos-trabalhadores-desconhecem\/#primaryimage"},"thumbnailUrl":"https:\/\/tribunademinas.audiencelabs.com.br\/wp-content\/uploads\/2025\/10\/CLT.webp","articleSection":["Cidadania"],"inLanguage":"pt-BR","potentialAction":[{"@type":"CommentAction","name":"Comment","target":["https:\/\/tribunademinas.audiencelabs.com.br\/clt-garante-pausas-obrigatorias-que-muitos-trabalhadores-desconhecem\/#respond"]}]},{"@type":"WebPage","@id":"https:\/\/tribunademinas.audiencelabs.com.br\/clt-garante-pausas-obrigatorias-que-muitos-trabalhadores-desconhecem\/","url":"https:\/\/tribunademinas.audiencelabs.com.br\/clt-garante-pausas-obrigatorias-que-muitos-trabalhadores-desconhecem\/","name":"CLT garante pausas obrigat\u00f3rias que muitos trabalhadores desconhecem","isPartOf":{"@id":"https:\/\/tribunademinas.audiencelabs.com.br\/#website"},"primaryImageOfPage":{"@id":"https:\/\/tribunademinas.audiencelabs.com.br\/clt-garante-pausas-obrigatorias-que-muitos-trabalhadores-desconhecem\/#primaryimage"},"image":{"@id":"https:\/\/tribunademinas.audiencelabs.com.br\/clt-garante-pausas-obrigatorias-que-muitos-trabalhadores-desconhecem\/#primaryimage"},"thumbnailUrl":"https:\/\/tribunademinas.audiencelabs.com.br\/wp-content\/uploads\/2025\/10\/CLT.webp","datePublished":"2025-11-02T13:45:00+00:00","description":"A Consolida\u00e7\u00e3o das Leis do Trabalho (CLT), foi criada para garantir condi\u00e7\u00f5es m\u00ednimas de dignidade e seguran\u00e7a aos trabalhadores brasileiros.","breadcrumb":{"@id":"https:\/\/tribunademinas.audiencelabs.com.br\/clt-garante-pausas-obrigatorias-que-muitos-trabalhadores-desconhecem\/#breadcrumb"},"inLanguage":"pt-BR","potentialAction":[{"@type":"ReadAction","target":["https:\/\/tribunademinas.audiencelabs.com.br\/clt-garante-pausas-obrigatorias-que-muitos-trabalhadores-desconhecem\/"]}]},{"@type":"ImageObject","inLanguage":"pt-BR","@id":"https:\/\/tribunademinas.audiencelabs.com.br\/clt-garante-pausas-obrigatorias-que-muitos-trabalhadores-desconhecem\/#primaryimage","url":"https:\/\/tribunademinas.audiencelabs.com.br\/wp-content\/uploads\/2025\/10\/CLT.webp","contentUrl":"https:\/\/tribunademinas.audiencelabs.com.br\/wp-content\/uploads\/2025\/10\/CLT.webp","width":1170,"height":700,"caption":"CLT garante pausas obrigat\u00f3rias que muitos trabalhadores desconhecem - Imagem: Marcello Casal jr\/Ag\u00eancia Brasil"},{"@type":"BreadcrumbList","@id":"https:\/\/tribunademinas.audiencelabs.com.br\/clt-garante-pausas-obrigatorias-que-muitos-trabalhadores-desconhecem\/#breadcrumb","itemListElement":[{"@type":"ListItem","position":1,"name":"In\u00edcio","item":"https:\/\/tribunademinas.audiencelabs.com.br\/"},{"@type":"ListItem","position":2,"name":"CLT garante pausas obrigat\u00f3rias que muitos trabalhadores desconhecem"}]},{"@type":"WebSite","@id":"https:\/\/tribunademinas.audiencelabs.com.br\/#website","url":"https:\/\/tribunademinas.audiencelabs.com.br\/","name":"Tribuna de Minas - Dinheiro e Cidadania","description":"","publisher":{"@id":"https:\/\/tribunademinas.audiencelabs.com.br\/#organization"},"potentialAction":[{"@type":"SearchAction","target":{"@type":"EntryPoint","urlTemplate":"https:\/\/tribunademinas.audiencelabs.com.br\/?s={search_term_string}"},"query-input":{"@type":"PropertyValueSpecification","valueRequired":true,"valueName":"search_term_string"}}],"inLanguage":"pt-BR"},{"@type":"Organization","@id":"https:\/\/tribunademinas.audiencelabs.com.br\/#organization","name":"Tribuna de Minas - Dinheiro e Cidadania","url":"https:\/\/tribunademinas.audiencelabs.com.br\/","logo":{"@type":"ImageObject","inLanguage":"pt-BR","@id":"https:\/\/tribunademinas.audiencelabs.com.br\/#\/schema\/logo\/image\/","url":"https:\/\/tribunademinas.audiencelabs.com.br\/wp-content\/uploads\/2025\/08\/cropped-Tribuna_512x512-96x96-1.png","contentUrl":"https:\/\/tribunademinas.audiencelabs.com.br\/wp-content\/uploads\/2025\/08\/cropped-Tribuna_512x512-96x96-1.png","width":96,"height":96,"caption":"Tribuna de Minas - Dinheiro e Cidadania"},"image":{"@id":"https:\/\/tribunademinas.audiencelabs.com.br\/#\/schema\/logo\/image\/"},"sameAs":["https:\/\/www.facebook.com\/tribunademinas\/","https:\/\/x.com\/tribunademinas","https:\/\/www.instagram.com\/tribunademinas\/","https:\/\/www.youtube.com\/user\/TribunadeMinasJF"]},{"@type":"Person","@id":"https:\/\/tribunademinas.audiencelabs.com.br\/#\/schema\/person\/db18fc40307804bacef94213aa68fd9d","name":"Jeferson Carvalho","image":{"@type":"ImageObject","inLanguage":"pt-BR","@id":"https:\/\/tribunademinas.audiencelabs.com.br\/#\/schema\/person\/image\/","url":"https:\/\/secure.gravatar.com\/avatar\/cd7646e328d9670dad7dea8698522e522745eeffcff5b9d08be858e377ce326b?s=96&d=mm&r=g","contentUrl":"https:\/\/secure.gravatar.com\/avatar\/cd7646e328d9670dad7dea8698522e522745eeffcff5b9d08be858e377ce326b?s=96&d=mm&r=g","caption":"Jeferson Carvalho"},"description":"Jornalista apaixonado pela profiss\u00e3o!","url":"https:\/\/tribunademinas.audiencelabs.com.br\/author\/jeferson\/"}]}},"amp_enabled":true,"_links":{"self":[{"href":"https:\/\/tribunademinas.audiencelabs.com.br\/wp-json\/wp\/v2\/posts\/3263","targetHints":{"allow":["GET"]}}],"collection":[{"href":"https:\/\/tribunademinas.audiencelabs.com.br\/wp-json\/wp\/v2\/posts"}],"about":[{"href":"https:\/\/tribunademinas.audiencelabs.com.br\/wp-json\/wp\/v2\/types\/post"}],"author":[{"embeddable":true,"href":"https:\/\/tribunademinas.audiencelabs.com.br\/wp-json\/wp\/v2\/users\/5"}],"replies":[{"embeddable":true,"href":"https:\/\/tribunademinas.audiencelabs.com.br\/wp-json\/wp\/v2\/comments?post=3263"}],"version-history":[{"count":3,"href":"https:\/\/tribunademinas.audiencelabs.com.br\/wp-json\/wp\/v2\/posts\/3263\/revisions"}],"predecessor-version":[{"id":3346,"href":"https:\/\/tribunademinas.audiencelabs.com.br\/wp-json\/wp\/v2\/posts\/3263\/revisions\/3346"}],"wp:featuredmedia":[{"embeddable":true,"href":"https:\/\/tribunademinas.audiencelabs.com.br\/wp-json\/wp\/v2\/media\/3264"}],"wp:attachment":[{"href":"https:\/\/tribunademinas.audiencelabs.com.br\/wp-json\/wp\/v2\/media?parent=3263"}],"wp:term":[{"taxonomy":"category","embeddable":true,"href":"https:\/\/tribunademinas.audiencelabs.com.br\/wp-json\/wp\/v2\/categories?post=3263"},{"taxonomy":"post_tag","embeddable":true,"href":"https:\/\/tribunademinas.audiencelabs.com.br\/wp-json\/wp\/v2\/tags?post=3263"}],"curies":[{"name":"wp","href":"https:\/\/api.w.org\/{rel}","templated":true}]}}