{"id":3241,"date":"2025-10-29T17:06:19","date_gmt":"2025-10-29T20:06:19","guid":{"rendered":"https:\/\/tribunademinas.audiencelabs.com.br\/?p=3241"},"modified":"2025-10-29T17:06:24","modified_gmt":"2025-10-29T20:06:24","slug":"mulheres-podem-ter-licenca-menstrual-remunerada-com-aprovacao-da-camara","status":"publish","type":"post","link":"https:\/\/tribunademinas.audiencelabs.com.br\/mulheres-podem-ter-licenca-menstrual-remunerada-com-aprovacao-da-camara\/","title":{"rendered":"Mulheres podem ter licen\u00e7a-menstrual remunerada com aprova\u00e7\u00e3o da C\u00e2mara"},"content":{"rendered":"\n<p>Na \u00faltima ter\u00e7a-feira, 28 de outubro, a C\u00e2mara dos Deputados aprovou um projeto de lei que pode garantir \u00e0s mulheres o direito a uma licen\u00e7a-menstrual remunerada. <\/p>\n\n\n\n<p>A <a href=\"https:\/\/www.camara.leg.br\/noticias\/1216468-camara-aprova-projeto-que-preve-licenca-menstrual-de-ate-dois-dias\"><strong>proposta<\/strong><\/a>, que ainda ser\u00e1 analisada pelo Senado, abre caminho para que trabalhadoras possam se afastar temporariamente do servi\u00e7o em decorr\u00eancia de sintomas incapacitantes relacionados ao ciclo menstrual. <\/p>\n\n\n\n<p>Caso tamb\u00e9m seja aprovada pelos senadores e sancionada pelo presidente Luiz In\u00e1cio Lula da Silva (PT), a medida passar\u00e1 a ter for\u00e7a de lei.<\/p>\n\n\n\n<h2 class=\"wp-block-heading\">Mulheres podem ter licen\u00e7a-menstrual remunerada com aprova\u00e7\u00e3o da C\u00e2mara<\/h2>\n\n\n\n<p>O projeto estabelece que o afastamento poder\u00e1 ser de at\u00e9 dois dias consecutivos por m\u00eas, sem desconto no sal\u00e1rio da trabalhadora. <\/p>\n\n\n\n<p>No entanto, para ter acesso ao benef\u00edcio, ser\u00e1 necess\u00e1rio apresentar um laudo m\u00e9dico que comprove a incapacidade para o trabalho provocada por sintomas associados \u00e0 menstrua\u00e7\u00e3o, como dores intensas, enxaquecas severas ou fadiga extrema. <\/p>\n\n\n\n<p>A proposta inclui funcion\u00e1rias do setor privado, empregadas dom\u00e9sticas e estagi\u00e1rias. A regulamenta\u00e7\u00e3o sobre como essa comprova\u00e7\u00e3o m\u00e9dica dever\u00e1 ser feita ainda ser\u00e1 definida posteriormente pelo governo federal.<\/p>\n\n\n\n<p>A relatora da proposta, deputada Professora Marcivania (PCdoB-AP), destacou que o objetivo da medida \u00e9 reconhecer os impactos f\u00edsicos que o ciclo menstrual pode causar em muitas mulheres, dificultando o desempenho de suas fun\u00e7\u00f5es laborais. <\/p>\n\n\n\n<p>Segundo ela, n\u00e3o se trata de um privil\u00e9gio, mas de um mecanismo que busca promover a equidade de g\u00eanero e proteger a sa\u00fade das trabalhadoras. <\/p>\n\n\n\n<p>Ela argumenta que for\u00e7ar a presen\u00e7a no ambiente de trabalho sob essas condi\u00e7\u00f5es pode comprometer a produtividade, aumentar o risco de acidentes e causar sofrimento desnecess\u00e1rio.<\/p>\n\n\n\n<h3 class=\"wp-block-heading\">Licen\u00e7a-menstrual agora segue para an\u00e1lise de senadores<\/h3>\n\n\n\n<p>O texto foi aprovado pelos deputados e agora segue para an\u00e1lise no Senado. Se receber o aval dos senadores, o projeto ser\u00e1 encaminhado para san\u00e7\u00e3o do presidente da Rep\u00fablica. Somente ap\u00f3s esse processo completo a nova regra poder\u00e1 ser implementada de forma oficial.<\/p>\n\n\n\n<p>Al\u00e9m da proposta sobre a licen\u00e7a menstrual, a C\u00e2mara tamb\u00e9m aprovou medidas voltadas \u00e0 sa\u00fade da mulher, como a amplia\u00e7\u00e3o da oferta de mamografias pelo Sistema \u00danico de Sa\u00fade (SUS). <\/p>\n\n\n\n<p>Uma das iniciativas prev\u00ea que cidades com pelo menos 180 mil habitantes dever\u00e3o contar com, no m\u00ednimo, um mam\u00f3grafo dispon\u00edvel na rede p\u00fablica.<\/p>\n\n\n\n<p>A eventual cria\u00e7\u00e3o da licen\u00e7a menstrual no Brasil representa um passo importante na inclus\u00e3o de pol\u00edticas de sa\u00fade voltadas especificamente \u00e0s necessidades das mulheres no ambiente de trabalho.<\/p>\n\n\n\n<p><\/p>\n","protected":false},"excerpt":{"rendered":"<p>Na \u00faltima ter\u00e7a-feira, 28 de outubro, a C\u00e2mara dos Deputados aprovou um projeto de lei que pode garantir \u00e0s mulheres o direito a uma licen\u00e7a-menstrual remunerada. A proposta, que ainda ser\u00e1 analisada pelo Senado, abre caminho para que trabalhadoras possam se afastar temporariamente do servi\u00e7o em decorr\u00eancia de sintomas incapacitantes relacionados ao ciclo menstrual. Caso [&hellip;]<\/p>\n","protected":false},"author":5,"featured_media":3242,"comment_status":"open","ping_status":"open","sticky":false,"template":"","format":"standard","meta":{"jnews-multi-image_gallery":[],"jnews_single_post":{"format":"standard"},"jnews_primary_category":[],"jnews_social_meta":[],"jnews_post_split":[],"footnotes":""},"categories":[159],"tags":[],"class_list":["post-3241","post","type-post","status-publish","format-standard","has-post-thumbnail","hentry","category-cidadania"],"yoast_head":"<!-- This site is optimized with the Yoast SEO plugin v25.6 - https:\/\/yoast.com\/wordpress\/plugins\/seo\/ -->\n<title>Mulheres podem ter licen\u00e7a-menstrual remunerada com aprova\u00e7\u00e3o da C\u00e2mara<\/title>\n<meta name=\"description\" content=\"Ontem (28), a C\u00e2mara dos Deputados aprovou um projeto de lei que pode garantir \u00e0s mulheres o direito a uma licen\u00e7a-menstrual remunerada\" \/>\n<meta name=\"robots\" content=\"index, follow, max-snippet:-1, max-image-preview:large, max-video-preview:-1\" \/>\n<link rel=\"canonical\" href=\"https:\/\/tribunademinas.audiencelabs.com.br\/mulheres-podem-ter-licenca-menstrual-remunerada-com-aprovacao-da-camara\/\" \/>\n<meta property=\"og:locale\" content=\"pt_BR\" \/>\n<meta property=\"og:type\" content=\"article\" \/>\n<meta property=\"og:title\" content=\"Mulheres podem ter licen\u00e7a-menstrual remunerada com aprova\u00e7\u00e3o da C\u00e2mara\" \/>\n<meta property=\"og:description\" content=\"Ontem (28), a C\u00e2mara dos Deputados aprovou um projeto de lei que pode garantir \u00e0s mulheres o direito a uma licen\u00e7a-menstrual remunerada\" \/>\n<meta property=\"og:url\" content=\"https:\/\/tribunademinas.audiencelabs.com.br\/mulheres-podem-ter-licenca-menstrual-remunerada-com-aprovacao-da-camara\/\" \/>\n<meta property=\"og:site_name\" content=\"Tribuna de Minas - Dinheiro e Cidadania\" \/>\n<meta property=\"article:publisher\" content=\"https:\/\/www.facebook.com\/tribunademinas\/\" \/>\n<meta property=\"article:published_time\" content=\"2025-10-29T20:06:19+00:00\" \/>\n<meta property=\"article:modified_time\" content=\"2025-10-29T20:06:24+00:00\" \/>\n<meta property=\"og:image\" content=\"https:\/\/tribunademinas.audiencelabs.com.br\/wp-content\/uploads\/2025\/10\/licenca-menstrual.webp\" \/>\n\t<meta property=\"og:image:width\" content=\"1170\" \/>\n\t<meta property=\"og:image:height\" content=\"700\" \/>\n\t<meta property=\"og:image:type\" content=\"image\/webp\" \/>\n<meta name=\"author\" content=\"Jeferson Carvalho\" \/>\n<meta name=\"twitter:card\" content=\"summary_large_image\" \/>\n<meta name=\"twitter:creator\" content=\"@tribunademinas\" \/>\n<meta name=\"twitter:site\" content=\"@tribunademinas\" \/>\n<meta name=\"twitter:label1\" content=\"Escrito por\" \/>\n\t<meta name=\"twitter:data1\" content=\"Jeferson Carvalho\" \/>\n\t<meta name=\"twitter:label2\" content=\"Est. tempo de leitura\" \/>\n\t<meta name=\"twitter:data2\" content=\"3 minutos\" \/>\n<!-- \/ Yoast SEO plugin. -->","yoast_head_json":{"title":"Mulheres podem ter licen\u00e7a-menstrual remunerada com aprova\u00e7\u00e3o da C\u00e2mara","description":"Ontem (28), a C\u00e2mara dos Deputados aprovou um projeto de lei que pode garantir \u00e0s mulheres o direito a uma licen\u00e7a-menstrual remunerada","robots":{"index":"index","follow":"follow","max-snippet":"max-snippet:-1","max-image-preview":"max-image-preview:large","max-video-preview":"max-video-preview:-1"},"canonical":"https:\/\/tribunademinas.audiencelabs.com.br\/mulheres-podem-ter-licenca-menstrual-remunerada-com-aprovacao-da-camara\/","og_locale":"pt_BR","og_type":"article","og_title":"Mulheres podem ter licen\u00e7a-menstrual remunerada com aprova\u00e7\u00e3o da C\u00e2mara","og_description":"Ontem (28), a C\u00e2mara dos Deputados aprovou um projeto de lei que pode garantir \u00e0s mulheres o direito a uma licen\u00e7a-menstrual remunerada","og_url":"https:\/\/tribunademinas.audiencelabs.com.br\/mulheres-podem-ter-licenca-menstrual-remunerada-com-aprovacao-da-camara\/","og_site_name":"Tribuna de Minas - Dinheiro e Cidadania","article_publisher":"https:\/\/www.facebook.com\/tribunademinas\/","article_published_time":"2025-10-29T20:06:19+00:00","article_modified_time":"2025-10-29T20:06:24+00:00","og_image":[{"width":1170,"height":700,"url":"https:\/\/tribunademinas.audiencelabs.com.br\/wp-content\/uploads\/2025\/10\/licenca-menstrual.webp","type":"image\/webp"}],"author":"Jeferson Carvalho","twitter_card":"summary_large_image","twitter_creator":"@tribunademinas","twitter_site":"@tribunademinas","twitter_misc":{"Escrito por":"Jeferson Carvalho","Est. tempo de leitura":"3 minutos"},"schema":{"@context":"https:\/\/schema.org","@graph":[{"@type":"Article","@id":"https:\/\/tribunademinas.audiencelabs.com.br\/mulheres-podem-ter-licenca-menstrual-remunerada-com-aprovacao-da-camara\/#article","isPartOf":{"@id":"https:\/\/tribunademinas.audiencelabs.com.br\/mulheres-podem-ter-licenca-menstrual-remunerada-com-aprovacao-da-camara\/"},"author":{"name":"Jeferson Carvalho","@id":"https:\/\/tribunademinas.audiencelabs.com.br\/#\/schema\/person\/db18fc40307804bacef94213aa68fd9d"},"headline":"Mulheres podem ter licen\u00e7a-menstrual remunerada com aprova\u00e7\u00e3o da C\u00e2mara","datePublished":"2025-10-29T20:06:19+00:00","dateModified":"2025-10-29T20:06:24+00:00","mainEntityOfPage":{"@id":"https:\/\/tribunademinas.audiencelabs.com.br\/mulheres-podem-ter-licenca-menstrual-remunerada-com-aprovacao-da-camara\/"},"wordCount":450,"commentCount":0,"publisher":{"@id":"https:\/\/tribunademinas.audiencelabs.com.br\/#organization"},"image":{"@id":"https:\/\/tribunademinas.audiencelabs.com.br\/mulheres-podem-ter-licenca-menstrual-remunerada-com-aprovacao-da-camara\/#primaryimage"},"thumbnailUrl":"https:\/\/tribunademinas.audiencelabs.com.br\/wp-content\/uploads\/2025\/10\/licenca-menstrual.webp","articleSection":["Cidadania"],"inLanguage":"pt-BR","potentialAction":[{"@type":"CommentAction","name":"Comment","target":["https:\/\/tribunademinas.audiencelabs.com.br\/mulheres-podem-ter-licenca-menstrual-remunerada-com-aprovacao-da-camara\/#respond"]}]},{"@type":"WebPage","@id":"https:\/\/tribunademinas.audiencelabs.com.br\/mulheres-podem-ter-licenca-menstrual-remunerada-com-aprovacao-da-camara\/","url":"https:\/\/tribunademinas.audiencelabs.com.br\/mulheres-podem-ter-licenca-menstrual-remunerada-com-aprovacao-da-camara\/","name":"Mulheres podem ter licen\u00e7a-menstrual remunerada com aprova\u00e7\u00e3o da C\u00e2mara","isPartOf":{"@id":"https:\/\/tribunademinas.audiencelabs.com.br\/#website"},"primaryImageOfPage":{"@id":"https:\/\/tribunademinas.audiencelabs.com.br\/mulheres-podem-ter-licenca-menstrual-remunerada-com-aprovacao-da-camara\/#primaryimage"},"image":{"@id":"https:\/\/tribunademinas.audiencelabs.com.br\/mulheres-podem-ter-licenca-menstrual-remunerada-com-aprovacao-da-camara\/#primaryimage"},"thumbnailUrl":"https:\/\/tribunademinas.audiencelabs.com.br\/wp-content\/uploads\/2025\/10\/licenca-menstrual.webp","datePublished":"2025-10-29T20:06:19+00:00","dateModified":"2025-10-29T20:06:24+00:00","description":"Ontem (28), a C\u00e2mara dos Deputados aprovou um projeto de lei que pode garantir \u00e0s mulheres o direito a uma licen\u00e7a-menstrual remunerada","breadcrumb":{"@id":"https:\/\/tribunademinas.audiencelabs.com.br\/mulheres-podem-ter-licenca-menstrual-remunerada-com-aprovacao-da-camara\/#breadcrumb"},"inLanguage":"pt-BR","potentialAction":[{"@type":"ReadAction","target":["https:\/\/tribunademinas.audiencelabs.com.br\/mulheres-podem-ter-licenca-menstrual-remunerada-com-aprovacao-da-camara\/"]}]},{"@type":"ImageObject","inLanguage":"pt-BR","@id":"https:\/\/tribunademinas.audiencelabs.com.br\/mulheres-podem-ter-licenca-menstrual-remunerada-com-aprovacao-da-camara\/#primaryimage","url":"https:\/\/tribunademinas.audiencelabs.com.br\/wp-content\/uploads\/2025\/10\/licenca-menstrual.webp","contentUrl":"https:\/\/tribunademinas.audiencelabs.com.br\/wp-content\/uploads\/2025\/10\/licenca-menstrual.webp","width":1170,"height":700,"caption":"Mulheres podem ter licen\u00e7a menstrual remunerada com aprova\u00e7\u00e3o da C\u00e2mara - Imagem: Ag\u00eancia Bras\u00edlia"},{"@type":"BreadcrumbList","@id":"https:\/\/tribunademinas.audiencelabs.com.br\/mulheres-podem-ter-licenca-menstrual-remunerada-com-aprovacao-da-camara\/#breadcrumb","itemListElement":[{"@type":"ListItem","position":1,"name":"In\u00edcio","item":"https:\/\/tribunademinas.audiencelabs.com.br\/"},{"@type":"ListItem","position":2,"name":"Mulheres podem ter licen\u00e7a-menstrual remunerada com aprova\u00e7\u00e3o da C\u00e2mara"}]},{"@type":"WebSite","@id":"https:\/\/tribunademinas.audiencelabs.com.br\/#website","url":"https:\/\/tribunademinas.audiencelabs.com.br\/","name":"Tribuna de Minas - Dinheiro e Cidadania","description":"","publisher":{"@id":"https:\/\/tribunademinas.audiencelabs.com.br\/#organization"},"potentialAction":[{"@type":"SearchAction","target":{"@type":"EntryPoint","urlTemplate":"https:\/\/tribunademinas.audiencelabs.com.br\/?s={search_term_string}"},"query-input":{"@type":"PropertyValueSpecification","valueRequired":true,"valueName":"search_term_string"}}],"inLanguage":"pt-BR"},{"@type":"Organization","@id":"https:\/\/tribunademinas.audiencelabs.com.br\/#organization","name":"Tribuna de Minas - Dinheiro e Cidadania","url":"https:\/\/tribunademinas.audiencelabs.com.br\/","logo":{"@type":"ImageObject","inLanguage":"pt-BR","@id":"https:\/\/tribunademinas.audiencelabs.com.br\/#\/schema\/logo\/image\/","url":"https:\/\/tribunademinas.audiencelabs.com.br\/wp-content\/uploads\/2025\/08\/cropped-Tribuna_512x512-96x96-1.png","contentUrl":"https:\/\/tribunademinas.audiencelabs.com.br\/wp-content\/uploads\/2025\/08\/cropped-Tribuna_512x512-96x96-1.png","width":96,"height":96,"caption":"Tribuna de Minas - Dinheiro e Cidadania"},"image":{"@id":"https:\/\/tribunademinas.audiencelabs.com.br\/#\/schema\/logo\/image\/"},"sameAs":["https:\/\/www.facebook.com\/tribunademinas\/","https:\/\/x.com\/tribunademinas","https:\/\/www.instagram.com\/tribunademinas\/","https:\/\/www.youtube.com\/user\/TribunadeMinasJF"]},{"@type":"Person","@id":"https:\/\/tribunademinas.audiencelabs.com.br\/#\/schema\/person\/db18fc40307804bacef94213aa68fd9d","name":"Jeferson Carvalho","image":{"@type":"ImageObject","inLanguage":"pt-BR","@id":"https:\/\/tribunademinas.audiencelabs.com.br\/#\/schema\/person\/image\/","url":"https:\/\/secure.gravatar.com\/avatar\/cd7646e328d9670dad7dea8698522e522745eeffcff5b9d08be858e377ce326b?s=96&d=mm&r=g","contentUrl":"https:\/\/secure.gravatar.com\/avatar\/cd7646e328d9670dad7dea8698522e522745eeffcff5b9d08be858e377ce326b?s=96&d=mm&r=g","caption":"Jeferson Carvalho"},"description":"Jornalista apaixonado pela profiss\u00e3o!","url":"https:\/\/tribunademinas.audiencelabs.com.br\/author\/jeferson\/"}]}},"amp_enabled":true,"_links":{"self":[{"href":"https:\/\/tribunademinas.audiencelabs.com.br\/wp-json\/wp\/v2\/posts\/3241","targetHints":{"allow":["GET"]}}],"collection":[{"href":"https:\/\/tribunademinas.audiencelabs.com.br\/wp-json\/wp\/v2\/posts"}],"about":[{"href":"https:\/\/tribunademinas.audiencelabs.com.br\/wp-json\/wp\/v2\/types\/post"}],"author":[{"embeddable":true,"href":"https:\/\/tribunademinas.audiencelabs.com.br\/wp-json\/wp\/v2\/users\/5"}],"replies":[{"embeddable":true,"href":"https:\/\/tribunademinas.audiencelabs.com.br\/wp-json\/wp\/v2\/comments?post=3241"}],"version-history":[{"count":1,"href":"https:\/\/tribunademinas.audiencelabs.com.br\/wp-json\/wp\/v2\/posts\/3241\/revisions"}],"predecessor-version":[{"id":3244,"href":"https:\/\/tribunademinas.audiencelabs.com.br\/wp-json\/wp\/v2\/posts\/3241\/revisions\/3244"}],"wp:featuredmedia":[{"embeddable":true,"href":"https:\/\/tribunademinas.audiencelabs.com.br\/wp-json\/wp\/v2\/media\/3242"}],"wp:attachment":[{"href":"https:\/\/tribunademinas.audiencelabs.com.br\/wp-json\/wp\/v2\/media?parent=3241"}],"wp:term":[{"taxonomy":"category","embeddable":true,"href":"https:\/\/tribunademinas.audiencelabs.com.br\/wp-json\/wp\/v2\/categories?post=3241"},{"taxonomy":"post_tag","embeddable":true,"href":"https:\/\/tribunademinas.audiencelabs.com.br\/wp-json\/wp\/v2\/tags?post=3241"}],"curies":[{"name":"wp","href":"https:\/\/api.w.org\/{rel}","templated":true}]}}