{"id":3227,"date":"2025-10-30T14:00:00","date_gmt":"2025-10-30T17:00:00","guid":{"rendered":"https:\/\/tribunademinas.audiencelabs.com.br\/?p=3227"},"modified":"2025-10-30T12:16:54","modified_gmt":"2025-10-30T15:16:54","slug":"3-documentos-que-voce-precisa-usar-para-nao-perder-a-identidade","status":"publish","type":"post","link":"https:\/\/tribunademinas.audiencelabs.com.br\/3-documentos-que-voce-precisa-usar-para-nao-perder-a-identidade\/","title":{"rendered":"3 documentos que voc\u00ea precisa usar para n\u00e3o perder a identidade"},"content":{"rendered":"\n<p>Embora ainda seja usado por grande parte da popula\u00e7\u00e3o, o<strong> Registro Geral (RG)<\/strong> poder\u00e1 deixar de ser aceito como documento de identifica\u00e7\u00e3o dentro de aproximadamente seis anos, j\u00e1 que um substituto moderno da identidade j\u00e1 est\u00e1 dispon\u00edvel.<\/p>\n\n\n\n<p>Trata-se da <strong>Carteira de Identidade Nacional (CIN)<\/strong>, que vem sendo anunciada pelo governo federal desde 2022, e ser\u00e1 oficialmente adotada como novo documento de identidade a partir de 2032.<\/p>\n\n\n\n<p>De acordo com o Minist\u00e9rio da Gest\u00e3o e Inova\u00e7\u00e3o (MGI), a substitui\u00e7\u00e3o foi aprovada por conta do fato de a nova credencial n\u00e3o apenas concentrar um n\u00famero muito maior de informa\u00e7\u00f5es, mas tamb\u00e9m por consolidar o CPF como identificador \u00fanico nacional.<\/p>\n\n\n\n<p>Vale ressaltar que a CIN est\u00e1 dispon\u00edvel tanto na vers\u00e3o digital quanto f\u00edsica, mas sua solicita\u00e7\u00e3o exige a apresenta\u00e7\u00e3o de determinados documentos. Entre eles, destacam-se:<\/p>\n\n\n\n<ul class=\"wp-block-list\">\n<li><strong>CPF <\/strong>devidamente regularizado junto \u00e0 Receita Federal;<\/li>\n\n\n\n<li><strong>Certid\u00e3o de nascimento ou casamento<\/strong> (original ou c\u00f3pia autenticada);<\/li>\n\n\n\n<li><strong>Comprovante de resid\u00eancia<\/strong>.<\/li>\n<\/ul>\n\n\n\n<p>Al\u00e9m disso, caso documentos como a carteira de habilita\u00e7\u00e3o, t\u00edtulo de eleitor, certificado militar e informa\u00e7\u00f5es sobre doa\u00e7\u00e3o de \u00f3rg\u00e3os sejam apresentados na data da solicita\u00e7\u00e3o, eles tamb\u00e9m poder\u00e3o ser inclu\u00eddos no CIN.<\/p>\n\n\n\n<h2 class=\"wp-block-heading\">Passo a passo para solicitar a nova carteira de identidade<\/h2>\n\n\n\n<p>Da mesma forma que ocorre com o RG, a emiss\u00e3o da CIN requer agendamento pr\u00e9vio junto aos Institutos de Identifica\u00e7\u00e3o estaduais. Mas, para facilitar o processo, os endere\u00e7os podem ser consultados no <a href=\"https:\/\/www.gov.br\/governodigital\/pt-br\/noticias\/agendamento-e-emissao-da-1a-via-da-cin-sao-gratuitos-em-todo-o-brasil\" target=\"_blank\" rel=\"noreferrer noopener\">site oficial do governo federal<\/a>.<\/p>\n\n\n\n<p>Ap\u00f3s a confirma\u00e7\u00e3o do pedido, a nova carteira de identidade pode levar de 5 a 30 dias \u00fateis para ser disponibilizada em sua vers\u00e3o f\u00edsica. E assim que ela \u00e9 liberada, a vers\u00e3o digital tamb\u00e9m fica dispon\u00edvel atrav\u00e9s do aplicativo oficial do documento.<\/p>\n\n\n\n<p>Vale destacar que a primeira emiss\u00e3o da CIN pode ser solicitada gratuitamente, conforme estabelecido pela Lei Federal n\u00ba 7.116\/1983. Contudo, a partir da segunda via, poder\u00e3o ser cobradas taxas, cujo valor varia de acordo com o estado.<\/p>\n","protected":false},"excerpt":{"rendered":"<p>Embora ainda seja usado por grande parte da popula\u00e7\u00e3o, o Registro Geral (RG) poder\u00e1 deixar de ser aceito como documento de identifica\u00e7\u00e3o dentro de aproximadamente seis anos, j\u00e1 que um substituto moderno da identidade j\u00e1 est\u00e1 dispon\u00edvel. Trata-se da Carteira de Identidade Nacional (CIN), que vem sendo anunciada pelo governo federal desde 2022, e ser\u00e1 [&hellip;]<\/p>\n","protected":false},"author":3,"featured_media":3228,"comment_status":"open","ping_status":"open","sticky":false,"template":"","format":"standard","meta":{"jnews-multi-image_gallery":[],"jnews_single_post":{"format":"standard"},"jnews_primary_category":[],"jnews_social_meta":[],"jnews_post_split":[],"footnotes":""},"categories":[159],"tags":[],"class_list":["post-3227","post","type-post","status-publish","format-standard","has-post-thumbnail","hentry","category-cidadania"],"yoast_head":"<!-- This site is optimized with the Yoast SEO plugin v25.6 - https:\/\/yoast.com\/wordpress\/plugins\/seo\/ -->\n<title>3 documentos que voc\u00ea precisa usar para n\u00e3o perder a identidade<\/title>\n<meta name=\"description\" content=\"Documento de identifica\u00e7\u00e3o dentro de aproximadamente seis anos, j\u00e1 que um substituto moderno da identidade j\u00e1 est\u00e1 dispon\u00edvel.\" \/>\n<meta name=\"robots\" content=\"index, follow, max-snippet:-1, max-image-preview:large, max-video-preview:-1\" \/>\n<link rel=\"canonical\" href=\"https:\/\/tribunademinas.audiencelabs.com.br\/3-documentos-que-voce-precisa-usar-para-nao-perder-a-identidade\/\" \/>\n<meta property=\"og:locale\" content=\"pt_BR\" \/>\n<meta property=\"og:type\" content=\"article\" \/>\n<meta property=\"og:title\" content=\"3 documentos que voc\u00ea precisa usar para n\u00e3o perder a identidade\" \/>\n<meta property=\"og:description\" content=\"Documento de identifica\u00e7\u00e3o dentro de aproximadamente seis anos, j\u00e1 que um substituto moderno da identidade j\u00e1 est\u00e1 dispon\u00edvel.\" \/>\n<meta property=\"og:url\" content=\"https:\/\/tribunademinas.audiencelabs.com.br\/3-documentos-que-voce-precisa-usar-para-nao-perder-a-identidade\/\" \/>\n<meta property=\"og:site_name\" content=\"Tribuna de Minas - Dinheiro e Cidadania\" \/>\n<meta property=\"article:publisher\" content=\"https:\/\/www.facebook.com\/tribunademinas\/\" \/>\n<meta property=\"article:published_time\" content=\"2025-10-30T17:00:00+00:00\" \/>\n<meta property=\"og:image\" content=\"https:\/\/tribunademinas.audiencelabs.com.br\/wp-content\/uploads\/2025\/10\/3-documentos-usar-nao-perder-identidade.webp\" \/>\n\t<meta property=\"og:image:width\" content=\"1423\" \/>\n\t<meta property=\"og:image:height\" content=\"800\" \/>\n\t<meta property=\"og:image:type\" content=\"image\/webp\" \/>\n<meta name=\"author\" content=\"Jo\u00e3o Carlos Gomes\" \/>\n<meta name=\"twitter:card\" content=\"summary_large_image\" \/>\n<meta name=\"twitter:creator\" content=\"@tribunademinas\" \/>\n<meta name=\"twitter:site\" content=\"@tribunademinas\" \/>\n<meta name=\"twitter:label1\" content=\"Escrito por\" \/>\n\t<meta name=\"twitter:data1\" content=\"Jo\u00e3o Carlos Gomes\" \/>\n\t<meta name=\"twitter:label2\" content=\"Est. tempo de leitura\" \/>\n\t<meta name=\"twitter:data2\" content=\"2 minutos\" \/>\n<!-- \/ Yoast SEO plugin. -->","yoast_head_json":{"title":"3 documentos que voc\u00ea precisa usar para n\u00e3o perder a identidade","description":"Documento de identifica\u00e7\u00e3o dentro de aproximadamente seis anos, j\u00e1 que um substituto moderno da identidade j\u00e1 est\u00e1 dispon\u00edvel.","robots":{"index":"index","follow":"follow","max-snippet":"max-snippet:-1","max-image-preview":"max-image-preview:large","max-video-preview":"max-video-preview:-1"},"canonical":"https:\/\/tribunademinas.audiencelabs.com.br\/3-documentos-que-voce-precisa-usar-para-nao-perder-a-identidade\/","og_locale":"pt_BR","og_type":"article","og_title":"3 documentos que voc\u00ea precisa usar para n\u00e3o perder a identidade","og_description":"Documento de identifica\u00e7\u00e3o dentro de aproximadamente seis anos, j\u00e1 que um substituto moderno da identidade j\u00e1 est\u00e1 dispon\u00edvel.","og_url":"https:\/\/tribunademinas.audiencelabs.com.br\/3-documentos-que-voce-precisa-usar-para-nao-perder-a-identidade\/","og_site_name":"Tribuna de Minas - Dinheiro e Cidadania","article_publisher":"https:\/\/www.facebook.com\/tribunademinas\/","article_published_time":"2025-10-30T17:00:00+00:00","og_image":[{"width":1423,"height":800,"url":"https:\/\/tribunademinas.audiencelabs.com.br\/wp-content\/uploads\/2025\/10\/3-documentos-usar-nao-perder-identidade.webp","type":"image\/webp"}],"author":"Jo\u00e3o Carlos Gomes","twitter_card":"summary_large_image","twitter_creator":"@tribunademinas","twitter_site":"@tribunademinas","twitter_misc":{"Escrito por":"Jo\u00e3o Carlos Gomes","Est. tempo de leitura":"2 minutos"},"schema":{"@context":"https:\/\/schema.org","@graph":[{"@type":"Article","@id":"https:\/\/tribunademinas.audiencelabs.com.br\/3-documentos-que-voce-precisa-usar-para-nao-perder-a-identidade\/#article","isPartOf":{"@id":"https:\/\/tribunademinas.audiencelabs.com.br\/3-documentos-que-voce-precisa-usar-para-nao-perder-a-identidade\/"},"author":{"name":"Jo\u00e3o Carlos Gomes","@id":"https:\/\/tribunademinas.audiencelabs.com.br\/#\/schema\/person\/37af466a64a722fadb8ef6841c52114f"},"headline":"3 documentos que voc\u00ea precisa usar para n\u00e3o perder a identidade","datePublished":"2025-10-30T17:00:00+00:00","mainEntityOfPage":{"@id":"https:\/\/tribunademinas.audiencelabs.com.br\/3-documentos-que-voce-precisa-usar-para-nao-perder-a-identidade\/"},"wordCount":358,"commentCount":0,"publisher":{"@id":"https:\/\/tribunademinas.audiencelabs.com.br\/#organization"},"image":{"@id":"https:\/\/tribunademinas.audiencelabs.com.br\/3-documentos-que-voce-precisa-usar-para-nao-perder-a-identidade\/#primaryimage"},"thumbnailUrl":"https:\/\/tribunademinas.audiencelabs.com.br\/wp-content\/uploads\/2025\/10\/3-documentos-usar-nao-perder-identidade.webp","articleSection":["Cidadania"],"inLanguage":"pt-BR","potentialAction":[{"@type":"CommentAction","name":"Comment","target":["https:\/\/tribunademinas.audiencelabs.com.br\/3-documentos-que-voce-precisa-usar-para-nao-perder-a-identidade\/#respond"]}]},{"@type":"WebPage","@id":"https:\/\/tribunademinas.audiencelabs.com.br\/3-documentos-que-voce-precisa-usar-para-nao-perder-a-identidade\/","url":"https:\/\/tribunademinas.audiencelabs.com.br\/3-documentos-que-voce-precisa-usar-para-nao-perder-a-identidade\/","name":"3 documentos que voc\u00ea precisa usar para n\u00e3o perder a identidade","isPartOf":{"@id":"https:\/\/tribunademinas.audiencelabs.com.br\/#website"},"primaryImageOfPage":{"@id":"https:\/\/tribunademinas.audiencelabs.com.br\/3-documentos-que-voce-precisa-usar-para-nao-perder-a-identidade\/#primaryimage"},"image":{"@id":"https:\/\/tribunademinas.audiencelabs.com.br\/3-documentos-que-voce-precisa-usar-para-nao-perder-a-identidade\/#primaryimage"},"thumbnailUrl":"https:\/\/tribunademinas.audiencelabs.com.br\/wp-content\/uploads\/2025\/10\/3-documentos-usar-nao-perder-identidade.webp","datePublished":"2025-10-30T17:00:00+00:00","description":"Documento de identifica\u00e7\u00e3o dentro de aproximadamente seis anos, j\u00e1 que um substituto moderno da identidade j\u00e1 est\u00e1 dispon\u00edvel.","breadcrumb":{"@id":"https:\/\/tribunademinas.audiencelabs.com.br\/3-documentos-que-voce-precisa-usar-para-nao-perder-a-identidade\/#breadcrumb"},"inLanguage":"pt-BR","potentialAction":[{"@type":"ReadAction","target":["https:\/\/tribunademinas.audiencelabs.com.br\/3-documentos-que-voce-precisa-usar-para-nao-perder-a-identidade\/"]}]},{"@type":"ImageObject","inLanguage":"pt-BR","@id":"https:\/\/tribunademinas.audiencelabs.com.br\/3-documentos-que-voce-precisa-usar-para-nao-perder-a-identidade\/#primaryimage","url":"https:\/\/tribunademinas.audiencelabs.com.br\/wp-content\/uploads\/2025\/10\/3-documentos-usar-nao-perder-identidade.webp","contentUrl":"https:\/\/tribunademinas.audiencelabs.com.br\/wp-content\/uploads\/2025\/10\/3-documentos-usar-nao-perder-identidade.webp","width":1423,"height":800,"caption":"Foto: Bruno Peres\/Ag\u00eancia Brasil"},{"@type":"BreadcrumbList","@id":"https:\/\/tribunademinas.audiencelabs.com.br\/3-documentos-que-voce-precisa-usar-para-nao-perder-a-identidade\/#breadcrumb","itemListElement":[{"@type":"ListItem","position":1,"name":"In\u00edcio","item":"https:\/\/tribunademinas.audiencelabs.com.br\/"},{"@type":"ListItem","position":2,"name":"3 documentos que voc\u00ea precisa usar para n\u00e3o perder a identidade"}]},{"@type":"WebSite","@id":"https:\/\/tribunademinas.audiencelabs.com.br\/#website","url":"https:\/\/tribunademinas.audiencelabs.com.br\/","name":"Tribuna de Minas - Dinheiro e Cidadania","description":"","publisher":{"@id":"https:\/\/tribunademinas.audiencelabs.com.br\/#organization"},"potentialAction":[{"@type":"SearchAction","target":{"@type":"EntryPoint","urlTemplate":"https:\/\/tribunademinas.audiencelabs.com.br\/?s={search_term_string}"},"query-input":{"@type":"PropertyValueSpecification","valueRequired":true,"valueName":"search_term_string"}}],"inLanguage":"pt-BR"},{"@type":"Organization","@id":"https:\/\/tribunademinas.audiencelabs.com.br\/#organization","name":"Tribuna de Minas - Dinheiro e Cidadania","url":"https:\/\/tribunademinas.audiencelabs.com.br\/","logo":{"@type":"ImageObject","inLanguage":"pt-BR","@id":"https:\/\/tribunademinas.audiencelabs.com.br\/#\/schema\/logo\/image\/","url":"https:\/\/tribunademinas.audiencelabs.com.br\/wp-content\/uploads\/2025\/08\/cropped-Tribuna_512x512-96x96-1.png","contentUrl":"https:\/\/tribunademinas.audiencelabs.com.br\/wp-content\/uploads\/2025\/08\/cropped-Tribuna_512x512-96x96-1.png","width":96,"height":96,"caption":"Tribuna de Minas - Dinheiro e Cidadania"},"image":{"@id":"https:\/\/tribunademinas.audiencelabs.com.br\/#\/schema\/logo\/image\/"},"sameAs":["https:\/\/www.facebook.com\/tribunademinas\/","https:\/\/x.com\/tribunademinas","https:\/\/www.instagram.com\/tribunademinas\/","https:\/\/www.youtube.com\/user\/TribunadeMinasJF"]},{"@type":"Person","@id":"https:\/\/tribunademinas.audiencelabs.com.br\/#\/schema\/person\/37af466a64a722fadb8ef6841c52114f","name":"Jo\u00e3o Carlos Gomes","image":{"@type":"ImageObject","inLanguage":"pt-BR","@id":"https:\/\/tribunademinas.audiencelabs.com.br\/#\/schema\/person\/image\/","url":"https:\/\/secure.gravatar.com\/avatar\/4ce4672dbdd694b329cd6fdb51bee7d1409be1f0ff76a537e4c4a737b2c7d1a9?s=96&d=mm&r=g","contentUrl":"https:\/\/secure.gravatar.com\/avatar\/4ce4672dbdd694b329cd6fdb51bee7d1409be1f0ff76a537e4c4a737b2c7d1a9?s=96&d=mm&r=g","caption":"Jo\u00e3o Carlos Gomes"},"description":"Jornalista formado pelo Centro Universit\u00e1rio Carioca, apreciador da Bossa Nova ao Metal Extremo, criador de conte\u00fado e m\u00fasico independente nas horas vagas.","url":"https:\/\/tribunademinas.audiencelabs.com.br\/author\/joaoc-junior\/"}]}},"amp_enabled":true,"_links":{"self":[{"href":"https:\/\/tribunademinas.audiencelabs.com.br\/wp-json\/wp\/v2\/posts\/3227","targetHints":{"allow":["GET"]}}],"collection":[{"href":"https:\/\/tribunademinas.audiencelabs.com.br\/wp-json\/wp\/v2\/posts"}],"about":[{"href":"https:\/\/tribunademinas.audiencelabs.com.br\/wp-json\/wp\/v2\/types\/post"}],"author":[{"embeddable":true,"href":"https:\/\/tribunademinas.audiencelabs.com.br\/wp-json\/wp\/v2\/users\/3"}],"replies":[{"embeddable":true,"href":"https:\/\/tribunademinas.audiencelabs.com.br\/wp-json\/wp\/v2\/comments?post=3227"}],"version-history":[{"count":2,"href":"https:\/\/tribunademinas.audiencelabs.com.br\/wp-json\/wp\/v2\/posts\/3227\/revisions"}],"predecessor-version":[{"id":3271,"href":"https:\/\/tribunademinas.audiencelabs.com.br\/wp-json\/wp\/v2\/posts\/3227\/revisions\/3271"}],"wp:featuredmedia":[{"embeddable":true,"href":"https:\/\/tribunademinas.audiencelabs.com.br\/wp-json\/wp\/v2\/media\/3228"}],"wp:attachment":[{"href":"https:\/\/tribunademinas.audiencelabs.com.br\/wp-json\/wp\/v2\/media?parent=3227"}],"wp:term":[{"taxonomy":"category","embeddable":true,"href":"https:\/\/tribunademinas.audiencelabs.com.br\/wp-json\/wp\/v2\/categories?post=3227"},{"taxonomy":"post_tag","embeddable":true,"href":"https:\/\/tribunademinas.audiencelabs.com.br\/wp-json\/wp\/v2\/tags?post=3227"}],"curies":[{"name":"wp","href":"https:\/\/api.w.org\/{rel}","templated":true}]}}