{"id":3216,"date":"2025-10-30T08:00:00","date_gmt":"2025-10-30T11:00:00","guid":{"rendered":"https:\/\/tribunademinas.audiencelabs.com.br\/?p=3216"},"modified":"2025-10-29T12:43:00","modified_gmt":"2025-10-29T15:43:00","slug":"globo-confirmou-bolsa-familia-vai-dar-presente-para-inscritos","status":"publish","type":"post","link":"https:\/\/tribunademinas.audiencelabs.com.br\/globo-confirmou-bolsa-familia-vai-dar-presente-para-inscritos\/","title":{"rendered":"Globo confirmou: Bolsa Fam\u00edlia vai dar presente para inscritos"},"content":{"rendered":"\n<p>Apesar de ter registrado uma diminui\u00e7\u00e3o recente no n\u00famero de benefici\u00e1rios, o <strong>Bolsa Fam\u00edlia <\/strong>continua sendo um dos programas sociais mais importantes do Brasil, atendendo mais de 18 milh\u00f5es de fam\u00edlias em todo o pa\u00eds.<\/p>\n\n\n\n<p>Neste m\u00eas de outubro, o programa deu in\u00edcio a uma nova rodada de pagamentos no dia 20, e at\u00e9 ent\u00e3o, segue realizando os dep\u00f3sitos aos participantes sem nenhum empecilho, garantindo assim o suporte mensal para muitas pessoas em situa\u00e7\u00e3o de vulnerabilidade, conforme confirmado pela Globo.<\/p>\n\n\n\n<p>Inclusive, vale destacar que, segundo o calend\u00e1rio do Minist\u00e9rio do Desenvolvimento e Assist\u00eancia Social, Fam\u00edlia e Combate \u00e0 Fome (MDS), a atual etapa ser\u00e1 conclu\u00edda a partir de <strong>sexta-feira (31)<\/strong>, encerrando mais um ciclo do Bolsa Fam\u00edlia com sucesso.<\/p>\n\n\n\n<p>De acordo com o que foi divulgado, restam ser contemplados apenas os benefici\u00e1rios cujo d\u00edgito final do N\u00famero de Identifica\u00e7\u00e3o Social (NIS) <strong>termina em 9 ou 0<\/strong>, que devem receber, no m\u00ednimo, R$ 600 em suas contas do Caixa Tem.<\/p>\n\n\n\n<h2 class=\"wp-block-heading\">Pr\u00f3ximos pagamentos do Bolsa Fam\u00edlia em 2025<\/h2>\n\n\n\n<p>Para possibilitar que os benefici\u00e1rios organizem suas finan\u00e7as e planejem o pagamento de d\u00e9bitos de forma adequada, o MDS disponibiliza um<strong> cronograma completo <\/strong>com a programa\u00e7\u00e3o dos dep\u00f3sitos do Bolsa Fam\u00edlia para todo o ano.<\/p>\n\n\n\n<p>Geralmente, os montantes s\u00e3o encaminhados nos \u00faltimos dez dias \u00fateis de cada m\u00eas (com exce\u00e7\u00e3o de dezembro, por conta das celebra\u00e7\u00f5es de fim de ano) e escalonados de acordo com o \u00faltimo d\u00edgito do NIS. Desta forma, os pr\u00f3ximos pagamentos devem ocorrer nas seguintes datas:<\/p>\n\n\n\n<h3 class=\"wp-block-heading\">Novembro:<\/h3>\n\n\n\n<ul class=\"wp-block-list\">\n<li><strong>NIS final 1:<\/strong>\u00a014 de novembro<\/li>\n\n\n\n<li><strong>NIS final 2:<\/strong>\u00a017 de novembro<\/li>\n\n\n\n<li><strong>NIS final 3:<\/strong>\u00a018 de novembro<\/li>\n\n\n\n<li><strong>NIS final 4:<\/strong>\u00a019 de novembro<\/li>\n\n\n\n<li><strong>NIS final 5:<\/strong>\u00a021 de novembro<\/li>\n\n\n\n<li><strong>NIS final 6:<\/strong>\u00a024 de novembro<\/li>\n\n\n\n<li><strong>NIS final 7:<\/strong>\u00a025 de novembro<\/li>\n\n\n\n<li><strong>NIS final 8:<\/strong>\u00a026 de novembro<\/li>\n\n\n\n<li><strong>NIS final 9:<\/strong>\u00a027 de novembro<\/li>\n\n\n\n<li><strong>NIS final 0:<\/strong>\u00a028 de novembro<\/li>\n<\/ul>\n\n\n\n<h3 class=\"wp-block-heading\">Dezembro:<\/h3>\n\n\n\n<ul class=\"wp-block-list\">\n<li><strong>NIS final 1:<\/strong>\u00a010 de dezembro<\/li>\n\n\n\n<li><strong>NIS final 2:<\/strong>\u00a011 de dezembro<\/li>\n\n\n\n<li><strong>NIS final 3:<\/strong>\u00a013 de dezembro<\/li>\n\n\n\n<li><strong>NIS final 4:<\/strong>\u00a015 de dezembro<\/li>\n\n\n\n<li><strong>NIS final 5:<\/strong>\u00a016 de dezembro<\/li>\n\n\n\n<li><strong>NIS final 6:<\/strong>\u00a017 de dezembro<\/li>\n\n\n\n<li><strong>NIS final 7:<\/strong>\u00a018 de dezembro<\/li>\n\n\n\n<li><strong>NIS final 8:<\/strong>\u00a019 de dezembro<\/li>\n\n\n\n<li><strong>NIS final 9:<\/strong>\u00a022 de dezembro<\/li>\n\n\n\n<li><strong>NIS final 0:<\/strong>\u00a023 de dezembro\u00a0<\/li>\n<\/ul>\n","protected":false},"excerpt":{"rendered":"<p>Apesar de ter registrado uma diminui\u00e7\u00e3o recente no n\u00famero de benefici\u00e1rios, o Bolsa Fam\u00edlia continua sendo um dos programas sociais mais importantes do Brasil, atendendo mais de 18 milh\u00f5es de fam\u00edlias em todo o pa\u00eds. Neste m\u00eas de outubro, o programa deu in\u00edcio a uma nova rodada de pagamentos no dia 20, e at\u00e9 ent\u00e3o, [&hellip;]<\/p>\n","protected":false},"author":3,"featured_media":3217,"comment_status":"open","ping_status":"open","sticky":false,"template":"","format":"standard","meta":{"jnews-multi-image_gallery":[],"jnews_single_post":{"format":"standard"},"jnews_primary_category":[],"jnews_social_meta":[],"jnews_post_split":[],"footnotes":""},"categories":[159],"tags":[],"class_list":["post-3216","post","type-post","status-publish","format-standard","has-post-thumbnail","hentry","category-cidadania"],"yoast_head":"<!-- This site is optimized with the Yoast SEO plugin v25.6 - https:\/\/yoast.com\/wordpress\/plugins\/seo\/ -->\n<title>Globo confirmou: Bolsa Fam\u00edlia vai dar presente para inscritos<\/title>\n<meta name=\"robots\" content=\"index, follow, max-snippet:-1, max-image-preview:large, max-video-preview:-1\" \/>\n<link rel=\"canonical\" href=\"https:\/\/tribunademinas.audiencelabs.com.br\/globo-confirmou-bolsa-familia-vai-dar-presente-para-inscritos\/\" \/>\n<meta property=\"og:locale\" content=\"pt_BR\" \/>\n<meta property=\"og:type\" content=\"article\" \/>\n<meta property=\"og:title\" content=\"Globo confirmou: Bolsa Fam\u00edlia vai dar presente para inscritos\" \/>\n<meta property=\"og:description\" content=\"Apesar de ter registrado uma diminui\u00e7\u00e3o recente no n\u00famero de benefici\u00e1rios, o Bolsa Fam\u00edlia continua sendo um dos programas sociais mais importantes do Brasil, atendendo mais de 18 milh\u00f5es de fam\u00edlias em todo o pa\u00eds. Neste m\u00eas de outubro, o programa deu in\u00edcio a uma nova rodada de pagamentos no dia 20, e at\u00e9 ent\u00e3o, [&hellip;]\" \/>\n<meta property=\"og:url\" content=\"https:\/\/tribunademinas.audiencelabs.com.br\/globo-confirmou-bolsa-familia-vai-dar-presente-para-inscritos\/\" \/>\n<meta property=\"og:site_name\" content=\"Tribuna de Minas - Dinheiro e Cidadania\" \/>\n<meta property=\"article:publisher\" content=\"https:\/\/www.facebook.com\/tribunademinas\/\" \/>\n<meta property=\"article:published_time\" content=\"2025-10-30T11:00:00+00:00\" \/>\n<meta property=\"og:image\" content=\"https:\/\/tribunademinas.audiencelabs.com.br\/wp-content\/uploads\/2025\/10\/globo-confirmou-bolsa-familia-presente-inscritos.webp\" \/>\n\t<meta property=\"og:image:width\" content=\"1280\" \/>\n\t<meta property=\"og:image:height\" content=\"720\" \/>\n\t<meta property=\"og:image:type\" content=\"image\/webp\" \/>\n<meta name=\"author\" content=\"Jo\u00e3o Carlos Gomes\" \/>\n<meta name=\"twitter:card\" content=\"summary_large_image\" \/>\n<meta name=\"twitter:creator\" content=\"@tribunademinas\" \/>\n<meta name=\"twitter:site\" content=\"@tribunademinas\" \/>\n<meta name=\"twitter:label1\" content=\"Escrito por\" \/>\n\t<meta name=\"twitter:data1\" content=\"Jo\u00e3o Carlos Gomes\" \/>\n\t<meta name=\"twitter:label2\" content=\"Est. tempo de leitura\" \/>\n\t<meta name=\"twitter:data2\" content=\"3 minutos\" \/>\n<!-- \/ Yoast SEO plugin. -->","yoast_head_json":{"title":"Globo confirmou: Bolsa Fam\u00edlia vai dar presente para inscritos","robots":{"index":"index","follow":"follow","max-snippet":"max-snippet:-1","max-image-preview":"max-image-preview:large","max-video-preview":"max-video-preview:-1"},"canonical":"https:\/\/tribunademinas.audiencelabs.com.br\/globo-confirmou-bolsa-familia-vai-dar-presente-para-inscritos\/","og_locale":"pt_BR","og_type":"article","og_title":"Globo confirmou: Bolsa Fam\u00edlia vai dar presente para inscritos","og_description":"Apesar de ter registrado uma diminui\u00e7\u00e3o recente no n\u00famero de benefici\u00e1rios, o Bolsa Fam\u00edlia continua sendo um dos programas sociais mais importantes do Brasil, atendendo mais de 18 milh\u00f5es de fam\u00edlias em todo o pa\u00eds. Neste m\u00eas de outubro, o programa deu in\u00edcio a uma nova rodada de pagamentos no dia 20, e at\u00e9 ent\u00e3o, [&hellip;]","og_url":"https:\/\/tribunademinas.audiencelabs.com.br\/globo-confirmou-bolsa-familia-vai-dar-presente-para-inscritos\/","og_site_name":"Tribuna de Minas - Dinheiro e Cidadania","article_publisher":"https:\/\/www.facebook.com\/tribunademinas\/","article_published_time":"2025-10-30T11:00:00+00:00","og_image":[{"width":1280,"height":720,"url":"https:\/\/tribunademinas.audiencelabs.com.br\/wp-content\/uploads\/2025\/10\/globo-confirmou-bolsa-familia-presente-inscritos.webp","type":"image\/webp"}],"author":"Jo\u00e3o Carlos Gomes","twitter_card":"summary_large_image","twitter_creator":"@tribunademinas","twitter_site":"@tribunademinas","twitter_misc":{"Escrito por":"Jo\u00e3o Carlos Gomes","Est. tempo de leitura":"3 minutos"},"schema":{"@context":"https:\/\/schema.org","@graph":[{"@type":"Article","@id":"https:\/\/tribunademinas.audiencelabs.com.br\/globo-confirmou-bolsa-familia-vai-dar-presente-para-inscritos\/#article","isPartOf":{"@id":"https:\/\/tribunademinas.audiencelabs.com.br\/globo-confirmou-bolsa-familia-vai-dar-presente-para-inscritos\/"},"author":{"name":"Jo\u00e3o Carlos Gomes","@id":"https:\/\/tribunademinas.audiencelabs.com.br\/#\/schema\/person\/37af466a64a722fadb8ef6841c52114f"},"headline":"Globo confirmou: Bolsa Fam\u00edlia vai dar presente para inscritos","datePublished":"2025-10-30T11:00:00+00:00","mainEntityOfPage":{"@id":"https:\/\/tribunademinas.audiencelabs.com.br\/globo-confirmou-bolsa-familia-vai-dar-presente-para-inscritos\/"},"wordCount":367,"commentCount":0,"publisher":{"@id":"https:\/\/tribunademinas.audiencelabs.com.br\/#organization"},"image":{"@id":"https:\/\/tribunademinas.audiencelabs.com.br\/globo-confirmou-bolsa-familia-vai-dar-presente-para-inscritos\/#primaryimage"},"thumbnailUrl":"https:\/\/tribunademinas.audiencelabs.com.br\/wp-content\/uploads\/2025\/10\/globo-confirmou-bolsa-familia-presente-inscritos.webp","articleSection":["Cidadania"],"inLanguage":"pt-BR","potentialAction":[{"@type":"CommentAction","name":"Comment","target":["https:\/\/tribunademinas.audiencelabs.com.br\/globo-confirmou-bolsa-familia-vai-dar-presente-para-inscritos\/#respond"]}]},{"@type":"WebPage","@id":"https:\/\/tribunademinas.audiencelabs.com.br\/globo-confirmou-bolsa-familia-vai-dar-presente-para-inscritos\/","url":"https:\/\/tribunademinas.audiencelabs.com.br\/globo-confirmou-bolsa-familia-vai-dar-presente-para-inscritos\/","name":"Globo confirmou: Bolsa Fam\u00edlia vai dar presente para inscritos","isPartOf":{"@id":"https:\/\/tribunademinas.audiencelabs.com.br\/#website"},"primaryImageOfPage":{"@id":"https:\/\/tribunademinas.audiencelabs.com.br\/globo-confirmou-bolsa-familia-vai-dar-presente-para-inscritos\/#primaryimage"},"image":{"@id":"https:\/\/tribunademinas.audiencelabs.com.br\/globo-confirmou-bolsa-familia-vai-dar-presente-para-inscritos\/#primaryimage"},"thumbnailUrl":"https:\/\/tribunademinas.audiencelabs.com.br\/wp-content\/uploads\/2025\/10\/globo-confirmou-bolsa-familia-presente-inscritos.webp","datePublished":"2025-10-30T11:00:00+00:00","breadcrumb":{"@id":"https:\/\/tribunademinas.audiencelabs.com.br\/globo-confirmou-bolsa-familia-vai-dar-presente-para-inscritos\/#breadcrumb"},"inLanguage":"pt-BR","potentialAction":[{"@type":"ReadAction","target":["https:\/\/tribunademinas.audiencelabs.com.br\/globo-confirmou-bolsa-familia-vai-dar-presente-para-inscritos\/"]}]},{"@type":"ImageObject","inLanguage":"pt-BR","@id":"https:\/\/tribunademinas.audiencelabs.com.br\/globo-confirmou-bolsa-familia-vai-dar-presente-para-inscritos\/#primaryimage","url":"https:\/\/tribunademinas.audiencelabs.com.br\/wp-content\/uploads\/2025\/10\/globo-confirmou-bolsa-familia-presente-inscritos.webp","contentUrl":"https:\/\/tribunademinas.audiencelabs.com.br\/wp-content\/uploads\/2025\/10\/globo-confirmou-bolsa-familia-presente-inscritos.webp","width":1280,"height":720,"caption":"Foto: Lyon Santos\/MDS"},{"@type":"BreadcrumbList","@id":"https:\/\/tribunademinas.audiencelabs.com.br\/globo-confirmou-bolsa-familia-vai-dar-presente-para-inscritos\/#breadcrumb","itemListElement":[{"@type":"ListItem","position":1,"name":"In\u00edcio","item":"https:\/\/tribunademinas.audiencelabs.com.br\/"},{"@type":"ListItem","position":2,"name":"Globo confirmou: Bolsa Fam\u00edlia vai dar presente para inscritos"}]},{"@type":"WebSite","@id":"https:\/\/tribunademinas.audiencelabs.com.br\/#website","url":"https:\/\/tribunademinas.audiencelabs.com.br\/","name":"Tribuna de Minas - Dinheiro e Cidadania","description":"","publisher":{"@id":"https:\/\/tribunademinas.audiencelabs.com.br\/#organization"},"potentialAction":[{"@type":"SearchAction","target":{"@type":"EntryPoint","urlTemplate":"https:\/\/tribunademinas.audiencelabs.com.br\/?s={search_term_string}"},"query-input":{"@type":"PropertyValueSpecification","valueRequired":true,"valueName":"search_term_string"}}],"inLanguage":"pt-BR"},{"@type":"Organization","@id":"https:\/\/tribunademinas.audiencelabs.com.br\/#organization","name":"Tribuna de Minas - Dinheiro e Cidadania","url":"https:\/\/tribunademinas.audiencelabs.com.br\/","logo":{"@type":"ImageObject","inLanguage":"pt-BR","@id":"https:\/\/tribunademinas.audiencelabs.com.br\/#\/schema\/logo\/image\/","url":"https:\/\/tribunademinas.audiencelabs.com.br\/wp-content\/uploads\/2025\/08\/cropped-Tribuna_512x512-96x96-1.png","contentUrl":"https:\/\/tribunademinas.audiencelabs.com.br\/wp-content\/uploads\/2025\/08\/cropped-Tribuna_512x512-96x96-1.png","width":96,"height":96,"caption":"Tribuna de Minas - Dinheiro e Cidadania"},"image":{"@id":"https:\/\/tribunademinas.audiencelabs.com.br\/#\/schema\/logo\/image\/"},"sameAs":["https:\/\/www.facebook.com\/tribunademinas\/","https:\/\/x.com\/tribunademinas","https:\/\/www.instagram.com\/tribunademinas\/","https:\/\/www.youtube.com\/user\/TribunadeMinasJF"]},{"@type":"Person","@id":"https:\/\/tribunademinas.audiencelabs.com.br\/#\/schema\/person\/37af466a64a722fadb8ef6841c52114f","name":"Jo\u00e3o Carlos Gomes","image":{"@type":"ImageObject","inLanguage":"pt-BR","@id":"https:\/\/tribunademinas.audiencelabs.com.br\/#\/schema\/person\/image\/","url":"https:\/\/secure.gravatar.com\/avatar\/4ce4672dbdd694b329cd6fdb51bee7d1409be1f0ff76a537e4c4a737b2c7d1a9?s=96&d=mm&r=g","contentUrl":"https:\/\/secure.gravatar.com\/avatar\/4ce4672dbdd694b329cd6fdb51bee7d1409be1f0ff76a537e4c4a737b2c7d1a9?s=96&d=mm&r=g","caption":"Jo\u00e3o Carlos Gomes"},"description":"Jornalista formado pelo Centro Universit\u00e1rio Carioca, apreciador da Bossa Nova ao Metal Extremo, criador de conte\u00fado e m\u00fasico independente nas horas vagas.","url":"https:\/\/tribunademinas.audiencelabs.com.br\/author\/joaoc-junior\/"}]}},"amp_enabled":true,"_links":{"self":[{"href":"https:\/\/tribunademinas.audiencelabs.com.br\/wp-json\/wp\/v2\/posts\/3216","targetHints":{"allow":["GET"]}}],"collection":[{"href":"https:\/\/tribunademinas.audiencelabs.com.br\/wp-json\/wp\/v2\/posts"}],"about":[{"href":"https:\/\/tribunademinas.audiencelabs.com.br\/wp-json\/wp\/v2\/types\/post"}],"author":[{"embeddable":true,"href":"https:\/\/tribunademinas.audiencelabs.com.br\/wp-json\/wp\/v2\/users\/3"}],"replies":[{"embeddable":true,"href":"https:\/\/tribunademinas.audiencelabs.com.br\/wp-json\/wp\/v2\/comments?post=3216"}],"version-history":[{"count":1,"href":"https:\/\/tribunademinas.audiencelabs.com.br\/wp-json\/wp\/v2\/posts\/3216\/revisions"}],"predecessor-version":[{"id":3220,"href":"https:\/\/tribunademinas.audiencelabs.com.br\/wp-json\/wp\/v2\/posts\/3216\/revisions\/3220"}],"wp:featuredmedia":[{"embeddable":true,"href":"https:\/\/tribunademinas.audiencelabs.com.br\/wp-json\/wp\/v2\/media\/3217"}],"wp:attachment":[{"href":"https:\/\/tribunademinas.audiencelabs.com.br\/wp-json\/wp\/v2\/media?parent=3216"}],"wp:term":[{"taxonomy":"category","embeddable":true,"href":"https:\/\/tribunademinas.audiencelabs.com.br\/wp-json\/wp\/v2\/categories?post=3216"},{"taxonomy":"post_tag","embeddable":true,"href":"https:\/\/tribunademinas.audiencelabs.com.br\/wp-json\/wp\/v2\/tags?post=3216"}],"curies":[{"name":"wp","href":"https:\/\/api.w.org\/{rel}","templated":true}]}}