{"id":3166,"date":"2025-10-29T14:00:00","date_gmt":"2025-10-29T17:00:00","guid":{"rendered":"https:\/\/tribunademinas.audiencelabs.com.br\/?p=3166"},"modified":"2025-10-28T14:33:35","modified_gmt":"2025-10-28T17:33:35","slug":"mudanca-na-cnh-pode-aumentar-informalidade-alertam-empresarios","status":"publish","type":"post","link":"https:\/\/tribunademinas.audiencelabs.com.br\/mudanca-na-cnh-pode-aumentar-informalidade-alertam-empresarios\/","title":{"rendered":"Mudan\u00e7a na CNH pode aumentar informalidade, alertam empres\u00e1rios"},"content":{"rendered":"\n<p>Nos \u00faltimos dias, o Minist\u00e9rio dos Transportes vem se dedicado \u00e0 divulga\u00e7\u00e3o de uma nova proposta que<strong> promete facilitar o acesso \u00e0 Carteira Nacional de Habilita\u00e7\u00e3o (CNH)<\/strong>, reduzindo n\u00e3o apenas os custos, mas tamb\u00e9m a burocracia.<\/p>\n\n\n\n<p>O projeto, atualmente dispon\u00edvel para consulta p\u00fablica, prev\u00ea, entre suas medidas, <strong>o fim da obrigatoriedade das aulas em autoescolas<\/strong>, que representam a maior parte dos gastos para obten\u00e7\u00e3o do documento, e assim se tornam um obst\u00e1culo para uma grande parcela da popula\u00e7\u00e3o.<\/p>\n\n\n\n<p>Entretanto, apesar do car\u00e1ter social da iniciativa, ela tem sido alvo de cr\u00edticas por funcion\u00e1rios de autoescola, chegando at\u00e9 mesmo a ser considerada arriscada devido ao potencial aumento do perigo nas estradas e at\u00e9 mesmo para o mercado de trabalho.<\/p>\n\n\n\n<p>Isso porque, para empres\u00e1rios como Paulo Teixeira, que \u00e9 propriet\u00e1rio de autoescolas em Uberaba, a mudan\u00e7a pode <strong>comprometer a fiscaliza\u00e7\u00e3o e os cuidados com a seguran\u00e7a<\/strong>, al\u00e9m de <strong>contribuir para o aumento da informalidade<\/strong> (via <em>JM Online<\/em>).<\/p>\n\n\n\n<p>Afinal, a nova proposta permitir\u00e1 a <strong>contrata\u00e7\u00e3o de instrutores aut\u00f4nomos<\/strong>, que n\u00e3o possuem v\u00ednculo formal com autoescolas e, consequentemente, pagam menos impostos que os profissionais da cadeia formal do setor.<\/p>\n\n\n\n<h2 class=\"wp-block-heading\">Novo projeto da CNH pode n\u00e3o resolver todos os problemas para emiss\u00e3o do documento<\/h2>\n\n\n\n<p>Ainda durante sua conversa com o portal <em>JM Online<\/em>, Teixeira n\u00e3o s\u00f3 afirmou que a redu\u00e7\u00e3o de custos para emiss\u00e3o da CNH prometida pela prooposta ser\u00e1 m\u00ednima, pois continuar\u00e3o presentes gastos com taxas obrigat\u00f3rias, exames e contrata\u00e7\u00e3o de instrutores, como ainda destacou que haver\u00e3o outras quest\u00f5es pendentes a serem resolvidas.<\/p>\n\n\n\n<p>Segundo o empres\u00e1rio, a burocracia \u00e9 o principal entrave na obten\u00e7\u00e3o da CNH no pa\u00eds, e medidas como a<strong> redu\u00e7\u00e3o da carga hor\u00e1ria obrigat\u00f3ria ou a flexibiliza\u00e7\u00e3o na comprova\u00e7\u00e3o de aulas<\/strong> seriam suficientes para baratear e, consequentemente, facilitar a forma\u00e7\u00e3o de novos motoristas.<\/p>\n\n\n\n<p>At\u00e9 o momento, o Minist\u00e9rio do Trabalho n\u00e3o indicou que ocorrer\u00e3o altera\u00e7\u00f5es na proposta. No entanto, considerando o processo de consulta p\u00fablica, ajustes podem ser realizados com base nas sugest\u00f5es recebidas.<\/p>\n","protected":false},"excerpt":{"rendered":"<p>Nos \u00faltimos dias, o Minist\u00e9rio dos Transportes vem se dedicado \u00e0 divulga\u00e7\u00e3o de uma nova proposta que promete facilitar o acesso \u00e0 Carteira Nacional de Habilita\u00e7\u00e3o (CNH), reduzindo n\u00e3o apenas os custos, mas tamb\u00e9m a burocracia. O projeto, atualmente dispon\u00edvel para consulta p\u00fablica, prev\u00ea, entre suas medidas, o fim da obrigatoriedade das aulas em autoescolas, [&hellip;]<\/p>\n","protected":false},"author":3,"featured_media":3167,"comment_status":"open","ping_status":"open","sticky":false,"template":"","format":"standard","meta":{"jnews-multi-image_gallery":[],"jnews_single_post":{"format":"standard"},"jnews_primary_category":[],"jnews_social_meta":[],"jnews_post_split":[],"footnotes":""},"categories":[1],"tags":[],"class_list":["post-3166","post","type-post","status-publish","format-standard","has-post-thumbnail","hentry","category-dinheiro"],"yoast_head":"<!-- This site is optimized with the Yoast SEO plugin v25.6 - https:\/\/yoast.com\/wordpress\/plugins\/seo\/ -->\n<title>Mudan\u00e7a na CNH pode aumentar informalidade, alertam empres\u00e1rios<\/title>\n<meta name=\"robots\" content=\"index, follow, max-snippet:-1, max-image-preview:large, max-video-preview:-1\" \/>\n<link rel=\"canonical\" href=\"https:\/\/tribunademinas.audiencelabs.com.br\/mudanca-na-cnh-pode-aumentar-informalidade-alertam-empresarios\/\" \/>\n<meta property=\"og:locale\" content=\"pt_BR\" \/>\n<meta property=\"og:type\" content=\"article\" \/>\n<meta property=\"og:title\" content=\"Mudan\u00e7a na CNH pode aumentar informalidade, alertam empres\u00e1rios\" \/>\n<meta property=\"og:description\" content=\"Nos \u00faltimos dias, o Minist\u00e9rio dos Transportes vem se dedicado \u00e0 divulga\u00e7\u00e3o de uma nova proposta que promete facilitar o acesso \u00e0 Carteira Nacional de Habilita\u00e7\u00e3o (CNH), reduzindo n\u00e3o apenas os custos, mas tamb\u00e9m a burocracia. O projeto, atualmente dispon\u00edvel para consulta p\u00fablica, prev\u00ea, entre suas medidas, o fim da obrigatoriedade das aulas em autoescolas, [&hellip;]\" \/>\n<meta property=\"og:url\" content=\"https:\/\/tribunademinas.audiencelabs.com.br\/mudanca-na-cnh-pode-aumentar-informalidade-alertam-empresarios\/\" \/>\n<meta property=\"og:site_name\" content=\"Tribuna de Minas - Dinheiro e Cidadania\" \/>\n<meta property=\"article:publisher\" content=\"https:\/\/www.facebook.com\/tribunademinas\/\" \/>\n<meta property=\"article:published_time\" content=\"2025-10-29T17:00:00+00:00\" \/>\n<meta property=\"og:image\" content=\"https:\/\/tribunademinas.audiencelabs.com.br\/wp-content\/uploads\/2025\/10\/mudanca-cnh-aumentar-informalidade-alertam-empresarios.jpg\" \/>\n\t<meta property=\"og:image:width\" content=\"1920\" \/>\n\t<meta property=\"og:image:height\" content=\"1080\" \/>\n\t<meta property=\"og:image:type\" content=\"image\/jpeg\" \/>\n<meta name=\"author\" content=\"Jo\u00e3o Carlos Gomes\" \/>\n<meta name=\"twitter:card\" content=\"summary_large_image\" \/>\n<meta name=\"twitter:creator\" content=\"@tribunademinas\" \/>\n<meta name=\"twitter:site\" content=\"@tribunademinas\" \/>\n<meta name=\"twitter:label1\" content=\"Escrito por\" \/>\n\t<meta name=\"twitter:data1\" content=\"Jo\u00e3o Carlos Gomes\" \/>\n\t<meta name=\"twitter:label2\" content=\"Est. tempo de leitura\" \/>\n\t<meta name=\"twitter:data2\" content=\"2 minutos\" \/>\n<!-- \/ Yoast SEO plugin. -->","yoast_head_json":{"title":"Mudan\u00e7a na CNH pode aumentar informalidade, alertam empres\u00e1rios","robots":{"index":"index","follow":"follow","max-snippet":"max-snippet:-1","max-image-preview":"max-image-preview:large","max-video-preview":"max-video-preview:-1"},"canonical":"https:\/\/tribunademinas.audiencelabs.com.br\/mudanca-na-cnh-pode-aumentar-informalidade-alertam-empresarios\/","og_locale":"pt_BR","og_type":"article","og_title":"Mudan\u00e7a na CNH pode aumentar informalidade, alertam empres\u00e1rios","og_description":"Nos \u00faltimos dias, o Minist\u00e9rio dos Transportes vem se dedicado \u00e0 divulga\u00e7\u00e3o de uma nova proposta que promete facilitar o acesso \u00e0 Carteira Nacional de Habilita\u00e7\u00e3o (CNH), reduzindo n\u00e3o apenas os custos, mas tamb\u00e9m a burocracia. O projeto, atualmente dispon\u00edvel para consulta p\u00fablica, prev\u00ea, entre suas medidas, o fim da obrigatoriedade das aulas em autoescolas, [&hellip;]","og_url":"https:\/\/tribunademinas.audiencelabs.com.br\/mudanca-na-cnh-pode-aumentar-informalidade-alertam-empresarios\/","og_site_name":"Tribuna de Minas - Dinheiro e Cidadania","article_publisher":"https:\/\/www.facebook.com\/tribunademinas\/","article_published_time":"2025-10-29T17:00:00+00:00","og_image":[{"width":1920,"height":1080,"url":"https:\/\/tribunademinas.audiencelabs.com.br\/wp-content\/uploads\/2025\/10\/mudanca-cnh-aumentar-informalidade-alertam-empresarios.jpg","type":"image\/jpeg"}],"author":"Jo\u00e3o Carlos Gomes","twitter_card":"summary_large_image","twitter_creator":"@tribunademinas","twitter_site":"@tribunademinas","twitter_misc":{"Escrito por":"Jo\u00e3o Carlos Gomes","Est. tempo de leitura":"2 minutos"},"schema":{"@context":"https:\/\/schema.org","@graph":[{"@type":"Article","@id":"https:\/\/tribunademinas.audiencelabs.com.br\/mudanca-na-cnh-pode-aumentar-informalidade-alertam-empresarios\/#article","isPartOf":{"@id":"https:\/\/tribunademinas.audiencelabs.com.br\/mudanca-na-cnh-pode-aumentar-informalidade-alertam-empresarios\/"},"author":{"name":"Jo\u00e3o Carlos Gomes","@id":"https:\/\/tribunademinas.audiencelabs.com.br\/#\/schema\/person\/37af466a64a722fadb8ef6841c52114f"},"headline":"Mudan\u00e7a na CNH pode aumentar informalidade, alertam empres\u00e1rios","datePublished":"2025-10-29T17:00:00+00:00","mainEntityOfPage":{"@id":"https:\/\/tribunademinas.audiencelabs.com.br\/mudanca-na-cnh-pode-aumentar-informalidade-alertam-empresarios\/"},"wordCount":378,"commentCount":0,"publisher":{"@id":"https:\/\/tribunademinas.audiencelabs.com.br\/#organization"},"image":{"@id":"https:\/\/tribunademinas.audiencelabs.com.br\/mudanca-na-cnh-pode-aumentar-informalidade-alertam-empresarios\/#primaryimage"},"thumbnailUrl":"https:\/\/tribunademinas.audiencelabs.com.br\/wp-content\/uploads\/2025\/10\/mudanca-cnh-aumentar-informalidade-alertam-empresarios.jpg","articleSection":["Dinheiro"],"inLanguage":"pt-BR","potentialAction":[{"@type":"CommentAction","name":"Comment","target":["https:\/\/tribunademinas.audiencelabs.com.br\/mudanca-na-cnh-pode-aumentar-informalidade-alertam-empresarios\/#respond"]}]},{"@type":"WebPage","@id":"https:\/\/tribunademinas.audiencelabs.com.br\/mudanca-na-cnh-pode-aumentar-informalidade-alertam-empresarios\/","url":"https:\/\/tribunademinas.audiencelabs.com.br\/mudanca-na-cnh-pode-aumentar-informalidade-alertam-empresarios\/","name":"Mudan\u00e7a na CNH pode aumentar informalidade, alertam empres\u00e1rios","isPartOf":{"@id":"https:\/\/tribunademinas.audiencelabs.com.br\/#website"},"primaryImageOfPage":{"@id":"https:\/\/tribunademinas.audiencelabs.com.br\/mudanca-na-cnh-pode-aumentar-informalidade-alertam-empresarios\/#primaryimage"},"image":{"@id":"https:\/\/tribunademinas.audiencelabs.com.br\/mudanca-na-cnh-pode-aumentar-informalidade-alertam-empresarios\/#primaryimage"},"thumbnailUrl":"https:\/\/tribunademinas.audiencelabs.com.br\/wp-content\/uploads\/2025\/10\/mudanca-cnh-aumentar-informalidade-alertam-empresarios.jpg","datePublished":"2025-10-29T17:00:00+00:00","breadcrumb":{"@id":"https:\/\/tribunademinas.audiencelabs.com.br\/mudanca-na-cnh-pode-aumentar-informalidade-alertam-empresarios\/#breadcrumb"},"inLanguage":"pt-BR","potentialAction":[{"@type":"ReadAction","target":["https:\/\/tribunademinas.audiencelabs.com.br\/mudanca-na-cnh-pode-aumentar-informalidade-alertam-empresarios\/"]}]},{"@type":"ImageObject","inLanguage":"pt-BR","@id":"https:\/\/tribunademinas.audiencelabs.com.br\/mudanca-na-cnh-pode-aumentar-informalidade-alertam-empresarios\/#primaryimage","url":"https:\/\/tribunademinas.audiencelabs.com.br\/wp-content\/uploads\/2025\/10\/mudanca-cnh-aumentar-informalidade-alertam-empresarios.jpg","contentUrl":"https:\/\/tribunademinas.audiencelabs.com.br\/wp-content\/uploads\/2025\/10\/mudanca-cnh-aumentar-informalidade-alertam-empresarios.jpg","width":1920,"height":1080,"caption":"Foto: Kindel Media\/Pexels"},{"@type":"BreadcrumbList","@id":"https:\/\/tribunademinas.audiencelabs.com.br\/mudanca-na-cnh-pode-aumentar-informalidade-alertam-empresarios\/#breadcrumb","itemListElement":[{"@type":"ListItem","position":1,"name":"In\u00edcio","item":"https:\/\/tribunademinas.audiencelabs.com.br\/"},{"@type":"ListItem","position":2,"name":"Mudan\u00e7a na CNH pode aumentar informalidade, alertam empres\u00e1rios"}]},{"@type":"WebSite","@id":"https:\/\/tribunademinas.audiencelabs.com.br\/#website","url":"https:\/\/tribunademinas.audiencelabs.com.br\/","name":"Tribuna de Minas - Dinheiro e Cidadania","description":"","publisher":{"@id":"https:\/\/tribunademinas.audiencelabs.com.br\/#organization"},"potentialAction":[{"@type":"SearchAction","target":{"@type":"EntryPoint","urlTemplate":"https:\/\/tribunademinas.audiencelabs.com.br\/?s={search_term_string}"},"query-input":{"@type":"PropertyValueSpecification","valueRequired":true,"valueName":"search_term_string"}}],"inLanguage":"pt-BR"},{"@type":"Organization","@id":"https:\/\/tribunademinas.audiencelabs.com.br\/#organization","name":"Tribuna de Minas - Dinheiro e Cidadania","url":"https:\/\/tribunademinas.audiencelabs.com.br\/","logo":{"@type":"ImageObject","inLanguage":"pt-BR","@id":"https:\/\/tribunademinas.audiencelabs.com.br\/#\/schema\/logo\/image\/","url":"https:\/\/tribunademinas.audiencelabs.com.br\/wp-content\/uploads\/2025\/08\/cropped-Tribuna_512x512-96x96-1.png","contentUrl":"https:\/\/tribunademinas.audiencelabs.com.br\/wp-content\/uploads\/2025\/08\/cropped-Tribuna_512x512-96x96-1.png","width":96,"height":96,"caption":"Tribuna de Minas - Dinheiro e Cidadania"},"image":{"@id":"https:\/\/tribunademinas.audiencelabs.com.br\/#\/schema\/logo\/image\/"},"sameAs":["https:\/\/www.facebook.com\/tribunademinas\/","https:\/\/x.com\/tribunademinas","https:\/\/www.instagram.com\/tribunademinas\/","https:\/\/www.youtube.com\/user\/TribunadeMinasJF"]},{"@type":"Person","@id":"https:\/\/tribunademinas.audiencelabs.com.br\/#\/schema\/person\/37af466a64a722fadb8ef6841c52114f","name":"Jo\u00e3o Carlos Gomes","image":{"@type":"ImageObject","inLanguage":"pt-BR","@id":"https:\/\/tribunademinas.audiencelabs.com.br\/#\/schema\/person\/image\/","url":"https:\/\/secure.gravatar.com\/avatar\/4ce4672dbdd694b329cd6fdb51bee7d1409be1f0ff76a537e4c4a737b2c7d1a9?s=96&d=mm&r=g","contentUrl":"https:\/\/secure.gravatar.com\/avatar\/4ce4672dbdd694b329cd6fdb51bee7d1409be1f0ff76a537e4c4a737b2c7d1a9?s=96&d=mm&r=g","caption":"Jo\u00e3o Carlos Gomes"},"description":"Jornalista formado pelo Centro Universit\u00e1rio Carioca, apreciador da Bossa Nova ao Metal Extremo, criador de conte\u00fado e m\u00fasico independente nas horas vagas.","url":"https:\/\/tribunademinas.audiencelabs.com.br\/author\/joaoc-junior\/"}]}},"amp_enabled":true,"_links":{"self":[{"href":"https:\/\/tribunademinas.audiencelabs.com.br\/wp-json\/wp\/v2\/posts\/3166","targetHints":{"allow":["GET"]}}],"collection":[{"href":"https:\/\/tribunademinas.audiencelabs.com.br\/wp-json\/wp\/v2\/posts"}],"about":[{"href":"https:\/\/tribunademinas.audiencelabs.com.br\/wp-json\/wp\/v2\/types\/post"}],"author":[{"embeddable":true,"href":"https:\/\/tribunademinas.audiencelabs.com.br\/wp-json\/wp\/v2\/users\/3"}],"replies":[{"embeddable":true,"href":"https:\/\/tribunademinas.audiencelabs.com.br\/wp-json\/wp\/v2\/comments?post=3166"}],"version-history":[{"count":1,"href":"https:\/\/tribunademinas.audiencelabs.com.br\/wp-json\/wp\/v2\/posts\/3166\/revisions"}],"predecessor-version":[{"id":3168,"href":"https:\/\/tribunademinas.audiencelabs.com.br\/wp-json\/wp\/v2\/posts\/3166\/revisions\/3168"}],"wp:featuredmedia":[{"embeddable":true,"href":"https:\/\/tribunademinas.audiencelabs.com.br\/wp-json\/wp\/v2\/media\/3167"}],"wp:attachment":[{"href":"https:\/\/tribunademinas.audiencelabs.com.br\/wp-json\/wp\/v2\/media?parent=3166"}],"wp:term":[{"taxonomy":"category","embeddable":true,"href":"https:\/\/tribunademinas.audiencelabs.com.br\/wp-json\/wp\/v2\/categories?post=3166"},{"taxonomy":"post_tag","embeddable":true,"href":"https:\/\/tribunademinas.audiencelabs.com.br\/wp-json\/wp\/v2\/tags?post=3166"}],"curies":[{"name":"wp","href":"https:\/\/api.w.org\/{rel}","templated":true}]}}