{"id":3149,"date":"2025-11-01T12:45:00","date_gmt":"2025-11-01T15:45:00","guid":{"rendered":"https:\/\/tribunademinas.audiencelabs.com.br\/?p=3149"},"modified":"2025-10-27T19:11:24","modified_gmt":"2025-10-27T22:11:24","slug":"quem-trabalhou-em-2024-ja-se-prepara-para-receber-pis-em-2026","status":"publish","type":"post","link":"https:\/\/tribunademinas.audiencelabs.com.br\/quem-trabalhou-em-2024-ja-se-prepara-para-receber-pis-em-2026\/","title":{"rendered":"Quem trabalhou em 2024 j\u00e1 se prepara para receber PIS em 2026"},"content":{"rendered":"\n<p>Trabalhadores que exerceram atividade com carteira assinada em 2024 j\u00e1 come\u00e7am a se organizar para o recebimento do abono salarial do PIS e do Pasep previsto para 2026. <\/p>\n\n\n\n<p>Apesar da expectativa, o governo federal ainda n\u00e3o divulgou o calend\u00e1rio oficial com as datas de libera\u00e7\u00e3o dos pagamentos. A defini\u00e7\u00e3o das datas depende de uma reuni\u00e3o do Codefat (Conselho Deliberativo do Fundo de Amparo ao Trabalhador), agendada para o final de novembro. <\/p>\n\n\n\n<p>Enquanto isso, o abono referente ao ano-base de 2023 segue dispon\u00edvel para saque at\u00e9 o fim de 2025.<\/p>\n\n\n\n<h2 class=\"wp-block-heading\">Quem trabalhou em 2024 j\u00e1 se prepara para receber PIS em 2026<\/h2>\n\n\n\n<p>O abono salarial \u00e9 um benef\u00edcio anual destinado a trabalhadores que recebem remunera\u00e7\u00e3o m\u00e9dia de at\u00e9 dois sal\u00e1rios m\u00ednimos e que atendem a determinados <a href=\"https:\/\/tribunademinas.com.br\/colunas\/dinheiroecidadania\/quem-cumpre-estes-4-requisitos-pode-ganhar-r-1-518-ainda-em-2025\/\"><strong>crit\u00e9rios <\/strong><\/a>estabelecidos por lei. <\/p>\n\n\n\n<p>Ele \u00e9 dividido entre dois grupos: o PIS, pago a trabalhadores da iniciativa privada por meio da Caixa Econ\u00f4mica Federal, e o Pasep, destinado a servidores p\u00fablicos, com repasse feito pelo Banco do Brasil. <\/p>\n\n\n\n<p>O valor do benef\u00edcio varia de acordo com os meses trabalhados no ano-base e pode chegar ao equivalente a um sal\u00e1rio m\u00ednimo vigente no ano de pagamento.<\/p>\n\n\n\n<p>Para ter direito ao benef\u00edcio em 2026, \u00e9 necess\u00e1rio ter trabalhado com carteira assinada por pelo menos 30 dias em 2024. <\/p>\n\n\n\n<p>Al\u00e9m disso, o trabalhador deve estar inscrito no programa PIS\/Pasep h\u00e1 pelo menos cinco anos e ter tido seus dados corretamente informados pelo empregador nos sistemas oficiais, como o eSocial ou a RAIS. <\/p>\n\n\n\n<p>Outro crit\u00e9rio \u00e9 a m\u00e9dia salarial: ela n\u00e3o pode ultrapassar o valor de dois sal\u00e1rios m\u00ednimos mensais ao longo de 2024.<\/p>\n\n\n\n<h3 class=\"wp-block-heading\">Valor do PIS e do Pasep 2026 ainda ser\u00e1 definido, mas benef\u00edcio de 2025 j\u00e1 est\u00e1 dispon\u00edvel<\/h3>\n\n\n\n<p>O valor exato que ser\u00e1 pago em 2026 ainda depende da defini\u00e7\u00e3o do sal\u00e1rio m\u00ednimo para o ano. <\/p>\n\n\n\n<p>O governo federal s\u00f3 revelar\u00e1 esse valor ao anunciar o novo piso salarial, geralmente no in\u00edcio do ano fiscal. Assim que o sal\u00e1rio m\u00ednimo for oficializado e o Codefat definir o cronograma, o calend\u00e1rio de pagamentos ser\u00e1 publicado.<\/p>\n\n\n\n<p>Enquanto os repasses de 2026 ainda est\u00e3o em fase de planejamento, muitos trabalhadores ainda podem retirar os valores referentes ao ano-base de 2023. Mesmo com o calend\u00e1rio de pagamento encerrado em agosto, os recursos seguem dispon\u00edveis at\u00e9 29 de dezembro de 2025. <\/p>\n\n\n\n<p>Quem ainda n\u00e3o sacou pode consultar sua situa\u00e7\u00e3o por meio do aplicativo Carteira de Trabalho Digital ou no portal Gov.br, utilizando o login unificado.<\/p>\n\n\n\n<p><\/p>\n","protected":false},"excerpt":{"rendered":"<p>Trabalhadores que exerceram atividade com carteira assinada em 2024 j\u00e1 come\u00e7am a se organizar para o recebimento do abono salarial do PIS e do Pasep previsto para 2026. Apesar da expectativa, o governo federal ainda n\u00e3o divulgou o calend\u00e1rio oficial com as datas de libera\u00e7\u00e3o dos pagamentos. A defini\u00e7\u00e3o das datas depende de uma reuni\u00e3o [&hellip;]<\/p>\n","protected":false},"author":5,"featured_media":3150,"comment_status":"open","ping_status":"open","sticky":false,"template":"","format":"standard","meta":{"jnews-multi-image_gallery":[],"jnews_single_post":{"format":"standard"},"jnews_primary_category":[],"jnews_social_meta":[],"jnews_post_split":[],"footnotes":""},"categories":[1],"tags":[],"class_list":["post-3149","post","type-post","status-publish","format-standard","has-post-thumbnail","hentry","category-dinheiro"],"yoast_head":"<!-- This site is optimized with the Yoast SEO plugin v25.6 - https:\/\/yoast.com\/wordpress\/plugins\/seo\/ -->\n<title>Quem trabalhou em 2024 j\u00e1 se prepara para receber PIS em 2026<\/title>\n<meta name=\"description\" content=\"Quem trabalhou com carteira assinada em 2024 j\u00e1 come\u00e7a a se organizar para o recebimento do abono salarial do PIS e do Pasep de 2026.\" \/>\n<meta name=\"robots\" content=\"index, follow, max-snippet:-1, max-image-preview:large, max-video-preview:-1\" \/>\n<link rel=\"canonical\" href=\"https:\/\/tribunademinas.audiencelabs.com.br\/quem-trabalhou-em-2024-ja-se-prepara-para-receber-pis-em-2026\/\" \/>\n<meta property=\"og:locale\" content=\"pt_BR\" \/>\n<meta property=\"og:type\" content=\"article\" \/>\n<meta property=\"og:title\" content=\"Quem trabalhou em 2024 j\u00e1 se prepara para receber PIS em 2026\" \/>\n<meta property=\"og:description\" content=\"Quem trabalhou com carteira assinada em 2024 j\u00e1 come\u00e7a a se organizar para o recebimento do abono salarial do PIS e do Pasep de 2026.\" \/>\n<meta property=\"og:url\" content=\"https:\/\/tribunademinas.audiencelabs.com.br\/quem-trabalhou-em-2024-ja-se-prepara-para-receber-pis-em-2026\/\" \/>\n<meta property=\"og:site_name\" content=\"Tribuna de Minas - Dinheiro e Cidadania\" \/>\n<meta property=\"article:publisher\" content=\"https:\/\/www.facebook.com\/tribunademinas\/\" \/>\n<meta property=\"article:published_time\" content=\"2025-11-01T15:45:00+00:00\" \/>\n<meta property=\"og:image\" content=\"https:\/\/tribunademinas.audiencelabs.com.br\/wp-content\/uploads\/2025\/10\/PIS-2.webp\" \/>\n\t<meta property=\"og:image:width\" content=\"1170\" \/>\n\t<meta property=\"og:image:height\" content=\"700\" \/>\n\t<meta property=\"og:image:type\" content=\"image\/webp\" \/>\n<meta name=\"author\" content=\"Jeferson Carvalho\" \/>\n<meta name=\"twitter:card\" content=\"summary_large_image\" \/>\n<meta name=\"twitter:creator\" content=\"@tribunademinas\" \/>\n<meta name=\"twitter:site\" content=\"@tribunademinas\" \/>\n<meta name=\"twitter:label1\" content=\"Escrito por\" \/>\n\t<meta name=\"twitter:data1\" content=\"Jeferson Carvalho\" \/>\n\t<meta name=\"twitter:label2\" content=\"Est. tempo de leitura\" \/>\n\t<meta name=\"twitter:data2\" content=\"3 minutos\" \/>\n<!-- \/ Yoast SEO plugin. -->","yoast_head_json":{"title":"Quem trabalhou em 2024 j\u00e1 se prepara para receber PIS em 2026","description":"Quem trabalhou com carteira assinada em 2024 j\u00e1 come\u00e7a a se organizar para o recebimento do abono salarial do PIS e do Pasep de 2026.","robots":{"index":"index","follow":"follow","max-snippet":"max-snippet:-1","max-image-preview":"max-image-preview:large","max-video-preview":"max-video-preview:-1"},"canonical":"https:\/\/tribunademinas.audiencelabs.com.br\/quem-trabalhou-em-2024-ja-se-prepara-para-receber-pis-em-2026\/","og_locale":"pt_BR","og_type":"article","og_title":"Quem trabalhou em 2024 j\u00e1 se prepara para receber PIS em 2026","og_description":"Quem trabalhou com carteira assinada em 2024 j\u00e1 come\u00e7a a se organizar para o recebimento do abono salarial do PIS e do Pasep de 2026.","og_url":"https:\/\/tribunademinas.audiencelabs.com.br\/quem-trabalhou-em-2024-ja-se-prepara-para-receber-pis-em-2026\/","og_site_name":"Tribuna de Minas - Dinheiro e Cidadania","article_publisher":"https:\/\/www.facebook.com\/tribunademinas\/","article_published_time":"2025-11-01T15:45:00+00:00","og_image":[{"width":1170,"height":700,"url":"https:\/\/tribunademinas.audiencelabs.com.br\/wp-content\/uploads\/2025\/10\/PIS-2.webp","type":"image\/webp"}],"author":"Jeferson Carvalho","twitter_card":"summary_large_image","twitter_creator":"@tribunademinas","twitter_site":"@tribunademinas","twitter_misc":{"Escrito por":"Jeferson Carvalho","Est. tempo de leitura":"3 minutos"},"schema":{"@context":"https:\/\/schema.org","@graph":[{"@type":"Article","@id":"https:\/\/tribunademinas.audiencelabs.com.br\/quem-trabalhou-em-2024-ja-se-prepara-para-receber-pis-em-2026\/#article","isPartOf":{"@id":"https:\/\/tribunademinas.audiencelabs.com.br\/quem-trabalhou-em-2024-ja-se-prepara-para-receber-pis-em-2026\/"},"author":{"name":"Jeferson Carvalho","@id":"https:\/\/tribunademinas.audiencelabs.com.br\/#\/schema\/person\/db18fc40307804bacef94213aa68fd9d"},"headline":"Quem trabalhou em 2024 j\u00e1 se prepara para receber PIS em 2026","datePublished":"2025-11-01T15:45:00+00:00","mainEntityOfPage":{"@id":"https:\/\/tribunademinas.audiencelabs.com.br\/quem-trabalhou-em-2024-ja-se-prepara-para-receber-pis-em-2026\/"},"wordCount":435,"commentCount":0,"publisher":{"@id":"https:\/\/tribunademinas.audiencelabs.com.br\/#organization"},"image":{"@id":"https:\/\/tribunademinas.audiencelabs.com.br\/quem-trabalhou-em-2024-ja-se-prepara-para-receber-pis-em-2026\/#primaryimage"},"thumbnailUrl":"https:\/\/tribunademinas.audiencelabs.com.br\/wp-content\/uploads\/2025\/10\/PIS-2.webp","articleSection":["Dinheiro"],"inLanguage":"pt-BR","potentialAction":[{"@type":"CommentAction","name":"Comment","target":["https:\/\/tribunademinas.audiencelabs.com.br\/quem-trabalhou-em-2024-ja-se-prepara-para-receber-pis-em-2026\/#respond"]}]},{"@type":"WebPage","@id":"https:\/\/tribunademinas.audiencelabs.com.br\/quem-trabalhou-em-2024-ja-se-prepara-para-receber-pis-em-2026\/","url":"https:\/\/tribunademinas.audiencelabs.com.br\/quem-trabalhou-em-2024-ja-se-prepara-para-receber-pis-em-2026\/","name":"Quem trabalhou em 2024 j\u00e1 se prepara para receber PIS em 2026","isPartOf":{"@id":"https:\/\/tribunademinas.audiencelabs.com.br\/#website"},"primaryImageOfPage":{"@id":"https:\/\/tribunademinas.audiencelabs.com.br\/quem-trabalhou-em-2024-ja-se-prepara-para-receber-pis-em-2026\/#primaryimage"},"image":{"@id":"https:\/\/tribunademinas.audiencelabs.com.br\/quem-trabalhou-em-2024-ja-se-prepara-para-receber-pis-em-2026\/#primaryimage"},"thumbnailUrl":"https:\/\/tribunademinas.audiencelabs.com.br\/wp-content\/uploads\/2025\/10\/PIS-2.webp","datePublished":"2025-11-01T15:45:00+00:00","description":"Quem trabalhou com carteira assinada em 2024 j\u00e1 come\u00e7a a se organizar para o recebimento do abono salarial do PIS e do Pasep de 2026.","breadcrumb":{"@id":"https:\/\/tribunademinas.audiencelabs.com.br\/quem-trabalhou-em-2024-ja-se-prepara-para-receber-pis-em-2026\/#breadcrumb"},"inLanguage":"pt-BR","potentialAction":[{"@type":"ReadAction","target":["https:\/\/tribunademinas.audiencelabs.com.br\/quem-trabalhou-em-2024-ja-se-prepara-para-receber-pis-em-2026\/"]}]},{"@type":"ImageObject","inLanguage":"pt-BR","@id":"https:\/\/tribunademinas.audiencelabs.com.br\/quem-trabalhou-em-2024-ja-se-prepara-para-receber-pis-em-2026\/#primaryimage","url":"https:\/\/tribunademinas.audiencelabs.com.br\/wp-content\/uploads\/2025\/10\/PIS-2.webp","contentUrl":"https:\/\/tribunademinas.audiencelabs.com.br\/wp-content\/uploads\/2025\/10\/PIS-2.webp","width":1170,"height":700,"caption":"Quem trabalhou em 2024 j\u00e1 se prepara para receber PIS em 2026 - Imagem: Divulga\u00e7\u00e3o\/Caixa"},{"@type":"BreadcrumbList","@id":"https:\/\/tribunademinas.audiencelabs.com.br\/quem-trabalhou-em-2024-ja-se-prepara-para-receber-pis-em-2026\/#breadcrumb","itemListElement":[{"@type":"ListItem","position":1,"name":"In\u00edcio","item":"https:\/\/tribunademinas.audiencelabs.com.br\/"},{"@type":"ListItem","position":2,"name":"Quem trabalhou em 2024 j\u00e1 se prepara para receber PIS em 2026"}]},{"@type":"WebSite","@id":"https:\/\/tribunademinas.audiencelabs.com.br\/#website","url":"https:\/\/tribunademinas.audiencelabs.com.br\/","name":"Tribuna de Minas - Dinheiro e Cidadania","description":"","publisher":{"@id":"https:\/\/tribunademinas.audiencelabs.com.br\/#organization"},"potentialAction":[{"@type":"SearchAction","target":{"@type":"EntryPoint","urlTemplate":"https:\/\/tribunademinas.audiencelabs.com.br\/?s={search_term_string}"},"query-input":{"@type":"PropertyValueSpecification","valueRequired":true,"valueName":"search_term_string"}}],"inLanguage":"pt-BR"},{"@type":"Organization","@id":"https:\/\/tribunademinas.audiencelabs.com.br\/#organization","name":"Tribuna de Minas - Dinheiro e Cidadania","url":"https:\/\/tribunademinas.audiencelabs.com.br\/","logo":{"@type":"ImageObject","inLanguage":"pt-BR","@id":"https:\/\/tribunademinas.audiencelabs.com.br\/#\/schema\/logo\/image\/","url":"https:\/\/tribunademinas.audiencelabs.com.br\/wp-content\/uploads\/2025\/08\/cropped-Tribuna_512x512-96x96-1.png","contentUrl":"https:\/\/tribunademinas.audiencelabs.com.br\/wp-content\/uploads\/2025\/08\/cropped-Tribuna_512x512-96x96-1.png","width":96,"height":96,"caption":"Tribuna de Minas - Dinheiro e Cidadania"},"image":{"@id":"https:\/\/tribunademinas.audiencelabs.com.br\/#\/schema\/logo\/image\/"},"sameAs":["https:\/\/www.facebook.com\/tribunademinas\/","https:\/\/x.com\/tribunademinas","https:\/\/www.instagram.com\/tribunademinas\/","https:\/\/www.youtube.com\/user\/TribunadeMinasJF"]},{"@type":"Person","@id":"https:\/\/tribunademinas.audiencelabs.com.br\/#\/schema\/person\/db18fc40307804bacef94213aa68fd9d","name":"Jeferson Carvalho","image":{"@type":"ImageObject","inLanguage":"pt-BR","@id":"https:\/\/tribunademinas.audiencelabs.com.br\/#\/schema\/person\/image\/","url":"https:\/\/secure.gravatar.com\/avatar\/cd7646e328d9670dad7dea8698522e522745eeffcff5b9d08be858e377ce326b?s=96&d=mm&r=g","contentUrl":"https:\/\/secure.gravatar.com\/avatar\/cd7646e328d9670dad7dea8698522e522745eeffcff5b9d08be858e377ce326b?s=96&d=mm&r=g","caption":"Jeferson Carvalho"},"description":"Jornalista apaixonado pela profiss\u00e3o!","url":"https:\/\/tribunademinas.audiencelabs.com.br\/author\/jeferson\/"}]}},"amp_enabled":true,"_links":{"self":[{"href":"https:\/\/tribunademinas.audiencelabs.com.br\/wp-json\/wp\/v2\/posts\/3149","targetHints":{"allow":["GET"]}}],"collection":[{"href":"https:\/\/tribunademinas.audiencelabs.com.br\/wp-json\/wp\/v2\/posts"}],"about":[{"href":"https:\/\/tribunademinas.audiencelabs.com.br\/wp-json\/wp\/v2\/types\/post"}],"author":[{"embeddable":true,"href":"https:\/\/tribunademinas.audiencelabs.com.br\/wp-json\/wp\/v2\/users\/5"}],"replies":[{"embeddable":true,"href":"https:\/\/tribunademinas.audiencelabs.com.br\/wp-json\/wp\/v2\/comments?post=3149"}],"version-history":[{"count":1,"href":"https:\/\/tribunademinas.audiencelabs.com.br\/wp-json\/wp\/v2\/posts\/3149\/revisions"}],"predecessor-version":[{"id":3151,"href":"https:\/\/tribunademinas.audiencelabs.com.br\/wp-json\/wp\/v2\/posts\/3149\/revisions\/3151"}],"wp:featuredmedia":[{"embeddable":true,"href":"https:\/\/tribunademinas.audiencelabs.com.br\/wp-json\/wp\/v2\/media\/3150"}],"wp:attachment":[{"href":"https:\/\/tribunademinas.audiencelabs.com.br\/wp-json\/wp\/v2\/media?parent=3149"}],"wp:term":[{"taxonomy":"category","embeddable":true,"href":"https:\/\/tribunademinas.audiencelabs.com.br\/wp-json\/wp\/v2\/categories?post=3149"},{"taxonomy":"post_tag","embeddable":true,"href":"https:\/\/tribunademinas.audiencelabs.com.br\/wp-json\/wp\/v2\/tags?post=3149"}],"curies":[{"name":"wp","href":"https:\/\/api.w.org\/{rel}","templated":true}]}}