{"id":3146,"date":"2025-11-01T11:45:00","date_gmt":"2025-11-01T14:45:00","guid":{"rendered":"https:\/\/tribunademinas.audiencelabs.com.br\/?p=3146"},"modified":"2025-10-27T18:55:26","modified_gmt":"2025-10-27T21:55:26","slug":"cada-imovel-tera-cpf-e-transacoes-serao-rastreadas-pela-receita","status":"publish","type":"post","link":"https:\/\/tribunademinas.audiencelabs.com.br\/cada-imovel-tera-cpf-e-transacoes-serao-rastreadas-pela-receita\/","title":{"rendered":"Cada im\u00f3vel ter\u00e1 \u2018CPF\u2019 e transa\u00e7\u00f5es ser\u00e3o rastreadas pela Receita"},"content":{"rendered":"\n<p>A partir de 2026, todo im\u00f3vel no Brasil passar\u00e1 a ter um n\u00famero de identifica\u00e7\u00e3o exclusivo, nos moldes do CPF usado por pessoas f\u00edsicas. <\/p>\n\n\n\n<p>Essa nova identifica\u00e7\u00e3o faz parte do Cadastro Imobili\u00e1rio Brasileiro (<a href=\"https:\/\/tribunademinas.com.br\/colunas\/dinheiroecidadania\/nem-todos-donos-de-imoveis-serao-atingidos-por-aumento-drastico-de-imposto\/\"><strong>CIB<\/strong><\/a>), sistema criado pela reforma tribut\u00e1ria e que ser\u00e1 administrado pela Receita Federal. <\/p>\n\n\n\n<p>O objetivo \u00e9 tornar mais preciso o controle sobre os im\u00f3veis no pa\u00eds, centralizando informa\u00e7\u00f5es que hoje est\u00e3o dispersas em cart\u00f3rios, prefeituras e registros diversos. <\/p>\n\n\n\n<p>Apesar do car\u00e1ter t\u00e9cnico da medida, ela tem sido alvo de desinforma\u00e7\u00e3o nas redes sociais, e entre os boatos mais recorrentes, est\u00e1 a falsa alega\u00e7\u00e3o de que o novo cadastro criar\u00e1 impostos sobre aluguel ou aumentar\u00e1 tributos automaticamente.<\/p>\n\n\n\n<h2 class=\"wp-block-heading\">Cada im\u00f3vel ter\u00e1 \u2018CPF\u2019 e transa\u00e7\u00f5es ser\u00e3o rastreadas pela Receita<\/h2>\n\n\n\n<p>Na pr\u00e1tica, o CIB funciona como uma identidade \u00fanica para cada im\u00f3vel, reunindo dados como localiza\u00e7\u00e3o, \u00e1rea constru\u00edda, uso, titularidade e situa\u00e7\u00e3o jur\u00eddica. <\/p>\n\n\n\n<p>Essa integra\u00e7\u00e3o de informa\u00e7\u00f5es vai permitir \u00e0 Receita cruzar dados com mais efici\u00eancia, facilitando o rastreamento de opera\u00e7\u00f5es como vendas, doa\u00e7\u00f5es e heran\u00e7as. <\/p>\n\n\n\n<p>A proposta, no entanto, n\u00e3o altera a forma como a propriedade \u00e9 transferida ou registrada, continua valendo o registro oficial em cart\u00f3rio como prova de titularidade.<\/p>\n\n\n\n<p>A mudan\u00e7a ser\u00e1 autom\u00e1tica: os propriet\u00e1rios n\u00e3o precisam solicitar nem pagar nada para obter o n\u00famero do CIB. O processo ser\u00e1 feito pelo Sistema Nacional de Gest\u00e3o de Informa\u00e7\u00f5es Territoriais (Sinter), com base nas informa\u00e7\u00f5es j\u00e1 existentes. <\/p>\n\n\n\n<p>S\u00f3 haver\u00e1 necessidade de a\u00e7\u00e3o caso o im\u00f3vel esteja com dados incorretos ou desatualizados, situa\u00e7\u00e3o que pode exigir regulariza\u00e7\u00e3o em cart\u00f3rio, o que, sim, pode gerar custos.<\/p>\n\n\n\n<h3 class=\"wp-block-heading\">CPF dos im\u00f3veis traz mais seguran\u00e7a para compradores e evita fraudes<\/h3>\n\n\n\n<p>Especialistas explicam que o novo cadastro deve trazer mais seguran\u00e7a para compradores e vendedores, uma vez que ser\u00e1 mais f\u00e1cil verificar a situa\u00e7\u00e3o legal do im\u00f3vel antes de uma negocia\u00e7\u00e3o.<\/p>\n\n\n\n<p> Tamb\u00e9m facilitar\u00e1 o trabalho de fiscaliza\u00e7\u00e3o por parte dos \u00f3rg\u00e3os p\u00fablicos, contribuindo para combater fraudes e inconsist\u00eancias cadastrais.<\/p>\n\n\n\n<p>Ao contr\u00e1rio do que afirmam correntes nas redes sociais, o CIB n\u00e3o representa a cria\u00e7\u00e3o de nenhum novo tributo. A Receita Federal foi clara ao afirmar que n\u00e3o haver\u00e1 impacto autom\u00e1tico sobre o valor do IPTU, impostos sobre heran\u00e7a ou sobre alugu\u00e9is. <\/p>\n\n\n\n<p>O que pode ocorrer, futuramente, \u00e9 uma revis\u00e3o mais precisa das bases de c\u00e1lculo dos tributos j\u00e1 existentes, com base em dados atualizados, o que, por si s\u00f3, n\u00e3o significa aumento de imposto, mas sim maior alinhamento entre valor declarado e realidade.<\/p>\n\n\n\n<p><\/p>\n","protected":false},"excerpt":{"rendered":"<p>A partir de 2026, todo im\u00f3vel no Brasil passar\u00e1 a ter um n\u00famero de identifica\u00e7\u00e3o exclusivo, nos moldes do CPF usado por pessoas f\u00edsicas. Essa nova identifica\u00e7\u00e3o faz parte do Cadastro Imobili\u00e1rio Brasileiro (CIB), sistema criado pela reforma tribut\u00e1ria e que ser\u00e1 administrado pela Receita Federal. O objetivo \u00e9 tornar mais preciso o controle sobre [&hellip;]<\/p>\n","protected":false},"author":5,"featured_media":3147,"comment_status":"open","ping_status":"open","sticky":false,"template":"","format":"standard","meta":{"jnews-multi-image_gallery":[],"jnews_single_post":{"format":"standard"},"jnews_primary_category":[],"jnews_social_meta":[],"jnews_post_split":[],"footnotes":""},"categories":[159],"tags":[],"class_list":["post-3146","post","type-post","status-publish","format-standard","has-post-thumbnail","hentry","category-cidadania"],"yoast_head":"<!-- This site is optimized with the Yoast SEO plugin v25.6 - https:\/\/yoast.com\/wordpress\/plugins\/seo\/ -->\n<title>Cada im\u00f3vel ter\u00e1 \u2018CPF\u2019 e transa\u00e7\u00f5es ser\u00e3o rastreadas pela Receita<\/title>\n<meta name=\"description\" content=\"A partir de 2026, todo im\u00f3vel no Brasil passar\u00e1 a ter um n\u00famero de identifica\u00e7\u00e3o exclusivo, nos moldes do CPF usado por pessoas f\u00edsicas.\" \/>\n<meta name=\"robots\" content=\"index, follow, max-snippet:-1, max-image-preview:large, max-video-preview:-1\" \/>\n<link rel=\"canonical\" href=\"https:\/\/tribunademinas.audiencelabs.com.br\/cada-imovel-tera-cpf-e-transacoes-serao-rastreadas-pela-receita\/\" \/>\n<meta property=\"og:locale\" content=\"pt_BR\" \/>\n<meta property=\"og:type\" content=\"article\" \/>\n<meta property=\"og:title\" content=\"Cada im\u00f3vel ter\u00e1 \u2018CPF\u2019 e transa\u00e7\u00f5es ser\u00e3o rastreadas pela Receita\" \/>\n<meta property=\"og:description\" content=\"A partir de 2026, todo im\u00f3vel no Brasil passar\u00e1 a ter um n\u00famero de identifica\u00e7\u00e3o exclusivo, nos moldes do CPF usado por pessoas f\u00edsicas.\" \/>\n<meta property=\"og:url\" content=\"https:\/\/tribunademinas.audiencelabs.com.br\/cada-imovel-tera-cpf-e-transacoes-serao-rastreadas-pela-receita\/\" \/>\n<meta property=\"og:site_name\" content=\"Tribuna de Minas - Dinheiro e Cidadania\" \/>\n<meta property=\"article:publisher\" content=\"https:\/\/www.facebook.com\/tribunademinas\/\" \/>\n<meta property=\"article:published_time\" content=\"2025-11-01T14:45:00+00:00\" \/>\n<meta property=\"og:image\" content=\"https:\/\/tribunademinas.audiencelabs.com.br\/wp-content\/uploads\/2025\/10\/CPF-1.webp\" \/>\n\t<meta property=\"og:image:width\" content=\"1170\" \/>\n\t<meta property=\"og:image:height\" content=\"700\" \/>\n\t<meta property=\"og:image:type\" content=\"image\/webp\" \/>\n<meta name=\"author\" content=\"Jeferson Carvalho\" \/>\n<meta name=\"twitter:card\" content=\"summary_large_image\" \/>\n<meta name=\"twitter:creator\" content=\"@tribunademinas\" \/>\n<meta name=\"twitter:site\" content=\"@tribunademinas\" \/>\n<meta name=\"twitter:label1\" content=\"Escrito por\" \/>\n\t<meta name=\"twitter:data1\" content=\"Jeferson Carvalho\" \/>\n\t<meta name=\"twitter:label2\" content=\"Est. tempo de leitura\" \/>\n\t<meta name=\"twitter:data2\" content=\"3 minutos\" \/>\n<!-- \/ Yoast SEO plugin. -->","yoast_head_json":{"title":"Cada im\u00f3vel ter\u00e1 \u2018CPF\u2019 e transa\u00e7\u00f5es ser\u00e3o rastreadas pela Receita","description":"A partir de 2026, todo im\u00f3vel no Brasil passar\u00e1 a ter um n\u00famero de identifica\u00e7\u00e3o exclusivo, nos moldes do CPF usado por pessoas f\u00edsicas.","robots":{"index":"index","follow":"follow","max-snippet":"max-snippet:-1","max-image-preview":"max-image-preview:large","max-video-preview":"max-video-preview:-1"},"canonical":"https:\/\/tribunademinas.audiencelabs.com.br\/cada-imovel-tera-cpf-e-transacoes-serao-rastreadas-pela-receita\/","og_locale":"pt_BR","og_type":"article","og_title":"Cada im\u00f3vel ter\u00e1 \u2018CPF\u2019 e transa\u00e7\u00f5es ser\u00e3o rastreadas pela Receita","og_description":"A partir de 2026, todo im\u00f3vel no Brasil passar\u00e1 a ter um n\u00famero de identifica\u00e7\u00e3o exclusivo, nos moldes do CPF usado por pessoas f\u00edsicas.","og_url":"https:\/\/tribunademinas.audiencelabs.com.br\/cada-imovel-tera-cpf-e-transacoes-serao-rastreadas-pela-receita\/","og_site_name":"Tribuna de Minas - Dinheiro e Cidadania","article_publisher":"https:\/\/www.facebook.com\/tribunademinas\/","article_published_time":"2025-11-01T14:45:00+00:00","og_image":[{"width":1170,"height":700,"url":"https:\/\/tribunademinas.audiencelabs.com.br\/wp-content\/uploads\/2025\/10\/CPF-1.webp","type":"image\/webp"}],"author":"Jeferson Carvalho","twitter_card":"summary_large_image","twitter_creator":"@tribunademinas","twitter_site":"@tribunademinas","twitter_misc":{"Escrito por":"Jeferson Carvalho","Est. tempo de leitura":"3 minutos"},"schema":{"@context":"https:\/\/schema.org","@graph":[{"@type":"Article","@id":"https:\/\/tribunademinas.audiencelabs.com.br\/cada-imovel-tera-cpf-e-transacoes-serao-rastreadas-pela-receita\/#article","isPartOf":{"@id":"https:\/\/tribunademinas.audiencelabs.com.br\/cada-imovel-tera-cpf-e-transacoes-serao-rastreadas-pela-receita\/"},"author":{"name":"Jeferson Carvalho","@id":"https:\/\/tribunademinas.audiencelabs.com.br\/#\/schema\/person\/db18fc40307804bacef94213aa68fd9d"},"headline":"Cada im\u00f3vel ter\u00e1 \u2018CPF\u2019 e transa\u00e7\u00f5es ser\u00e3o rastreadas pela Receita","datePublished":"2025-11-01T14:45:00+00:00","mainEntityOfPage":{"@id":"https:\/\/tribunademinas.audiencelabs.com.br\/cada-imovel-tera-cpf-e-transacoes-serao-rastreadas-pela-receita\/"},"wordCount":474,"commentCount":0,"publisher":{"@id":"https:\/\/tribunademinas.audiencelabs.com.br\/#organization"},"image":{"@id":"https:\/\/tribunademinas.audiencelabs.com.br\/cada-imovel-tera-cpf-e-transacoes-serao-rastreadas-pela-receita\/#primaryimage"},"thumbnailUrl":"https:\/\/tribunademinas.audiencelabs.com.br\/wp-content\/uploads\/2025\/10\/CPF-1.webp","articleSection":["Cidadania"],"inLanguage":"pt-BR","potentialAction":[{"@type":"CommentAction","name":"Comment","target":["https:\/\/tribunademinas.audiencelabs.com.br\/cada-imovel-tera-cpf-e-transacoes-serao-rastreadas-pela-receita\/#respond"]}]},{"@type":"WebPage","@id":"https:\/\/tribunademinas.audiencelabs.com.br\/cada-imovel-tera-cpf-e-transacoes-serao-rastreadas-pela-receita\/","url":"https:\/\/tribunademinas.audiencelabs.com.br\/cada-imovel-tera-cpf-e-transacoes-serao-rastreadas-pela-receita\/","name":"Cada im\u00f3vel ter\u00e1 \u2018CPF\u2019 e transa\u00e7\u00f5es ser\u00e3o rastreadas pela Receita","isPartOf":{"@id":"https:\/\/tribunademinas.audiencelabs.com.br\/#website"},"primaryImageOfPage":{"@id":"https:\/\/tribunademinas.audiencelabs.com.br\/cada-imovel-tera-cpf-e-transacoes-serao-rastreadas-pela-receita\/#primaryimage"},"image":{"@id":"https:\/\/tribunademinas.audiencelabs.com.br\/cada-imovel-tera-cpf-e-transacoes-serao-rastreadas-pela-receita\/#primaryimage"},"thumbnailUrl":"https:\/\/tribunademinas.audiencelabs.com.br\/wp-content\/uploads\/2025\/10\/CPF-1.webp","datePublished":"2025-11-01T14:45:00+00:00","description":"A partir de 2026, todo im\u00f3vel no Brasil passar\u00e1 a ter um n\u00famero de identifica\u00e7\u00e3o exclusivo, nos moldes do CPF usado por pessoas f\u00edsicas.","breadcrumb":{"@id":"https:\/\/tribunademinas.audiencelabs.com.br\/cada-imovel-tera-cpf-e-transacoes-serao-rastreadas-pela-receita\/#breadcrumb"},"inLanguage":"pt-BR","potentialAction":[{"@type":"ReadAction","target":["https:\/\/tribunademinas.audiencelabs.com.br\/cada-imovel-tera-cpf-e-transacoes-serao-rastreadas-pela-receita\/"]}]},{"@type":"ImageObject","inLanguage":"pt-BR","@id":"https:\/\/tribunademinas.audiencelabs.com.br\/cada-imovel-tera-cpf-e-transacoes-serao-rastreadas-pela-receita\/#primaryimage","url":"https:\/\/tribunademinas.audiencelabs.com.br\/wp-content\/uploads\/2025\/10\/CPF-1.webp","contentUrl":"https:\/\/tribunademinas.audiencelabs.com.br\/wp-content\/uploads\/2025\/10\/CPF-1.webp","width":1170,"height":700,"caption":"Cada im\u00f3vel ter\u00e1 \u2018CPF\u2019 e transa\u00e7\u00f5es ser\u00e3o rastreadas pela Receita - Imagem: Marcello Casal Jr\/Ag\u00eancia Brasil"},{"@type":"BreadcrumbList","@id":"https:\/\/tribunademinas.audiencelabs.com.br\/cada-imovel-tera-cpf-e-transacoes-serao-rastreadas-pela-receita\/#breadcrumb","itemListElement":[{"@type":"ListItem","position":1,"name":"In\u00edcio","item":"https:\/\/tribunademinas.audiencelabs.com.br\/"},{"@type":"ListItem","position":2,"name":"Cada im\u00f3vel ter\u00e1 \u2018CPF\u2019 e transa\u00e7\u00f5es ser\u00e3o rastreadas pela Receita"}]},{"@type":"WebSite","@id":"https:\/\/tribunademinas.audiencelabs.com.br\/#website","url":"https:\/\/tribunademinas.audiencelabs.com.br\/","name":"Tribuna de Minas - Dinheiro e Cidadania","description":"","publisher":{"@id":"https:\/\/tribunademinas.audiencelabs.com.br\/#organization"},"potentialAction":[{"@type":"SearchAction","target":{"@type":"EntryPoint","urlTemplate":"https:\/\/tribunademinas.audiencelabs.com.br\/?s={search_term_string}"},"query-input":{"@type":"PropertyValueSpecification","valueRequired":true,"valueName":"search_term_string"}}],"inLanguage":"pt-BR"},{"@type":"Organization","@id":"https:\/\/tribunademinas.audiencelabs.com.br\/#organization","name":"Tribuna de Minas - Dinheiro e Cidadania","url":"https:\/\/tribunademinas.audiencelabs.com.br\/","logo":{"@type":"ImageObject","inLanguage":"pt-BR","@id":"https:\/\/tribunademinas.audiencelabs.com.br\/#\/schema\/logo\/image\/","url":"https:\/\/tribunademinas.audiencelabs.com.br\/wp-content\/uploads\/2025\/08\/cropped-Tribuna_512x512-96x96-1.png","contentUrl":"https:\/\/tribunademinas.audiencelabs.com.br\/wp-content\/uploads\/2025\/08\/cropped-Tribuna_512x512-96x96-1.png","width":96,"height":96,"caption":"Tribuna de Minas - Dinheiro e Cidadania"},"image":{"@id":"https:\/\/tribunademinas.audiencelabs.com.br\/#\/schema\/logo\/image\/"},"sameAs":["https:\/\/www.facebook.com\/tribunademinas\/","https:\/\/x.com\/tribunademinas","https:\/\/www.instagram.com\/tribunademinas\/","https:\/\/www.youtube.com\/user\/TribunadeMinasJF"]},{"@type":"Person","@id":"https:\/\/tribunademinas.audiencelabs.com.br\/#\/schema\/person\/db18fc40307804bacef94213aa68fd9d","name":"Jeferson Carvalho","image":{"@type":"ImageObject","inLanguage":"pt-BR","@id":"https:\/\/tribunademinas.audiencelabs.com.br\/#\/schema\/person\/image\/","url":"https:\/\/secure.gravatar.com\/avatar\/cd7646e328d9670dad7dea8698522e522745eeffcff5b9d08be858e377ce326b?s=96&d=mm&r=g","contentUrl":"https:\/\/secure.gravatar.com\/avatar\/cd7646e328d9670dad7dea8698522e522745eeffcff5b9d08be858e377ce326b?s=96&d=mm&r=g","caption":"Jeferson Carvalho"},"description":"Jornalista apaixonado pela profiss\u00e3o!","url":"https:\/\/tribunademinas.audiencelabs.com.br\/author\/jeferson\/"}]}},"amp_enabled":true,"_links":{"self":[{"href":"https:\/\/tribunademinas.audiencelabs.com.br\/wp-json\/wp\/v2\/posts\/3146","targetHints":{"allow":["GET"]}}],"collection":[{"href":"https:\/\/tribunademinas.audiencelabs.com.br\/wp-json\/wp\/v2\/posts"}],"about":[{"href":"https:\/\/tribunademinas.audiencelabs.com.br\/wp-json\/wp\/v2\/types\/post"}],"author":[{"embeddable":true,"href":"https:\/\/tribunademinas.audiencelabs.com.br\/wp-json\/wp\/v2\/users\/5"}],"replies":[{"embeddable":true,"href":"https:\/\/tribunademinas.audiencelabs.com.br\/wp-json\/wp\/v2\/comments?post=3146"}],"version-history":[{"count":1,"href":"https:\/\/tribunademinas.audiencelabs.com.br\/wp-json\/wp\/v2\/posts\/3146\/revisions"}],"predecessor-version":[{"id":3148,"href":"https:\/\/tribunademinas.audiencelabs.com.br\/wp-json\/wp\/v2\/posts\/3146\/revisions\/3148"}],"wp:featuredmedia":[{"embeddable":true,"href":"https:\/\/tribunademinas.audiencelabs.com.br\/wp-json\/wp\/v2\/media\/3147"}],"wp:attachment":[{"href":"https:\/\/tribunademinas.audiencelabs.com.br\/wp-json\/wp\/v2\/media?parent=3146"}],"wp:term":[{"taxonomy":"category","embeddable":true,"href":"https:\/\/tribunademinas.audiencelabs.com.br\/wp-json\/wp\/v2\/categories?post=3146"},{"taxonomy":"post_tag","embeddable":true,"href":"https:\/\/tribunademinas.audiencelabs.com.br\/wp-json\/wp\/v2\/tags?post=3146"}],"curies":[{"name":"wp","href":"https:\/\/api.w.org\/{rel}","templated":true}]}}