{"id":3132,"date":"2025-11-01T09:45:00","date_gmt":"2025-11-01T12:45:00","guid":{"rendered":"https:\/\/tribunademinas.audiencelabs.com.br\/?p=3132"},"modified":"2025-10-27T18:05:45","modified_gmt":"2025-10-27T21:05:45","slug":"valor-de-ate-r-3-688-pode-ser-pago-indevidamente-por-falta-de-pente-fino","status":"publish","type":"post","link":"https:\/\/tribunademinas.audiencelabs.com.br\/valor-de-ate-r-3-688-pode-ser-pago-indevidamente-por-falta-de-pente-fino\/","title":{"rendered":"Valor de at\u00e9 R$ 3.688 pode ser pago indevidamente por falta de pente fino"},"content":{"rendered":"\n<p>Para oferecer suporte mensal a milh\u00f5es de fam\u00edlias em situa\u00e7\u00e3o de vulnerabilidade, a maioria dos programas sociais no Brasil utiliza<strong> os dados do Cadastro \u00danico para Programas Sociais (Cad\u00danico)<\/strong>, que fornecem ao governo um retrato da situa\u00e7\u00e3o dos benefici\u00e1rios.<\/p>\n\n\n\n<p>Entretanto, mesmo com o monitoramento constantes dos \u00f3rg\u00e3os respons\u00e1veis pela administra\u00e7\u00e3o dos pagamentos, fraudes ainda s\u00e3o extremamente comuns, e permitem que algumas pessoas consigam <strong>receber quase R$ 4 mil <\/strong>de forma indevida.<\/p>\n\n\n\n<p>Somando os pagamentos de programas como o <strong>Bolsa Fam\u00edlia<\/strong> e seus adicionais, <strong>P\u00e9-de-Meia, Benef\u00edcio de Presta\u00e7\u00e3o Continuada (BPC)<\/strong> e outros e outras assist\u00eancias regionais, o montante final pode chegar a cerca de R$ 3.688, que equivale a mais que o dobro do sal\u00e1rio m\u00ednimo vigente.<\/p>\n\n\n\n<p>Por conta de sua mais recente atualiza\u00e7\u00e3o, o Cad\u00danico passou a cruzar dados de forma mais complexa para tentar localizar irregularidades de forma mais r\u00e1pida. Entretanto, infelizmente, algumas fam\u00edlias ainda conseguem burlar as regras e acumular benef\u00edcios indevidamente, mesmo que por poucos meses.<\/p>\n\n\n\n<h2 class=\"wp-block-heading\">Benef\u00edcios acumulados indevidamente resultam em consequ\u00eancias dr\u00e1sticas<\/h2>\n\n\n\n<p>Embora pare\u00e7a uma pr\u00e1tica &#8220;inocente&#8221;, considerando que o governo federal investe bilh\u00f5es de reais nos pagamentos, \u00e9 importante destacar que acumular benef\u00edcios indevidamente pode trazer preju\u00edzos em v\u00e1rias \u00e1reas.<\/p>\n\n\n\n<p>Afinal, al\u00e9m de aumentar a desigualdade desviando recursos de quem realmente precisa e de investimentos em \u00e1reas p\u00fablicas, a atitude ainda enfraquece a confian\u00e7a da popula\u00e7\u00e3o nas institui\u00e7\u00f5es, provocando cr\u00edticas infundadas.<\/p>\n\n\n\n<p>Al\u00e9m disso, o feito tamb\u00e9m recai sobre as finan\u00e7as p\u00fablicas, pois apesar dos bilh\u00f5es investidos, os valores s\u00e3o contabilizados de acordo com os dados fornecidos, e a exig\u00eancia de pagamentos adicionais pode causar d\u00e9ficits.<\/p>\n\n\n\n<p>Tamb\u00e9m \u00e9 importante lembrar que quem se beneficiou da situa\u00e7\u00e3o pode enfrentar consequ\u00eancias diretas, que incluem multas administrativas, devolu\u00e7\u00e3o dos valores recebidos indevidamente por meio de inscri\u00e7\u00e3o na D\u00edvida Ativa da Uni\u00e3o e, se comprovada m\u00e1-f\u00e9, at\u00e9 mesmo reclus\u00e3o por crime de estelionato.<\/p>\n","protected":false},"excerpt":{"rendered":"<p>Para oferecer suporte mensal a milh\u00f5es de fam\u00edlias em situa\u00e7\u00e3o de vulnerabilidade, a maioria dos programas sociais no Brasil utiliza os dados do Cadastro \u00danico para Programas Sociais (Cad\u00danico), que fornecem ao governo um retrato da situa\u00e7\u00e3o dos benefici\u00e1rios. Entretanto, mesmo com o monitoramento constantes dos \u00f3rg\u00e3os respons\u00e1veis pela administra\u00e7\u00e3o dos pagamentos, fraudes ainda s\u00e3o [&hellip;]<\/p>\n","protected":false},"author":3,"featured_media":3133,"comment_status":"open","ping_status":"open","sticky":false,"template":"","format":"standard","meta":{"jnews-multi-image_gallery":[],"jnews_single_post":{"format":"standard"},"jnews_primary_category":[],"jnews_social_meta":[],"jnews_post_split":[],"footnotes":""},"categories":[159],"tags":[],"class_list":["post-3132","post","type-post","status-publish","format-standard","has-post-thumbnail","hentry","category-cidadania"],"yoast_head":"<!-- This site is optimized with the Yoast SEO plugin v25.6 - https:\/\/yoast.com\/wordpress\/plugins\/seo\/ -->\n<title>Valor de at\u00e9 R$ 3.688 pode ser pago indevidamente por falta de pente fino<\/title>\n<meta name=\"robots\" content=\"index, follow, max-snippet:-1, max-image-preview:large, max-video-preview:-1\" \/>\n<link rel=\"canonical\" href=\"https:\/\/tribunademinas.audiencelabs.com.br\/valor-de-ate-r-3-688-pode-ser-pago-indevidamente-por-falta-de-pente-fino\/\" \/>\n<meta property=\"og:locale\" content=\"pt_BR\" \/>\n<meta property=\"og:type\" content=\"article\" \/>\n<meta property=\"og:title\" content=\"Valor de at\u00e9 R$ 3.688 pode ser pago indevidamente por falta de pente fino\" \/>\n<meta property=\"og:description\" content=\"Para oferecer suporte mensal a milh\u00f5es de fam\u00edlias em situa\u00e7\u00e3o de vulnerabilidade, a maioria dos programas sociais no Brasil utiliza os dados do Cadastro \u00danico para Programas Sociais (Cad\u00danico), que fornecem ao governo um retrato da situa\u00e7\u00e3o dos benefici\u00e1rios. Entretanto, mesmo com o monitoramento constantes dos \u00f3rg\u00e3os respons\u00e1veis pela administra\u00e7\u00e3o dos pagamentos, fraudes ainda s\u00e3o [&hellip;]\" \/>\n<meta property=\"og:url\" content=\"https:\/\/tribunademinas.audiencelabs.com.br\/valor-de-ate-r-3-688-pode-ser-pago-indevidamente-por-falta-de-pente-fino\/\" \/>\n<meta property=\"og:site_name\" content=\"Tribuna de Minas - Dinheiro e Cidadania\" \/>\n<meta property=\"article:publisher\" content=\"https:\/\/www.facebook.com\/tribunademinas\/\" \/>\n<meta property=\"article:published_time\" content=\"2025-11-01T12:45:00+00:00\" \/>\n<meta property=\"og:image\" content=\"https:\/\/tribunademinas.audiencelabs.com.br\/wp-content\/uploads\/2025\/10\/valor-3688-pago-indevidamente-falta-pente-fino.webp\" \/>\n\t<meta property=\"og:image:width\" content=\"1280\" \/>\n\t<meta property=\"og:image:height\" content=\"720\" \/>\n\t<meta property=\"og:image:type\" content=\"image\/webp\" \/>\n<meta name=\"author\" content=\"Jo\u00e3o Carlos Gomes\" \/>\n<meta name=\"twitter:card\" content=\"summary_large_image\" \/>\n<meta name=\"twitter:creator\" content=\"@tribunademinas\" \/>\n<meta name=\"twitter:site\" content=\"@tribunademinas\" \/>\n<meta name=\"twitter:label1\" content=\"Escrito por\" \/>\n\t<meta name=\"twitter:data1\" content=\"Jo\u00e3o Carlos Gomes\" \/>\n\t<meta name=\"twitter:label2\" content=\"Est. tempo de leitura\" \/>\n\t<meta name=\"twitter:data2\" content=\"2 minutos\" \/>\n<!-- \/ Yoast SEO plugin. -->","yoast_head_json":{"title":"Valor de at\u00e9 R$ 3.688 pode ser pago indevidamente por falta de pente fino","robots":{"index":"index","follow":"follow","max-snippet":"max-snippet:-1","max-image-preview":"max-image-preview:large","max-video-preview":"max-video-preview:-1"},"canonical":"https:\/\/tribunademinas.audiencelabs.com.br\/valor-de-ate-r-3-688-pode-ser-pago-indevidamente-por-falta-de-pente-fino\/","og_locale":"pt_BR","og_type":"article","og_title":"Valor de at\u00e9 R$ 3.688 pode ser pago indevidamente por falta de pente fino","og_description":"Para oferecer suporte mensal a milh\u00f5es de fam\u00edlias em situa\u00e7\u00e3o de vulnerabilidade, a maioria dos programas sociais no Brasil utiliza os dados do Cadastro \u00danico para Programas Sociais (Cad\u00danico), que fornecem ao governo um retrato da situa\u00e7\u00e3o dos benefici\u00e1rios. Entretanto, mesmo com o monitoramento constantes dos \u00f3rg\u00e3os respons\u00e1veis pela administra\u00e7\u00e3o dos pagamentos, fraudes ainda s\u00e3o [&hellip;]","og_url":"https:\/\/tribunademinas.audiencelabs.com.br\/valor-de-ate-r-3-688-pode-ser-pago-indevidamente-por-falta-de-pente-fino\/","og_site_name":"Tribuna de Minas - Dinheiro e Cidadania","article_publisher":"https:\/\/www.facebook.com\/tribunademinas\/","article_published_time":"2025-11-01T12:45:00+00:00","og_image":[{"width":1280,"height":720,"url":"https:\/\/tribunademinas.audiencelabs.com.br\/wp-content\/uploads\/2025\/10\/valor-3688-pago-indevidamente-falta-pente-fino.webp","type":"image\/webp"}],"author":"Jo\u00e3o Carlos Gomes","twitter_card":"summary_large_image","twitter_creator":"@tribunademinas","twitter_site":"@tribunademinas","twitter_misc":{"Escrito por":"Jo\u00e3o Carlos Gomes","Est. tempo de leitura":"2 minutos"},"schema":{"@context":"https:\/\/schema.org","@graph":[{"@type":"Article","@id":"https:\/\/tribunademinas.audiencelabs.com.br\/valor-de-ate-r-3-688-pode-ser-pago-indevidamente-por-falta-de-pente-fino\/#article","isPartOf":{"@id":"https:\/\/tribunademinas.audiencelabs.com.br\/valor-de-ate-r-3-688-pode-ser-pago-indevidamente-por-falta-de-pente-fino\/"},"author":{"name":"Jo\u00e3o Carlos Gomes","@id":"https:\/\/tribunademinas.audiencelabs.com.br\/#\/schema\/person\/37af466a64a722fadb8ef6841c52114f"},"headline":"Valor de at\u00e9 R$ 3.688 pode ser pago indevidamente por falta de pente fino","datePublished":"2025-11-01T12:45:00+00:00","mainEntityOfPage":{"@id":"https:\/\/tribunademinas.audiencelabs.com.br\/valor-de-ate-r-3-688-pode-ser-pago-indevidamente-por-falta-de-pente-fino\/"},"wordCount":366,"commentCount":0,"publisher":{"@id":"https:\/\/tribunademinas.audiencelabs.com.br\/#organization"},"image":{"@id":"https:\/\/tribunademinas.audiencelabs.com.br\/valor-de-ate-r-3-688-pode-ser-pago-indevidamente-por-falta-de-pente-fino\/#primaryimage"},"thumbnailUrl":"https:\/\/tribunademinas.audiencelabs.com.br\/wp-content\/uploads\/2025\/10\/valor-3688-pago-indevidamente-falta-pente-fino.webp","articleSection":["Cidadania"],"inLanguage":"pt-BR","potentialAction":[{"@type":"CommentAction","name":"Comment","target":["https:\/\/tribunademinas.audiencelabs.com.br\/valor-de-ate-r-3-688-pode-ser-pago-indevidamente-por-falta-de-pente-fino\/#respond"]}]},{"@type":"WebPage","@id":"https:\/\/tribunademinas.audiencelabs.com.br\/valor-de-ate-r-3-688-pode-ser-pago-indevidamente-por-falta-de-pente-fino\/","url":"https:\/\/tribunademinas.audiencelabs.com.br\/valor-de-ate-r-3-688-pode-ser-pago-indevidamente-por-falta-de-pente-fino\/","name":"Valor de at\u00e9 R$ 3.688 pode ser pago indevidamente por falta de pente fino","isPartOf":{"@id":"https:\/\/tribunademinas.audiencelabs.com.br\/#website"},"primaryImageOfPage":{"@id":"https:\/\/tribunademinas.audiencelabs.com.br\/valor-de-ate-r-3-688-pode-ser-pago-indevidamente-por-falta-de-pente-fino\/#primaryimage"},"image":{"@id":"https:\/\/tribunademinas.audiencelabs.com.br\/valor-de-ate-r-3-688-pode-ser-pago-indevidamente-por-falta-de-pente-fino\/#primaryimage"},"thumbnailUrl":"https:\/\/tribunademinas.audiencelabs.com.br\/wp-content\/uploads\/2025\/10\/valor-3688-pago-indevidamente-falta-pente-fino.webp","datePublished":"2025-11-01T12:45:00+00:00","breadcrumb":{"@id":"https:\/\/tribunademinas.audiencelabs.com.br\/valor-de-ate-r-3-688-pode-ser-pago-indevidamente-por-falta-de-pente-fino\/#breadcrumb"},"inLanguage":"pt-BR","potentialAction":[{"@type":"ReadAction","target":["https:\/\/tribunademinas.audiencelabs.com.br\/valor-de-ate-r-3-688-pode-ser-pago-indevidamente-por-falta-de-pente-fino\/"]}]},{"@type":"ImageObject","inLanguage":"pt-BR","@id":"https:\/\/tribunademinas.audiencelabs.com.br\/valor-de-ate-r-3-688-pode-ser-pago-indevidamente-por-falta-de-pente-fino\/#primaryimage","url":"https:\/\/tribunademinas.audiencelabs.com.br\/wp-content\/uploads\/2025\/10\/valor-3688-pago-indevidamente-falta-pente-fino.webp","contentUrl":"https:\/\/tribunademinas.audiencelabs.com.br\/wp-content\/uploads\/2025\/10\/valor-3688-pago-indevidamente-falta-pente-fino.webp","width":1280,"height":720,"caption":"Foto: Marcello Casal Jr\/Ag\u00eancia Brasil"},{"@type":"BreadcrumbList","@id":"https:\/\/tribunademinas.audiencelabs.com.br\/valor-de-ate-r-3-688-pode-ser-pago-indevidamente-por-falta-de-pente-fino\/#breadcrumb","itemListElement":[{"@type":"ListItem","position":1,"name":"In\u00edcio","item":"https:\/\/tribunademinas.audiencelabs.com.br\/"},{"@type":"ListItem","position":2,"name":"Valor de at\u00e9 R$ 3.688 pode ser pago indevidamente por falta de pente fino"}]},{"@type":"WebSite","@id":"https:\/\/tribunademinas.audiencelabs.com.br\/#website","url":"https:\/\/tribunademinas.audiencelabs.com.br\/","name":"Tribuna de Minas - Dinheiro e Cidadania","description":"","publisher":{"@id":"https:\/\/tribunademinas.audiencelabs.com.br\/#organization"},"potentialAction":[{"@type":"SearchAction","target":{"@type":"EntryPoint","urlTemplate":"https:\/\/tribunademinas.audiencelabs.com.br\/?s={search_term_string}"},"query-input":{"@type":"PropertyValueSpecification","valueRequired":true,"valueName":"search_term_string"}}],"inLanguage":"pt-BR"},{"@type":"Organization","@id":"https:\/\/tribunademinas.audiencelabs.com.br\/#organization","name":"Tribuna de Minas - Dinheiro e Cidadania","url":"https:\/\/tribunademinas.audiencelabs.com.br\/","logo":{"@type":"ImageObject","inLanguage":"pt-BR","@id":"https:\/\/tribunademinas.audiencelabs.com.br\/#\/schema\/logo\/image\/","url":"https:\/\/tribunademinas.audiencelabs.com.br\/wp-content\/uploads\/2025\/08\/cropped-Tribuna_512x512-96x96-1.png","contentUrl":"https:\/\/tribunademinas.audiencelabs.com.br\/wp-content\/uploads\/2025\/08\/cropped-Tribuna_512x512-96x96-1.png","width":96,"height":96,"caption":"Tribuna de Minas - Dinheiro e Cidadania"},"image":{"@id":"https:\/\/tribunademinas.audiencelabs.com.br\/#\/schema\/logo\/image\/"},"sameAs":["https:\/\/www.facebook.com\/tribunademinas\/","https:\/\/x.com\/tribunademinas","https:\/\/www.instagram.com\/tribunademinas\/","https:\/\/www.youtube.com\/user\/TribunadeMinasJF"]},{"@type":"Person","@id":"https:\/\/tribunademinas.audiencelabs.com.br\/#\/schema\/person\/37af466a64a722fadb8ef6841c52114f","name":"Jo\u00e3o Carlos Gomes","image":{"@type":"ImageObject","inLanguage":"pt-BR","@id":"https:\/\/tribunademinas.audiencelabs.com.br\/#\/schema\/person\/image\/","url":"https:\/\/secure.gravatar.com\/avatar\/4ce4672dbdd694b329cd6fdb51bee7d1409be1f0ff76a537e4c4a737b2c7d1a9?s=96&d=mm&r=g","contentUrl":"https:\/\/secure.gravatar.com\/avatar\/4ce4672dbdd694b329cd6fdb51bee7d1409be1f0ff76a537e4c4a737b2c7d1a9?s=96&d=mm&r=g","caption":"Jo\u00e3o Carlos Gomes"},"description":"Jornalista formado pelo Centro Universit\u00e1rio Carioca, apreciador da Bossa Nova ao Metal Extremo, criador de conte\u00fado e m\u00fasico independente nas horas vagas.","url":"https:\/\/tribunademinas.audiencelabs.com.br\/author\/joaoc-junior\/"}]}},"amp_enabled":true,"_links":{"self":[{"href":"https:\/\/tribunademinas.audiencelabs.com.br\/wp-json\/wp\/v2\/posts\/3132","targetHints":{"allow":["GET"]}}],"collection":[{"href":"https:\/\/tribunademinas.audiencelabs.com.br\/wp-json\/wp\/v2\/posts"}],"about":[{"href":"https:\/\/tribunademinas.audiencelabs.com.br\/wp-json\/wp\/v2\/types\/post"}],"author":[{"embeddable":true,"href":"https:\/\/tribunademinas.audiencelabs.com.br\/wp-json\/wp\/v2\/users\/3"}],"replies":[{"embeddable":true,"href":"https:\/\/tribunademinas.audiencelabs.com.br\/wp-json\/wp\/v2\/comments?post=3132"}],"version-history":[{"count":1,"href":"https:\/\/tribunademinas.audiencelabs.com.br\/wp-json\/wp\/v2\/posts\/3132\/revisions"}],"predecessor-version":[{"id":3137,"href":"https:\/\/tribunademinas.audiencelabs.com.br\/wp-json\/wp\/v2\/posts\/3132\/revisions\/3137"}],"wp:featuredmedia":[{"embeddable":true,"href":"https:\/\/tribunademinas.audiencelabs.com.br\/wp-json\/wp\/v2\/media\/3133"}],"wp:attachment":[{"href":"https:\/\/tribunademinas.audiencelabs.com.br\/wp-json\/wp\/v2\/media?parent=3132"}],"wp:term":[{"taxonomy":"category","embeddable":true,"href":"https:\/\/tribunademinas.audiencelabs.com.br\/wp-json\/wp\/v2\/categories?post=3132"},{"taxonomy":"post_tag","embeddable":true,"href":"https:\/\/tribunademinas.audiencelabs.com.br\/wp-json\/wp\/v2\/tags?post=3132"}],"curies":[{"name":"wp","href":"https:\/\/api.w.org\/{rel}","templated":true}]}}