{"id":3126,"date":"2025-10-28T06:45:00","date_gmt":"2025-10-28T09:45:00","guid":{"rendered":"https:\/\/tribunademinas.audiencelabs.com.br\/?p=3126"},"modified":"2025-10-27T17:32:00","modified_gmt":"2025-10-27T20:32:00","slug":"calendarios-de-todos-beneficios-do-inss-e-bolsa-familia","status":"publish","type":"post","link":"https:\/\/tribunademinas.audiencelabs.com.br\/calendarios-de-todos-beneficios-do-inss-e-bolsa-familia\/","title":{"rendered":"Calend\u00e1rios de todos benef\u00edcios do INSS e Bolsa Fam\u00edlia"},"content":{"rendered":"\n<p>O governo federal realiza nesta semana o pagamento de dois programas sociais que alcan\u00e7am grande parte da popula\u00e7\u00e3o brasileira: o Bolsa Fam\u00edlia e os benef\u00edcios previdenci\u00e1rios do INSS (<a href=\"https:\/\/meu.inss.gov.br\/\"><strong>Instituto Nacional do Seguro Social<\/strong><\/a>). <\/p>\n\n\n\n<p>No caso do Bolsa Fam\u00edlia, esta \u00e9 a segunda e \u00faltima etapa dos dep\u00f3sitos de outubro. J\u00e1 para aposentados e pensionistas do INSS, o calend\u00e1rio de outubro come\u00e7ou agora e segue at\u00e9 o in\u00edcio de novembro.<\/p>\n\n\n\n<h2 class=\"wp-block-heading\">Calend\u00e1rios de todos benef\u00edcios do INSS e Bolsa Fam\u00edlia<\/h2>\n\n\n\n<p>Os repasses do Bolsa Fam\u00edlia come\u00e7aram no \u00faltimo dia 20 de outubro, contemplando inicialmente os benefici\u00e1rios com N\u00famero de Identifica\u00e7\u00e3o Social (NIS) de final 1. <\/p>\n\n\n\n<p>Ao longo da semana passada, entre os dias 20 e 24, os pagamentos foram liberados para quem possui NIS com finais de 1 a 5. A distribui\u00e7\u00e3o segue um escalonamento di\u00e1rio de acordo com o \u00faltimo d\u00edgito do NIS.<\/p>\n\n\n\n<p>A nova etapa teve in\u00edcio ontem, 27 de outubro, quando foram pagos os valores para quem tem NIS final 6. At\u00e9 sexta-feira, 31 de outubro, ser\u00e3o realizados os pagamentos restantes, encerrando o calend\u00e1rio do m\u00eas. <\/p>\n\n\n\n<p>O valor m\u00e9dio recebido pelas fam\u00edlias gira em torno de R$ 683,42, podendo ser maior, dependendo da composi\u00e7\u00e3o familiar e da inclus\u00e3o de benef\u00edcios adicionais, como para gestantes, crian\u00e7as e lactantes.<\/p>\n\n\n\n<p><strong>Calend\u00e1rio Bolsa Fam\u00edlia \u2013 Outubro (segunda fase):<\/strong><\/p>\n\n\n\n<figure class=\"wp-block-table is-style-stripes\"><table class=\"has-fixed-layout\"><thead><tr><th>Final do NIS<\/th><th>Data de Pagamento<\/th><\/tr><\/thead><tbody><tr><td>6<\/td><td>27 de outubro<\/td><\/tr><tr><td>7<\/td><td>28 de outubro<\/td><\/tr><tr><td>8<\/td><td>29 de outubro<\/td><\/tr><tr><td>9<\/td><td>30 de outubro<\/td><\/tr><tr><td>0<\/td><td>31 de outubro<\/td><\/tr><\/tbody><\/table><\/figure>\n\n\n\n<h3 class=\"wp-block-heading\">Benef\u00edcios do INSS tamb\u00e9m j\u00e1 est\u00e3o sendo liberados<\/h3>\n\n\n\n<p>Ao mesmo tempo, o INSS iniciou nesta semana o calend\u00e1rio de pagamentos de outubro para os segurados que recebem benef\u00edcios de at\u00e9 um sal\u00e1rio m\u00ednimo. <\/p>\n\n\n\n<p>Esses pagamentos seguem at\u00e9 o dia 7 de novembro e tamb\u00e9m obedecem \u00e0 ordem do d\u00edgito final do n\u00famero do benef\u00edcio, ignorando o d\u00edgito verificador.<\/p>\n\n\n\n<p>Para quem recebe mais de um sal\u00e1rio m\u00ednimo, os dep\u00f3sitos come\u00e7am no dia 3 de novembro e se estendem at\u00e9 7 de novembro. Mais de 40 milh\u00f5es de brasileiros recebem benef\u00edcios do INSS, entre aposentadorias, pens\u00f5es, aux\u00edlios e BPC (Benef\u00edcio de Presta\u00e7\u00e3o Continuada).<\/p>\n\n\n\n<p><strong>INSS \u2013 Calend\u00e1rio para quem recebe at\u00e9 um sal\u00e1rio m\u00ednimo:<\/strong><\/p>\n\n\n\n<figure class=\"wp-block-table is-style-stripes\"><table class=\"has-fixed-layout\"><thead><tr><th>Final do benef\u00edcio<\/th><th>Outubro<\/th><th>Novembro<\/th><th>Dezembro<\/th><\/tr><\/thead><tbody><tr><td>1<\/td><td>27\/out<\/td><td>24\/nov<\/td><td>22\/dez<\/td><\/tr><tr><td>2<\/td><td>28\/out<\/td><td>25\/nov<\/td><td>23\/dez<\/td><\/tr><tr><td>3<\/td><td>29\/out<\/td><td>26\/nov<\/td><td>26\/dez<\/td><\/tr><tr><td>4<\/td><td>30\/out<\/td><td>27\/nov<\/td><td>29\/dez<\/td><\/tr><tr><td>5<\/td><td>31\/out<\/td><td>28\/nov<\/td><td>30\/dez<\/td><\/tr><tr><td>6<\/td><td>03\/nov<\/td><td>01\/dez<\/td><td>02\/jan<\/td><\/tr><tr><td>7<\/td><td>04\/nov<\/td><td>02\/dez<\/td><td>05\/jan<\/td><\/tr><tr><td>8<\/td><td>05\/nov<\/td><td>03\/dez<\/td><td>06\/jan<\/td><\/tr><tr><td>9<\/td><td>06\/nov<\/td><td>04\/dez<\/td><td>07\/jan<\/td><\/tr><tr><td>0<\/td><td>07\/nov<\/td><td>05\/dez<\/td><td>08\/jan<\/td><\/tr><\/tbody><\/table><\/figure>\n\n\n\n<p><strong>INSS \u2013 Calend\u00e1rio para quem recebe acima do sal\u00e1rio m\u00ednimo:<\/strong><\/p>\n\n\n\n<figure class=\"wp-block-table is-style-stripes\"><table class=\"has-fixed-layout\"><thead><tr><th>Final do benef\u00edcio<\/th><th>Outubro<\/th><th>Novembro<\/th><th>Dezembro<\/th><\/tr><\/thead><tbody><tr><td>1 e 6<\/td><td>03\/nov<\/td><td>01\/dez<\/td><td>02\/jan<\/td><\/tr><tr><td>2 e 7<\/td><td>04\/nov<\/td><td>02\/dez<\/td><td>05\/jan<\/td><\/tr><tr><td>3 e 8<\/td><td>05\/nov<\/td><td>03\/dez<\/td><td>06\/jan<\/td><\/tr><tr><td>4 e 9<\/td><td>06\/nov<\/td><td>04\/dez<\/td><td>07\/jan<\/td><\/tr><tr><td>5 e 0<\/td><td>07\/nov<\/td><td>05\/dez<\/td><td>08\/jan<\/td><\/tr><\/tbody><\/table><\/figure>\n\n\n\n<p>Esses calend\u00e1rios organizam o fluxo de pagamentos para evitar aglomera\u00e7\u00f5es e garantir que todos os benefici\u00e1rios recebam dentro do prazo.<\/p>\n\n\n\n<p><\/p>\n","protected":false},"excerpt":{"rendered":"<p>O governo federal realiza nesta semana o pagamento de dois programas sociais que alcan\u00e7am grande parte da popula\u00e7\u00e3o brasileira: o Bolsa Fam\u00edlia e os benef\u00edcios previdenci\u00e1rios do INSS (Instituto Nacional do Seguro Social). No caso do Bolsa Fam\u00edlia, esta \u00e9 a segunda e \u00faltima etapa dos dep\u00f3sitos de outubro. J\u00e1 para aposentados e pensionistas do [&hellip;]<\/p>\n","protected":false},"author":5,"featured_media":3127,"comment_status":"open","ping_status":"open","sticky":false,"template":"","format":"standard","meta":{"jnews-multi-image_gallery":[],"jnews_single_post":{"format":"standard"},"jnews_primary_category":[],"jnews_social_meta":[],"jnews_post_split":[],"footnotes":""},"categories":[1],"tags":[],"class_list":["post-3126","post","type-post","status-publish","format-standard","has-post-thumbnail","hentry","category-dinheiro"],"yoast_head":"<!-- This site is optimized with the Yoast SEO plugin v25.6 - https:\/\/yoast.com\/wordpress\/plugins\/seo\/ -->\n<title>Calend\u00e1rios de todos benef\u00edcios do INSS e Bolsa Fam\u00edlia<\/title>\n<meta name=\"description\" content=\"O governo federal realiza nesta semana o restante dos pagamentos do Bolsa Fam\u00edlia e os benef\u00edcios previdenci\u00e1rios do INSS.\" \/>\n<meta name=\"robots\" content=\"index, follow, max-snippet:-1, max-image-preview:large, max-video-preview:-1\" \/>\n<link rel=\"canonical\" href=\"https:\/\/tribunademinas.audiencelabs.com.br\/calendarios-de-todos-beneficios-do-inss-e-bolsa-familia\/\" \/>\n<meta property=\"og:locale\" content=\"pt_BR\" \/>\n<meta property=\"og:type\" content=\"article\" \/>\n<meta property=\"og:title\" content=\"Calend\u00e1rios de todos benef\u00edcios do INSS e Bolsa Fam\u00edlia\" \/>\n<meta property=\"og:description\" content=\"O governo federal realiza nesta semana o restante dos pagamentos do Bolsa Fam\u00edlia e os benef\u00edcios previdenci\u00e1rios do INSS.\" \/>\n<meta property=\"og:url\" content=\"https:\/\/tribunademinas.audiencelabs.com.br\/calendarios-de-todos-beneficios-do-inss-e-bolsa-familia\/\" \/>\n<meta property=\"og:site_name\" content=\"Tribuna de Minas - Dinheiro e Cidadania\" \/>\n<meta property=\"article:publisher\" content=\"https:\/\/www.facebook.com\/tribunademinas\/\" \/>\n<meta property=\"article:published_time\" content=\"2025-10-28T09:45:00+00:00\" \/>\n<meta property=\"og:image\" content=\"https:\/\/tribunademinas.audiencelabs.com.br\/wp-content\/uploads\/2025\/10\/beneficios-1.webp\" \/>\n\t<meta property=\"og:image:width\" content=\"1170\" \/>\n\t<meta property=\"og:image:height\" content=\"700\" \/>\n\t<meta property=\"og:image:type\" content=\"image\/webp\" \/>\n<meta name=\"author\" content=\"Jeferson Carvalho\" \/>\n<meta name=\"twitter:card\" content=\"summary_large_image\" \/>\n<meta name=\"twitter:creator\" content=\"@tribunademinas\" \/>\n<meta name=\"twitter:site\" content=\"@tribunademinas\" \/>\n<meta name=\"twitter:label1\" content=\"Escrito por\" \/>\n\t<meta name=\"twitter:data1\" content=\"Jeferson Carvalho\" \/>\n\t<meta name=\"twitter:label2\" content=\"Est. tempo de leitura\" \/>\n\t<meta name=\"twitter:data2\" content=\"3 minutos\" \/>\n<!-- \/ Yoast SEO plugin. -->","yoast_head_json":{"title":"Calend\u00e1rios de todos benef\u00edcios do INSS e Bolsa Fam\u00edlia","description":"O governo federal realiza nesta semana o restante dos pagamentos do Bolsa Fam\u00edlia e os benef\u00edcios previdenci\u00e1rios do INSS.","robots":{"index":"index","follow":"follow","max-snippet":"max-snippet:-1","max-image-preview":"max-image-preview:large","max-video-preview":"max-video-preview:-1"},"canonical":"https:\/\/tribunademinas.audiencelabs.com.br\/calendarios-de-todos-beneficios-do-inss-e-bolsa-familia\/","og_locale":"pt_BR","og_type":"article","og_title":"Calend\u00e1rios de todos benef\u00edcios do INSS e Bolsa Fam\u00edlia","og_description":"O governo federal realiza nesta semana o restante dos pagamentos do Bolsa Fam\u00edlia e os benef\u00edcios previdenci\u00e1rios do INSS.","og_url":"https:\/\/tribunademinas.audiencelabs.com.br\/calendarios-de-todos-beneficios-do-inss-e-bolsa-familia\/","og_site_name":"Tribuna de Minas - Dinheiro e Cidadania","article_publisher":"https:\/\/www.facebook.com\/tribunademinas\/","article_published_time":"2025-10-28T09:45:00+00:00","og_image":[{"width":1170,"height":700,"url":"https:\/\/tribunademinas.audiencelabs.com.br\/wp-content\/uploads\/2025\/10\/beneficios-1.webp","type":"image\/webp"}],"author":"Jeferson Carvalho","twitter_card":"summary_large_image","twitter_creator":"@tribunademinas","twitter_site":"@tribunademinas","twitter_misc":{"Escrito por":"Jeferson Carvalho","Est. tempo de leitura":"3 minutos"},"schema":{"@context":"https:\/\/schema.org","@graph":[{"@type":"Article","@id":"https:\/\/tribunademinas.audiencelabs.com.br\/calendarios-de-todos-beneficios-do-inss-e-bolsa-familia\/#article","isPartOf":{"@id":"https:\/\/tribunademinas.audiencelabs.com.br\/calendarios-de-todos-beneficios-do-inss-e-bolsa-familia\/"},"author":{"name":"Jeferson Carvalho","@id":"https:\/\/tribunademinas.audiencelabs.com.br\/#\/schema\/person\/db18fc40307804bacef94213aa68fd9d"},"headline":"Calend\u00e1rios de todos benef\u00edcios do INSS e Bolsa Fam\u00edlia","datePublished":"2025-10-28T09:45:00+00:00","mainEntityOfPage":{"@id":"https:\/\/tribunademinas.audiencelabs.com.br\/calendarios-de-todos-beneficios-do-inss-e-bolsa-familia\/"},"wordCount":493,"commentCount":0,"publisher":{"@id":"https:\/\/tribunademinas.audiencelabs.com.br\/#organization"},"image":{"@id":"https:\/\/tribunademinas.audiencelabs.com.br\/calendarios-de-todos-beneficios-do-inss-e-bolsa-familia\/#primaryimage"},"thumbnailUrl":"https:\/\/tribunademinas.audiencelabs.com.br\/wp-content\/uploads\/2025\/10\/beneficios-1.webp","articleSection":["Dinheiro"],"inLanguage":"pt-BR","potentialAction":[{"@type":"CommentAction","name":"Comment","target":["https:\/\/tribunademinas.audiencelabs.com.br\/calendarios-de-todos-beneficios-do-inss-e-bolsa-familia\/#respond"]}]},{"@type":"WebPage","@id":"https:\/\/tribunademinas.audiencelabs.com.br\/calendarios-de-todos-beneficios-do-inss-e-bolsa-familia\/","url":"https:\/\/tribunademinas.audiencelabs.com.br\/calendarios-de-todos-beneficios-do-inss-e-bolsa-familia\/","name":"Calend\u00e1rios de todos benef\u00edcios do INSS e Bolsa Fam\u00edlia","isPartOf":{"@id":"https:\/\/tribunademinas.audiencelabs.com.br\/#website"},"primaryImageOfPage":{"@id":"https:\/\/tribunademinas.audiencelabs.com.br\/calendarios-de-todos-beneficios-do-inss-e-bolsa-familia\/#primaryimage"},"image":{"@id":"https:\/\/tribunademinas.audiencelabs.com.br\/calendarios-de-todos-beneficios-do-inss-e-bolsa-familia\/#primaryimage"},"thumbnailUrl":"https:\/\/tribunademinas.audiencelabs.com.br\/wp-content\/uploads\/2025\/10\/beneficios-1.webp","datePublished":"2025-10-28T09:45:00+00:00","description":"O governo federal realiza nesta semana o restante dos pagamentos do Bolsa Fam\u00edlia e os benef\u00edcios previdenci\u00e1rios do INSS.","breadcrumb":{"@id":"https:\/\/tribunademinas.audiencelabs.com.br\/calendarios-de-todos-beneficios-do-inss-e-bolsa-familia\/#breadcrumb"},"inLanguage":"pt-BR","potentialAction":[{"@type":"ReadAction","target":["https:\/\/tribunademinas.audiencelabs.com.br\/calendarios-de-todos-beneficios-do-inss-e-bolsa-familia\/"]}]},{"@type":"ImageObject","inLanguage":"pt-BR","@id":"https:\/\/tribunademinas.audiencelabs.com.br\/calendarios-de-todos-beneficios-do-inss-e-bolsa-familia\/#primaryimage","url":"https:\/\/tribunademinas.audiencelabs.com.br\/wp-content\/uploads\/2025\/10\/beneficios-1.webp","contentUrl":"https:\/\/tribunademinas.audiencelabs.com.br\/wp-content\/uploads\/2025\/10\/beneficios-1.webp","width":1170,"height":700,"caption":"Calend\u00e1rios de todos benef\u00edcios do INSS e Bolsa Fam\u00edlia - Imagem: Marcelo Camargo\/Ag\u00eancia Brasil"},{"@type":"BreadcrumbList","@id":"https:\/\/tribunademinas.audiencelabs.com.br\/calendarios-de-todos-beneficios-do-inss-e-bolsa-familia\/#breadcrumb","itemListElement":[{"@type":"ListItem","position":1,"name":"In\u00edcio","item":"https:\/\/tribunademinas.audiencelabs.com.br\/"},{"@type":"ListItem","position":2,"name":"Calend\u00e1rios de todos benef\u00edcios do INSS e Bolsa Fam\u00edlia"}]},{"@type":"WebSite","@id":"https:\/\/tribunademinas.audiencelabs.com.br\/#website","url":"https:\/\/tribunademinas.audiencelabs.com.br\/","name":"Tribuna de Minas - Dinheiro e Cidadania","description":"","publisher":{"@id":"https:\/\/tribunademinas.audiencelabs.com.br\/#organization"},"potentialAction":[{"@type":"SearchAction","target":{"@type":"EntryPoint","urlTemplate":"https:\/\/tribunademinas.audiencelabs.com.br\/?s={search_term_string}"},"query-input":{"@type":"PropertyValueSpecification","valueRequired":true,"valueName":"search_term_string"}}],"inLanguage":"pt-BR"},{"@type":"Organization","@id":"https:\/\/tribunademinas.audiencelabs.com.br\/#organization","name":"Tribuna de Minas - Dinheiro e Cidadania","url":"https:\/\/tribunademinas.audiencelabs.com.br\/","logo":{"@type":"ImageObject","inLanguage":"pt-BR","@id":"https:\/\/tribunademinas.audiencelabs.com.br\/#\/schema\/logo\/image\/","url":"https:\/\/tribunademinas.audiencelabs.com.br\/wp-content\/uploads\/2025\/08\/cropped-Tribuna_512x512-96x96-1.png","contentUrl":"https:\/\/tribunademinas.audiencelabs.com.br\/wp-content\/uploads\/2025\/08\/cropped-Tribuna_512x512-96x96-1.png","width":96,"height":96,"caption":"Tribuna de Minas - Dinheiro e Cidadania"},"image":{"@id":"https:\/\/tribunademinas.audiencelabs.com.br\/#\/schema\/logo\/image\/"},"sameAs":["https:\/\/www.facebook.com\/tribunademinas\/","https:\/\/x.com\/tribunademinas","https:\/\/www.instagram.com\/tribunademinas\/","https:\/\/www.youtube.com\/user\/TribunadeMinasJF"]},{"@type":"Person","@id":"https:\/\/tribunademinas.audiencelabs.com.br\/#\/schema\/person\/db18fc40307804bacef94213aa68fd9d","name":"Jeferson Carvalho","image":{"@type":"ImageObject","inLanguage":"pt-BR","@id":"https:\/\/tribunademinas.audiencelabs.com.br\/#\/schema\/person\/image\/","url":"https:\/\/secure.gravatar.com\/avatar\/cd7646e328d9670dad7dea8698522e522745eeffcff5b9d08be858e377ce326b?s=96&d=mm&r=g","contentUrl":"https:\/\/secure.gravatar.com\/avatar\/cd7646e328d9670dad7dea8698522e522745eeffcff5b9d08be858e377ce326b?s=96&d=mm&r=g","caption":"Jeferson Carvalho"},"description":"Jornalista apaixonado pela profiss\u00e3o!","url":"https:\/\/tribunademinas.audiencelabs.com.br\/author\/jeferson\/"}]}},"amp_enabled":true,"_links":{"self":[{"href":"https:\/\/tribunademinas.audiencelabs.com.br\/wp-json\/wp\/v2\/posts\/3126","targetHints":{"allow":["GET"]}}],"collection":[{"href":"https:\/\/tribunademinas.audiencelabs.com.br\/wp-json\/wp\/v2\/posts"}],"about":[{"href":"https:\/\/tribunademinas.audiencelabs.com.br\/wp-json\/wp\/v2\/types\/post"}],"author":[{"embeddable":true,"href":"https:\/\/tribunademinas.audiencelabs.com.br\/wp-json\/wp\/v2\/users\/5"}],"replies":[{"embeddable":true,"href":"https:\/\/tribunademinas.audiencelabs.com.br\/wp-json\/wp\/v2\/comments?post=3126"}],"version-history":[{"count":2,"href":"https:\/\/tribunademinas.audiencelabs.com.br\/wp-json\/wp\/v2\/posts\/3126\/revisions"}],"predecessor-version":[{"id":3130,"href":"https:\/\/tribunademinas.audiencelabs.com.br\/wp-json\/wp\/v2\/posts\/3126\/revisions\/3130"}],"wp:featuredmedia":[{"embeddable":true,"href":"https:\/\/tribunademinas.audiencelabs.com.br\/wp-json\/wp\/v2\/media\/3127"}],"wp:attachment":[{"href":"https:\/\/tribunademinas.audiencelabs.com.br\/wp-json\/wp\/v2\/media?parent=3126"}],"wp:term":[{"taxonomy":"category","embeddable":true,"href":"https:\/\/tribunademinas.audiencelabs.com.br\/wp-json\/wp\/v2\/categories?post=3126"},{"taxonomy":"post_tag","embeddable":true,"href":"https:\/\/tribunademinas.audiencelabs.com.br\/wp-json\/wp\/v2\/tags?post=3126"}],"curies":[{"name":"wp","href":"https:\/\/api.w.org\/{rel}","templated":true}]}}