{"id":3060,"date":"2025-10-27T09:45:00","date_gmt":"2025-10-27T12:45:00","guid":{"rendered":"https:\/\/tribunademinas.audiencelabs.com.br\/?p=3060"},"modified":"2025-10-24T17:51:39","modified_gmt":"2025-10-24T20:51:39","slug":"governo-tem-arrecadacao-recorde-de-r-216-bi-em-setembro","status":"publish","type":"post","link":"https:\/\/tribunademinas.audiencelabs.com.br\/governo-tem-arrecadacao-recorde-de-r-216-bi-em-setembro\/","title":{"rendered":"Governo tem arrecada\u00e7\u00e3o recorde de R$ 216 bi em setembro"},"content":{"rendered":"\n<p>A <a href=\"https:\/\/tribunademinas.com.br\/colunas\/dinheiroecidadania\/alerta-do-gov-br-sobre-receita-federal-para-todos-que-fazem-transacoes-via-pix\/\"><strong>Receita Federal<\/strong><\/a> divulgou na \u00faltima quinta-feira (23) que o governo federal alcan\u00e7ou, em setembro de 2025, o maior volume de arrecada\u00e7\u00e3o para o m\u00eas nos \u00faltimos 25 anos. <\/p>\n\n\n\n<p>No total, foram recolhidos R$ 216,7 bilh\u00f5es em tributos e contribui\u00e7\u00f5es, valor que representa um crescimento real de 1,43% em compara\u00e7\u00e3o com o mesmo m\u00eas de 2024. <\/p>\n\n\n\n<p>No acumulado do ano, de janeiro a setembro, o resultado tamb\u00e9m foi hist\u00f3rico: R$ 2,1 trilh\u00f5es, corrigidos pela infla\u00e7\u00e3o, o que representa um avan\u00e7o real de 3,49% frente ao mesmo per\u00edodo do ano anterior.<\/p>\n\n\n\n<h2 class=\"wp-block-heading\">Governo tem arrecada\u00e7\u00e3o recorde de R$ 216 bi em setembro<\/h2>\n\n\n\n<p>Esse desempenho expressivo \u00e9 atribu\u00eddo, em parte, \u00e0 alta na arrecada\u00e7\u00e3o de impostos como o IOF (Imposto sobre Opera\u00e7\u00f5es Financeiras), que sozinho gerou R$ 8,4 bilh\u00f5es em setembro.<\/p>\n\n\n\n<p>Esse montante representa um salto de 33,42% em termos reais, impulsionado por mudan\u00e7as recentes na legisla\u00e7\u00e3o que elevaram a tributa\u00e7\u00e3o sobre opera\u00e7\u00f5es de cr\u00e9dito e movimenta\u00e7\u00f5es com moeda estrangeira. <\/p>\n\n\n\n<p>A Receita aponta que o crescimento se deve principalmente ao aumento das opera\u00e7\u00f5es de cr\u00e9dito com empresas e \u00e0 sa\u00edda de recursos do pa\u00eds, ambos afetados diretamente pelas novas regras.<\/p>\n\n\n\n<p>Al\u00e9m disso, a arrecada\u00e7\u00e3o previdenci\u00e1ria tamb\u00e9m apresentou resultado positivo, atingindo R$ 58,1 bilh\u00f5es no m\u00eas. O crescimento de 1,49% nessa categoria \u00e9 explicado pelo aumento real da massa salarial em 6,66%, reflexo do aquecimento do mercado de trabalho. <\/p>\n\n\n\n<p>Por outro lado, a Receita destaca que parte da base de compara\u00e7\u00e3o foi influenciada por fatores extraordin\u00e1rios ocorridos em 2024, como eventos clim\u00e1ticos e mudan\u00e7as tempor\u00e1rias na legisla\u00e7\u00e3o.<\/p>\n\n\n\n<h3 class=\"wp-block-heading\">Governo quer cumprir meta fiscal de 2025 e conta com arrecada\u00e7\u00e3o para isso<\/h3>\n\n\n\n<p>Sem considerar os efeitos pontuais, os chamados pagamentos at\u00edpicos, o crescimento real da arrecada\u00e7\u00e3o teria sido ainda maior: 3,73% em setembro e 4,86% no acumulado do ano. <\/p>\n\n\n\n<p>Isso indica uma tend\u00eancia de fortalecimento estrutural da receita federal, e n\u00e3o apenas um efeito passageiro de fatores excepcionais.<\/p>\n\n\n\n<p>O governo aposta nesse bom desempenho como um trunfo para tentar atingir a meta fiscal de 2025, que prev\u00ea zerar o d\u00e9ficit nas contas p\u00fablicas. <\/p>\n\n\n\n<p>Apesar da possibilidade de um d\u00e9ficit de at\u00e9 0,25% do PIB, previsto como margem de toler\u00e2ncia, o avan\u00e7o da arrecada\u00e7\u00e3o refor\u00e7a a estrat\u00e9gia de equil\u00edbrio fiscal. <\/p>\n\n\n\n<p>Para 2026, a meta \u00e9 ainda mais ambiciosa: alcan\u00e7ar super\u00e1vit prim\u00e1rio de 0,25% do PIB, o que depender\u00e1, mais uma vez, da amplia\u00e7\u00e3o da base de receitas.<\/p>\n\n\n\n<p><\/p>\n","protected":false},"excerpt":{"rendered":"<p>A Receita Federal divulgou na \u00faltima quinta-feira (23) que o governo federal alcan\u00e7ou, em setembro de 2025, o maior volume de arrecada\u00e7\u00e3o para o m\u00eas nos \u00faltimos 25 anos. No total, foram recolhidos R$ 216,7 bilh\u00f5es em tributos e contribui\u00e7\u00f5es, valor que representa um crescimento real de 1,43% em compara\u00e7\u00e3o com o mesmo m\u00eas de [&hellip;]<\/p>\n","protected":false},"author":5,"featured_media":3061,"comment_status":"open","ping_status":"open","sticky":false,"template":"","format":"standard","meta":{"jnews-multi-image_gallery":[],"jnews_single_post":{"format":"standard"},"jnews_primary_category":[],"jnews_social_meta":[],"jnews_post_split":[],"footnotes":""},"categories":[1],"tags":[],"class_list":["post-3060","post","type-post","status-publish","format-standard","has-post-thumbnail","hentry","category-dinheiro"],"yoast_head":"<!-- This site is optimized with the Yoast SEO plugin v25.6 - https:\/\/yoast.com\/wordpress\/plugins\/seo\/ -->\n<title>Governo tem arrecada\u00e7\u00e3o recorde de R$ 216 bi em setembro<\/title>\n<meta name=\"description\" content=\"A Receita Federal divulgou que o governo federal alcan\u00e7ou, em setembro de 2025, o maior volume de arrecada\u00e7\u00e3o para o m\u00eas nos \u00faltimos 25 anos.\" \/>\n<meta name=\"robots\" content=\"index, follow, max-snippet:-1, max-image-preview:large, max-video-preview:-1\" \/>\n<link rel=\"canonical\" href=\"https:\/\/tribunademinas.audiencelabs.com.br\/governo-tem-arrecadacao-recorde-de-r-216-bi-em-setembro\/\" \/>\n<meta property=\"og:locale\" content=\"pt_BR\" \/>\n<meta property=\"og:type\" content=\"article\" \/>\n<meta property=\"og:title\" content=\"Governo tem arrecada\u00e7\u00e3o recorde de R$ 216 bi em setembro\" \/>\n<meta property=\"og:description\" content=\"A Receita Federal divulgou que o governo federal alcan\u00e7ou, em setembro de 2025, o maior volume de arrecada\u00e7\u00e3o para o m\u00eas nos \u00faltimos 25 anos.\" \/>\n<meta property=\"og:url\" content=\"https:\/\/tribunademinas.audiencelabs.com.br\/governo-tem-arrecadacao-recorde-de-r-216-bi-em-setembro\/\" \/>\n<meta property=\"og:site_name\" content=\"Tribuna de Minas - Dinheiro e Cidadania\" \/>\n<meta property=\"article:publisher\" content=\"https:\/\/www.facebook.com\/tribunademinas\/\" \/>\n<meta property=\"article:published_time\" content=\"2025-10-27T12:45:00+00:00\" \/>\n<meta property=\"og:image\" content=\"https:\/\/tribunademinas.audiencelabs.com.br\/wp-content\/uploads\/2025\/10\/governo.webp\" \/>\n\t<meta property=\"og:image:width\" content=\"1170\" \/>\n\t<meta property=\"og:image:height\" content=\"700\" \/>\n\t<meta property=\"og:image:type\" content=\"image\/webp\" \/>\n<meta name=\"author\" content=\"Jeferson Carvalho\" \/>\n<meta name=\"twitter:card\" content=\"summary_large_image\" \/>\n<meta name=\"twitter:creator\" content=\"@tribunademinas\" \/>\n<meta name=\"twitter:site\" content=\"@tribunademinas\" \/>\n<meta name=\"twitter:label1\" content=\"Escrito por\" \/>\n\t<meta name=\"twitter:data1\" content=\"Jeferson Carvalho\" \/>\n\t<meta name=\"twitter:label2\" content=\"Est. tempo de leitura\" \/>\n\t<meta name=\"twitter:data2\" content=\"3 minutos\" \/>\n<!-- \/ Yoast SEO plugin. -->","yoast_head_json":{"title":"Governo tem arrecada\u00e7\u00e3o recorde de R$ 216 bi em setembro","description":"A Receita Federal divulgou que o governo federal alcan\u00e7ou, em setembro de 2025, o maior volume de arrecada\u00e7\u00e3o para o m\u00eas nos \u00faltimos 25 anos.","robots":{"index":"index","follow":"follow","max-snippet":"max-snippet:-1","max-image-preview":"max-image-preview:large","max-video-preview":"max-video-preview:-1"},"canonical":"https:\/\/tribunademinas.audiencelabs.com.br\/governo-tem-arrecadacao-recorde-de-r-216-bi-em-setembro\/","og_locale":"pt_BR","og_type":"article","og_title":"Governo tem arrecada\u00e7\u00e3o recorde de R$ 216 bi em setembro","og_description":"A Receita Federal divulgou que o governo federal alcan\u00e7ou, em setembro de 2025, o maior volume de arrecada\u00e7\u00e3o para o m\u00eas nos \u00faltimos 25 anos.","og_url":"https:\/\/tribunademinas.audiencelabs.com.br\/governo-tem-arrecadacao-recorde-de-r-216-bi-em-setembro\/","og_site_name":"Tribuna de Minas - Dinheiro e Cidadania","article_publisher":"https:\/\/www.facebook.com\/tribunademinas\/","article_published_time":"2025-10-27T12:45:00+00:00","og_image":[{"width":1170,"height":700,"url":"https:\/\/tribunademinas.audiencelabs.com.br\/wp-content\/uploads\/2025\/10\/governo.webp","type":"image\/webp"}],"author":"Jeferson Carvalho","twitter_card":"summary_large_image","twitter_creator":"@tribunademinas","twitter_site":"@tribunademinas","twitter_misc":{"Escrito por":"Jeferson Carvalho","Est. tempo de leitura":"3 minutos"},"schema":{"@context":"https:\/\/schema.org","@graph":[{"@type":"Article","@id":"https:\/\/tribunademinas.audiencelabs.com.br\/governo-tem-arrecadacao-recorde-de-r-216-bi-em-setembro\/#article","isPartOf":{"@id":"https:\/\/tribunademinas.audiencelabs.com.br\/governo-tem-arrecadacao-recorde-de-r-216-bi-em-setembro\/"},"author":{"name":"Jeferson Carvalho","@id":"https:\/\/tribunademinas.audiencelabs.com.br\/#\/schema\/person\/db18fc40307804bacef94213aa68fd9d"},"headline":"Governo tem arrecada\u00e7\u00e3o recorde de R$ 216 bi em setembro","datePublished":"2025-10-27T12:45:00+00:00","mainEntityOfPage":{"@id":"https:\/\/tribunademinas.audiencelabs.com.br\/governo-tem-arrecadacao-recorde-de-r-216-bi-em-setembro\/"},"wordCount":431,"commentCount":0,"publisher":{"@id":"https:\/\/tribunademinas.audiencelabs.com.br\/#organization"},"image":{"@id":"https:\/\/tribunademinas.audiencelabs.com.br\/governo-tem-arrecadacao-recorde-de-r-216-bi-em-setembro\/#primaryimage"},"thumbnailUrl":"https:\/\/tribunademinas.audiencelabs.com.br\/wp-content\/uploads\/2025\/10\/governo.webp","articleSection":["Dinheiro"],"inLanguage":"pt-BR","potentialAction":[{"@type":"CommentAction","name":"Comment","target":["https:\/\/tribunademinas.audiencelabs.com.br\/governo-tem-arrecadacao-recorde-de-r-216-bi-em-setembro\/#respond"]}]},{"@type":"WebPage","@id":"https:\/\/tribunademinas.audiencelabs.com.br\/governo-tem-arrecadacao-recorde-de-r-216-bi-em-setembro\/","url":"https:\/\/tribunademinas.audiencelabs.com.br\/governo-tem-arrecadacao-recorde-de-r-216-bi-em-setembro\/","name":"Governo tem arrecada\u00e7\u00e3o recorde de R$ 216 bi em setembro","isPartOf":{"@id":"https:\/\/tribunademinas.audiencelabs.com.br\/#website"},"primaryImageOfPage":{"@id":"https:\/\/tribunademinas.audiencelabs.com.br\/governo-tem-arrecadacao-recorde-de-r-216-bi-em-setembro\/#primaryimage"},"image":{"@id":"https:\/\/tribunademinas.audiencelabs.com.br\/governo-tem-arrecadacao-recorde-de-r-216-bi-em-setembro\/#primaryimage"},"thumbnailUrl":"https:\/\/tribunademinas.audiencelabs.com.br\/wp-content\/uploads\/2025\/10\/governo.webp","datePublished":"2025-10-27T12:45:00+00:00","description":"A Receita Federal divulgou que o governo federal alcan\u00e7ou, em setembro de 2025, o maior volume de arrecada\u00e7\u00e3o para o m\u00eas nos \u00faltimos 25 anos.","breadcrumb":{"@id":"https:\/\/tribunademinas.audiencelabs.com.br\/governo-tem-arrecadacao-recorde-de-r-216-bi-em-setembro\/#breadcrumb"},"inLanguage":"pt-BR","potentialAction":[{"@type":"ReadAction","target":["https:\/\/tribunademinas.audiencelabs.com.br\/governo-tem-arrecadacao-recorde-de-r-216-bi-em-setembro\/"]}]},{"@type":"ImageObject","inLanguage":"pt-BR","@id":"https:\/\/tribunademinas.audiencelabs.com.br\/governo-tem-arrecadacao-recorde-de-r-216-bi-em-setembro\/#primaryimage","url":"https:\/\/tribunademinas.audiencelabs.com.br\/wp-content\/uploads\/2025\/10\/governo.webp","contentUrl":"https:\/\/tribunademinas.audiencelabs.com.br\/wp-content\/uploads\/2025\/10\/governo.webp","width":1170,"height":700,"caption":"Governo tem arrecada\u00e7\u00e3o recorde de R$ 216 bi em setembro - Imagem: Jos\u00e9 Cruz\/Ag\u00eancia Brasil"},{"@type":"BreadcrumbList","@id":"https:\/\/tribunademinas.audiencelabs.com.br\/governo-tem-arrecadacao-recorde-de-r-216-bi-em-setembro\/#breadcrumb","itemListElement":[{"@type":"ListItem","position":1,"name":"In\u00edcio","item":"https:\/\/tribunademinas.audiencelabs.com.br\/"},{"@type":"ListItem","position":2,"name":"Governo tem arrecada\u00e7\u00e3o recorde de R$ 216 bi em setembro"}]},{"@type":"WebSite","@id":"https:\/\/tribunademinas.audiencelabs.com.br\/#website","url":"https:\/\/tribunademinas.audiencelabs.com.br\/","name":"Tribuna de Minas - Dinheiro e Cidadania","description":"","publisher":{"@id":"https:\/\/tribunademinas.audiencelabs.com.br\/#organization"},"potentialAction":[{"@type":"SearchAction","target":{"@type":"EntryPoint","urlTemplate":"https:\/\/tribunademinas.audiencelabs.com.br\/?s={search_term_string}"},"query-input":{"@type":"PropertyValueSpecification","valueRequired":true,"valueName":"search_term_string"}}],"inLanguage":"pt-BR"},{"@type":"Organization","@id":"https:\/\/tribunademinas.audiencelabs.com.br\/#organization","name":"Tribuna de Minas - Dinheiro e Cidadania","url":"https:\/\/tribunademinas.audiencelabs.com.br\/","logo":{"@type":"ImageObject","inLanguage":"pt-BR","@id":"https:\/\/tribunademinas.audiencelabs.com.br\/#\/schema\/logo\/image\/","url":"https:\/\/tribunademinas.audiencelabs.com.br\/wp-content\/uploads\/2025\/08\/cropped-Tribuna_512x512-96x96-1.png","contentUrl":"https:\/\/tribunademinas.audiencelabs.com.br\/wp-content\/uploads\/2025\/08\/cropped-Tribuna_512x512-96x96-1.png","width":96,"height":96,"caption":"Tribuna de Minas - Dinheiro e Cidadania"},"image":{"@id":"https:\/\/tribunademinas.audiencelabs.com.br\/#\/schema\/logo\/image\/"},"sameAs":["https:\/\/www.facebook.com\/tribunademinas\/","https:\/\/x.com\/tribunademinas","https:\/\/www.instagram.com\/tribunademinas\/","https:\/\/www.youtube.com\/user\/TribunadeMinasJF"]},{"@type":"Person","@id":"https:\/\/tribunademinas.audiencelabs.com.br\/#\/schema\/person\/db18fc40307804bacef94213aa68fd9d","name":"Jeferson Carvalho","image":{"@type":"ImageObject","inLanguage":"pt-BR","@id":"https:\/\/tribunademinas.audiencelabs.com.br\/#\/schema\/person\/image\/","url":"https:\/\/secure.gravatar.com\/avatar\/cd7646e328d9670dad7dea8698522e522745eeffcff5b9d08be858e377ce326b?s=96&d=mm&r=g","contentUrl":"https:\/\/secure.gravatar.com\/avatar\/cd7646e328d9670dad7dea8698522e522745eeffcff5b9d08be858e377ce326b?s=96&d=mm&r=g","caption":"Jeferson Carvalho"},"description":"Jornalista apaixonado pela profiss\u00e3o!","url":"https:\/\/tribunademinas.audiencelabs.com.br\/author\/jeferson\/"}]}},"amp_enabled":true,"_links":{"self":[{"href":"https:\/\/tribunademinas.audiencelabs.com.br\/wp-json\/wp\/v2\/posts\/3060","targetHints":{"allow":["GET"]}}],"collection":[{"href":"https:\/\/tribunademinas.audiencelabs.com.br\/wp-json\/wp\/v2\/posts"}],"about":[{"href":"https:\/\/tribunademinas.audiencelabs.com.br\/wp-json\/wp\/v2\/types\/post"}],"author":[{"embeddable":true,"href":"https:\/\/tribunademinas.audiencelabs.com.br\/wp-json\/wp\/v2\/users\/5"}],"replies":[{"embeddable":true,"href":"https:\/\/tribunademinas.audiencelabs.com.br\/wp-json\/wp\/v2\/comments?post=3060"}],"version-history":[{"count":1,"href":"https:\/\/tribunademinas.audiencelabs.com.br\/wp-json\/wp\/v2\/posts\/3060\/revisions"}],"predecessor-version":[{"id":3063,"href":"https:\/\/tribunademinas.audiencelabs.com.br\/wp-json\/wp\/v2\/posts\/3060\/revisions\/3063"}],"wp:featuredmedia":[{"embeddable":true,"href":"https:\/\/tribunademinas.audiencelabs.com.br\/wp-json\/wp\/v2\/media\/3061"}],"wp:attachment":[{"href":"https:\/\/tribunademinas.audiencelabs.com.br\/wp-json\/wp\/v2\/media?parent=3060"}],"wp:term":[{"taxonomy":"category","embeddable":true,"href":"https:\/\/tribunademinas.audiencelabs.com.br\/wp-json\/wp\/v2\/categories?post=3060"},{"taxonomy":"post_tag","embeddable":true,"href":"https:\/\/tribunademinas.audiencelabs.com.br\/wp-json\/wp\/v2\/tags?post=3060"}],"curies":[{"name":"wp","href":"https:\/\/api.w.org\/{rel}","templated":true}]}}