{"id":3032,"date":"2025-10-27T16:00:00","date_gmt":"2025-10-27T19:00:00","guid":{"rendered":"https:\/\/tribunademinas.audiencelabs.com.br\/?p=3032"},"modified":"2025-10-24T16:11:11","modified_gmt":"2025-10-24T19:11:11","slug":"esses-trabalhadores-receberao-salarios-de-outubro-entre-os-dias-29-e-31","status":"publish","type":"post","link":"https:\/\/tribunademinas.audiencelabs.com.br\/esses-trabalhadores-receberao-salarios-de-outubro-entre-os-dias-29-e-31\/","title":{"rendered":"Esses trabalhadores receber\u00e3o sal\u00e1rios de outubro entre os dias 29 e 31"},"content":{"rendered":"\n<p>Geralmente, ao t\u00e9rmino de um m\u00eas, uma grande parcela dos trabalhadores brasileiros inicia a contagem regressiva pelo pr\u00f3ximo pagamento, o qual \u00e9 efetuado, na maioria dos casos, no quinto dia \u00fatil do m\u00eas seguinte.<\/p>\n\n\n\n<p>Contudo, os \u00faltimos dias de outubro est\u00e3o sendo amplamente aguardado pelos<strong> servidores p\u00fablicos estaduais do Par\u00e1<\/strong>, considerando que os sal\u00e1rios referentes ao per\u00edodo come\u00e7ar\u00e3o a ser depositados a partir desta quarta-feira (29).<\/p>\n\n\n\n<p>As datas de pagamento foram programadas pela Secretaria de Estado de Planejamento e Administra\u00e7\u00e3o (Seplad). E de acordo com o que foi divulgado, os dep\u00f3sitos est\u00e3o previstos para ocorrer at\u00e9 o dia 31.<\/p>\n\n\n\n<p>Vale destacar que, ao longo dos tr\u00eas dias, diferentes classes de servidores ser\u00e3o favorecidas. Al\u00e9m disso, o cronograma divulgado contemplar\u00e1 tamb\u00e9m at\u00e9 mesmo os aposentados e pensionistas, sejam eles civis ou militares.<\/p>\n\n\n\n<h2 class=\"wp-block-heading\">Calend\u00e1rio de pagamento: confira o planejamento de outubro para os servidores<\/h2>\n\n\n\n<p>Conforme divulgado pelo portal <em>DOL<\/em>, os primeiros pagamentos a serem efetuados beneficiar\u00e3o cidad\u00e3os relacionados \u00e0 Seplad. J\u00e1 os demais servidores, incluindo aqueles vinculados \u00e0 Secretaria de Estado da Educa\u00e7\u00e3o (Seduc), tanto da capital quanto do interior, receber\u00e3o seus pagamentos em datas posteriores. Confira o calend\u00e1rio completo abaixo:<\/p>\n\n\n\n<ul class=\"wp-block-list\">\n<li><strong>Dia 29 (quarta-feira):<\/strong> militares inativos, aposentados civis, pensionistas civis e militares e benefici\u00e1rios de pens\u00f5es especiais da Seplad;<\/li>\n\n\n\n<li><strong>Dia 30 (quinta-feira):<\/strong> servidores da\u00a0Controladoria Geral, Vice-Governadoria, Casa Civil, Casa Militar, Procuradoria Geral, Defensoria P\u00fablica, Sedap, Sectet, Sefa, Seplad, Semas, Secult, Seel, Sedeme, Seju, Sedop, Sespa, Seaster, Setran, Secom, Setur, Seac, Semu, Seaf, Sepi, Seirdh, Secir, NGTM, NEPMV, NGPR, Artran, NGPM, Fadep, Corpo De Bombeiros, Pol\u00edcia Civil, Pol\u00edcia Militar, Segup, Adepar\u00e1, Arcon, Codec, Ceasa, Cohab, PCE\/PA, Detran, Egpa, Emater, FCG, FCP, Fasepa, Funtelpa, Fapespa, Hospital De Cl\u00ednicas, Hospital Ophir Loyola, Funda\u00e7\u00e3o Hemopa, Santa Casa De Miseric\u00f3rdia, Imetropar\u00e1, Iasep, Igepps, IOE, Iterpa, Jucepa, Prodepa, Seap, Uepa, Ideflor-Bio, Cph, e Funda\u00e7\u00e3o Par\u00e1paz.<\/li>\n\n\n\n<li><strong>Dia 31 (sexta-feira):<\/strong> servidores da Seduc (capital e interior).<\/li>\n<\/ul>\n","protected":false},"excerpt":{"rendered":"<p>Geralmente, ao t\u00e9rmino de um m\u00eas, uma grande parcela dos trabalhadores brasileiros inicia a contagem regressiva pelo pr\u00f3ximo pagamento, o qual \u00e9 efetuado, na maioria dos casos, no quinto dia \u00fatil do m\u00eas seguinte. Contudo, os \u00faltimos dias de outubro est\u00e3o sendo amplamente aguardado pelos servidores p\u00fablicos estaduais do Par\u00e1, considerando que os sal\u00e1rios referentes [&hellip;]<\/p>\n","protected":false},"author":3,"featured_media":3033,"comment_status":"open","ping_status":"open","sticky":false,"template":"","format":"standard","meta":{"jnews-multi-image_gallery":[],"jnews_single_post":{"format":"standard"},"jnews_primary_category":[],"jnews_social_meta":[],"jnews_post_split":[],"footnotes":""},"categories":[1],"tags":[],"class_list":["post-3032","post","type-post","status-publish","format-standard","has-post-thumbnail","hentry","category-dinheiro"],"yoast_head":"<!-- This site is optimized with the Yoast SEO plugin v25.6 - https:\/\/yoast.com\/wordpress\/plugins\/seo\/ -->\n<title>Esses trabalhadores receber\u00e3o sal\u00e1rios de outubro entre os dias 29 e 31<\/title>\n<meta name=\"robots\" content=\"index, follow, max-snippet:-1, max-image-preview:large, max-video-preview:-1\" \/>\n<link rel=\"canonical\" href=\"https:\/\/tribunademinas.audiencelabs.com.br\/esses-trabalhadores-receberao-salarios-de-outubro-entre-os-dias-29-e-31\/\" \/>\n<meta property=\"og:locale\" content=\"pt_BR\" \/>\n<meta property=\"og:type\" content=\"article\" \/>\n<meta property=\"og:title\" content=\"Esses trabalhadores receber\u00e3o sal\u00e1rios de outubro entre os dias 29 e 31\" \/>\n<meta property=\"og:description\" content=\"Geralmente, ao t\u00e9rmino de um m\u00eas, uma grande parcela dos trabalhadores brasileiros inicia a contagem regressiva pelo pr\u00f3ximo pagamento, o qual \u00e9 efetuado, na maioria dos casos, no quinto dia \u00fatil do m\u00eas seguinte. Contudo, os \u00faltimos dias de outubro est\u00e3o sendo amplamente aguardado pelos servidores p\u00fablicos estaduais do Par\u00e1, considerando que os sal\u00e1rios referentes [&hellip;]\" \/>\n<meta property=\"og:url\" content=\"https:\/\/tribunademinas.audiencelabs.com.br\/esses-trabalhadores-receberao-salarios-de-outubro-entre-os-dias-29-e-31\/\" \/>\n<meta property=\"og:site_name\" content=\"Tribuna de Minas - Dinheiro e Cidadania\" \/>\n<meta property=\"article:publisher\" content=\"https:\/\/www.facebook.com\/tribunademinas\/\" \/>\n<meta property=\"article:published_time\" content=\"2025-10-27T19:00:00+00:00\" \/>\n<meta property=\"og:image\" content=\"https:\/\/tribunademinas.audiencelabs.com.br\/wp-content\/uploads\/2025\/10\/trabalhadores-receberao-salarios-outubro-entre-dias-29-e-31.webp\" \/>\n\t<meta property=\"og:image:width\" content=\"1280\" \/>\n\t<meta property=\"og:image:height\" content=\"720\" \/>\n\t<meta property=\"og:image:type\" content=\"image\/webp\" \/>\n<meta name=\"author\" content=\"Jo\u00e3o Carlos Gomes\" \/>\n<meta name=\"twitter:card\" content=\"summary_large_image\" \/>\n<meta name=\"twitter:creator\" content=\"@tribunademinas\" \/>\n<meta name=\"twitter:site\" content=\"@tribunademinas\" \/>\n<meta name=\"twitter:label1\" content=\"Escrito por\" \/>\n\t<meta name=\"twitter:data1\" content=\"Jo\u00e3o Carlos Gomes\" \/>\n\t<meta name=\"twitter:label2\" content=\"Est. tempo de leitura\" \/>\n\t<meta name=\"twitter:data2\" content=\"2 minutos\" \/>\n<!-- \/ Yoast SEO plugin. -->","yoast_head_json":{"title":"Esses trabalhadores receber\u00e3o sal\u00e1rios de outubro entre os dias 29 e 31","robots":{"index":"index","follow":"follow","max-snippet":"max-snippet:-1","max-image-preview":"max-image-preview:large","max-video-preview":"max-video-preview:-1"},"canonical":"https:\/\/tribunademinas.audiencelabs.com.br\/esses-trabalhadores-receberao-salarios-de-outubro-entre-os-dias-29-e-31\/","og_locale":"pt_BR","og_type":"article","og_title":"Esses trabalhadores receber\u00e3o sal\u00e1rios de outubro entre os dias 29 e 31","og_description":"Geralmente, ao t\u00e9rmino de um m\u00eas, uma grande parcela dos trabalhadores brasileiros inicia a contagem regressiva pelo pr\u00f3ximo pagamento, o qual \u00e9 efetuado, na maioria dos casos, no quinto dia \u00fatil do m\u00eas seguinte. Contudo, os \u00faltimos dias de outubro est\u00e3o sendo amplamente aguardado pelos servidores p\u00fablicos estaduais do Par\u00e1, considerando que os sal\u00e1rios referentes [&hellip;]","og_url":"https:\/\/tribunademinas.audiencelabs.com.br\/esses-trabalhadores-receberao-salarios-de-outubro-entre-os-dias-29-e-31\/","og_site_name":"Tribuna de Minas - Dinheiro e Cidadania","article_publisher":"https:\/\/www.facebook.com\/tribunademinas\/","article_published_time":"2025-10-27T19:00:00+00:00","og_image":[{"width":1280,"height":720,"url":"https:\/\/tribunademinas.audiencelabs.com.br\/wp-content\/uploads\/2025\/10\/trabalhadores-receberao-salarios-outubro-entre-dias-29-e-31.webp","type":"image\/webp"}],"author":"Jo\u00e3o Carlos Gomes","twitter_card":"summary_large_image","twitter_creator":"@tribunademinas","twitter_site":"@tribunademinas","twitter_misc":{"Escrito por":"Jo\u00e3o Carlos Gomes","Est. tempo de leitura":"2 minutos"},"schema":{"@context":"https:\/\/schema.org","@graph":[{"@type":"Article","@id":"https:\/\/tribunademinas.audiencelabs.com.br\/esses-trabalhadores-receberao-salarios-de-outubro-entre-os-dias-29-e-31\/#article","isPartOf":{"@id":"https:\/\/tribunademinas.audiencelabs.com.br\/esses-trabalhadores-receberao-salarios-de-outubro-entre-os-dias-29-e-31\/"},"author":{"name":"Jo\u00e3o Carlos Gomes","@id":"https:\/\/tribunademinas.audiencelabs.com.br\/#\/schema\/person\/37af466a64a722fadb8ef6841c52114f"},"headline":"Esses trabalhadores receber\u00e3o sal\u00e1rios de outubro entre os dias 29 e 31","datePublished":"2025-10-27T19:00:00+00:00","mainEntityOfPage":{"@id":"https:\/\/tribunademinas.audiencelabs.com.br\/esses-trabalhadores-receberao-salarios-de-outubro-entre-os-dias-29-e-31\/"},"wordCount":345,"commentCount":0,"publisher":{"@id":"https:\/\/tribunademinas.audiencelabs.com.br\/#organization"},"image":{"@id":"https:\/\/tribunademinas.audiencelabs.com.br\/esses-trabalhadores-receberao-salarios-de-outubro-entre-os-dias-29-e-31\/#primaryimage"},"thumbnailUrl":"https:\/\/tribunademinas.audiencelabs.com.br\/wp-content\/uploads\/2025\/10\/trabalhadores-receberao-salarios-outubro-entre-dias-29-e-31.webp","articleSection":["Dinheiro"],"inLanguage":"pt-BR","potentialAction":[{"@type":"CommentAction","name":"Comment","target":["https:\/\/tribunademinas.audiencelabs.com.br\/esses-trabalhadores-receberao-salarios-de-outubro-entre-os-dias-29-e-31\/#respond"]}]},{"@type":"WebPage","@id":"https:\/\/tribunademinas.audiencelabs.com.br\/esses-trabalhadores-receberao-salarios-de-outubro-entre-os-dias-29-e-31\/","url":"https:\/\/tribunademinas.audiencelabs.com.br\/esses-trabalhadores-receberao-salarios-de-outubro-entre-os-dias-29-e-31\/","name":"Esses trabalhadores receber\u00e3o sal\u00e1rios de outubro entre os dias 29 e 31","isPartOf":{"@id":"https:\/\/tribunademinas.audiencelabs.com.br\/#website"},"primaryImageOfPage":{"@id":"https:\/\/tribunademinas.audiencelabs.com.br\/esses-trabalhadores-receberao-salarios-de-outubro-entre-os-dias-29-e-31\/#primaryimage"},"image":{"@id":"https:\/\/tribunademinas.audiencelabs.com.br\/esses-trabalhadores-receberao-salarios-de-outubro-entre-os-dias-29-e-31\/#primaryimage"},"thumbnailUrl":"https:\/\/tribunademinas.audiencelabs.com.br\/wp-content\/uploads\/2025\/10\/trabalhadores-receberao-salarios-outubro-entre-dias-29-e-31.webp","datePublished":"2025-10-27T19:00:00+00:00","breadcrumb":{"@id":"https:\/\/tribunademinas.audiencelabs.com.br\/esses-trabalhadores-receberao-salarios-de-outubro-entre-os-dias-29-e-31\/#breadcrumb"},"inLanguage":"pt-BR","potentialAction":[{"@type":"ReadAction","target":["https:\/\/tribunademinas.audiencelabs.com.br\/esses-trabalhadores-receberao-salarios-de-outubro-entre-os-dias-29-e-31\/"]}]},{"@type":"ImageObject","inLanguage":"pt-BR","@id":"https:\/\/tribunademinas.audiencelabs.com.br\/esses-trabalhadores-receberao-salarios-de-outubro-entre-os-dias-29-e-31\/#primaryimage","url":"https:\/\/tribunademinas.audiencelabs.com.br\/wp-content\/uploads\/2025\/10\/trabalhadores-receberao-salarios-outubro-entre-dias-29-e-31.webp","contentUrl":"https:\/\/tribunademinas.audiencelabs.com.br\/wp-content\/uploads\/2025\/10\/trabalhadores-receberao-salarios-outubro-entre-dias-29-e-31.webp","width":1280,"height":720,"caption":"Foto: Marcello Casal Jr\/Ag\u00eancia Brasil"},{"@type":"BreadcrumbList","@id":"https:\/\/tribunademinas.audiencelabs.com.br\/esses-trabalhadores-receberao-salarios-de-outubro-entre-os-dias-29-e-31\/#breadcrumb","itemListElement":[{"@type":"ListItem","position":1,"name":"In\u00edcio","item":"https:\/\/tribunademinas.audiencelabs.com.br\/"},{"@type":"ListItem","position":2,"name":"Esses trabalhadores receber\u00e3o sal\u00e1rios de outubro entre os dias 29 e 31"}]},{"@type":"WebSite","@id":"https:\/\/tribunademinas.audiencelabs.com.br\/#website","url":"https:\/\/tribunademinas.audiencelabs.com.br\/","name":"Tribuna de Minas - Dinheiro e Cidadania","description":"","publisher":{"@id":"https:\/\/tribunademinas.audiencelabs.com.br\/#organization"},"potentialAction":[{"@type":"SearchAction","target":{"@type":"EntryPoint","urlTemplate":"https:\/\/tribunademinas.audiencelabs.com.br\/?s={search_term_string}"},"query-input":{"@type":"PropertyValueSpecification","valueRequired":true,"valueName":"search_term_string"}}],"inLanguage":"pt-BR"},{"@type":"Organization","@id":"https:\/\/tribunademinas.audiencelabs.com.br\/#organization","name":"Tribuna de Minas - Dinheiro e Cidadania","url":"https:\/\/tribunademinas.audiencelabs.com.br\/","logo":{"@type":"ImageObject","inLanguage":"pt-BR","@id":"https:\/\/tribunademinas.audiencelabs.com.br\/#\/schema\/logo\/image\/","url":"https:\/\/tribunademinas.audiencelabs.com.br\/wp-content\/uploads\/2025\/08\/cropped-Tribuna_512x512-96x96-1.png","contentUrl":"https:\/\/tribunademinas.audiencelabs.com.br\/wp-content\/uploads\/2025\/08\/cropped-Tribuna_512x512-96x96-1.png","width":96,"height":96,"caption":"Tribuna de Minas - Dinheiro e Cidadania"},"image":{"@id":"https:\/\/tribunademinas.audiencelabs.com.br\/#\/schema\/logo\/image\/"},"sameAs":["https:\/\/www.facebook.com\/tribunademinas\/","https:\/\/x.com\/tribunademinas","https:\/\/www.instagram.com\/tribunademinas\/","https:\/\/www.youtube.com\/user\/TribunadeMinasJF"]},{"@type":"Person","@id":"https:\/\/tribunademinas.audiencelabs.com.br\/#\/schema\/person\/37af466a64a722fadb8ef6841c52114f","name":"Jo\u00e3o Carlos Gomes","image":{"@type":"ImageObject","inLanguage":"pt-BR","@id":"https:\/\/tribunademinas.audiencelabs.com.br\/#\/schema\/person\/image\/","url":"https:\/\/secure.gravatar.com\/avatar\/4ce4672dbdd694b329cd6fdb51bee7d1409be1f0ff76a537e4c4a737b2c7d1a9?s=96&d=mm&r=g","contentUrl":"https:\/\/secure.gravatar.com\/avatar\/4ce4672dbdd694b329cd6fdb51bee7d1409be1f0ff76a537e4c4a737b2c7d1a9?s=96&d=mm&r=g","caption":"Jo\u00e3o Carlos Gomes"},"description":"Jornalista formado pelo Centro Universit\u00e1rio Carioca, apreciador da Bossa Nova ao Metal Extremo, criador de conte\u00fado e m\u00fasico independente nas horas vagas.","url":"https:\/\/tribunademinas.audiencelabs.com.br\/author\/joaoc-junior\/"}]}},"amp_enabled":true,"_links":{"self":[{"href":"https:\/\/tribunademinas.audiencelabs.com.br\/wp-json\/wp\/v2\/posts\/3032","targetHints":{"allow":["GET"]}}],"collection":[{"href":"https:\/\/tribunademinas.audiencelabs.com.br\/wp-json\/wp\/v2\/posts"}],"about":[{"href":"https:\/\/tribunademinas.audiencelabs.com.br\/wp-json\/wp\/v2\/types\/post"}],"author":[{"embeddable":true,"href":"https:\/\/tribunademinas.audiencelabs.com.br\/wp-json\/wp\/v2\/users\/3"}],"replies":[{"embeddable":true,"href":"https:\/\/tribunademinas.audiencelabs.com.br\/wp-json\/wp\/v2\/comments?post=3032"}],"version-history":[{"count":1,"href":"https:\/\/tribunademinas.audiencelabs.com.br\/wp-json\/wp\/v2\/posts\/3032\/revisions"}],"predecessor-version":[{"id":3039,"href":"https:\/\/tribunademinas.audiencelabs.com.br\/wp-json\/wp\/v2\/posts\/3032\/revisions\/3039"}],"wp:featuredmedia":[{"embeddable":true,"href":"https:\/\/tribunademinas.audiencelabs.com.br\/wp-json\/wp\/v2\/media\/3033"}],"wp:attachment":[{"href":"https:\/\/tribunademinas.audiencelabs.com.br\/wp-json\/wp\/v2\/media?parent=3032"}],"wp:term":[{"taxonomy":"category","embeddable":true,"href":"https:\/\/tribunademinas.audiencelabs.com.br\/wp-json\/wp\/v2\/categories?post=3032"},{"taxonomy":"post_tag","embeddable":true,"href":"https:\/\/tribunademinas.audiencelabs.com.br\/wp-json\/wp\/v2\/tags?post=3032"}],"curies":[{"name":"wp","href":"https:\/\/api.w.org\/{rel}","templated":true}]}}