{"id":3030,"date":"2025-10-24T15:54:38","date_gmt":"2025-10-24T18:54:38","guid":{"rendered":"https:\/\/tribunademinas.audiencelabs.com.br\/?p=3030"},"modified":"2025-10-24T15:54:44","modified_gmt":"2025-10-24T18:54:44","slug":"bradesco-aciona-ex-executivo-da-ambipar-em-disputa-judicial-relevante","status":"publish","type":"post","link":"https:\/\/tribunademinas.audiencelabs.com.br\/bradesco-aciona-ex-executivo-da-ambipar-em-disputa-judicial-relevante\/","title":{"rendered":"Bradesco aciona ex-executivo da Ambipar em disputa judicial relevante"},"content":{"rendered":"\n<p>O Bradesco iniciou uma ofensiva judicial contra Thiago da Costa Silva, ex-diretor de Integra\u00e7\u00e3o e Finan\u00e7as do Grupo Ambipar, no contexto de uma disputa que pode ter desdobramentos significativos para a gest\u00e3o e as finan\u00e7as da companhia. <\/p>\n\n\n\n<p>A a\u00e7\u00e3o, protocolada na 18\u00aa Vara C\u00edvel de S\u00e3o Paulo, busca impedir que o executivo se desfa\u00e7a de bens pessoais, diante da suspeita de que ele e outros membros da diretoria tenham cometido irregularidades cont\u00e1beis e contribu\u00eddo para a deteriora\u00e7\u00e3o financeira da empresa.<\/p>\n\n\n\n<h2 class=\"wp-block-heading\">Bradesco aciona ex-executivo da Ambipar em disputa judicial relevante<\/h2>\n\n\n\n<p>No processo, o Bradesco argumenta que h\u00e1 ind\u00edcios de fraude na contabilidade da Ambipar, especialmente na forma como a empresa declarou seu caixa. <\/p>\n\n\n\n<p>Segundo os advogados do <a href=\"https:\/\/tribunademinas.com.br\/colunas\/dinheiroecidadania\/fechamento-de-342-agencias-do-bradesco-causa-protestos-em-todo-brasil\/\"><strong>banco<\/strong><\/a>, a companhia teria inflado artificialmente sua liquidez ao contabilizar como \u201ccaixa\u201d valores alocados em um fundo de direitos credit\u00f3rios, o Fundo F\u00eanix, cuja liquidez e transpar\u00eancia s\u00e3o altamente question\u00e1veis. <\/p>\n\n\n\n<p>O fundo, controlado por empresas ligadas ao pr\u00f3prio grupo, teria sido usado para mascarar a real situa\u00e7\u00e3o financeira da Ambipar. <\/p>\n\n\n\n<p>A iniciativa jur\u00eddica do banco se baseia em um cr\u00e9dito superior a R$ 390 milh\u00f5es que tem a receber e, segundo o Bradesco, \u00e9 leg\u00edtimo acionar judicialmente os administradores quando h\u00e1 ind\u00edcios de que a personalidade jur\u00eddica da empresa foi usada para fins indevidos.<\/p>\n\n\n\n<p>Al\u00e9m de Silva, outros executivos da Ambipar tamb\u00e9m foram alvo de a\u00e7\u00f5es semelhantes movidas pelo banco em diferentes jurisdi\u00e7\u00f5es. A tentativa, segundo a Ambipar, \u00e9 de obter decis\u00f5es favor\u00e1veis em pelo menos uma comarca. <\/p>\n\n\n\n<p>A empresa, por sua vez, rebate as acusa\u00e7\u00f5es e afirma que o Bradesco tenta pressionar sua lideran\u00e7a com acusa\u00e7\u00f5es sem provas, tachando a narrativa do banco de \u201cfantasiosa\u201d.<\/p>\n\n\n\n<h3 class=\"wp-block-heading\">Mas por que o Bradesco est\u00e1 preocupado com a Ambipar?<\/h3>\n\n\n\n<p>O embate ocorre em meio a uma grave crise enfrentada pela Ambipar, que entrou com pedido de recupera\u00e7\u00e3o judicial no Brasil e nos Estados Unidos. <\/p>\n\n\n\n<p>A companhia, refer\u00eancia em gest\u00e3o ambiental, alega ter sido surpreendida por perdas em contratos de derivativos com o Deutsche Bank, o que resultou na sa\u00edda de seu ent\u00e3o diretor financeiro e em pedidos de antecipa\u00e7\u00e3o de vencimento por parte de credores. <\/p>\n\n\n\n<p>O temor de um colapso financeiro aumentou com a suspeita de que o caixa da empresa foi esvaziado ou manipulado. <\/p>\n\n\n\n<p>O impacto tamb\u00e9m foi sentido na bolsa: as a\u00e7\u00f5es da Ambipar despencaram quase 97% desde agosto, ficando abaixo de R$ 0,50, e a participa\u00e7\u00e3o acion\u00e1ria do controlador, T\u00e9rcio Borlenghi J\u00fanior, foi drasticamente reduzida ap\u00f3s execu\u00e7\u00f5es judiciais.<\/p>\n\n\n\n<p>A gravidade do caso acende o alerta entre credores e investidores, diante do risco de que a crise da Ambipar ultrapasse o campo empresarial e atinja diretamente seus gestores.<\/p>\n\n\n\n<p><\/p>\n","protected":false},"excerpt":{"rendered":"<p>O Bradesco iniciou uma ofensiva judicial contra Thiago da Costa Silva, ex-diretor de Integra\u00e7\u00e3o e Finan\u00e7as do Grupo Ambipar, no contexto de uma disputa que pode ter desdobramentos significativos para a gest\u00e3o e as finan\u00e7as da companhia. A a\u00e7\u00e3o, protocolada na 18\u00aa Vara C\u00edvel de S\u00e3o Paulo, busca impedir que o executivo se desfa\u00e7a de [&hellip;]<\/p>\n","protected":false},"author":5,"featured_media":3031,"comment_status":"open","ping_status":"open","sticky":false,"template":"","format":"standard","meta":{"jnews-multi-image_gallery":[],"jnews_single_post":{"format":"standard"},"jnews_primary_category":[],"jnews_social_meta":[],"jnews_post_split":[],"footnotes":""},"categories":[1],"tags":[],"class_list":["post-3030","post","type-post","status-publish","format-standard","has-post-thumbnail","hentry","category-dinheiro"],"yoast_head":"<!-- This site is optimized with the Yoast SEO plugin v25.6 - https:\/\/yoast.com\/wordpress\/plugins\/seo\/ -->\n<title>Bradesco aciona ex-executivo da Ambipar em disputa judicial relevante<\/title>\n<meta name=\"description\" content=\"O Bradesco iniciou uma ofensiva judicial contra Thiago da Costa Silva, ex-diretor de Integra\u00e7\u00e3o e Finan\u00e7as do Grupo Ambipar.\" \/>\n<meta name=\"robots\" content=\"index, follow, max-snippet:-1, max-image-preview:large, max-video-preview:-1\" \/>\n<link rel=\"canonical\" href=\"https:\/\/tribunademinas.audiencelabs.com.br\/bradesco-aciona-ex-executivo-da-ambipar-em-disputa-judicial-relevante\/\" \/>\n<meta property=\"og:locale\" content=\"pt_BR\" \/>\n<meta property=\"og:type\" content=\"article\" \/>\n<meta property=\"og:title\" content=\"Bradesco aciona ex-executivo da Ambipar em disputa judicial relevante\" \/>\n<meta property=\"og:description\" content=\"O Bradesco iniciou uma ofensiva judicial contra Thiago da Costa Silva, ex-diretor de Integra\u00e7\u00e3o e Finan\u00e7as do Grupo Ambipar.\" \/>\n<meta property=\"og:url\" content=\"https:\/\/tribunademinas.audiencelabs.com.br\/bradesco-aciona-ex-executivo-da-ambipar-em-disputa-judicial-relevante\/\" \/>\n<meta property=\"og:site_name\" content=\"Tribuna de Minas - Dinheiro e Cidadania\" \/>\n<meta property=\"article:publisher\" content=\"https:\/\/www.facebook.com\/tribunademinas\/\" \/>\n<meta property=\"article:published_time\" content=\"2025-10-24T18:54:38+00:00\" \/>\n<meta property=\"article:modified_time\" content=\"2025-10-24T18:54:44+00:00\" \/>\n<meta property=\"og:image\" content=\"https:\/\/tribunademinas.audiencelabs.com.br\/wp-content\/uploads\/2025\/10\/Bradesco.jpg\" \/>\n\t<meta property=\"og:image:width\" content=\"1920\" \/>\n\t<meta property=\"og:image:height\" content=\"1080\" \/>\n\t<meta property=\"og:image:type\" content=\"image\/jpeg\" \/>\n<meta name=\"author\" content=\"Jeferson Carvalho\" \/>\n<meta name=\"twitter:card\" content=\"summary_large_image\" \/>\n<meta name=\"twitter:creator\" content=\"@tribunademinas\" \/>\n<meta name=\"twitter:site\" content=\"@tribunademinas\" \/>\n<meta name=\"twitter:label1\" content=\"Escrito por\" \/>\n\t<meta name=\"twitter:data1\" content=\"Jeferson Carvalho\" \/>\n\t<meta name=\"twitter:label2\" content=\"Est. tempo de leitura\" \/>\n\t<meta name=\"twitter:data2\" content=\"3 minutos\" \/>\n<!-- \/ Yoast SEO plugin. -->","yoast_head_json":{"title":"Bradesco aciona ex-executivo da Ambipar em disputa judicial relevante","description":"O Bradesco iniciou uma ofensiva judicial contra Thiago da Costa Silva, ex-diretor de Integra\u00e7\u00e3o e Finan\u00e7as do Grupo Ambipar.","robots":{"index":"index","follow":"follow","max-snippet":"max-snippet:-1","max-image-preview":"max-image-preview:large","max-video-preview":"max-video-preview:-1"},"canonical":"https:\/\/tribunademinas.audiencelabs.com.br\/bradesco-aciona-ex-executivo-da-ambipar-em-disputa-judicial-relevante\/","og_locale":"pt_BR","og_type":"article","og_title":"Bradesco aciona ex-executivo da Ambipar em disputa judicial relevante","og_description":"O Bradesco iniciou uma ofensiva judicial contra Thiago da Costa Silva, ex-diretor de Integra\u00e7\u00e3o e Finan\u00e7as do Grupo Ambipar.","og_url":"https:\/\/tribunademinas.audiencelabs.com.br\/bradesco-aciona-ex-executivo-da-ambipar-em-disputa-judicial-relevante\/","og_site_name":"Tribuna de Minas - Dinheiro e Cidadania","article_publisher":"https:\/\/www.facebook.com\/tribunademinas\/","article_published_time":"2025-10-24T18:54:38+00:00","article_modified_time":"2025-10-24T18:54:44+00:00","og_image":[{"width":1920,"height":1080,"url":"https:\/\/tribunademinas.audiencelabs.com.br\/wp-content\/uploads\/2025\/10\/Bradesco.jpg","type":"image\/jpeg"}],"author":"Jeferson Carvalho","twitter_card":"summary_large_image","twitter_creator":"@tribunademinas","twitter_site":"@tribunademinas","twitter_misc":{"Escrito por":"Jeferson Carvalho","Est. tempo de leitura":"3 minutos"},"schema":{"@context":"https:\/\/schema.org","@graph":[{"@type":"Article","@id":"https:\/\/tribunademinas.audiencelabs.com.br\/bradesco-aciona-ex-executivo-da-ambipar-em-disputa-judicial-relevante\/#article","isPartOf":{"@id":"https:\/\/tribunademinas.audiencelabs.com.br\/bradesco-aciona-ex-executivo-da-ambipar-em-disputa-judicial-relevante\/"},"author":{"name":"Jeferson Carvalho","@id":"https:\/\/tribunademinas.audiencelabs.com.br\/#\/schema\/person\/db18fc40307804bacef94213aa68fd9d"},"headline":"Bradesco aciona ex-executivo da Ambipar em disputa judicial relevante","datePublished":"2025-10-24T18:54:38+00:00","dateModified":"2025-10-24T18:54:44+00:00","mainEntityOfPage":{"@id":"https:\/\/tribunademinas.audiencelabs.com.br\/bradesco-aciona-ex-executivo-da-ambipar-em-disputa-judicial-relevante\/"},"wordCount":484,"commentCount":0,"publisher":{"@id":"https:\/\/tribunademinas.audiencelabs.com.br\/#organization"},"image":{"@id":"https:\/\/tribunademinas.audiencelabs.com.br\/bradesco-aciona-ex-executivo-da-ambipar-em-disputa-judicial-relevante\/#primaryimage"},"thumbnailUrl":"https:\/\/tribunademinas.audiencelabs.com.br\/wp-content\/uploads\/2025\/10\/Bradesco.jpg","articleSection":["Dinheiro"],"inLanguage":"pt-BR","potentialAction":[{"@type":"CommentAction","name":"Comment","target":["https:\/\/tribunademinas.audiencelabs.com.br\/bradesco-aciona-ex-executivo-da-ambipar-em-disputa-judicial-relevante\/#respond"]}]},{"@type":"WebPage","@id":"https:\/\/tribunademinas.audiencelabs.com.br\/bradesco-aciona-ex-executivo-da-ambipar-em-disputa-judicial-relevante\/","url":"https:\/\/tribunademinas.audiencelabs.com.br\/bradesco-aciona-ex-executivo-da-ambipar-em-disputa-judicial-relevante\/","name":"Bradesco aciona ex-executivo da Ambipar em disputa judicial relevante","isPartOf":{"@id":"https:\/\/tribunademinas.audiencelabs.com.br\/#website"},"primaryImageOfPage":{"@id":"https:\/\/tribunademinas.audiencelabs.com.br\/bradesco-aciona-ex-executivo-da-ambipar-em-disputa-judicial-relevante\/#primaryimage"},"image":{"@id":"https:\/\/tribunademinas.audiencelabs.com.br\/bradesco-aciona-ex-executivo-da-ambipar-em-disputa-judicial-relevante\/#primaryimage"},"thumbnailUrl":"https:\/\/tribunademinas.audiencelabs.com.br\/wp-content\/uploads\/2025\/10\/Bradesco.jpg","datePublished":"2025-10-24T18:54:38+00:00","dateModified":"2025-10-24T18:54:44+00:00","description":"O Bradesco iniciou uma ofensiva judicial contra Thiago da Costa Silva, ex-diretor de Integra\u00e7\u00e3o e Finan\u00e7as do Grupo Ambipar.","breadcrumb":{"@id":"https:\/\/tribunademinas.audiencelabs.com.br\/bradesco-aciona-ex-executivo-da-ambipar-em-disputa-judicial-relevante\/#breadcrumb"},"inLanguage":"pt-BR","potentialAction":[{"@type":"ReadAction","target":["https:\/\/tribunademinas.audiencelabs.com.br\/bradesco-aciona-ex-executivo-da-ambipar-em-disputa-judicial-relevante\/"]}]},{"@type":"ImageObject","inLanguage":"pt-BR","@id":"https:\/\/tribunademinas.audiencelabs.com.br\/bradesco-aciona-ex-executivo-da-ambipar-em-disputa-judicial-relevante\/#primaryimage","url":"https:\/\/tribunademinas.audiencelabs.com.br\/wp-content\/uploads\/2025\/10\/Bradesco.jpg","contentUrl":"https:\/\/tribunademinas.audiencelabs.com.br\/wp-content\/uploads\/2025\/10\/Bradesco.jpg","width":1920,"height":1080,"caption":"Bradesco aciona ex-executivo da Ambipar em disputa judicial relevante - Imagem: Divulga\u00e7\u00e3o\/Bradesco"},{"@type":"BreadcrumbList","@id":"https:\/\/tribunademinas.audiencelabs.com.br\/bradesco-aciona-ex-executivo-da-ambipar-em-disputa-judicial-relevante\/#breadcrumb","itemListElement":[{"@type":"ListItem","position":1,"name":"In\u00edcio","item":"https:\/\/tribunademinas.audiencelabs.com.br\/"},{"@type":"ListItem","position":2,"name":"Bradesco aciona ex-executivo da Ambipar em disputa judicial relevante"}]},{"@type":"WebSite","@id":"https:\/\/tribunademinas.audiencelabs.com.br\/#website","url":"https:\/\/tribunademinas.audiencelabs.com.br\/","name":"Tribuna de Minas - Dinheiro e Cidadania","description":"","publisher":{"@id":"https:\/\/tribunademinas.audiencelabs.com.br\/#organization"},"potentialAction":[{"@type":"SearchAction","target":{"@type":"EntryPoint","urlTemplate":"https:\/\/tribunademinas.audiencelabs.com.br\/?s={search_term_string}"},"query-input":{"@type":"PropertyValueSpecification","valueRequired":true,"valueName":"search_term_string"}}],"inLanguage":"pt-BR"},{"@type":"Organization","@id":"https:\/\/tribunademinas.audiencelabs.com.br\/#organization","name":"Tribuna de Minas - Dinheiro e Cidadania","url":"https:\/\/tribunademinas.audiencelabs.com.br\/","logo":{"@type":"ImageObject","inLanguage":"pt-BR","@id":"https:\/\/tribunademinas.audiencelabs.com.br\/#\/schema\/logo\/image\/","url":"https:\/\/tribunademinas.audiencelabs.com.br\/wp-content\/uploads\/2025\/08\/cropped-Tribuna_512x512-96x96-1.png","contentUrl":"https:\/\/tribunademinas.audiencelabs.com.br\/wp-content\/uploads\/2025\/08\/cropped-Tribuna_512x512-96x96-1.png","width":96,"height":96,"caption":"Tribuna de Minas - Dinheiro e Cidadania"},"image":{"@id":"https:\/\/tribunademinas.audiencelabs.com.br\/#\/schema\/logo\/image\/"},"sameAs":["https:\/\/www.facebook.com\/tribunademinas\/","https:\/\/x.com\/tribunademinas","https:\/\/www.instagram.com\/tribunademinas\/","https:\/\/www.youtube.com\/user\/TribunadeMinasJF"]},{"@type":"Person","@id":"https:\/\/tribunademinas.audiencelabs.com.br\/#\/schema\/person\/db18fc40307804bacef94213aa68fd9d","name":"Jeferson Carvalho","image":{"@type":"ImageObject","inLanguage":"pt-BR","@id":"https:\/\/tribunademinas.audiencelabs.com.br\/#\/schema\/person\/image\/","url":"https:\/\/secure.gravatar.com\/avatar\/cd7646e328d9670dad7dea8698522e522745eeffcff5b9d08be858e377ce326b?s=96&d=mm&r=g","contentUrl":"https:\/\/secure.gravatar.com\/avatar\/cd7646e328d9670dad7dea8698522e522745eeffcff5b9d08be858e377ce326b?s=96&d=mm&r=g","caption":"Jeferson Carvalho"},"description":"Jornalista apaixonado pela profiss\u00e3o!","url":"https:\/\/tribunademinas.audiencelabs.com.br\/author\/jeferson\/"}]}},"amp_enabled":true,"_links":{"self":[{"href":"https:\/\/tribunademinas.audiencelabs.com.br\/wp-json\/wp\/v2\/posts\/3030","targetHints":{"allow":["GET"]}}],"collection":[{"href":"https:\/\/tribunademinas.audiencelabs.com.br\/wp-json\/wp\/v2\/posts"}],"about":[{"href":"https:\/\/tribunademinas.audiencelabs.com.br\/wp-json\/wp\/v2\/types\/post"}],"author":[{"embeddable":true,"href":"https:\/\/tribunademinas.audiencelabs.com.br\/wp-json\/wp\/v2\/users\/5"}],"replies":[{"embeddable":true,"href":"https:\/\/tribunademinas.audiencelabs.com.br\/wp-json\/wp\/v2\/comments?post=3030"}],"version-history":[{"count":1,"href":"https:\/\/tribunademinas.audiencelabs.com.br\/wp-json\/wp\/v2\/posts\/3030\/revisions"}],"predecessor-version":[{"id":3034,"href":"https:\/\/tribunademinas.audiencelabs.com.br\/wp-json\/wp\/v2\/posts\/3030\/revisions\/3034"}],"wp:featuredmedia":[{"embeddable":true,"href":"https:\/\/tribunademinas.audiencelabs.com.br\/wp-json\/wp\/v2\/media\/3031"}],"wp:attachment":[{"href":"https:\/\/tribunademinas.audiencelabs.com.br\/wp-json\/wp\/v2\/media?parent=3030"}],"wp:term":[{"taxonomy":"category","embeddable":true,"href":"https:\/\/tribunademinas.audiencelabs.com.br\/wp-json\/wp\/v2\/categories?post=3030"},{"taxonomy":"post_tag","embeddable":true,"href":"https:\/\/tribunademinas.audiencelabs.com.br\/wp-json\/wp\/v2\/tags?post=3030"}],"curies":[{"name":"wp","href":"https:\/\/api.w.org\/{rel}","templated":true}]}}