{"id":3000,"date":"2025-10-26T17:45:00","date_gmt":"2025-10-26T20:45:00","guid":{"rendered":"https:\/\/tribunademinas.audiencelabs.com.br\/?p=3000"},"modified":"2025-10-23T19:27:46","modified_gmt":"2025-10-23T22:27:46","slug":"aposentados-estao-surpresos-ao-saber-que-vao-sofrer-mudancas-no-13o-salario","status":"publish","type":"post","link":"https:\/\/tribunademinas.audiencelabs.com.br\/aposentados-estao-surpresos-ao-saber-que-vao-sofrer-mudancas-no-13o-salario\/","title":{"rendered":"Aposentados est\u00e3o surpresos ao saber que v\u00e3o sofrer mudan\u00e7as no 13\u00ba sal\u00e1rio"},"content":{"rendered":"\n<p>Uma decis\u00e3o recente do Instituto Nacional do Seguro Social (INSS) deixou muitos aposentados e pensionistas frustrados na reta final de 2025. <\/p>\n\n\n\n<p>A not\u00edcia, divulgada oficialmente pelo \u00f3rg\u00e3o, confirmou que n\u00e3o haver\u00e1 pagamento do 13\u00ba sal\u00e1rio neste fim de ano para a maioria dos benefici\u00e1rios da Previd\u00eancia Social. <\/p>\n\n\n\n<p>A informa\u00e7\u00e3o pegou milhares de segurados de surpresa, j\u00e1 que muitos contavam com o valor extra para enfrentar os gastos t\u00edpicos do per\u00edodo, como presentes, viagens e contas acumuladas.<\/p>\n\n\n\n<h2 class=\"wp-block-heading\">Aposentados est\u00e3o surpresos ao saber que v\u00e3o sofrer mudan\u00e7as no 13\u00ba sal\u00e1rio<\/h2>\n\n\n\n<p>A aus\u00eancia do repasse n\u00e3o se deve a cortes ou a problemas or\u00e7ament\u00e1rios, mas sim a uma mudan\u00e7a no calend\u00e1rio de pagamentos determinada pelo governo federal ainda no primeiro semestre deste ano. <\/p>\n\n\n\n<p>Em vez de seguir o modelo tradicional de libera\u00e7\u00e3o do 13\u00ba nos \u00faltimos meses do ano, a Previd\u00eancia decidiu antecipar integralmente o benef\u00edcio entre abril e junho. <\/p>\n\n\n\n<p>A medida foi anunciada como uma forma de estimular a economia nacional e proporcionar um al\u00edvio financeiro antecipado para as fam\u00edlias, diante do aumento no custo de vida.<\/p>\n\n\n\n<p>O pagamento foi dividido em duas parcelas. A primeira foi liberada no final de abril, enquanto a segunda chegou aos segurados entre o fim de maio e o in\u00edcio de junho. <\/p>\n\n\n\n<p>Com isso, os valores referentes ao abono natalino j\u00e1 foram quitados h\u00e1 meses, o que significa que nenhum novo dep\u00f3sito ser\u00e1 feito agora em novembro ou dezembro para quem j\u00e1 estava recebendo benef\u00edcios at\u00e9 junho.<\/p>\n\n\n\n<p>Vale lembrar ainda que tamb\u00e9m <a href=\"https:\/\/tribunademinas.com.br\/colunas\/dinheiroecidadania\/inss-bateu-o-martelo-sobre-14o-salario-para-aposentados\/\"><strong>n\u00e3o haver\u00e1 repasses de um 14\u00ba sal\u00e1rio<\/strong><\/a> em 2025.<\/p>\n\n\n\n<h3 class=\"wp-block-heading\">Mas h\u00e1 um grupo de aposentados e pensionistas do INSS que recebe 13\u00ba sal\u00e1rio no final de 2025<\/h3>\n\n\n\n<p>A \u00fanica exce\u00e7\u00e3o s\u00e3o os segurados que passaram a receber aposentadoria ou pens\u00e3o ap\u00f3s julho de 2025. <\/p>\n\n\n\n<p>Por n\u00e3o terem sido contemplados na antecipa\u00e7\u00e3o, esse grupo ainda tem direito a uma parcela proporcional do 13\u00ba sal\u00e1rio, calculada com base no n\u00famero de meses em que o benef\u00edcio foi pago ao longo do ano.<\/p>\n\n\n\n<p>Enquanto isso, para os trabalhadores com carteira assinada, nada muda. O pagamento do 13\u00ba sal\u00e1rio continua assegurado e segue o cronograma habitual. <\/p>\n\n\n\n<p>Empregadores devem depositar a primeira parcela at\u00e9 o fim de novembro e a segunda at\u00e9 20 de dezembro, conforme determina a legisla\u00e7\u00e3o trabalhista.<\/p>\n\n\n\n<p>Assim, embora o 13\u00ba continue garantido para os trabalhadores formais, os aposentados e pensionistas do INSS que esperavam o valor neste fim de ano precisar\u00e3o ajustar o planejamento, j\u00e1 que o benef\u00edcio, neste caso, foi pago com anteced\u00eancia.<\/p>\n\n\n\n<p><\/p>\n","protected":false},"excerpt":{"rendered":"<p>Uma decis\u00e3o recente do Instituto Nacional do Seguro Social (INSS) deixou muitos aposentados e pensionistas frustrados na reta final de 2025. A not\u00edcia, divulgada oficialmente pelo \u00f3rg\u00e3o, confirmou que n\u00e3o haver\u00e1 pagamento do 13\u00ba sal\u00e1rio neste fim de ano para a maioria dos benefici\u00e1rios da Previd\u00eancia Social. A informa\u00e7\u00e3o pegou milhares de segurados de surpresa, [&hellip;]<\/p>\n","protected":false},"author":5,"featured_media":3001,"comment_status":"open","ping_status":"open","sticky":false,"template":"","format":"standard","meta":{"jnews-multi-image_gallery":[],"jnews_single_post":{"format":"standard"},"jnews_primary_category":[],"jnews_social_meta":[],"jnews_post_split":[],"footnotes":""},"categories":[1],"tags":[],"class_list":["post-3000","post","type-post","status-publish","format-standard","has-post-thumbnail","hentry","category-dinheiro"],"yoast_head":"<!-- This site is optimized with the Yoast SEO plugin v25.6 - https:\/\/yoast.com\/wordpress\/plugins\/seo\/ -->\n<title>Aposentados est\u00e3o surpresos ao saber que v\u00e3o sofrer mudan\u00e7as no 13\u00ba sal\u00e1rio<\/title>\n<meta name=\"description\" content=\"Uma decis\u00e3o recente do Instituto Nacional do Seguro Social (INSS) deixou muitos aposentados e pensionistas frustrados na reta final de 2025.\" \/>\n<meta name=\"robots\" content=\"index, follow, max-snippet:-1, max-image-preview:large, max-video-preview:-1\" \/>\n<link rel=\"canonical\" href=\"https:\/\/tribunademinas.audiencelabs.com.br\/aposentados-estao-surpresos-ao-saber-que-vao-sofrer-mudancas-no-13o-salario\/\" \/>\n<meta property=\"og:locale\" content=\"pt_BR\" \/>\n<meta property=\"og:type\" content=\"article\" \/>\n<meta property=\"og:title\" content=\"Aposentados est\u00e3o surpresos ao saber que v\u00e3o sofrer mudan\u00e7as no 13\u00ba sal\u00e1rio\" \/>\n<meta property=\"og:description\" content=\"Uma decis\u00e3o recente do Instituto Nacional do Seguro Social (INSS) deixou muitos aposentados e pensionistas frustrados na reta final de 2025.\" \/>\n<meta property=\"og:url\" content=\"https:\/\/tribunademinas.audiencelabs.com.br\/aposentados-estao-surpresos-ao-saber-que-vao-sofrer-mudancas-no-13o-salario\/\" \/>\n<meta property=\"og:site_name\" content=\"Tribuna de Minas - Dinheiro e Cidadania\" \/>\n<meta property=\"article:publisher\" content=\"https:\/\/www.facebook.com\/tribunademinas\/\" \/>\n<meta property=\"article:published_time\" content=\"2025-10-26T20:45:00+00:00\" \/>\n<meta property=\"og:image\" content=\"https:\/\/tribunademinas.audiencelabs.com.br\/wp-content\/uploads\/2025\/10\/aposentados.jpg\" \/>\n\t<meta property=\"og:image:width\" content=\"1600\" \/>\n\t<meta property=\"og:image:height\" content=\"800\" \/>\n\t<meta property=\"og:image:type\" content=\"image\/jpeg\" \/>\n<meta name=\"author\" content=\"Jeferson Carvalho\" \/>\n<meta name=\"twitter:card\" content=\"summary_large_image\" \/>\n<meta name=\"twitter:creator\" content=\"@tribunademinas\" \/>\n<meta name=\"twitter:site\" content=\"@tribunademinas\" \/>\n<meta name=\"twitter:label1\" content=\"Escrito por\" \/>\n\t<meta name=\"twitter:data1\" content=\"Jeferson Carvalho\" \/>\n\t<meta name=\"twitter:label2\" content=\"Est. tempo de leitura\" \/>\n\t<meta name=\"twitter:data2\" content=\"3 minutos\" \/>\n<!-- \/ Yoast SEO plugin. -->","yoast_head_json":{"title":"Aposentados est\u00e3o surpresos ao saber que v\u00e3o sofrer mudan\u00e7as no 13\u00ba sal\u00e1rio","description":"Uma decis\u00e3o recente do Instituto Nacional do Seguro Social (INSS) deixou muitos aposentados e pensionistas frustrados na reta final de 2025.","robots":{"index":"index","follow":"follow","max-snippet":"max-snippet:-1","max-image-preview":"max-image-preview:large","max-video-preview":"max-video-preview:-1"},"canonical":"https:\/\/tribunademinas.audiencelabs.com.br\/aposentados-estao-surpresos-ao-saber-que-vao-sofrer-mudancas-no-13o-salario\/","og_locale":"pt_BR","og_type":"article","og_title":"Aposentados est\u00e3o surpresos ao saber que v\u00e3o sofrer mudan\u00e7as no 13\u00ba sal\u00e1rio","og_description":"Uma decis\u00e3o recente do Instituto Nacional do Seguro Social (INSS) deixou muitos aposentados e pensionistas frustrados na reta final de 2025.","og_url":"https:\/\/tribunademinas.audiencelabs.com.br\/aposentados-estao-surpresos-ao-saber-que-vao-sofrer-mudancas-no-13o-salario\/","og_site_name":"Tribuna de Minas - Dinheiro e Cidadania","article_publisher":"https:\/\/www.facebook.com\/tribunademinas\/","article_published_time":"2025-10-26T20:45:00+00:00","og_image":[{"width":1600,"height":800,"url":"https:\/\/tribunademinas.audiencelabs.com.br\/wp-content\/uploads\/2025\/10\/aposentados.jpg","type":"image\/jpeg"}],"author":"Jeferson Carvalho","twitter_card":"summary_large_image","twitter_creator":"@tribunademinas","twitter_site":"@tribunademinas","twitter_misc":{"Escrito por":"Jeferson Carvalho","Est. tempo de leitura":"3 minutos"},"schema":{"@context":"https:\/\/schema.org","@graph":[{"@type":"Article","@id":"https:\/\/tribunademinas.audiencelabs.com.br\/aposentados-estao-surpresos-ao-saber-que-vao-sofrer-mudancas-no-13o-salario\/#article","isPartOf":{"@id":"https:\/\/tribunademinas.audiencelabs.com.br\/aposentados-estao-surpresos-ao-saber-que-vao-sofrer-mudancas-no-13o-salario\/"},"author":{"name":"Jeferson Carvalho","@id":"https:\/\/tribunademinas.audiencelabs.com.br\/#\/schema\/person\/db18fc40307804bacef94213aa68fd9d"},"headline":"Aposentados est\u00e3o surpresos ao saber que v\u00e3o sofrer mudan\u00e7as no 13\u00ba sal\u00e1rio","datePublished":"2025-10-26T20:45:00+00:00","mainEntityOfPage":{"@id":"https:\/\/tribunademinas.audiencelabs.com.br\/aposentados-estao-surpresos-ao-saber-que-vao-sofrer-mudancas-no-13o-salario\/"},"wordCount":457,"commentCount":0,"publisher":{"@id":"https:\/\/tribunademinas.audiencelabs.com.br\/#organization"},"image":{"@id":"https:\/\/tribunademinas.audiencelabs.com.br\/aposentados-estao-surpresos-ao-saber-que-vao-sofrer-mudancas-no-13o-salario\/#primaryimage"},"thumbnailUrl":"https:\/\/tribunademinas.audiencelabs.com.br\/wp-content\/uploads\/2025\/10\/aposentados.jpg","articleSection":["Dinheiro"],"inLanguage":"pt-BR","potentialAction":[{"@type":"CommentAction","name":"Comment","target":["https:\/\/tribunademinas.audiencelabs.com.br\/aposentados-estao-surpresos-ao-saber-que-vao-sofrer-mudancas-no-13o-salario\/#respond"]}]},{"@type":"WebPage","@id":"https:\/\/tribunademinas.audiencelabs.com.br\/aposentados-estao-surpresos-ao-saber-que-vao-sofrer-mudancas-no-13o-salario\/","url":"https:\/\/tribunademinas.audiencelabs.com.br\/aposentados-estao-surpresos-ao-saber-que-vao-sofrer-mudancas-no-13o-salario\/","name":"Aposentados est\u00e3o surpresos ao saber que v\u00e3o sofrer mudan\u00e7as no 13\u00ba sal\u00e1rio","isPartOf":{"@id":"https:\/\/tribunademinas.audiencelabs.com.br\/#website"},"primaryImageOfPage":{"@id":"https:\/\/tribunademinas.audiencelabs.com.br\/aposentados-estao-surpresos-ao-saber-que-vao-sofrer-mudancas-no-13o-salario\/#primaryimage"},"image":{"@id":"https:\/\/tribunademinas.audiencelabs.com.br\/aposentados-estao-surpresos-ao-saber-que-vao-sofrer-mudancas-no-13o-salario\/#primaryimage"},"thumbnailUrl":"https:\/\/tribunademinas.audiencelabs.com.br\/wp-content\/uploads\/2025\/10\/aposentados.jpg","datePublished":"2025-10-26T20:45:00+00:00","description":"Uma decis\u00e3o recente do Instituto Nacional do Seguro Social (INSS) deixou muitos aposentados e pensionistas frustrados na reta final de 2025.","breadcrumb":{"@id":"https:\/\/tribunademinas.audiencelabs.com.br\/aposentados-estao-surpresos-ao-saber-que-vao-sofrer-mudancas-no-13o-salario\/#breadcrumb"},"inLanguage":"pt-BR","potentialAction":[{"@type":"ReadAction","target":["https:\/\/tribunademinas.audiencelabs.com.br\/aposentados-estao-surpresos-ao-saber-que-vao-sofrer-mudancas-no-13o-salario\/"]}]},{"@type":"ImageObject","inLanguage":"pt-BR","@id":"https:\/\/tribunademinas.audiencelabs.com.br\/aposentados-estao-surpresos-ao-saber-que-vao-sofrer-mudancas-no-13o-salario\/#primaryimage","url":"https:\/\/tribunademinas.audiencelabs.com.br\/wp-content\/uploads\/2025\/10\/aposentados.jpg","contentUrl":"https:\/\/tribunademinas.audiencelabs.com.br\/wp-content\/uploads\/2025\/10\/aposentados.jpg","width":1600,"height":800,"caption":"Aposentados est\u00e3o surpresos ao saber que v\u00e3o sofrer mudan\u00e7as no 13\u00ba sal\u00e1rio - Imagem: Divulga\u00e7\u00e3o\/INSS"},{"@type":"BreadcrumbList","@id":"https:\/\/tribunademinas.audiencelabs.com.br\/aposentados-estao-surpresos-ao-saber-que-vao-sofrer-mudancas-no-13o-salario\/#breadcrumb","itemListElement":[{"@type":"ListItem","position":1,"name":"In\u00edcio","item":"https:\/\/tribunademinas.audiencelabs.com.br\/"},{"@type":"ListItem","position":2,"name":"Aposentados est\u00e3o surpresos ao saber que v\u00e3o sofrer mudan\u00e7as no 13\u00ba sal\u00e1rio"}]},{"@type":"WebSite","@id":"https:\/\/tribunademinas.audiencelabs.com.br\/#website","url":"https:\/\/tribunademinas.audiencelabs.com.br\/","name":"Tribuna de Minas - Dinheiro e Cidadania","description":"","publisher":{"@id":"https:\/\/tribunademinas.audiencelabs.com.br\/#organization"},"potentialAction":[{"@type":"SearchAction","target":{"@type":"EntryPoint","urlTemplate":"https:\/\/tribunademinas.audiencelabs.com.br\/?s={search_term_string}"},"query-input":{"@type":"PropertyValueSpecification","valueRequired":true,"valueName":"search_term_string"}}],"inLanguage":"pt-BR"},{"@type":"Organization","@id":"https:\/\/tribunademinas.audiencelabs.com.br\/#organization","name":"Tribuna de Minas - Dinheiro e Cidadania","url":"https:\/\/tribunademinas.audiencelabs.com.br\/","logo":{"@type":"ImageObject","inLanguage":"pt-BR","@id":"https:\/\/tribunademinas.audiencelabs.com.br\/#\/schema\/logo\/image\/","url":"https:\/\/tribunademinas.audiencelabs.com.br\/wp-content\/uploads\/2025\/08\/cropped-Tribuna_512x512-96x96-1.png","contentUrl":"https:\/\/tribunademinas.audiencelabs.com.br\/wp-content\/uploads\/2025\/08\/cropped-Tribuna_512x512-96x96-1.png","width":96,"height":96,"caption":"Tribuna de Minas - Dinheiro e Cidadania"},"image":{"@id":"https:\/\/tribunademinas.audiencelabs.com.br\/#\/schema\/logo\/image\/"},"sameAs":["https:\/\/www.facebook.com\/tribunademinas\/","https:\/\/x.com\/tribunademinas","https:\/\/www.instagram.com\/tribunademinas\/","https:\/\/www.youtube.com\/user\/TribunadeMinasJF"]},{"@type":"Person","@id":"https:\/\/tribunademinas.audiencelabs.com.br\/#\/schema\/person\/db18fc40307804bacef94213aa68fd9d","name":"Jeferson Carvalho","image":{"@type":"ImageObject","inLanguage":"pt-BR","@id":"https:\/\/tribunademinas.audiencelabs.com.br\/#\/schema\/person\/image\/","url":"https:\/\/secure.gravatar.com\/avatar\/cd7646e328d9670dad7dea8698522e522745eeffcff5b9d08be858e377ce326b?s=96&d=mm&r=g","contentUrl":"https:\/\/secure.gravatar.com\/avatar\/cd7646e328d9670dad7dea8698522e522745eeffcff5b9d08be858e377ce326b?s=96&d=mm&r=g","caption":"Jeferson Carvalho"},"description":"Jornalista apaixonado pela profiss\u00e3o!","url":"https:\/\/tribunademinas.audiencelabs.com.br\/author\/jeferson\/"}]}},"amp_enabled":true,"_links":{"self":[{"href":"https:\/\/tribunademinas.audiencelabs.com.br\/wp-json\/wp\/v2\/posts\/3000","targetHints":{"allow":["GET"]}}],"collection":[{"href":"https:\/\/tribunademinas.audiencelabs.com.br\/wp-json\/wp\/v2\/posts"}],"about":[{"href":"https:\/\/tribunademinas.audiencelabs.com.br\/wp-json\/wp\/v2\/types\/post"}],"author":[{"embeddable":true,"href":"https:\/\/tribunademinas.audiencelabs.com.br\/wp-json\/wp\/v2\/users\/5"}],"replies":[{"embeddable":true,"href":"https:\/\/tribunademinas.audiencelabs.com.br\/wp-json\/wp\/v2\/comments?post=3000"}],"version-history":[{"count":1,"href":"https:\/\/tribunademinas.audiencelabs.com.br\/wp-json\/wp\/v2\/posts\/3000\/revisions"}],"predecessor-version":[{"id":3002,"href":"https:\/\/tribunademinas.audiencelabs.com.br\/wp-json\/wp\/v2\/posts\/3000\/revisions\/3002"}],"wp:featuredmedia":[{"embeddable":true,"href":"https:\/\/tribunademinas.audiencelabs.com.br\/wp-json\/wp\/v2\/media\/3001"}],"wp:attachment":[{"href":"https:\/\/tribunademinas.audiencelabs.com.br\/wp-json\/wp\/v2\/media?parent=3000"}],"wp:term":[{"taxonomy":"category","embeddable":true,"href":"https:\/\/tribunademinas.audiencelabs.com.br\/wp-json\/wp\/v2\/categories?post=3000"},{"taxonomy":"post_tag","embeddable":true,"href":"https:\/\/tribunademinas.audiencelabs.com.br\/wp-json\/wp\/v2\/tags?post=3000"}],"curies":[{"name":"wp","href":"https:\/\/api.w.org\/{rel}","templated":true}]}}