{"id":2976,"date":"2025-10-24T06:45:00","date_gmt":"2025-10-24T09:45:00","guid":{"rendered":"https:\/\/tribunademinas.audiencelabs.com.br\/?p=2976"},"modified":"2025-10-24T10:51:18","modified_gmt":"2025-10-24T13:51:18","slug":"governo-toma-decisao-sobre-14o-salario-para-trabalhadores-brasileiros","status":"publish","type":"post","link":"https:\/\/tribunademinas.audiencelabs.com.br\/governo-toma-decisao-sobre-14o-salario-para-trabalhadores-brasileiros\/","title":{"rendered":"Governo toma decis\u00e3o sobre 14\u00ba sal\u00e1rio para trabalhadores brasileiros"},"content":{"rendered":"\n<p>Com o avan\u00e7o de outubro e a reta final do ano se aproximando, muitos brasileiros come\u00e7am a se perguntar se, al\u00e9m do tradicional 13\u00ba sal\u00e1rio, haver\u00e1 algum pagamento extra, o chamado 14\u00ba sal\u00e1rio. <\/p>\n\n\n\n<p>A expectativa \u00e9 comum tanto entre trabalhadores da iniciativa privada quanto entre aposentados e pensionistas do INSS. O valor seria um refor\u00e7o no or\u00e7amento em um per\u00edodo marcado por gastos t\u00edpicos de fim de ano e pela prepara\u00e7\u00e3o para o in\u00edcio de um novo ciclo.<\/p>\n\n\n\n<h2 class=\"wp-block-heading\">Governo toma decis\u00e3o sobre 14\u00ba sal\u00e1rio para trabalhadores brasileiros<\/h2>\n\n\n\n<p>No caso dos trabalhadores com carteira assinada, o 14\u00ba sal\u00e1rio n\u00e3o \u00e9 garantido por lei. Ele n\u00e3o faz parte dos direitos trabalhistas obrigat\u00f3rios e, portanto, n\u00e3o \u00e9 pago pela maioria das empresas. <\/p>\n\n\n\n<p>No entanto, algumas companhias, principalmente multinacionais ou grandes corpora\u00e7\u00f5es, optam por conceder esse b\u00f4nus como forma de gratifica\u00e7\u00e3o anual, recompensa por desempenho ou pol\u00edtica interna de valoriza\u00e7\u00e3o dos funcion\u00e1rios.<\/p>\n\n\n\n<p>Cada empresa define suas regras para esse pagamento, incluindo a forma de c\u00e1lculo, a data de dep\u00f3sito e os crit\u00e9rios de elegibilidade. <\/p>\n\n\n\n<p>Importante destacar que o 14\u00ba sal\u00e1rio, quando oferecido pela empresa, \u00e9 um benef\u00edcio adicional e nunca substitui o 13\u00ba sal\u00e1rio, este sim um direito assegurado pela legisla\u00e7\u00e3o trabalhista brasileira e pago a todos os trabalhadores formais.<\/p>\n\n\n\n<h3 class=\"wp-block-heading\">E para aposentados e pensionistas do INSS? Ser\u00e1 pago em 2025?<\/h3>\n\n\n\n<p>J\u00e1 para os aposentados e pensionistas da Previd\u00eancia Social, <a href=\"https:\/\/tribunademinas.com.br\/colunas\/maistendencias\/pagamento-do-14o-salario-e-decidido-pelo-inss\/\"><strong>a situa\u00e7\u00e3o \u00e9 diferente<\/strong><\/a>. Desde a pandemia de covid-19, tem circulado a ideia de um 14\u00ba sal\u00e1rio espec\u00edfico para essa parcela da popula\u00e7\u00e3o. <\/p>\n\n\n\n<p>A proposta chegou a ser formalizada em 2020, por meio do Projeto de Lei 4367\/2020, que previa um abono emergencial para quem recebe at\u00e9 dois sal\u00e1rios m\u00ednimos. <\/p>\n\n\n\n<p>A inten\u00e7\u00e3o era oferecer um suporte financeiro extra em um momento cr\u00edtico da economia e da sa\u00fade p\u00fablica.<\/p>\n\n\n\n<p>Contudo, apesar da mobiliza\u00e7\u00e3o popular e da dissemina\u00e7\u00e3o de conte\u00fados nas redes sociais sugerindo que o pagamento seria feito nos pr\u00f3ximos meses, o projeto nunca foi aprovado pelo Congresso Nacional. <\/p>\n\n\n\n<p>Al\u00e9m disso, o pr\u00f3prio INSS j\u00e1 confirmou que n\u00e3o haver\u00e1 repasse de 14\u00ba sal\u00e1rio em 2025. At\u00e9 o momento, n\u00e3o h\u00e1 nenhuma decis\u00e3o oficial que transforme essa proposta em realidade.<\/p>\n\n\n\n<p>Assim, tanto trabalhadores quanto benefici\u00e1rios do INSS devem se planejar contando apenas com o 13\u00ba sal\u00e1rio, que segue sendo o \u00fanico pagamento extra anual assegurado por lei. <\/p>\n\n\n\n<p>O 14\u00ba, por ora, permanece apenas como possibilidade futura, sem garantias de que sair\u00e1 do papel.<\/p>\n\n\n\n<p><\/p>\n","protected":false},"excerpt":{"rendered":"<p>Com o avan\u00e7o de outubro e a reta final do ano se aproximando, muitos brasileiros come\u00e7am a se perguntar se, al\u00e9m do tradicional 13\u00ba sal\u00e1rio, haver\u00e1 algum pagamento extra, o chamado 14\u00ba sal\u00e1rio. A expectativa \u00e9 comum tanto entre trabalhadores da iniciativa privada quanto entre aposentados e pensionistas do INSS. O valor seria um refor\u00e7o [&hellip;]<\/p>\n","protected":false},"author":5,"featured_media":2977,"comment_status":"open","ping_status":"open","sticky":false,"template":"","format":"standard","meta":{"jnews-multi-image_gallery":[],"jnews_single_post":{"format":"standard"},"jnews_primary_category":[],"jnews_social_meta":[],"jnews_post_split":[],"footnotes":""},"categories":[1],"tags":[],"class_list":["post-2976","post","type-post","status-publish","format-standard","has-post-thumbnail","hentry","category-dinheiro"],"yoast_head":"<!-- This site is optimized with the Yoast SEO plugin v25.6 - https:\/\/yoast.com\/wordpress\/plugins\/seo\/ -->\n<title>Governo toma decis\u00e3o sobre 14\u00ba sal\u00e1rio para trabalhadores brasileiros<\/title>\n<meta name=\"description\" content=\"Com o avan\u00e7o de outubro e a reta final do ano se aproximando, muitos brasileiros come\u00e7am a se perguntar sobre o 14\u00ba sal\u00e1rio em 2025.\" \/>\n<meta name=\"robots\" content=\"index, follow, max-snippet:-1, max-image-preview:large, max-video-preview:-1\" \/>\n<link rel=\"canonical\" href=\"https:\/\/tribunademinas.audiencelabs.com.br\/governo-toma-decisao-sobre-14o-salario-para-trabalhadores-brasileiros\/\" \/>\n<meta property=\"og:locale\" content=\"pt_BR\" \/>\n<meta property=\"og:type\" content=\"article\" \/>\n<meta property=\"og:title\" content=\"Governo toma decis\u00e3o sobre 14\u00ba sal\u00e1rio para trabalhadores brasileiros\" \/>\n<meta property=\"og:description\" content=\"Com o avan\u00e7o de outubro e a reta final do ano se aproximando, muitos brasileiros come\u00e7am a se perguntar sobre o 14\u00ba sal\u00e1rio em 2025.\" \/>\n<meta property=\"og:url\" content=\"https:\/\/tribunademinas.audiencelabs.com.br\/governo-toma-decisao-sobre-14o-salario-para-trabalhadores-brasileiros\/\" \/>\n<meta property=\"og:site_name\" content=\"Tribuna de Minas - Dinheiro e Cidadania\" \/>\n<meta property=\"article:publisher\" content=\"https:\/\/www.facebook.com\/tribunademinas\/\" \/>\n<meta property=\"article:published_time\" content=\"2025-10-24T09:45:00+00:00\" \/>\n<meta property=\"article:modified_time\" content=\"2025-10-24T13:51:18+00:00\" \/>\n<meta property=\"og:image\" content=\"https:\/\/tribunademinas.audiencelabs.com.br\/wp-content\/uploads\/2025\/10\/14o-salario.webp\" \/>\n\t<meta property=\"og:image:width\" content=\"1170\" \/>\n\t<meta property=\"og:image:height\" content=\"700\" \/>\n\t<meta property=\"og:image:type\" content=\"image\/webp\" \/>\n<meta name=\"author\" content=\"Jeferson Carvalho\" \/>\n<meta name=\"twitter:card\" content=\"summary_large_image\" \/>\n<meta name=\"twitter:creator\" content=\"@tribunademinas\" \/>\n<meta name=\"twitter:site\" content=\"@tribunademinas\" \/>\n<meta name=\"twitter:label1\" content=\"Escrito por\" \/>\n\t<meta name=\"twitter:data1\" content=\"Jeferson Carvalho\" \/>\n\t<meta name=\"twitter:label2\" content=\"Est. tempo de leitura\" \/>\n\t<meta name=\"twitter:data2\" content=\"3 minutos\" \/>\n<!-- \/ Yoast SEO plugin. -->","yoast_head_json":{"title":"Governo toma decis\u00e3o sobre 14\u00ba sal\u00e1rio para trabalhadores brasileiros","description":"Com o avan\u00e7o de outubro e a reta final do ano se aproximando, muitos brasileiros come\u00e7am a se perguntar sobre o 14\u00ba sal\u00e1rio em 2025.","robots":{"index":"index","follow":"follow","max-snippet":"max-snippet:-1","max-image-preview":"max-image-preview:large","max-video-preview":"max-video-preview:-1"},"canonical":"https:\/\/tribunademinas.audiencelabs.com.br\/governo-toma-decisao-sobre-14o-salario-para-trabalhadores-brasileiros\/","og_locale":"pt_BR","og_type":"article","og_title":"Governo toma decis\u00e3o sobre 14\u00ba sal\u00e1rio para trabalhadores brasileiros","og_description":"Com o avan\u00e7o de outubro e a reta final do ano se aproximando, muitos brasileiros come\u00e7am a se perguntar sobre o 14\u00ba sal\u00e1rio em 2025.","og_url":"https:\/\/tribunademinas.audiencelabs.com.br\/governo-toma-decisao-sobre-14o-salario-para-trabalhadores-brasileiros\/","og_site_name":"Tribuna de Minas - Dinheiro e Cidadania","article_publisher":"https:\/\/www.facebook.com\/tribunademinas\/","article_published_time":"2025-10-24T09:45:00+00:00","article_modified_time":"2025-10-24T13:51:18+00:00","og_image":[{"width":1170,"height":700,"url":"https:\/\/tribunademinas.audiencelabs.com.br\/wp-content\/uploads\/2025\/10\/14o-salario.webp","type":"image\/webp"}],"author":"Jeferson Carvalho","twitter_card":"summary_large_image","twitter_creator":"@tribunademinas","twitter_site":"@tribunademinas","twitter_misc":{"Escrito por":"Jeferson Carvalho","Est. tempo de leitura":"3 minutos"},"schema":{"@context":"https:\/\/schema.org","@graph":[{"@type":"Article","@id":"https:\/\/tribunademinas.audiencelabs.com.br\/governo-toma-decisao-sobre-14o-salario-para-trabalhadores-brasileiros\/#article","isPartOf":{"@id":"https:\/\/tribunademinas.audiencelabs.com.br\/governo-toma-decisao-sobre-14o-salario-para-trabalhadores-brasileiros\/"},"author":{"name":"Jeferson Carvalho","@id":"https:\/\/tribunademinas.audiencelabs.com.br\/#\/schema\/person\/db18fc40307804bacef94213aa68fd9d"},"headline":"Governo toma decis\u00e3o sobre 14\u00ba sal\u00e1rio para trabalhadores brasileiros","datePublished":"2025-10-24T09:45:00+00:00","dateModified":"2025-10-24T13:51:18+00:00","mainEntityOfPage":{"@id":"https:\/\/tribunademinas.audiencelabs.com.br\/governo-toma-decisao-sobre-14o-salario-para-trabalhadores-brasileiros\/"},"wordCount":442,"commentCount":0,"publisher":{"@id":"https:\/\/tribunademinas.audiencelabs.com.br\/#organization"},"image":{"@id":"https:\/\/tribunademinas.audiencelabs.com.br\/governo-toma-decisao-sobre-14o-salario-para-trabalhadores-brasileiros\/#primaryimage"},"thumbnailUrl":"https:\/\/tribunademinas.audiencelabs.com.br\/wp-content\/uploads\/2025\/10\/14o-salario.webp","articleSection":["Dinheiro"],"inLanguage":"pt-BR","potentialAction":[{"@type":"CommentAction","name":"Comment","target":["https:\/\/tribunademinas.audiencelabs.com.br\/governo-toma-decisao-sobre-14o-salario-para-trabalhadores-brasileiros\/#respond"]}]},{"@type":"WebPage","@id":"https:\/\/tribunademinas.audiencelabs.com.br\/governo-toma-decisao-sobre-14o-salario-para-trabalhadores-brasileiros\/","url":"https:\/\/tribunademinas.audiencelabs.com.br\/governo-toma-decisao-sobre-14o-salario-para-trabalhadores-brasileiros\/","name":"Governo toma decis\u00e3o sobre 14\u00ba sal\u00e1rio para trabalhadores brasileiros","isPartOf":{"@id":"https:\/\/tribunademinas.audiencelabs.com.br\/#website"},"primaryImageOfPage":{"@id":"https:\/\/tribunademinas.audiencelabs.com.br\/governo-toma-decisao-sobre-14o-salario-para-trabalhadores-brasileiros\/#primaryimage"},"image":{"@id":"https:\/\/tribunademinas.audiencelabs.com.br\/governo-toma-decisao-sobre-14o-salario-para-trabalhadores-brasileiros\/#primaryimage"},"thumbnailUrl":"https:\/\/tribunademinas.audiencelabs.com.br\/wp-content\/uploads\/2025\/10\/14o-salario.webp","datePublished":"2025-10-24T09:45:00+00:00","dateModified":"2025-10-24T13:51:18+00:00","description":"Com o avan\u00e7o de outubro e a reta final do ano se aproximando, muitos brasileiros come\u00e7am a se perguntar sobre o 14\u00ba sal\u00e1rio em 2025.","breadcrumb":{"@id":"https:\/\/tribunademinas.audiencelabs.com.br\/governo-toma-decisao-sobre-14o-salario-para-trabalhadores-brasileiros\/#breadcrumb"},"inLanguage":"pt-BR","potentialAction":[{"@type":"ReadAction","target":["https:\/\/tribunademinas.audiencelabs.com.br\/governo-toma-decisao-sobre-14o-salario-para-trabalhadores-brasileiros\/"]}]},{"@type":"ImageObject","inLanguage":"pt-BR","@id":"https:\/\/tribunademinas.audiencelabs.com.br\/governo-toma-decisao-sobre-14o-salario-para-trabalhadores-brasileiros\/#primaryimage","url":"https:\/\/tribunademinas.audiencelabs.com.br\/wp-content\/uploads\/2025\/10\/14o-salario.webp","contentUrl":"https:\/\/tribunademinas.audiencelabs.com.br\/wp-content\/uploads\/2025\/10\/14o-salario.webp","width":1170,"height":700,"caption":"Governo toma decis\u00e3o sobre 14\u00ba sal\u00e1rio para trabalhadores brasileiros - Imagem: Marcello Casal Jr\/Ag\u00eancia Brasil"},{"@type":"BreadcrumbList","@id":"https:\/\/tribunademinas.audiencelabs.com.br\/governo-toma-decisao-sobre-14o-salario-para-trabalhadores-brasileiros\/#breadcrumb","itemListElement":[{"@type":"ListItem","position":1,"name":"In\u00edcio","item":"https:\/\/tribunademinas.audiencelabs.com.br\/"},{"@type":"ListItem","position":2,"name":"Governo toma decis\u00e3o sobre 14\u00ba sal\u00e1rio para trabalhadores brasileiros"}]},{"@type":"WebSite","@id":"https:\/\/tribunademinas.audiencelabs.com.br\/#website","url":"https:\/\/tribunademinas.audiencelabs.com.br\/","name":"Tribuna de Minas - Dinheiro e Cidadania","description":"","publisher":{"@id":"https:\/\/tribunademinas.audiencelabs.com.br\/#organization"},"potentialAction":[{"@type":"SearchAction","target":{"@type":"EntryPoint","urlTemplate":"https:\/\/tribunademinas.audiencelabs.com.br\/?s={search_term_string}"},"query-input":{"@type":"PropertyValueSpecification","valueRequired":true,"valueName":"search_term_string"}}],"inLanguage":"pt-BR"},{"@type":"Organization","@id":"https:\/\/tribunademinas.audiencelabs.com.br\/#organization","name":"Tribuna de Minas - Dinheiro e Cidadania","url":"https:\/\/tribunademinas.audiencelabs.com.br\/","logo":{"@type":"ImageObject","inLanguage":"pt-BR","@id":"https:\/\/tribunademinas.audiencelabs.com.br\/#\/schema\/logo\/image\/","url":"https:\/\/tribunademinas.audiencelabs.com.br\/wp-content\/uploads\/2025\/08\/cropped-Tribuna_512x512-96x96-1.png","contentUrl":"https:\/\/tribunademinas.audiencelabs.com.br\/wp-content\/uploads\/2025\/08\/cropped-Tribuna_512x512-96x96-1.png","width":96,"height":96,"caption":"Tribuna de Minas - Dinheiro e Cidadania"},"image":{"@id":"https:\/\/tribunademinas.audiencelabs.com.br\/#\/schema\/logo\/image\/"},"sameAs":["https:\/\/www.facebook.com\/tribunademinas\/","https:\/\/x.com\/tribunademinas","https:\/\/www.instagram.com\/tribunademinas\/","https:\/\/www.youtube.com\/user\/TribunadeMinasJF"]},{"@type":"Person","@id":"https:\/\/tribunademinas.audiencelabs.com.br\/#\/schema\/person\/db18fc40307804bacef94213aa68fd9d","name":"Jeferson Carvalho","image":{"@type":"ImageObject","inLanguage":"pt-BR","@id":"https:\/\/tribunademinas.audiencelabs.com.br\/#\/schema\/person\/image\/","url":"https:\/\/secure.gravatar.com\/avatar\/cd7646e328d9670dad7dea8698522e522745eeffcff5b9d08be858e377ce326b?s=96&d=mm&r=g","contentUrl":"https:\/\/secure.gravatar.com\/avatar\/cd7646e328d9670dad7dea8698522e522745eeffcff5b9d08be858e377ce326b?s=96&d=mm&r=g","caption":"Jeferson Carvalho"},"description":"Jornalista apaixonado pela profiss\u00e3o!","url":"https:\/\/tribunademinas.audiencelabs.com.br\/author\/jeferson\/"}]}},"amp_enabled":true,"_links":{"self":[{"href":"https:\/\/tribunademinas.audiencelabs.com.br\/wp-json\/wp\/v2\/posts\/2976","targetHints":{"allow":["GET"]}}],"collection":[{"href":"https:\/\/tribunademinas.audiencelabs.com.br\/wp-json\/wp\/v2\/posts"}],"about":[{"href":"https:\/\/tribunademinas.audiencelabs.com.br\/wp-json\/wp\/v2\/types\/post"}],"author":[{"embeddable":true,"href":"https:\/\/tribunademinas.audiencelabs.com.br\/wp-json\/wp\/v2\/users\/5"}],"replies":[{"embeddable":true,"href":"https:\/\/tribunademinas.audiencelabs.com.br\/wp-json\/wp\/v2\/comments?post=2976"}],"version-history":[{"count":2,"href":"https:\/\/tribunademinas.audiencelabs.com.br\/wp-json\/wp\/v2\/posts\/2976\/revisions"}],"predecessor-version":[{"id":3011,"href":"https:\/\/tribunademinas.audiencelabs.com.br\/wp-json\/wp\/v2\/posts\/2976\/revisions\/3011"}],"wp:featuredmedia":[{"embeddable":true,"href":"https:\/\/tribunademinas.audiencelabs.com.br\/wp-json\/wp\/v2\/media\/2977"}],"wp:attachment":[{"href":"https:\/\/tribunademinas.audiencelabs.com.br\/wp-json\/wp\/v2\/media?parent=2976"}],"wp:term":[{"taxonomy":"category","embeddable":true,"href":"https:\/\/tribunademinas.audiencelabs.com.br\/wp-json\/wp\/v2\/categories?post=2976"},{"taxonomy":"post_tag","embeddable":true,"href":"https:\/\/tribunademinas.audiencelabs.com.br\/wp-json\/wp\/v2\/tags?post=2976"}],"curies":[{"name":"wp","href":"https:\/\/api.w.org\/{rel}","templated":true}]}}