{"id":2909,"date":"2025-10-23T09:45:00","date_gmt":"2025-10-23T12:45:00","guid":{"rendered":"https:\/\/tribunademinas.audiencelabs.com.br\/?p=2909"},"modified":"2025-10-22T19:09:49","modified_gmt":"2025-10-22T22:09:49","slug":"preco-para-tirar-a-cnh-sem-autoescola-deixa-todos-sem-palavras","status":"publish","type":"post","link":"https:\/\/tribunademinas.audiencelabs.com.br\/preco-para-tirar-a-cnh-sem-autoescola-deixa-todos-sem-palavras\/","title":{"rendered":"Pre\u00e7o para tirar a CNH sem autoescola deixa todos sem palavras"},"content":{"rendered":"\n<p>Uma proposta em an\u00e1lise pelo governo federal tem chamado aten\u00e7\u00e3o por seu potencial de transformar radicalmente o processo de obten\u00e7\u00e3o da Carteira Nacional de Habilita\u00e7\u00e3o (CNH) no Brasil. <\/p>\n\n\n\n<p>A ideia \u00e9 permitir que os candidatos possam tirar o documento sem frequentar autoescolas, o que hoje \u00e9 obrigat\u00f3rio, mantendo apenas as provas te\u00f3rica e pr\u00e1tica como exig\u00eancias formais para a concess\u00e3o da habilita\u00e7\u00e3o. <\/p>\n\n\n\n<p>O objetivo \u00e9 claro: tornar o acesso \u00e0 CNH mais barato, simples e democr\u00e1tico, especialmente para as fam\u00edlias de baixa renda. E as proje\u00e7\u00f5es dos novos valores impressionam.<\/p>\n\n\n\n<h2 class=\"wp-block-heading\">Pre\u00e7o para tirar a CNH sem autoescola deixa todos sem palavras<\/h2>\n\n\n\n<p>O projeto, que ainda est\u00e1 em fase de consulta p\u00fablica, sugere mudan\u00e7as importantes na forma\u00e7\u00e3o de condutores. <\/p>\n\n\n\n<p>Caso aprovado, o processo tradicional seria flexibilizado: o curso te\u00f3rico, em vez de ser ministrado por uma autoescola, passaria a ser oferecido online de forma gratuita pelo governo. <\/p>\n\n\n\n<p>J\u00e1 a prepara\u00e7\u00e3o pr\u00e1tica, por sua vez, poderia ser feita com a ajuda de instrutores aut\u00f4nomos credenciados ou at\u00e9 mesmo com um familiar habilitado, desde que respeitadas certas condi\u00e7\u00f5es de seguran\u00e7a.<\/p>\n\n\n\n<p>Essa flexibiliza\u00e7\u00e3o promete uma economia significativa para o bolso dos brasileiros. Atualmente, tirar a CNH pode custar at\u00e9 30% da renda mensal de uma fam\u00edlia, dependendo do estado. <\/p>\n\n\n\n<p>Os valores variam bastante em todo o pa\u00eds e est\u00e3o entre os principais motivos pelos quais mais de 20 milh\u00f5es de pessoas dirigem sem habilita\u00e7\u00e3o, segundo dados da Secretaria Nacional de Tr\u00e2nsito (Senatran).<\/p>\n\n\n\n<p>A proposta n\u00e3o elimina as etapas obrigat\u00f3rias do processo, pois as provas continuam exigidas. No entanto, ao eliminar a obrigatoriedade de contrata\u00e7\u00e3o de autoescolas, o custo despenca. <\/p>\n\n\n\n<h3 class=\"wp-block-heading\">Novos valores da CNH podem surpreender<\/h3>\n\n\n\n<p>De acordo com o Minist\u00e9rio dos Transportes, estima-se que a economia possa chegar a at\u00e9 80% do valor atual. Isso significa que um processo que hoje custa R$ 4.900 em alguns estados poderia cair para menos de R$ 1.000.<\/p>\n\n\n\n<p>Apesar da expectativa, \u00e9 importante destacar que nenhuma mudan\u00e7a foi aprovada oficialmente at\u00e9 o momento. A proposta ainda ser\u00e1 discutida no Conselho Nacional de Tr\u00e2nsito (Contran) ap\u00f3s a fase de consulta p\u00fablica, onde a sociedade pode enviar sugest\u00f5es e cr\u00edticas.<\/p>\n\n\n\n<p>Atualmente, o custo para tirar a CNH <a href=\"https:\/\/tribunademinas.com.br\/colunas\/dinheiroecidadania\/os-estados-do-brasil-mais-baratos-para-tirar-a-cnh\/\"><strong>varia fortemente entre os estados<\/strong><\/a>. A Para\u00edba aparece como o local mais acess\u00edvel, com valor m\u00e9dio de R$ 1.950,40. S\u00e3o Paulo tamb\u00e9m tem pre\u00e7os mais baixos, com m\u00e9dia de R$ 1.983,90. <\/p>\n\n\n\n<p>J\u00e1 o Rio Grande do Sul lidera entre os mais caros: por l\u00e1, o valor m\u00e9dio chega a impressionantes R$ 4.951,35. Outros estados como Mato Grosso do Sul, Bahia, Minas Gerais e Santa Catarina tamb\u00e9m registram custos elevados.<\/p>\n\n\n\n<p>Se a redu\u00e7\u00e3o de 80% se confirmar, o cen\u00e1rio ser\u00e1 outro. Confira abaixo como os pre\u00e7os da CNH podem ficar em cada estado, segundo estimativa com base nos dados atuais:<\/p>\n\n\n\n<figure class=\"wp-block-table is-style-stripes\"><table class=\"has-fixed-layout\"><thead><tr><th>Estado<\/th><th>Valor Atual (R$)<\/th><th>Valor Estimado com Redu\u00e7\u00e3o de 80% (R$)<\/th><\/tr><\/thead><tbody><tr><td>Acre<\/td><td>3.906,60<\/td><td>781,32<\/td><\/tr><tr><td>Alagoas<\/td><td>2.069,14<\/td><td>413,83<\/td><\/tr><tr><td>Amazonas<\/td><td>3.418,95<\/td><td>683,79<\/td><\/tr><tr><td>Amap\u00e1<\/td><td>3.780,47<\/td><td>756,09<\/td><\/tr><tr><td>Bahia<\/td><td>4.120,75<\/td><td>824,15<\/td><\/tr><tr><td>Cear\u00e1<\/td><td>3.020,97<\/td><td>604,19<\/td><\/tr><tr><td>Distrito Federal<\/td><td>3.005,67<\/td><td>601,13<\/td><\/tr><tr><td>Esp\u00edrito Santo<\/td><td>2.338,76<\/td><td>467,75<\/td><\/tr><tr><td>Goi\u00e1s<\/td><td>2.600,39<\/td><td>520,08<\/td><\/tr><tr><td>Maranh\u00e3o<\/td><td>2.858,01<\/td><td>571,60<\/td><\/tr><tr><td>Minas Gerais<\/td><td>3.968,15<\/td><td>793,63<\/td><\/tr><tr><td>Mato Grosso do Sul<\/td><td>4.477,95<\/td><td>895,59<\/td><\/tr><tr><td>Mato Grosso<\/td><td>2.964,04<\/td><td>592,81<\/td><\/tr><tr><td>Par\u00e1<\/td><td>2.802,45<\/td><td>560,49<\/td><\/tr><tr><td>Para\u00edba<\/td><td>1.950,40<\/td><td>390,08<\/td><\/tr><tr><td>Pernambuco<\/td><td>3.416,44<\/td><td>683,29<\/td><\/tr><tr><td>Piau\u00ed<\/td><td>2.401,00<\/td><td>480,20<\/td><\/tr><tr><td>Paran\u00e1<\/td><td>3.670,83<\/td><td>734,17<\/td><\/tr><tr><td>Rio de Janeiro<\/td><td>2.567,82<\/td><td>513,56<\/td><\/tr><tr><td>Rio Grande do Norte<\/td><td>2.806,00<\/td><td>561,20<\/td><\/tr><tr><td>Rond\u00f4nia<\/td><td>2.355,22<\/td><td>471,04<\/td><\/tr><tr><td>Roraima<\/td><td>3.828,40<\/td><td>765,68<\/td><\/tr><tr><td>Rio Grande do Sul<\/td><td>4.951,35<\/td><td>990,27<\/td><\/tr><tr><td>Santa Catarina<\/td><td>3.906,90<\/td><td>781,38<\/td><\/tr><tr><td>Sergipe<\/td><td>3.049,97<\/td><td>609,99<\/td><\/tr><tr><td>S\u00e3o Paulo<\/td><td>1.983,90<\/td><td>396,78<\/td><\/tr><tr><td>Tocantins<\/td><td>2.985,33<\/td><td>597,07<\/td><\/tr><\/tbody><\/table><\/figure>\n\n\n\n<p>Com essa poss\u00edvel mudan\u00e7a, o governo pretende n\u00e3o apenas baratear o processo, mas tamb\u00e9m abrir caminho para que mais brasileiros tenham acesso \u00e0 habilita\u00e7\u00e3o de forma justa e segura.<\/p>\n\n\n\n<p><\/p>\n","protected":false},"excerpt":{"rendered":"<p>Uma proposta em an\u00e1lise pelo governo federal tem chamado aten\u00e7\u00e3o por seu potencial de transformar radicalmente o processo de obten\u00e7\u00e3o da Carteira Nacional de Habilita\u00e7\u00e3o (CNH) no Brasil. A ideia \u00e9 permitir que os candidatos possam tirar o documento sem frequentar autoescolas, o que hoje \u00e9 obrigat\u00f3rio, mantendo apenas as provas te\u00f3rica e pr\u00e1tica como [&hellip;]<\/p>\n","protected":false},"author":5,"featured_media":2910,"comment_status":"open","ping_status":"open","sticky":false,"template":"","format":"standard","meta":{"jnews-multi-image_gallery":[],"jnews_single_post":{"format":"standard"},"jnews_primary_category":[],"jnews_social_meta":[],"jnews_post_split":[],"footnotes":""},"categories":[1],"tags":[],"class_list":["post-2909","post","type-post","status-publish","format-standard","has-post-thumbnail","hentry","category-dinheiro"],"yoast_head":"<!-- This site is optimized with the Yoast SEO plugin v25.6 - https:\/\/yoast.com\/wordpress\/plugins\/seo\/ -->\n<title>Pre\u00e7o para tirar a CNH sem autoescola deixa todos sem palavras<\/title>\n<meta name=\"description\" content=\"Uma proposta em an\u00e1lise pelo governo federal tem chamado aten\u00e7\u00e3o por seu potencial de transformar radicalmente a obten\u00e7\u00e3o da CNH no Brasil.\" \/>\n<meta name=\"robots\" content=\"index, follow, max-snippet:-1, max-image-preview:large, max-video-preview:-1\" \/>\n<link rel=\"canonical\" href=\"https:\/\/tribunademinas.audiencelabs.com.br\/preco-para-tirar-a-cnh-sem-autoescola-deixa-todos-sem-palavras\/\" \/>\n<meta property=\"og:locale\" content=\"pt_BR\" \/>\n<meta property=\"og:type\" content=\"article\" \/>\n<meta property=\"og:title\" content=\"Pre\u00e7o para tirar a CNH sem autoescola deixa todos sem palavras\" \/>\n<meta property=\"og:description\" content=\"Uma proposta em an\u00e1lise pelo governo federal tem chamado aten\u00e7\u00e3o por seu potencial de transformar radicalmente a obten\u00e7\u00e3o da CNH no Brasil.\" \/>\n<meta property=\"og:url\" content=\"https:\/\/tribunademinas.audiencelabs.com.br\/preco-para-tirar-a-cnh-sem-autoescola-deixa-todos-sem-palavras\/\" \/>\n<meta property=\"og:site_name\" content=\"Tribuna de Minas - Dinheiro e Cidadania\" \/>\n<meta property=\"article:publisher\" content=\"https:\/\/www.facebook.com\/tribunademinas\/\" \/>\n<meta property=\"article:published_time\" content=\"2025-10-23T12:45:00+00:00\" \/>\n<meta property=\"og:image\" content=\"https:\/\/tribunademinas.audiencelabs.com.br\/wp-content\/uploads\/2025\/10\/CNH-2.webp\" \/>\n\t<meta property=\"og:image:width\" content=\"1170\" \/>\n\t<meta property=\"og:image:height\" content=\"700\" \/>\n\t<meta property=\"og:image:type\" content=\"image\/webp\" \/>\n<meta name=\"author\" content=\"Jeferson Carvalho\" \/>\n<meta name=\"twitter:card\" content=\"summary_large_image\" \/>\n<meta name=\"twitter:creator\" content=\"@tribunademinas\" \/>\n<meta name=\"twitter:site\" content=\"@tribunademinas\" \/>\n<meta name=\"twitter:label1\" content=\"Escrito por\" \/>\n\t<meta name=\"twitter:data1\" content=\"Jeferson Carvalho\" \/>\n\t<meta name=\"twitter:label2\" content=\"Est. tempo de leitura\" \/>\n\t<meta name=\"twitter:data2\" content=\"4 minutos\" \/>\n<!-- \/ Yoast SEO plugin. -->","yoast_head_json":{"title":"Pre\u00e7o para tirar a CNH sem autoescola deixa todos sem palavras","description":"Uma proposta em an\u00e1lise pelo governo federal tem chamado aten\u00e7\u00e3o por seu potencial de transformar radicalmente a obten\u00e7\u00e3o da CNH no Brasil.","robots":{"index":"index","follow":"follow","max-snippet":"max-snippet:-1","max-image-preview":"max-image-preview:large","max-video-preview":"max-video-preview:-1"},"canonical":"https:\/\/tribunademinas.audiencelabs.com.br\/preco-para-tirar-a-cnh-sem-autoescola-deixa-todos-sem-palavras\/","og_locale":"pt_BR","og_type":"article","og_title":"Pre\u00e7o para tirar a CNH sem autoescola deixa todos sem palavras","og_description":"Uma proposta em an\u00e1lise pelo governo federal tem chamado aten\u00e7\u00e3o por seu potencial de transformar radicalmente a obten\u00e7\u00e3o da CNH no Brasil.","og_url":"https:\/\/tribunademinas.audiencelabs.com.br\/preco-para-tirar-a-cnh-sem-autoescola-deixa-todos-sem-palavras\/","og_site_name":"Tribuna de Minas - Dinheiro e Cidadania","article_publisher":"https:\/\/www.facebook.com\/tribunademinas\/","article_published_time":"2025-10-23T12:45:00+00:00","og_image":[{"width":1170,"height":700,"url":"https:\/\/tribunademinas.audiencelabs.com.br\/wp-content\/uploads\/2025\/10\/CNH-2.webp","type":"image\/webp"}],"author":"Jeferson Carvalho","twitter_card":"summary_large_image","twitter_creator":"@tribunademinas","twitter_site":"@tribunademinas","twitter_misc":{"Escrito por":"Jeferson Carvalho","Est. tempo de leitura":"4 minutos"},"schema":{"@context":"https:\/\/schema.org","@graph":[{"@type":"Article","@id":"https:\/\/tribunademinas.audiencelabs.com.br\/preco-para-tirar-a-cnh-sem-autoescola-deixa-todos-sem-palavras\/#article","isPartOf":{"@id":"https:\/\/tribunademinas.audiencelabs.com.br\/preco-para-tirar-a-cnh-sem-autoescola-deixa-todos-sem-palavras\/"},"author":{"name":"Jeferson Carvalho","@id":"https:\/\/tribunademinas.audiencelabs.com.br\/#\/schema\/person\/db18fc40307804bacef94213aa68fd9d"},"headline":"Pre\u00e7o para tirar a CNH sem autoescola deixa todos sem palavras","datePublished":"2025-10-23T12:45:00+00:00","mainEntityOfPage":{"@id":"https:\/\/tribunademinas.audiencelabs.com.br\/preco-para-tirar-a-cnh-sem-autoescola-deixa-todos-sem-palavras\/"},"wordCount":600,"commentCount":0,"publisher":{"@id":"https:\/\/tribunademinas.audiencelabs.com.br\/#organization"},"image":{"@id":"https:\/\/tribunademinas.audiencelabs.com.br\/preco-para-tirar-a-cnh-sem-autoescola-deixa-todos-sem-palavras\/#primaryimage"},"thumbnailUrl":"https:\/\/tribunademinas.audiencelabs.com.br\/wp-content\/uploads\/2025\/10\/CNH-2.webp","articleSection":["Dinheiro"],"inLanguage":"pt-BR","potentialAction":[{"@type":"CommentAction","name":"Comment","target":["https:\/\/tribunademinas.audiencelabs.com.br\/preco-para-tirar-a-cnh-sem-autoescola-deixa-todos-sem-palavras\/#respond"]}]},{"@type":"WebPage","@id":"https:\/\/tribunademinas.audiencelabs.com.br\/preco-para-tirar-a-cnh-sem-autoescola-deixa-todos-sem-palavras\/","url":"https:\/\/tribunademinas.audiencelabs.com.br\/preco-para-tirar-a-cnh-sem-autoescola-deixa-todos-sem-palavras\/","name":"Pre\u00e7o para tirar a CNH sem autoescola deixa todos sem palavras","isPartOf":{"@id":"https:\/\/tribunademinas.audiencelabs.com.br\/#website"},"primaryImageOfPage":{"@id":"https:\/\/tribunademinas.audiencelabs.com.br\/preco-para-tirar-a-cnh-sem-autoescola-deixa-todos-sem-palavras\/#primaryimage"},"image":{"@id":"https:\/\/tribunademinas.audiencelabs.com.br\/preco-para-tirar-a-cnh-sem-autoescola-deixa-todos-sem-palavras\/#primaryimage"},"thumbnailUrl":"https:\/\/tribunademinas.audiencelabs.com.br\/wp-content\/uploads\/2025\/10\/CNH-2.webp","datePublished":"2025-10-23T12:45:00+00:00","description":"Uma proposta em an\u00e1lise pelo governo federal tem chamado aten\u00e7\u00e3o por seu potencial de transformar radicalmente a obten\u00e7\u00e3o da CNH no Brasil.","breadcrumb":{"@id":"https:\/\/tribunademinas.audiencelabs.com.br\/preco-para-tirar-a-cnh-sem-autoescola-deixa-todos-sem-palavras\/#breadcrumb"},"inLanguage":"pt-BR","potentialAction":[{"@type":"ReadAction","target":["https:\/\/tribunademinas.audiencelabs.com.br\/preco-para-tirar-a-cnh-sem-autoescola-deixa-todos-sem-palavras\/"]}]},{"@type":"ImageObject","inLanguage":"pt-BR","@id":"https:\/\/tribunademinas.audiencelabs.com.br\/preco-para-tirar-a-cnh-sem-autoescola-deixa-todos-sem-palavras\/#primaryimage","url":"https:\/\/tribunademinas.audiencelabs.com.br\/wp-content\/uploads\/2025\/10\/CNH-2.webp","contentUrl":"https:\/\/tribunademinas.audiencelabs.com.br\/wp-content\/uploads\/2025\/10\/CNH-2.webp","width":1170,"height":700,"caption":"Pre\u00e7o para tirar a CNH sem autoescola deixa todos sem palavras - Imagem: Minist\u00e9rio da Infraestrutura\/Conselho Nacional de Tr\u00e2nsito"},{"@type":"BreadcrumbList","@id":"https:\/\/tribunademinas.audiencelabs.com.br\/preco-para-tirar-a-cnh-sem-autoescola-deixa-todos-sem-palavras\/#breadcrumb","itemListElement":[{"@type":"ListItem","position":1,"name":"In\u00edcio","item":"https:\/\/tribunademinas.audiencelabs.com.br\/"},{"@type":"ListItem","position":2,"name":"Pre\u00e7o para tirar a CNH sem autoescola deixa todos sem palavras"}]},{"@type":"WebSite","@id":"https:\/\/tribunademinas.audiencelabs.com.br\/#website","url":"https:\/\/tribunademinas.audiencelabs.com.br\/","name":"Tribuna de Minas - Dinheiro e Cidadania","description":"","publisher":{"@id":"https:\/\/tribunademinas.audiencelabs.com.br\/#organization"},"potentialAction":[{"@type":"SearchAction","target":{"@type":"EntryPoint","urlTemplate":"https:\/\/tribunademinas.audiencelabs.com.br\/?s={search_term_string}"},"query-input":{"@type":"PropertyValueSpecification","valueRequired":true,"valueName":"search_term_string"}}],"inLanguage":"pt-BR"},{"@type":"Organization","@id":"https:\/\/tribunademinas.audiencelabs.com.br\/#organization","name":"Tribuna de Minas - Dinheiro e Cidadania","url":"https:\/\/tribunademinas.audiencelabs.com.br\/","logo":{"@type":"ImageObject","inLanguage":"pt-BR","@id":"https:\/\/tribunademinas.audiencelabs.com.br\/#\/schema\/logo\/image\/","url":"https:\/\/tribunademinas.audiencelabs.com.br\/wp-content\/uploads\/2025\/08\/cropped-Tribuna_512x512-96x96-1.png","contentUrl":"https:\/\/tribunademinas.audiencelabs.com.br\/wp-content\/uploads\/2025\/08\/cropped-Tribuna_512x512-96x96-1.png","width":96,"height":96,"caption":"Tribuna de Minas - Dinheiro e Cidadania"},"image":{"@id":"https:\/\/tribunademinas.audiencelabs.com.br\/#\/schema\/logo\/image\/"},"sameAs":["https:\/\/www.facebook.com\/tribunademinas\/","https:\/\/x.com\/tribunademinas","https:\/\/www.instagram.com\/tribunademinas\/","https:\/\/www.youtube.com\/user\/TribunadeMinasJF"]},{"@type":"Person","@id":"https:\/\/tribunademinas.audiencelabs.com.br\/#\/schema\/person\/db18fc40307804bacef94213aa68fd9d","name":"Jeferson Carvalho","image":{"@type":"ImageObject","inLanguage":"pt-BR","@id":"https:\/\/tribunademinas.audiencelabs.com.br\/#\/schema\/person\/image\/","url":"https:\/\/secure.gravatar.com\/avatar\/cd7646e328d9670dad7dea8698522e522745eeffcff5b9d08be858e377ce326b?s=96&d=mm&r=g","contentUrl":"https:\/\/secure.gravatar.com\/avatar\/cd7646e328d9670dad7dea8698522e522745eeffcff5b9d08be858e377ce326b?s=96&d=mm&r=g","caption":"Jeferson Carvalho"},"description":"Jornalista apaixonado pela profiss\u00e3o!","url":"https:\/\/tribunademinas.audiencelabs.com.br\/author\/jeferson\/"}]}},"amp_enabled":true,"_links":{"self":[{"href":"https:\/\/tribunademinas.audiencelabs.com.br\/wp-json\/wp\/v2\/posts\/2909","targetHints":{"allow":["GET"]}}],"collection":[{"href":"https:\/\/tribunademinas.audiencelabs.com.br\/wp-json\/wp\/v2\/posts"}],"about":[{"href":"https:\/\/tribunademinas.audiencelabs.com.br\/wp-json\/wp\/v2\/types\/post"}],"author":[{"embeddable":true,"href":"https:\/\/tribunademinas.audiencelabs.com.br\/wp-json\/wp\/v2\/users\/5"}],"replies":[{"embeddable":true,"href":"https:\/\/tribunademinas.audiencelabs.com.br\/wp-json\/wp\/v2\/comments?post=2909"}],"version-history":[{"count":1,"href":"https:\/\/tribunademinas.audiencelabs.com.br\/wp-json\/wp\/v2\/posts\/2909\/revisions"}],"predecessor-version":[{"id":2911,"href":"https:\/\/tribunademinas.audiencelabs.com.br\/wp-json\/wp\/v2\/posts\/2909\/revisions\/2911"}],"wp:featuredmedia":[{"embeddable":true,"href":"https:\/\/tribunademinas.audiencelabs.com.br\/wp-json\/wp\/v2\/media\/2910"}],"wp:attachment":[{"href":"https:\/\/tribunademinas.audiencelabs.com.br\/wp-json\/wp\/v2\/media?parent=2909"}],"wp:term":[{"taxonomy":"category","embeddable":true,"href":"https:\/\/tribunademinas.audiencelabs.com.br\/wp-json\/wp\/v2\/categories?post=2909"},{"taxonomy":"post_tag","embeddable":true,"href":"https:\/\/tribunademinas.audiencelabs.com.br\/wp-json\/wp\/v2\/tags?post=2909"}],"curies":[{"name":"wp","href":"https:\/\/api.w.org\/{rel}","templated":true}]}}