{"id":2889,"date":"2025-10-26T11:45:00","date_gmt":"2025-10-26T14:45:00","guid":{"rendered":"https:\/\/tribunademinas.audiencelabs.com.br\/?p=2889"},"modified":"2025-10-23T10:13:46","modified_gmt":"2025-10-23T13:13:46","slug":"energia-gratuita-e-confirmada-apos-nova-lei-de-lula","status":"publish","type":"post","link":"https:\/\/tribunademinas.audiencelabs.com.br\/energia-gratuita-e-confirmada-apos-nova-lei-de-lula\/","title":{"rendered":"Energia gratuita \u00e9 confirmada ap\u00f3s nova lei de Lula"},"content":{"rendered":"\n<p>Reconhecendo o abastecimento de energia el\u00e9trica como servi\u00e7o p\u00fablico essencial, o presidente Luiz In\u00e1cio Lula da Silva (PT) decidiu sancionar, atrav\u00e9s da&nbsp;<strong>Medida Provis\u00f3ria n\u00ba&nbsp;<strong>1.300\/25<\/strong><\/strong>, diversas mudan\u00e7as em leis que regem o setor el\u00e9trico brasileiro, abrangendo inclusive as que tratam da Tarifa Social de Energia El\u00e9trica.<\/p>\n\n\n\n<p>Vale lembrar que, inicialmente, o benef\u00edcio concedia apenas descontos parciais, entre 10% e 65%, para consumo de at\u00e9 220 kWh por m\u00eas. A nova proposta, por\u00e9m, prev\u00ea a <strong>isen\u00e7\u00e3o total da conta de luz<\/strong> para p\u00fablicos espec\u00edficos.<\/p>\n\n\n\n<p>O benef\u00edcio ser\u00e1 custeado pela Conta de Desenvolvimento Energ\u00e9tico (CDE), financiada pelos consumidores para apoiar pol\u00edticas p\u00fablicas de energia, e assegurar\u00e1 <strong>gratuidade integral at\u00e9 80 kWh de consumo<\/strong>.<\/p>\n\n\n\n<p>E caso o consumo ultrapasse o limite estipulado, a nova Tarifa Social continua sendo vantajosa, pois ela cobrar\u00e1 apenas o valor excedente junto de taxas obrigat\u00f3rias como ilumina\u00e7\u00e3o p\u00fablica e ICMS, descontando o consumo inicial.<\/p>\n\n\n\n<p>O benef\u00edcio deve contemplar milh\u00f5es de brasileiros, abrangendo pessoas registradas no Cadastro \u00danico (Cad\u00danico), benefici\u00e1rios do Benef\u00edcio de Presta\u00e7\u00e3o Continuada (BPC), bem como ind\u00edgenas e quilombolas de baixa renda e consumidores situados em \u00e1reas isoladas.<\/p>\n\n\n\n<h2 class=\"wp-block-heading\">Tarifa Social de Energia El\u00e9trica: como solicitar?<\/h2>\n\n\n\n<p>Cidad\u00e3os que desejam aderir \u00e0 Tarifa Social devem ficar atentos, j\u00e1 que os procedimentos de ades\u00e3o variam conforme cada condi\u00e7\u00e3o. Fam\u00edlias em situa\u00e7\u00e3o de vulnerabilidade, inscritas no Cad\u00danico por exemplo, podem formalizar a ades\u00e3o junto ao Centro de Refer\u00eancia de Assist\u00eancia Social (CRAS) de sua regi\u00e3o.<\/p>\n\n\n\n<p>No entanto, em certos casos, ser\u00e1 preciso solicitar o benef\u00edcio diretamente \u00e0 companhia de energia respons\u00e1vel pelo fornecimento local, informando o N\u00famero de Identifica\u00e7\u00e3o Social (NIS) para que a Tarifa Social seja disponibilizada.<\/p>\n\n\n\n<p>J\u00e1 os benefici\u00e1rios do BPC est\u00e3o dispensados de qualquer solicita\u00e7\u00e3o adicional, uma vez que o Minist\u00e9rio do Desenvolvimento Social transfere automaticamente seus dados \u00e0s distribuidoras de energia el\u00e9trica. Contudo, em todos os casos, \u00e9 importante lembrar de manter as informa\u00e7\u00f5es do Cad\u00danico sempre atualizadas.<\/p>\n\n\n\n<figure class=\"wp-block-embed is-type-video is-provider-youtube wp-block-embed-youtube wp-embed-aspect-9-16 wp-has-aspect-ratio\"><div class=\"wp-block-embed__wrapper\">\n<div class=\"jeg_video_container jeg_video_content\"><iframe loading=\"lazy\" title=\"Luz do Povo \u00e9 energia mais barata! | Governo do Brasil\" width=\"422\" height=\"750\" src=\"https:\/\/www.youtube.com\/embed\/LpX67pjbMRo?feature=oembed\" frameborder=\"0\" allow=\"accelerometer; autoplay; clipboard-write; encrypted-media; gyroscope; picture-in-picture; web-share\" referrerpolicy=\"strict-origin-when-cross-origin\" allowfullscreen><\/iframe><\/div>\n<\/div><\/figure>\n","protected":false},"excerpt":{"rendered":"<p>Reconhecendo o abastecimento de energia el\u00e9trica como servi\u00e7o p\u00fablico essencial, o presidente Luiz In\u00e1cio Lula da Silva (PT) decidiu sancionar, atrav\u00e9s da&nbsp;Medida Provis\u00f3ria n\u00ba&nbsp;1.300\/25, diversas mudan\u00e7as em leis que regem o setor el\u00e9trico brasileiro, abrangendo inclusive as que tratam da Tarifa Social de Energia El\u00e9trica. Vale lembrar que, inicialmente, o benef\u00edcio concedia apenas descontos parciais, [&hellip;]<\/p>\n","protected":false},"author":3,"featured_media":2890,"comment_status":"open","ping_status":"open","sticky":false,"template":"","format":"standard","meta":{"jnews-multi-image_gallery":[],"jnews_single_post":{"format":"standard"},"jnews_primary_category":[],"jnews_social_meta":[],"jnews_post_split":[],"footnotes":""},"categories":[159],"tags":[],"class_list":["post-2889","post","type-post","status-publish","format-standard","has-post-thumbnail","hentry","category-cidadania"],"yoast_head":"<!-- This site is optimized with the Yoast SEO plugin v25.6 - https:\/\/yoast.com\/wordpress\/plugins\/seo\/ -->\n<title>Energia gratuita \u00e9 confirmada ap\u00f3s nova lei de Lula<\/title>\n<meta name=\"description\" content=\"Luiz In\u00e1cio Lula da Silva (PT) decidiu sancionar diversas mudan\u00e7as em leis que regem o setor el\u00e9trico brasileiro, mexendo na energia.\" \/>\n<meta name=\"robots\" content=\"index, follow, max-snippet:-1, max-image-preview:large, max-video-preview:-1\" \/>\n<link rel=\"canonical\" href=\"https:\/\/tribunademinas.audiencelabs.com.br\/energia-gratuita-e-confirmada-apos-nova-lei-de-lula\/\" \/>\n<meta property=\"og:locale\" content=\"pt_BR\" \/>\n<meta property=\"og:type\" content=\"article\" \/>\n<meta property=\"og:title\" content=\"Energia gratuita \u00e9 confirmada ap\u00f3s nova lei de Lula\" \/>\n<meta property=\"og:description\" content=\"Luiz In\u00e1cio Lula da Silva (PT) decidiu sancionar diversas mudan\u00e7as em leis que regem o setor el\u00e9trico brasileiro, mexendo na energia.\" \/>\n<meta property=\"og:url\" content=\"https:\/\/tribunademinas.audiencelabs.com.br\/energia-gratuita-e-confirmada-apos-nova-lei-de-lula\/\" \/>\n<meta property=\"og:site_name\" content=\"Tribuna de Minas - Dinheiro e Cidadania\" \/>\n<meta property=\"article:publisher\" content=\"https:\/\/www.facebook.com\/tribunademinas\/\" \/>\n<meta property=\"article:published_time\" content=\"2025-10-26T14:45:00+00:00\" \/>\n<meta property=\"og:image\" content=\"https:\/\/tribunademinas.audiencelabs.com.br\/wp-content\/uploads\/2025\/10\/energia-gratuita-confirmada-nova-lei-lula.jpg\" \/>\n\t<meta property=\"og:image:width\" content=\"1920\" \/>\n\t<meta property=\"og:image:height\" content=\"1080\" \/>\n\t<meta property=\"og:image:type\" content=\"image\/jpeg\" \/>\n<meta name=\"author\" content=\"Jo\u00e3o Carlos Gomes\" \/>\n<meta name=\"twitter:card\" content=\"summary_large_image\" \/>\n<meta name=\"twitter:creator\" content=\"@tribunademinas\" \/>\n<meta name=\"twitter:site\" content=\"@tribunademinas\" \/>\n<meta name=\"twitter:label1\" content=\"Escrito por\" \/>\n\t<meta name=\"twitter:data1\" content=\"Jo\u00e3o Carlos Gomes\" \/>\n\t<meta name=\"twitter:label2\" content=\"Est. tempo de leitura\" \/>\n\t<meta name=\"twitter:data2\" content=\"2 minutos\" \/>\n<!-- \/ Yoast SEO plugin. -->","yoast_head_json":{"title":"Energia gratuita \u00e9 confirmada ap\u00f3s nova lei de Lula","description":"Luiz In\u00e1cio Lula da Silva (PT) decidiu sancionar diversas mudan\u00e7as em leis que regem o setor el\u00e9trico brasileiro, mexendo na energia.","robots":{"index":"index","follow":"follow","max-snippet":"max-snippet:-1","max-image-preview":"max-image-preview:large","max-video-preview":"max-video-preview:-1"},"canonical":"https:\/\/tribunademinas.audiencelabs.com.br\/energia-gratuita-e-confirmada-apos-nova-lei-de-lula\/","og_locale":"pt_BR","og_type":"article","og_title":"Energia gratuita \u00e9 confirmada ap\u00f3s nova lei de Lula","og_description":"Luiz In\u00e1cio Lula da Silva (PT) decidiu sancionar diversas mudan\u00e7as em leis que regem o setor el\u00e9trico brasileiro, mexendo na energia.","og_url":"https:\/\/tribunademinas.audiencelabs.com.br\/energia-gratuita-e-confirmada-apos-nova-lei-de-lula\/","og_site_name":"Tribuna de Minas - Dinheiro e Cidadania","article_publisher":"https:\/\/www.facebook.com\/tribunademinas\/","article_published_time":"2025-10-26T14:45:00+00:00","og_image":[{"width":1920,"height":1080,"url":"https:\/\/tribunademinas.audiencelabs.com.br\/wp-content\/uploads\/2025\/10\/energia-gratuita-confirmada-nova-lei-lula.jpg","type":"image\/jpeg"}],"author":"Jo\u00e3o Carlos Gomes","twitter_card":"summary_large_image","twitter_creator":"@tribunademinas","twitter_site":"@tribunademinas","twitter_misc":{"Escrito por":"Jo\u00e3o Carlos Gomes","Est. tempo de leitura":"2 minutos"},"schema":{"@context":"https:\/\/schema.org","@graph":[{"@type":"Article","@id":"https:\/\/tribunademinas.audiencelabs.com.br\/energia-gratuita-e-confirmada-apos-nova-lei-de-lula\/#article","isPartOf":{"@id":"https:\/\/tribunademinas.audiencelabs.com.br\/energia-gratuita-e-confirmada-apos-nova-lei-de-lula\/"},"author":{"name":"Jo\u00e3o Carlos Gomes","@id":"https:\/\/tribunademinas.audiencelabs.com.br\/#\/schema\/person\/37af466a64a722fadb8ef6841c52114f"},"headline":"Energia gratuita \u00e9 confirmada ap\u00f3s nova lei de Lula","datePublished":"2025-10-26T14:45:00+00:00","mainEntityOfPage":{"@id":"https:\/\/tribunademinas.audiencelabs.com.br\/energia-gratuita-e-confirmada-apos-nova-lei-de-lula\/"},"wordCount":373,"commentCount":0,"publisher":{"@id":"https:\/\/tribunademinas.audiencelabs.com.br\/#organization"},"image":{"@id":"https:\/\/tribunademinas.audiencelabs.com.br\/energia-gratuita-e-confirmada-apos-nova-lei-de-lula\/#primaryimage"},"thumbnailUrl":"https:\/\/tribunademinas.audiencelabs.com.br\/wp-content\/uploads\/2025\/10\/energia-gratuita-confirmada-nova-lei-lula.jpg","articleSection":["Cidadania"],"inLanguage":"pt-BR","potentialAction":[{"@type":"CommentAction","name":"Comment","target":["https:\/\/tribunademinas.audiencelabs.com.br\/energia-gratuita-e-confirmada-apos-nova-lei-de-lula\/#respond"]}]},{"@type":"WebPage","@id":"https:\/\/tribunademinas.audiencelabs.com.br\/energia-gratuita-e-confirmada-apos-nova-lei-de-lula\/","url":"https:\/\/tribunademinas.audiencelabs.com.br\/energia-gratuita-e-confirmada-apos-nova-lei-de-lula\/","name":"Energia gratuita \u00e9 confirmada ap\u00f3s nova lei de Lula","isPartOf":{"@id":"https:\/\/tribunademinas.audiencelabs.com.br\/#website"},"primaryImageOfPage":{"@id":"https:\/\/tribunademinas.audiencelabs.com.br\/energia-gratuita-e-confirmada-apos-nova-lei-de-lula\/#primaryimage"},"image":{"@id":"https:\/\/tribunademinas.audiencelabs.com.br\/energia-gratuita-e-confirmada-apos-nova-lei-de-lula\/#primaryimage"},"thumbnailUrl":"https:\/\/tribunademinas.audiencelabs.com.br\/wp-content\/uploads\/2025\/10\/energia-gratuita-confirmada-nova-lei-lula.jpg","datePublished":"2025-10-26T14:45:00+00:00","description":"Luiz In\u00e1cio Lula da Silva (PT) decidiu sancionar diversas mudan\u00e7as em leis que regem o setor el\u00e9trico brasileiro, mexendo na energia.","breadcrumb":{"@id":"https:\/\/tribunademinas.audiencelabs.com.br\/energia-gratuita-e-confirmada-apos-nova-lei-de-lula\/#breadcrumb"},"inLanguage":"pt-BR","potentialAction":[{"@type":"ReadAction","target":["https:\/\/tribunademinas.audiencelabs.com.br\/energia-gratuita-e-confirmada-apos-nova-lei-de-lula\/"]}]},{"@type":"ImageObject","inLanguage":"pt-BR","@id":"https:\/\/tribunademinas.audiencelabs.com.br\/energia-gratuita-e-confirmada-apos-nova-lei-de-lula\/#primaryimage","url":"https:\/\/tribunademinas.audiencelabs.com.br\/wp-content\/uploads\/2025\/10\/energia-gratuita-confirmada-nova-lei-lula.jpg","contentUrl":"https:\/\/tribunademinas.audiencelabs.com.br\/wp-content\/uploads\/2025\/10\/energia-gratuita-confirmada-nova-lei-lula.jpg","width":1920,"height":1080,"caption":"Foto: Pok Rie\/Pexels"},{"@type":"BreadcrumbList","@id":"https:\/\/tribunademinas.audiencelabs.com.br\/energia-gratuita-e-confirmada-apos-nova-lei-de-lula\/#breadcrumb","itemListElement":[{"@type":"ListItem","position":1,"name":"In\u00edcio","item":"https:\/\/tribunademinas.audiencelabs.com.br\/"},{"@type":"ListItem","position":2,"name":"Energia gratuita \u00e9 confirmada ap\u00f3s nova lei de Lula"}]},{"@type":"WebSite","@id":"https:\/\/tribunademinas.audiencelabs.com.br\/#website","url":"https:\/\/tribunademinas.audiencelabs.com.br\/","name":"Tribuna de Minas - Dinheiro e Cidadania","description":"","publisher":{"@id":"https:\/\/tribunademinas.audiencelabs.com.br\/#organization"},"potentialAction":[{"@type":"SearchAction","target":{"@type":"EntryPoint","urlTemplate":"https:\/\/tribunademinas.audiencelabs.com.br\/?s={search_term_string}"},"query-input":{"@type":"PropertyValueSpecification","valueRequired":true,"valueName":"search_term_string"}}],"inLanguage":"pt-BR"},{"@type":"Organization","@id":"https:\/\/tribunademinas.audiencelabs.com.br\/#organization","name":"Tribuna de Minas - Dinheiro e Cidadania","url":"https:\/\/tribunademinas.audiencelabs.com.br\/","logo":{"@type":"ImageObject","inLanguage":"pt-BR","@id":"https:\/\/tribunademinas.audiencelabs.com.br\/#\/schema\/logo\/image\/","url":"https:\/\/tribunademinas.audiencelabs.com.br\/wp-content\/uploads\/2025\/08\/cropped-Tribuna_512x512-96x96-1.png","contentUrl":"https:\/\/tribunademinas.audiencelabs.com.br\/wp-content\/uploads\/2025\/08\/cropped-Tribuna_512x512-96x96-1.png","width":96,"height":96,"caption":"Tribuna de Minas - Dinheiro e Cidadania"},"image":{"@id":"https:\/\/tribunademinas.audiencelabs.com.br\/#\/schema\/logo\/image\/"},"sameAs":["https:\/\/www.facebook.com\/tribunademinas\/","https:\/\/x.com\/tribunademinas","https:\/\/www.instagram.com\/tribunademinas\/","https:\/\/www.youtube.com\/user\/TribunadeMinasJF"]},{"@type":"Person","@id":"https:\/\/tribunademinas.audiencelabs.com.br\/#\/schema\/person\/37af466a64a722fadb8ef6841c52114f","name":"Jo\u00e3o Carlos Gomes","image":{"@type":"ImageObject","inLanguage":"pt-BR","@id":"https:\/\/tribunademinas.audiencelabs.com.br\/#\/schema\/person\/image\/","url":"https:\/\/secure.gravatar.com\/avatar\/4ce4672dbdd694b329cd6fdb51bee7d1409be1f0ff76a537e4c4a737b2c7d1a9?s=96&d=mm&r=g","contentUrl":"https:\/\/secure.gravatar.com\/avatar\/4ce4672dbdd694b329cd6fdb51bee7d1409be1f0ff76a537e4c4a737b2c7d1a9?s=96&d=mm&r=g","caption":"Jo\u00e3o Carlos Gomes"},"description":"Jornalista formado pelo Centro Universit\u00e1rio Carioca, apreciador da Bossa Nova ao Metal Extremo, criador de conte\u00fado e m\u00fasico independente nas horas vagas.","url":"https:\/\/tribunademinas.audiencelabs.com.br\/author\/joaoc-junior\/"}]}},"amp_enabled":true,"_links":{"self":[{"href":"https:\/\/tribunademinas.audiencelabs.com.br\/wp-json\/wp\/v2\/posts\/2889","targetHints":{"allow":["GET"]}}],"collection":[{"href":"https:\/\/tribunademinas.audiencelabs.com.br\/wp-json\/wp\/v2\/posts"}],"about":[{"href":"https:\/\/tribunademinas.audiencelabs.com.br\/wp-json\/wp\/v2\/types\/post"}],"author":[{"embeddable":true,"href":"https:\/\/tribunademinas.audiencelabs.com.br\/wp-json\/wp\/v2\/users\/3"}],"replies":[{"embeddable":true,"href":"https:\/\/tribunademinas.audiencelabs.com.br\/wp-json\/wp\/v2\/comments?post=2889"}],"version-history":[{"count":2,"href":"https:\/\/tribunademinas.audiencelabs.com.br\/wp-json\/wp\/v2\/posts\/2889\/revisions"}],"predecessor-version":[{"id":2926,"href":"https:\/\/tribunademinas.audiencelabs.com.br\/wp-json\/wp\/v2\/posts\/2889\/revisions\/2926"}],"wp:featuredmedia":[{"embeddable":true,"href":"https:\/\/tribunademinas.audiencelabs.com.br\/wp-json\/wp\/v2\/media\/2890"}],"wp:attachment":[{"href":"https:\/\/tribunademinas.audiencelabs.com.br\/wp-json\/wp\/v2\/media?parent=2889"}],"wp:term":[{"taxonomy":"category","embeddable":true,"href":"https:\/\/tribunademinas.audiencelabs.com.br\/wp-json\/wp\/v2\/categories?post=2889"},{"taxonomy":"post_tag","embeddable":true,"href":"https:\/\/tribunademinas.audiencelabs.com.br\/wp-json\/wp\/v2\/tags?post=2889"}],"curies":[{"name":"wp","href":"https:\/\/api.w.org\/{rel}","templated":true}]}}