{"id":2825,"date":"2025-10-22T06:45:00","date_gmt":"2025-10-22T09:45:00","guid":{"rendered":"https:\/\/tribunademinas.audiencelabs.com.br\/?p=2825"},"modified":"2025-10-21T18:04:01","modified_gmt":"2025-10-21T21:04:01","slug":"inscritos-do-bolsa-familia-com-trabalho-recebem-comunicado-do-governo","status":"publish","type":"post","link":"https:\/\/tribunademinas.audiencelabs.com.br\/inscritos-do-bolsa-familia-com-trabalho-recebem-comunicado-do-governo\/","title":{"rendered":"Inscritos do Bolsa Fam\u00edlia com trabalho recebem comunicado do governo"},"content":{"rendered":"\n<p>Na \u00faltima segunda-feira, 20 de outubro, o programa Bolsa Fam\u00edlia completou 22 anos de exist\u00eancia. Criado em 2003, o programa se firmou como uma das mais importantes pol\u00edticas p\u00fablicas de combate \u00e0 pobreza no Brasil, com impacto direto na vida de milh\u00f5es de fam\u00edlias. <\/p>\n\n\n\n<p>Mesmo ap\u00f3s mais de duas d\u00e9cadas, o Bolsa Fam\u00edlia continua essencial para a garantia de direitos b\u00e1sicos e segue se atualizando para acompanhar as mudan\u00e7as sociais e econ\u00f4micas do pa\u00eds. <\/p>\n\n\n\n<p>Um exemplo claro dessa evolu\u00e7\u00e3o \u00e9 a atualiza\u00e7\u00e3o da Regra de Prote\u00e7\u00e3o, anunciada pelo Governo Federal em 2025, que afeta diretamente os benefici\u00e1rios que conseguem emprego formal e t\u00eam aumento na renda familiar.<\/p>\n\n\n\n<h2 class=\"wp-block-heading\">Inscritos do Bolsa Fam\u00edlia com trabalho recebem comunicado do governo<\/h2>\n\n\n\n<p>A Regra de Prote\u00e7\u00e3o \u00e9 uma medida que permite que fam\u00edlias que melhoraram de vida de forma inicial, especialmente por meio do ingresso no mercado de trabalho, n\u00e3o percam imediatamente o benef\u00edcio. <\/p>\n\n\n\n<p>Trata-se de uma transi\u00e7\u00e3o gradual, pensada para evitar que o rompimento abrupto com o programa gere inseguran\u00e7a financeira. <\/p>\n\n\n\n<p>At\u00e9 maio de 2025, quem passava a ganhar acima do limite de entrada no Bolsa Fam\u00edlia, que \u00e9 de R$ 218 por pessoa da fam\u00edlia, podia continuar recebendo 50% do valor original do benef\u00edcio por at\u00e9 24 meses, o equivalente a dois anos.<\/p>\n\n\n\n<p>Com a nova regulamenta\u00e7\u00e3o, que entrou em vigor a partir da folha de pagamento de julho de 2025, os crit\u00e9rios foram ajustados. Agora, fam\u00edlias com renda de at\u00e9 meio sal\u00e1rio m\u00ednimo (R$ 759) por pessoa podem permanecer no programa com o benef\u00edcio reduzido. <\/p>\n\n\n\n<p>Al\u00e9m disso, o tempo de perman\u00eancia foi reduzido e passa a variar: at\u00e9 12 meses para fam\u00edlias com renda proveniente do trabalho e apenas dois meses para aquelas cuja renda vem de fontes consideradas est\u00e1veis, como aposentadorias ou o Benef\u00edcio de Presta\u00e7\u00e3o Continuada (BPC). <\/p>\n\n\n\n<p>Fam\u00edlias com pessoas com defici\u00eancia que recebem o BPC, no entanto, poder\u00e3o manter o benef\u00edcio por at\u00e9 12 meses.<\/p>\n\n\n\n<h3 class=\"wp-block-heading\">Bolsa Fam\u00edlia \u00e9 atualizado constantemente<\/h3>\n\n\n\n<p>Essas <a href=\"https:\/\/tribunademinas.com.br\/colunas\/maistendencias\/aumentou-bolsa-familia-revela-valor-do-beneficio-em-2026\/\"><strong>mudan\u00e7as<\/strong><\/a> n\u00e3o representam um retrocesso, mas sim um esfor\u00e7o para direcionar os recursos com mais precis\u00e3o \u00e0s fam\u00edlias em maior vulnerabilidade. <\/p>\n\n\n\n<p>O governo destaca que, mesmo com as atualiza\u00e7\u00f5es, o Bolsa Fam\u00edlia mant\u00e9m seu papel essencial na redu\u00e7\u00e3o da pobreza e na promo\u00e7\u00e3o da cidadania. <\/p>\n\n\n\n<p>Com mais de 19 milh\u00f5es de fam\u00edlias atendidas atualmente, o programa segue como uma ferramenta central de inclus\u00e3o social e, com essas adapta\u00e7\u00f5es, refor\u00e7a sua capacidade de apoiar quem mais precisa, mesmo em contextos de mudan\u00e7a de renda.<\/p>\n\n\n\n<p><\/p>\n","protected":false},"excerpt":{"rendered":"<p>Na \u00faltima segunda-feira, 20 de outubro, o programa Bolsa Fam\u00edlia completou 22 anos de exist\u00eancia. Criado em 2003, o programa se firmou como uma das mais importantes pol\u00edticas p\u00fablicas de combate \u00e0 pobreza no Brasil, com impacto direto na vida de milh\u00f5es de fam\u00edlias. Mesmo ap\u00f3s mais de duas d\u00e9cadas, o Bolsa Fam\u00edlia continua essencial [&hellip;]<\/p>\n","protected":false},"author":5,"featured_media":2832,"comment_status":"open","ping_status":"open","sticky":false,"template":"","format":"standard","meta":{"jnews-multi-image_gallery":[],"jnews_single_post":{"format":"standard"},"jnews_primary_category":[],"jnews_social_meta":[],"jnews_post_split":[],"footnotes":""},"categories":[159],"tags":[],"class_list":["post-2825","post","type-post","status-publish","format-standard","has-post-thumbnail","hentry","category-cidadania"],"yoast_head":"<!-- This site is optimized with the Yoast SEO plugin v25.6 - https:\/\/yoast.com\/wordpress\/plugins\/seo\/ -->\n<title>Inscritos do Bolsa Fam\u00edlia com trabalho recebem comunicado do governo<\/title>\n<meta name=\"description\" content=\"Atualiza\u00e7\u00e3o da Regra de Prote\u00e7\u00e3o do Bolsa Fam\u00edlia afeta diretamente os benefici\u00e1rios que conseguem emprego formal e t\u00eam aumento na renda.\" \/>\n<meta name=\"robots\" content=\"index, follow, max-snippet:-1, max-image-preview:large, max-video-preview:-1\" \/>\n<link rel=\"canonical\" href=\"https:\/\/tribunademinas.audiencelabs.com.br\/inscritos-do-bolsa-familia-com-trabalho-recebem-comunicado-do-governo\/\" \/>\n<meta property=\"og:locale\" content=\"pt_BR\" \/>\n<meta property=\"og:type\" content=\"article\" \/>\n<meta property=\"og:title\" content=\"Inscritos do Bolsa Fam\u00edlia com trabalho recebem comunicado do governo\" \/>\n<meta property=\"og:description\" content=\"Atualiza\u00e7\u00e3o da Regra de Prote\u00e7\u00e3o do Bolsa Fam\u00edlia afeta diretamente os benefici\u00e1rios que conseguem emprego formal e t\u00eam aumento na renda.\" \/>\n<meta property=\"og:url\" content=\"https:\/\/tribunademinas.audiencelabs.com.br\/inscritos-do-bolsa-familia-com-trabalho-recebem-comunicado-do-governo\/\" \/>\n<meta property=\"og:site_name\" content=\"Tribuna de Minas - Dinheiro e Cidadania\" \/>\n<meta property=\"article:publisher\" content=\"https:\/\/www.facebook.com\/tribunademinas\/\" \/>\n<meta property=\"article:published_time\" content=\"2025-10-22T09:45:00+00:00\" \/>\n<meta property=\"og:image\" content=\"https:\/\/tribunademinas.audiencelabs.com.br\/wp-content\/uploads\/2025\/10\/Bolsa-Familia-10.webp\" \/>\n\t<meta property=\"og:image:width\" content=\"1170\" \/>\n\t<meta property=\"og:image:height\" content=\"700\" \/>\n\t<meta property=\"og:image:type\" content=\"image\/webp\" \/>\n<meta name=\"author\" content=\"Jeferson Carvalho\" \/>\n<meta name=\"twitter:card\" content=\"summary_large_image\" \/>\n<meta name=\"twitter:creator\" content=\"@tribunademinas\" \/>\n<meta name=\"twitter:site\" content=\"@tribunademinas\" \/>\n<meta name=\"twitter:label1\" content=\"Escrito por\" \/>\n\t<meta name=\"twitter:data1\" content=\"Jeferson Carvalho\" \/>\n\t<meta name=\"twitter:label2\" content=\"Est. tempo de leitura\" \/>\n\t<meta name=\"twitter:data2\" content=\"3 minutos\" \/>\n<!-- \/ Yoast SEO plugin. -->","yoast_head_json":{"title":"Inscritos do Bolsa Fam\u00edlia com trabalho recebem comunicado do governo","description":"Atualiza\u00e7\u00e3o da Regra de Prote\u00e7\u00e3o do Bolsa Fam\u00edlia afeta diretamente os benefici\u00e1rios que conseguem emprego formal e t\u00eam aumento na renda.","robots":{"index":"index","follow":"follow","max-snippet":"max-snippet:-1","max-image-preview":"max-image-preview:large","max-video-preview":"max-video-preview:-1"},"canonical":"https:\/\/tribunademinas.audiencelabs.com.br\/inscritos-do-bolsa-familia-com-trabalho-recebem-comunicado-do-governo\/","og_locale":"pt_BR","og_type":"article","og_title":"Inscritos do Bolsa Fam\u00edlia com trabalho recebem comunicado do governo","og_description":"Atualiza\u00e7\u00e3o da Regra de Prote\u00e7\u00e3o do Bolsa Fam\u00edlia afeta diretamente os benefici\u00e1rios que conseguem emprego formal e t\u00eam aumento na renda.","og_url":"https:\/\/tribunademinas.audiencelabs.com.br\/inscritos-do-bolsa-familia-com-trabalho-recebem-comunicado-do-governo\/","og_site_name":"Tribuna de Minas - Dinheiro e Cidadania","article_publisher":"https:\/\/www.facebook.com\/tribunademinas\/","article_published_time":"2025-10-22T09:45:00+00:00","og_image":[{"width":1170,"height":700,"url":"https:\/\/tribunademinas.audiencelabs.com.br\/wp-content\/uploads\/2025\/10\/Bolsa-Familia-10.webp","type":"image\/webp"}],"author":"Jeferson Carvalho","twitter_card":"summary_large_image","twitter_creator":"@tribunademinas","twitter_site":"@tribunademinas","twitter_misc":{"Escrito por":"Jeferson Carvalho","Est. tempo de leitura":"3 minutos"},"schema":{"@context":"https:\/\/schema.org","@graph":[{"@type":"Article","@id":"https:\/\/tribunademinas.audiencelabs.com.br\/inscritos-do-bolsa-familia-com-trabalho-recebem-comunicado-do-governo\/#article","isPartOf":{"@id":"https:\/\/tribunademinas.audiencelabs.com.br\/inscritos-do-bolsa-familia-com-trabalho-recebem-comunicado-do-governo\/"},"author":{"name":"Jeferson Carvalho","@id":"https:\/\/tribunademinas.audiencelabs.com.br\/#\/schema\/person\/db18fc40307804bacef94213aa68fd9d"},"headline":"Inscritos do Bolsa Fam\u00edlia com trabalho recebem comunicado do governo","datePublished":"2025-10-22T09:45:00+00:00","mainEntityOfPage":{"@id":"https:\/\/tribunademinas.audiencelabs.com.br\/inscritos-do-bolsa-familia-com-trabalho-recebem-comunicado-do-governo\/"},"wordCount":459,"commentCount":0,"publisher":{"@id":"https:\/\/tribunademinas.audiencelabs.com.br\/#organization"},"image":{"@id":"https:\/\/tribunademinas.audiencelabs.com.br\/inscritos-do-bolsa-familia-com-trabalho-recebem-comunicado-do-governo\/#primaryimage"},"thumbnailUrl":"https:\/\/tribunademinas.audiencelabs.com.br\/wp-content\/uploads\/2025\/10\/Bolsa-Familia-10.webp","articleSection":["Cidadania"],"inLanguage":"pt-BR","potentialAction":[{"@type":"CommentAction","name":"Comment","target":["https:\/\/tribunademinas.audiencelabs.com.br\/inscritos-do-bolsa-familia-com-trabalho-recebem-comunicado-do-governo\/#respond"]}]},{"@type":"WebPage","@id":"https:\/\/tribunademinas.audiencelabs.com.br\/inscritos-do-bolsa-familia-com-trabalho-recebem-comunicado-do-governo\/","url":"https:\/\/tribunademinas.audiencelabs.com.br\/inscritos-do-bolsa-familia-com-trabalho-recebem-comunicado-do-governo\/","name":"Inscritos do Bolsa Fam\u00edlia com trabalho recebem comunicado do governo","isPartOf":{"@id":"https:\/\/tribunademinas.audiencelabs.com.br\/#website"},"primaryImageOfPage":{"@id":"https:\/\/tribunademinas.audiencelabs.com.br\/inscritos-do-bolsa-familia-com-trabalho-recebem-comunicado-do-governo\/#primaryimage"},"image":{"@id":"https:\/\/tribunademinas.audiencelabs.com.br\/inscritos-do-bolsa-familia-com-trabalho-recebem-comunicado-do-governo\/#primaryimage"},"thumbnailUrl":"https:\/\/tribunademinas.audiencelabs.com.br\/wp-content\/uploads\/2025\/10\/Bolsa-Familia-10.webp","datePublished":"2025-10-22T09:45:00+00:00","description":"Atualiza\u00e7\u00e3o da Regra de Prote\u00e7\u00e3o do Bolsa Fam\u00edlia afeta diretamente os benefici\u00e1rios que conseguem emprego formal e t\u00eam aumento na renda.","breadcrumb":{"@id":"https:\/\/tribunademinas.audiencelabs.com.br\/inscritos-do-bolsa-familia-com-trabalho-recebem-comunicado-do-governo\/#breadcrumb"},"inLanguage":"pt-BR","potentialAction":[{"@type":"ReadAction","target":["https:\/\/tribunademinas.audiencelabs.com.br\/inscritos-do-bolsa-familia-com-trabalho-recebem-comunicado-do-governo\/"]}]},{"@type":"ImageObject","inLanguage":"pt-BR","@id":"https:\/\/tribunademinas.audiencelabs.com.br\/inscritos-do-bolsa-familia-com-trabalho-recebem-comunicado-do-governo\/#primaryimage","url":"https:\/\/tribunademinas.audiencelabs.com.br\/wp-content\/uploads\/2025\/10\/Bolsa-Familia-10.webp","contentUrl":"https:\/\/tribunademinas.audiencelabs.com.br\/wp-content\/uploads\/2025\/10\/Bolsa-Familia-10.webp","width":1170,"height":700,"caption":"Inscritos do Bolsa Fam\u00edlia com trabalho recebem comunicado do governo - Imagem: Divulga\u00e7\u00e3o\/MDS"},{"@type":"BreadcrumbList","@id":"https:\/\/tribunademinas.audiencelabs.com.br\/inscritos-do-bolsa-familia-com-trabalho-recebem-comunicado-do-governo\/#breadcrumb","itemListElement":[{"@type":"ListItem","position":1,"name":"In\u00edcio","item":"https:\/\/tribunademinas.audiencelabs.com.br\/"},{"@type":"ListItem","position":2,"name":"Inscritos do Bolsa Fam\u00edlia com trabalho recebem comunicado do governo"}]},{"@type":"WebSite","@id":"https:\/\/tribunademinas.audiencelabs.com.br\/#website","url":"https:\/\/tribunademinas.audiencelabs.com.br\/","name":"Tribuna de Minas - Dinheiro e Cidadania","description":"","publisher":{"@id":"https:\/\/tribunademinas.audiencelabs.com.br\/#organization"},"potentialAction":[{"@type":"SearchAction","target":{"@type":"EntryPoint","urlTemplate":"https:\/\/tribunademinas.audiencelabs.com.br\/?s={search_term_string}"},"query-input":{"@type":"PropertyValueSpecification","valueRequired":true,"valueName":"search_term_string"}}],"inLanguage":"pt-BR"},{"@type":"Organization","@id":"https:\/\/tribunademinas.audiencelabs.com.br\/#organization","name":"Tribuna de Minas - Dinheiro e Cidadania","url":"https:\/\/tribunademinas.audiencelabs.com.br\/","logo":{"@type":"ImageObject","inLanguage":"pt-BR","@id":"https:\/\/tribunademinas.audiencelabs.com.br\/#\/schema\/logo\/image\/","url":"https:\/\/tribunademinas.audiencelabs.com.br\/wp-content\/uploads\/2025\/08\/cropped-Tribuna_512x512-96x96-1.png","contentUrl":"https:\/\/tribunademinas.audiencelabs.com.br\/wp-content\/uploads\/2025\/08\/cropped-Tribuna_512x512-96x96-1.png","width":96,"height":96,"caption":"Tribuna de Minas - Dinheiro e Cidadania"},"image":{"@id":"https:\/\/tribunademinas.audiencelabs.com.br\/#\/schema\/logo\/image\/"},"sameAs":["https:\/\/www.facebook.com\/tribunademinas\/","https:\/\/x.com\/tribunademinas","https:\/\/www.instagram.com\/tribunademinas\/","https:\/\/www.youtube.com\/user\/TribunadeMinasJF"]},{"@type":"Person","@id":"https:\/\/tribunademinas.audiencelabs.com.br\/#\/schema\/person\/db18fc40307804bacef94213aa68fd9d","name":"Jeferson Carvalho","image":{"@type":"ImageObject","inLanguage":"pt-BR","@id":"https:\/\/tribunademinas.audiencelabs.com.br\/#\/schema\/person\/image\/","url":"https:\/\/secure.gravatar.com\/avatar\/cd7646e328d9670dad7dea8698522e522745eeffcff5b9d08be858e377ce326b?s=96&d=mm&r=g","contentUrl":"https:\/\/secure.gravatar.com\/avatar\/cd7646e328d9670dad7dea8698522e522745eeffcff5b9d08be858e377ce326b?s=96&d=mm&r=g","caption":"Jeferson Carvalho"},"description":"Jornalista apaixonado pela profiss\u00e3o!","url":"https:\/\/tribunademinas.audiencelabs.com.br\/author\/jeferson\/"}]}},"amp_enabled":true,"_links":{"self":[{"href":"https:\/\/tribunademinas.audiencelabs.com.br\/wp-json\/wp\/v2\/posts\/2825","targetHints":{"allow":["GET"]}}],"collection":[{"href":"https:\/\/tribunademinas.audiencelabs.com.br\/wp-json\/wp\/v2\/posts"}],"about":[{"href":"https:\/\/tribunademinas.audiencelabs.com.br\/wp-json\/wp\/v2\/types\/post"}],"author":[{"embeddable":true,"href":"https:\/\/tribunademinas.audiencelabs.com.br\/wp-json\/wp\/v2\/users\/5"}],"replies":[{"embeddable":true,"href":"https:\/\/tribunademinas.audiencelabs.com.br\/wp-json\/wp\/v2\/comments?post=2825"}],"version-history":[{"count":1,"href":"https:\/\/tribunademinas.audiencelabs.com.br\/wp-json\/wp\/v2\/posts\/2825\/revisions"}],"predecessor-version":[{"id":2836,"href":"https:\/\/tribunademinas.audiencelabs.com.br\/wp-json\/wp\/v2\/posts\/2825\/revisions\/2836"}],"wp:featuredmedia":[{"embeddable":true,"href":"https:\/\/tribunademinas.audiencelabs.com.br\/wp-json\/wp\/v2\/media\/2832"}],"wp:attachment":[{"href":"https:\/\/tribunademinas.audiencelabs.com.br\/wp-json\/wp\/v2\/media?parent=2825"}],"wp:term":[{"taxonomy":"category","embeddable":true,"href":"https:\/\/tribunademinas.audiencelabs.com.br\/wp-json\/wp\/v2\/categories?post=2825"},{"taxonomy":"post_tag","embeddable":true,"href":"https:\/\/tribunademinas.audiencelabs.com.br\/wp-json\/wp\/v2\/tags?post=2825"}],"curies":[{"name":"wp","href":"https:\/\/api.w.org\/{rel}","templated":true}]}}