{"id":2790,"date":"2025-10-25T08:45:00","date_gmt":"2025-10-25T11:45:00","guid":{"rendered":"https:\/\/tribunademinas.audiencelabs.com.br\/?p=2790"},"modified":"2025-10-23T15:00:04","modified_gmt":"2025-10-23T18:00:04","slug":"bolsa-familia-sera-cancelado-para-familias-com-essas-caracteristicas","status":"publish","type":"post","link":"https:\/\/tribunademinas.audiencelabs.com.br\/bolsa-familia-sera-cancelado-para-familias-com-essas-caracteristicas\/","title":{"rendered":"Bolsa Fam\u00edlia ser\u00e1 cancelado para fam\u00edlias com essas caracter\u00edsticas"},"content":{"rendered":"\n<p>O Bolsa Fam\u00edlia, principal programa de transfer\u00eancia de renda do governo federal, \u00e9 hoje uma ferramenta essencial no combate \u00e0 pobreza no Brasil. Presente em todos os estados e munic\u00edpios, o programa atende mais de 19 milh\u00f5es de fam\u00edlias em situa\u00e7\u00e3o de vulnerabilidade. <\/p>\n\n\n\n<p>Para que esse apoio continue chegando a quem realmente precisa, o governo estabelece crit\u00e9rios rigorosos tanto para a entrada no programa quanto para a manuten\u00e7\u00e3o do benef\u00edcio. Fam\u00edlias que n\u00e3o cumprem essas exig\u00eancias correm o risco de ter o pagamento cancelado.<\/p>\n\n\n\n<h2 class=\"wp-block-heading\">Bolsa Fam\u00edlia ser\u00e1 cancelado para fam\u00edlias com essas caracter\u00edsticas<\/h2>\n\n\n\n<p>O direito ao Bolsa Fam\u00edlia est\u00e1 condicionado \u00e0 renda por pessoa da fam\u00edlia. De acordo com as normas vigentes, s\u00f3 podem participar do programa fam\u00edlias cuja renda mensal per capita n\u00e3o ultrapasse R$ 218. <\/p>\n\n\n\n<p>Esse valor \u00e9 calculado dividindo-se o total da renda mensal da fam\u00edlia pelo n\u00famero de integrantes. Se, por qualquer motivo, a renda ultrapassar esse limite, mesmo que temporariamente, a fam\u00edlia pode ser exclu\u00edda do programa.<\/p>\n\n\n<style>@media (min-width: 992px) {\n    .recomendadorV2Area1 {\n        width: 280px;\n    }\n    .recomendadorV2Area2 {\n        padding: 0px 20px;\n        width: calc(100% - 280px);\n    }\n}\n\n@media (max-width: 992px) {\n    .recomendadorV2Button {\n        margin: 0 auto;\n    }\n    .recomendadorV2Area {\n        flex-direction: column;\n        text-align: center;\n    }\n    .recomendadorV2Area2 {\n        padding: 0px 20px;\n    }\n}\n\n.recomendadorV2Area {\n    background: #eeeeee3d;\n    border-radius: 10px;\n    padding: 15px;\n    display: flex;\n    margin: 15px auto;\n    border: 1px solid #00000014;\n    max-width: 800px;\n}\n\n.recomendadorV2Area1 img {\n    width: 280px;\n    height: auto;\n    border-radius: 8px;\n}\n\n.linkrecomendadorv2 {\n    text-decoration: none !important;\n}\n\n.recomendadorV2Area2 .recomendadorV2Type {\n    text-transform: uppercase;\n    font-weight: 500;\n    font-size: 11px;\n    letter-spacing: 2px;\n    color: #666;\n    margin: 12px 0;\n    display: block;\n}\n\n.recomendadorV2Title h2 {\n    padding-top: 0px !important;\n    margin: 0px !important;\n    border-left: none !important;\n    padding-left: 0px !important;\n    line-height: 1.3;\n    color: #000 !important;\n    font-size: 24px;\n    margin-bottom: 12px !important;\n}\n\n.recomendadorV2Desc {\n    color: #333;\n    margin: 12px 0px !important;\n    font-size: 15px;\n    line-height: 1.5;\n}\n\n.recomendadorV2Button {\n    width: auto;\n    max-width: 200px;\n    margin: 0;\n    display: inline-flex;\n    align-items: center;\n    background: #1D3557;\n    border-radius: 8px;\n    color: #fff;\n    height: 36px;\n    justify-content: center;\n    text-align: center;\n    font-size: 14px;\n    padding: 0 20px;\n    transition: background-color 0.2s ease;\n}\n\n.recomendadorV2Button:hover {\n    background: #2a4d7a;\n}\n\n.recomendadorV2Button:after {\n    margin-top: -2px;\n    content: \"\u2192\";\n    padding: 0px 0px 0px 8px;\n}\n\n.recomendadorV2Alert {\n    text-align: left;\n    font-size: 11px;\n    margin-top: 8px;\n    color: #666;\n}\n\n.recomendadorFixedArea {\n    width: 100%;\n    display: flex;\n    justify-content: center;\n    align-items: center;\n}\n\n@media (min-width: 992px) {\n    #recomendadorFixed {\n        width: 32% !important;\n        left: 5%;\n    }\n    .recomendadorCloseFixed{\n        right: inherit !important;\n        left: 378px !important;\n    }\n}\n\n#recomendadorFixed {\n    width: 90%;\n    box-shadow: 0 10px 20px 0px #00000057;\n    display: none;\n    height: 90px;\n    background: #F6F6F6;\n    position: fixed;\n    flex-direction: row;\n    bottom: 10px;\n    z-index: 9999;\n    border-radius: 16px;\n    padding: 7px 10px;\n}\n\n.recomendadorLeftArea {\n    width: 160px;\n}\n\n.recomendadorRightArea h2 {\n    padding-top: 0px;\n    margin: 2px 0px 4px 0px !important;\n    font-weight: 400;\n    text-align: center;\n    padding-left: 0px !important;\n    color: #000 !important;\n    border-left: none !important;\n    line-height: 20px;\n    font-size: 12px !important;\n}\n\n.recomendadorImgFixed {\n    overflow: hidden;\n    padding: 8px 6px;\n    height: 100%;\n}\n\n.recomendadorImgFixed img {\n    height: 100% !important;\n    border-radius: 16px;\n}\n\n.recomendadorRightArea {\n    padding-top: 6px;\n    display: flex;\n    width: calc(100% - 130px);\n    justify-content: space-between;\n    align-items: center;\n    flex-direction: column;\n}\n\n.recomendadorButtonFixed {\n    margin: 0 auto;\n    background: #1D3557;\n    width: 80%;\n    text-align: center;\n    font-size: 10px;\n    color: #FFF;\n    padding: 2px 10px;\n    border-radius: 3px;\n}\n\n.recomendadorButtonFixed:after {\n    margin-top: -3px;\n    content: \"\u2192\";\n    padding: 0px 0px 0px 10px;\n}\n\n.recomendadorAlertFixed {\n    font-weight: 400;\n    text-align: center;\n    color: #484848;\n    font-size: 8px;\n}\n\n.recomendadorCloseFixed {\n    z-index: 99999;\n    display: none;\n    right: 0px;\n    left: inherit;\n    bottom: 99px;\n    position: fixed;\n    justify-content: center;\n    background: #F6F6F6;\n    width: 25px;\n    align-items: center;\n    height: 25px;\n    font-weight: 800;\n    border-radius: 50%;\n    border: 1px solid #EBEBEB;\n}\n\n.recomendadorV2Desc{\n    color: #000000;\n    margin: 20px 0px;\n}\n\n@media (max-width: 576px) {\n    .recomendadorV2Area {\n      padding: 10px;\n      max-width: 100%;\n    }\n  \n    .recomendadorV2Area1 img {\n      width: 100%;\n      border-radius: 6px;\n    }\n  \n    .recomendadorV2Area2 .recomendadorV2Type {\n      font-size: 9px;\n      letter-spacing: 1px;\n      margin: 8px 0;\n    }\n  \n    .recomendadorV2Title h2 {\n      font-size: 18px !important;\n      margin-bottom: 8px !important;\n      line-height: 1.2;\n    }\n  \n    .recomendadorV2Desc {\n      font-size: 14px;\n      margin: 8px 0 !important;\n      line-height: 1.4;\n    }\n  \n    .recomendadorV2Button {\n      font-size: 12px;\n      height: 30px;\n      padding: 0 12px;\n      max-width: 160px;\n    }\n  \n    .recomendadorV2Button:after {\n      padding-left: 6px;\n    }\n  }\n  <\/style>\n        <div class=\"lazyblock-recomendador-v2-2jDGz wp-block-lazyblock-recomendador-v2\">\n        <a class=\"linkrecomendadorv2\" href=\"https:\/\/tribunademinas.com.br\/colunas\/dinheiroecidadania\/dinheiro-congelado-de-aposentados-vai-ser-liberado-para-muitos-em-2026\/?utm_source=lazy\">\n            <div class=\"recomendadorV2Area\">\n            <div class=\"recomendadorV2Area1\">\n                <div class=\"recomendadorV2Img\">\n                <img class=\"lazyloaded\" decoding=\"async\" src=\"https:\/\/tribunademinas.audiencelabs.com.br\/wp-content\/uploads\/2025\/10\/dinheiro-congelado-aposentados-liberado-para-muitos-2026.jpg\" data-src=\"https:\/\/tribunademinas.audiencelabs.com.br\/wp-content\/uploads\/2025\/10\/dinheiro-congelado-aposentados-liberado-para-muitos-2026.jpg\" alt=\"\">\n                <\/div>\n            <\/div>\n            <div class=\"recomendadorV2Area2\">\n                <div class=\"recomendadorV2Type\">\n                    <span>Pagamento Confirmado<\/span>\n                <\/div>\n                <div class=\"recomendadorV2Title\">\n                <h2><span>Dinheiro congelado ser\u00e1 liberado \ud83d\udcb5<\/span><\/h2>\n                <\/div>\n                <div class=\"recomendadorV2Desc\">\n                <span>Precat\u00f3rios de aposentados ser\u00e3o pagos em 2026<\/span>\n                <\/div>\n                <div class=\"recomendadorV2Button\">Saiba quando receber<\/div>\n                <div class=\"recomendadorV2Alert\"><\/div>\n            <\/div>\n            <\/div>\n        <\/a>\n        <div>\n            <div style=\"z-index:99999;\" id=\"buttonClose\" onclick=\"closeRecomendadorFixed()\">\n            <div class=\"recomendadorCloseFixed\">X<\/div>\n            <\/div>\n            <a href=\"https:\/\/tribunademinas.com.br\/colunas\/dinheiroecidadania\/dinheiro-congelado-de-aposentados-vai-ser-liberado-para-muitos-em-2026\/?utm_source=lazy\">\n            <div class=\"recomendadorFixedArea\">\n                <div id=\"recomendadorFixed\">\n                <div class=\"recomendadorLeftArea\">\n                    <div class=\"recomendadorImgFixed\">\n                    <img class=\"lazyload\" decoding=\"async\" src=\"https:\/\/tribunademinas.audiencelabs.com.br\/wp-content\/uploads\/2025\/10\/dinheiro-congelado-aposentados-liberado-para-muitos-2026.jpg\" alt=\"\">\n                    <\/div>\n                <\/div>\n                <div class=\"recomendadorRightArea\">\n                    <div class=\"recomendadorTitleFixed\">\n                    <h2><span>Dinheiro congelado ser\u00e1 liberado \ud83d\udcb5<\/span><\/h2>\n                    <\/div>\n                    <div class=\"recomendadorButtonFixed\">Saiba quando receber<\/div>\n                    <div class=\"recomendadorAlertFixed\"><\/div>\n                <\/div>\n                <\/div>\n            <\/div>\n            <\/a>\n        <\/div>\n        <\/div>\n\n\n\n<p>Al\u00e9m da renda, manter os dados atualizados no Cadastro \u00danico (Cad\u00danico) \u00e9 indispens\u00e1vel. Informa\u00e7\u00f5es desatualizadas ou falsas podem levar ao bloqueio ou cancelamento imediato do benef\u00edcio. O governo faz cruzamentos peri\u00f3dicos com outras bases de dados para identificar inconsist\u00eancias.<\/p>\n\n\n\n<p>O programa tamb\u00e9m imp\u00f5e obriga\u00e7\u00f5es sociais \u00e0s fam\u00edlias benefici\u00e1rias. Crian\u00e7as e adolescentes devem estar matriculados e frequentando a escola regularmente. <\/p>\n\n\n\n<p>A vacina\u00e7\u00e3o infantil deve estar em dia, e gestantes precisam realizar o pr\u00e9-natal conforme orienta\u00e7\u00f5es do Minist\u00e9rio da Sa\u00fade. <\/p>\n\n\n\n<p>O descumprimento dessas condicionalidades resulta em advert\u00eancias, suspens\u00e3o tempor\u00e1ria ou exclus\u00e3o definitiva do programa.<\/p>\n\n\n\n<h3 class=\"wp-block-heading\">Pagamentos do Bolsa Fam\u00edlia Outubro 2025<\/h3>\n\n\n\n<p>Os pagamentos do Bolsa Fam\u00edlia referentes ao m\u00eas de outubro j\u00e1 est\u00e3o em andamento. Eles seguem o calend\u00e1rio oficial, organizado de acordo com o final do N\u00famero de Identifica\u00e7\u00e3o Social (NIS). Confira abaixo as datas:<\/p>\n\n\n\n<figure class=\"wp-block-table is-style-stripes\"><table class=\"has-fixed-layout\"><thead><tr><th>Final do NIS<\/th><th>Data de Pagamento<\/th><\/tr><\/thead><tbody><tr><td>1<\/td><td>20\/10<\/td><\/tr><tr><td>2<\/td><td>21\/10<\/td><\/tr><tr><td>3<\/td><td>22\/10<\/td><\/tr><tr><td>4<\/td><td>23\/10<\/td><\/tr><tr><td>5<\/td><td>24\/10<\/td><\/tr><tr><td>6<\/td><td>27\/10<\/td><\/tr><tr><td>7<\/td><td>28\/10<\/td><\/tr><tr><td>8<\/td><td>29\/10<\/td><\/tr><tr><td>9<\/td><td>30\/10<\/td><\/tr><tr><td>0<\/td><td>31\/10<\/td><\/tr><\/tbody><\/table><\/figure>\n\n\n\n<p>O Bolsa Fam\u00edlia paga a <a href=\"https:\/\/tribunademinas.com.br\/colunas\/maistendencias\/aumentou-bolsa-familia-revela-valor-do-beneficio-em-2026\/\"><strong>quantia inicial de R$ 600 para todos<\/strong><\/a> os benefici\u00e1rios, al\u00e9m de benef\u00edcios adicionais que elevam o valor final recebido. <\/p>\n\n\n\n<p>S\u00e3o acr\u00e9scimos como o Benef\u00edcio Primeira Inf\u00e2ncia, que paga R$ 150 a mais para cada crian\u00e7a de at\u00e9 6 anos, ou o Benef\u00edcio Vari\u00e1vel que paga R$ 50 a mais para gestantes e jovens entre 7 e 17 anos. <\/p>\n\n\n\n<p>Para garantir o recebimento cont\u00ednuo do benef\u00edcio, \u00e9 essencial que cada fam\u00edlia esteja atenta \u00e0s regras e \u00e0s atualiza\u00e7\u00f5es exigidas pelo governo.<\/p>\n\n\n\n<p><\/p>\n","protected":false},"excerpt":{"rendered":"<p>O Bolsa Fam\u00edlia, principal programa de transfer\u00eancia de renda do governo federal, \u00e9 hoje uma ferramenta essencial no combate \u00e0 pobreza no Brasil. Presente em todos os estados e munic\u00edpios, o programa atende mais de 19 milh\u00f5es de fam\u00edlias em situa\u00e7\u00e3o de vulnerabilidade. Para que esse apoio continue chegando a quem realmente precisa, o governo [&hellip;]<\/p>\n","protected":false},"author":5,"featured_media":2791,"comment_status":"open","ping_status":"open","sticky":false,"template":"","format":"standard","meta":{"jnews-multi-image_gallery":[],"jnews_single_post":{"format":"standard"},"jnews_primary_category":[],"jnews_social_meta":[],"jnews_post_split":[],"footnotes":""},"categories":[159],"tags":[],"class_list":["post-2790","post","type-post","status-publish","format-standard","has-post-thumbnail","hentry","category-cidadania"],"yoast_head":"<!-- This site is optimized with the Yoast SEO plugin v25.6 - https:\/\/yoast.com\/wordpress\/plugins\/seo\/ -->\n<title>Bolsa Fam\u00edlia ser\u00e1 cancelado para fam\u00edlias com essas caracter\u00edsticas<\/title>\n<meta name=\"description\" content=\"O Bolsa Fam\u00edlia, principal programa de transfer\u00eancia de renda do governo, \u00e9 hoje uma ferramenta essencial no combate \u00e0 pobreza no pa\u00eds.\" \/>\n<meta name=\"robots\" content=\"index, follow, max-snippet:-1, max-image-preview:large, max-video-preview:-1\" \/>\n<link rel=\"canonical\" href=\"https:\/\/tribunademinas.audiencelabs.com.br\/bolsa-familia-sera-cancelado-para-familias-com-essas-caracteristicas\/\" \/>\n<meta property=\"og:locale\" content=\"pt_BR\" \/>\n<meta property=\"og:type\" content=\"article\" \/>\n<meta property=\"og:title\" content=\"Bolsa Fam\u00edlia ser\u00e1 cancelado para fam\u00edlias com essas caracter\u00edsticas\" \/>\n<meta property=\"og:description\" content=\"O Bolsa Fam\u00edlia, principal programa de transfer\u00eancia de renda do governo, \u00e9 hoje uma ferramenta essencial no combate \u00e0 pobreza no pa\u00eds.\" \/>\n<meta property=\"og:url\" content=\"https:\/\/tribunademinas.audiencelabs.com.br\/bolsa-familia-sera-cancelado-para-familias-com-essas-caracteristicas\/\" \/>\n<meta property=\"og:site_name\" content=\"Tribuna de Minas - Dinheiro e Cidadania\" \/>\n<meta property=\"article:publisher\" content=\"https:\/\/www.facebook.com\/tribunademinas\/\" \/>\n<meta property=\"article:published_time\" content=\"2025-10-25T11:45:00+00:00\" \/>\n<meta property=\"og:image\" content=\"https:\/\/tribunademinas.audiencelabs.com.br\/wp-content\/uploads\/2025\/10\/Bolsa-Familia-9.webp\" \/>\n\t<meta property=\"og:image:width\" content=\"1600\" \/>\n\t<meta property=\"og:image:height\" content=\"800\" \/>\n\t<meta property=\"og:image:type\" content=\"image\/webp\" \/>\n<meta name=\"author\" content=\"Jeferson Carvalho\" \/>\n<meta name=\"twitter:card\" content=\"summary_large_image\" \/>\n<meta name=\"twitter:creator\" content=\"@tribunademinas\" \/>\n<meta name=\"twitter:site\" content=\"@tribunademinas\" \/>\n<meta name=\"twitter:label1\" content=\"Escrito por\" \/>\n\t<meta name=\"twitter:data1\" content=\"Jeferson Carvalho\" \/>\n\t<meta name=\"twitter:label2\" content=\"Est. tempo de leitura\" \/>\n\t<meta name=\"twitter:data2\" content=\"3 minutos\" \/>\n<!-- \/ Yoast SEO plugin. -->","yoast_head_json":{"title":"Bolsa Fam\u00edlia ser\u00e1 cancelado para fam\u00edlias com essas caracter\u00edsticas","description":"O Bolsa Fam\u00edlia, principal programa de transfer\u00eancia de renda do governo, \u00e9 hoje uma ferramenta essencial no combate \u00e0 pobreza no pa\u00eds.","robots":{"index":"index","follow":"follow","max-snippet":"max-snippet:-1","max-image-preview":"max-image-preview:large","max-video-preview":"max-video-preview:-1"},"canonical":"https:\/\/tribunademinas.audiencelabs.com.br\/bolsa-familia-sera-cancelado-para-familias-com-essas-caracteristicas\/","og_locale":"pt_BR","og_type":"article","og_title":"Bolsa Fam\u00edlia ser\u00e1 cancelado para fam\u00edlias com essas caracter\u00edsticas","og_description":"O Bolsa Fam\u00edlia, principal programa de transfer\u00eancia de renda do governo, \u00e9 hoje uma ferramenta essencial no combate \u00e0 pobreza no pa\u00eds.","og_url":"https:\/\/tribunademinas.audiencelabs.com.br\/bolsa-familia-sera-cancelado-para-familias-com-essas-caracteristicas\/","og_site_name":"Tribuna de Minas - Dinheiro e Cidadania","article_publisher":"https:\/\/www.facebook.com\/tribunademinas\/","article_published_time":"2025-10-25T11:45:00+00:00","og_image":[{"width":1600,"height":800,"url":"https:\/\/tribunademinas.audiencelabs.com.br\/wp-content\/uploads\/2025\/10\/Bolsa-Familia-9.webp","type":"image\/webp"}],"author":"Jeferson Carvalho","twitter_card":"summary_large_image","twitter_creator":"@tribunademinas","twitter_site":"@tribunademinas","twitter_misc":{"Escrito por":"Jeferson Carvalho","Est. tempo de leitura":"3 minutos"},"schema":{"@context":"https:\/\/schema.org","@graph":[{"@type":"Article","@id":"https:\/\/tribunademinas.audiencelabs.com.br\/bolsa-familia-sera-cancelado-para-familias-com-essas-caracteristicas\/#article","isPartOf":{"@id":"https:\/\/tribunademinas.audiencelabs.com.br\/bolsa-familia-sera-cancelado-para-familias-com-essas-caracteristicas\/"},"author":{"name":"Jeferson Carvalho","@id":"https:\/\/tribunademinas.audiencelabs.com.br\/#\/schema\/person\/db18fc40307804bacef94213aa68fd9d"},"headline":"Bolsa Fam\u00edlia ser\u00e1 cancelado para fam\u00edlias com essas caracter\u00edsticas","datePublished":"2025-10-25T11:45:00+00:00","mainEntityOfPage":{"@id":"https:\/\/tribunademinas.audiencelabs.com.br\/bolsa-familia-sera-cancelado-para-familias-com-essas-caracteristicas\/"},"wordCount":504,"commentCount":0,"publisher":{"@id":"https:\/\/tribunademinas.audiencelabs.com.br\/#organization"},"image":{"@id":"https:\/\/tribunademinas.audiencelabs.com.br\/bolsa-familia-sera-cancelado-para-familias-com-essas-caracteristicas\/#primaryimage"},"thumbnailUrl":"https:\/\/tribunademinas.audiencelabs.com.br\/wp-content\/uploads\/2025\/10\/Bolsa-Familia-9.webp","articleSection":["Cidadania"],"inLanguage":"pt-BR","potentialAction":[{"@type":"CommentAction","name":"Comment","target":["https:\/\/tribunademinas.audiencelabs.com.br\/bolsa-familia-sera-cancelado-para-familias-com-essas-caracteristicas\/#respond"]}]},{"@type":"WebPage","@id":"https:\/\/tribunademinas.audiencelabs.com.br\/bolsa-familia-sera-cancelado-para-familias-com-essas-caracteristicas\/","url":"https:\/\/tribunademinas.audiencelabs.com.br\/bolsa-familia-sera-cancelado-para-familias-com-essas-caracteristicas\/","name":"Bolsa Fam\u00edlia ser\u00e1 cancelado para fam\u00edlias com essas caracter\u00edsticas","isPartOf":{"@id":"https:\/\/tribunademinas.audiencelabs.com.br\/#website"},"primaryImageOfPage":{"@id":"https:\/\/tribunademinas.audiencelabs.com.br\/bolsa-familia-sera-cancelado-para-familias-com-essas-caracteristicas\/#primaryimage"},"image":{"@id":"https:\/\/tribunademinas.audiencelabs.com.br\/bolsa-familia-sera-cancelado-para-familias-com-essas-caracteristicas\/#primaryimage"},"thumbnailUrl":"https:\/\/tribunademinas.audiencelabs.com.br\/wp-content\/uploads\/2025\/10\/Bolsa-Familia-9.webp","datePublished":"2025-10-25T11:45:00+00:00","description":"O Bolsa Fam\u00edlia, principal programa de transfer\u00eancia de renda do governo, \u00e9 hoje uma ferramenta essencial no combate \u00e0 pobreza no pa\u00eds.","breadcrumb":{"@id":"https:\/\/tribunademinas.audiencelabs.com.br\/bolsa-familia-sera-cancelado-para-familias-com-essas-caracteristicas\/#breadcrumb"},"inLanguage":"pt-BR","potentialAction":[{"@type":"ReadAction","target":["https:\/\/tribunademinas.audiencelabs.com.br\/bolsa-familia-sera-cancelado-para-familias-com-essas-caracteristicas\/"]}]},{"@type":"ImageObject","inLanguage":"pt-BR","@id":"https:\/\/tribunademinas.audiencelabs.com.br\/bolsa-familia-sera-cancelado-para-familias-com-essas-caracteristicas\/#primaryimage","url":"https:\/\/tribunademinas.audiencelabs.com.br\/wp-content\/uploads\/2025\/10\/Bolsa-Familia-9.webp","contentUrl":"https:\/\/tribunademinas.audiencelabs.com.br\/wp-content\/uploads\/2025\/10\/Bolsa-Familia-9.webp","width":1600,"height":800,"caption":"Bolsa Fam\u00edlia ser\u00e1 cancelado para fam\u00edlias com essas caracter\u00edsticas - Imagem: Divulga\u00e7\u00e3o\/MDS"},{"@type":"BreadcrumbList","@id":"https:\/\/tribunademinas.audiencelabs.com.br\/bolsa-familia-sera-cancelado-para-familias-com-essas-caracteristicas\/#breadcrumb","itemListElement":[{"@type":"ListItem","position":1,"name":"In\u00edcio","item":"https:\/\/tribunademinas.audiencelabs.com.br\/"},{"@type":"ListItem","position":2,"name":"Bolsa Fam\u00edlia ser\u00e1 cancelado para fam\u00edlias com essas caracter\u00edsticas"}]},{"@type":"WebSite","@id":"https:\/\/tribunademinas.audiencelabs.com.br\/#website","url":"https:\/\/tribunademinas.audiencelabs.com.br\/","name":"Tribuna de Minas - Dinheiro e Cidadania","description":"","publisher":{"@id":"https:\/\/tribunademinas.audiencelabs.com.br\/#organization"},"potentialAction":[{"@type":"SearchAction","target":{"@type":"EntryPoint","urlTemplate":"https:\/\/tribunademinas.audiencelabs.com.br\/?s={search_term_string}"},"query-input":{"@type":"PropertyValueSpecification","valueRequired":true,"valueName":"search_term_string"}}],"inLanguage":"pt-BR"},{"@type":"Organization","@id":"https:\/\/tribunademinas.audiencelabs.com.br\/#organization","name":"Tribuna de Minas - Dinheiro e Cidadania","url":"https:\/\/tribunademinas.audiencelabs.com.br\/","logo":{"@type":"ImageObject","inLanguage":"pt-BR","@id":"https:\/\/tribunademinas.audiencelabs.com.br\/#\/schema\/logo\/image\/","url":"https:\/\/tribunademinas.audiencelabs.com.br\/wp-content\/uploads\/2025\/08\/cropped-Tribuna_512x512-96x96-1.png","contentUrl":"https:\/\/tribunademinas.audiencelabs.com.br\/wp-content\/uploads\/2025\/08\/cropped-Tribuna_512x512-96x96-1.png","width":96,"height":96,"caption":"Tribuna de Minas - Dinheiro e Cidadania"},"image":{"@id":"https:\/\/tribunademinas.audiencelabs.com.br\/#\/schema\/logo\/image\/"},"sameAs":["https:\/\/www.facebook.com\/tribunademinas\/","https:\/\/x.com\/tribunademinas","https:\/\/www.instagram.com\/tribunademinas\/","https:\/\/www.youtube.com\/user\/TribunadeMinasJF"]},{"@type":"Person","@id":"https:\/\/tribunademinas.audiencelabs.com.br\/#\/schema\/person\/db18fc40307804bacef94213aa68fd9d","name":"Jeferson Carvalho","image":{"@type":"ImageObject","inLanguage":"pt-BR","@id":"https:\/\/tribunademinas.audiencelabs.com.br\/#\/schema\/person\/image\/","url":"https:\/\/secure.gravatar.com\/avatar\/cd7646e328d9670dad7dea8698522e522745eeffcff5b9d08be858e377ce326b?s=96&d=mm&r=g","contentUrl":"https:\/\/secure.gravatar.com\/avatar\/cd7646e328d9670dad7dea8698522e522745eeffcff5b9d08be858e377ce326b?s=96&d=mm&r=g","caption":"Jeferson Carvalho"},"description":"Jornalista apaixonado pela profiss\u00e3o!","url":"https:\/\/tribunademinas.audiencelabs.com.br\/author\/jeferson\/"}]}},"amp_enabled":true,"_links":{"self":[{"href":"https:\/\/tribunademinas.audiencelabs.com.br\/wp-json\/wp\/v2\/posts\/2790","targetHints":{"allow":["GET"]}}],"collection":[{"href":"https:\/\/tribunademinas.audiencelabs.com.br\/wp-json\/wp\/v2\/posts"}],"about":[{"href":"https:\/\/tribunademinas.audiencelabs.com.br\/wp-json\/wp\/v2\/types\/post"}],"author":[{"embeddable":true,"href":"https:\/\/tribunademinas.audiencelabs.com.br\/wp-json\/wp\/v2\/users\/5"}],"replies":[{"embeddable":true,"href":"https:\/\/tribunademinas.audiencelabs.com.br\/wp-json\/wp\/v2\/comments?post=2790"}],"version-history":[{"count":3,"href":"https:\/\/tribunademinas.audiencelabs.com.br\/wp-json\/wp\/v2\/posts\/2790\/revisions"}],"predecessor-version":[{"id":2952,"href":"https:\/\/tribunademinas.audiencelabs.com.br\/wp-json\/wp\/v2\/posts\/2790\/revisions\/2952"}],"wp:featuredmedia":[{"embeddable":true,"href":"https:\/\/tribunademinas.audiencelabs.com.br\/wp-json\/wp\/v2\/media\/2791"}],"wp:attachment":[{"href":"https:\/\/tribunademinas.audiencelabs.com.br\/wp-json\/wp\/v2\/media?parent=2790"}],"wp:term":[{"taxonomy":"category","embeddable":true,"href":"https:\/\/tribunademinas.audiencelabs.com.br\/wp-json\/wp\/v2\/categories?post=2790"},{"taxonomy":"post_tag","embeddable":true,"href":"https:\/\/tribunademinas.audiencelabs.com.br\/wp-json\/wp\/v2\/tags?post=2790"}],"curies":[{"name":"wp","href":"https:\/\/api.w.org\/{rel}","templated":true}]}}