{"id":2782,"date":"2025-10-26T09:45:00","date_gmt":"2025-10-26T12:45:00","guid":{"rendered":"https:\/\/tribunademinas.audiencelabs.com.br\/?p=2782"},"modified":"2025-10-22T10:20:58","modified_gmt":"2025-10-22T13:20:58","slug":"trabalhadores-em-risco-terao-novas-regras-agressivas-de-aposentadoria","status":"publish","type":"post","link":"https:\/\/tribunademinas.audiencelabs.com.br\/trabalhadores-em-risco-terao-novas-regras-agressivas-de-aposentadoria\/","title":{"rendered":"Trabalhadores em risco ter\u00e3o novas regras agressivas de aposentadoria"},"content":{"rendered":"\n<p>Na \u00faltima semana, a Comiss\u00e3o de Finan\u00e7as e Tributa\u00e7\u00e3o da C\u00e2mara dos Deputados realizou uma audi\u00eancia p\u00fablica para debater sobre <strong>a concess\u00e3o da aposentadoria especial<\/strong>, conforme relatado pelo portal <em>Blog do Prev<\/em>.<\/p>\n\n\n\n<p>O debate foi proposto pelo deputado Hildo Rocha (MDB-MA) com o objetivo de reconhecer se determinadas ocupa\u00e7\u00f5es devem ser enquadradas como atividades especiais, assegurando assim o direito de afastamento antecipado para trabalhadores expostos a condi\u00e7\u00f5es que provoquem desgaste f\u00edsico, mental ou risco elevado.<\/p>\n\n\n\n<p>Na ocasi\u00e3o, profissionais de diferentes setores <strong>defenderam o reconhecimento das condi\u00e7\u00f5es a que est\u00e3o submetidos<\/strong>, relatando os riscos e as jornadas exaustivas de suas atividades como forma de reivindicar uma legisla\u00e7\u00e3o mais condizente com a realidade de suas profiss\u00f5es.<\/p>\n\n\n\n<p>Embora as contribui\u00e7\u00f5es tenham sido consideradas essenciais para o avan\u00e7o dos projetos de lei sobre o tema, o coordenador-geral do Minist\u00e9rio da Previd\u00eancia Social, Paulo Cesar Andrade Almeida, ressaltou a import\u00e2ncia de <strong>manter rigor t\u00e9cnico e jur\u00eddico <\/strong>na defini\u00e7\u00e3o das categorias que reivindicam a aposentadoria especial.<\/p>\n\n\n\n<p>Al\u00e9m de destacar a necessidade de comprovar as condi\u00e7\u00f5es de trabalho por meio de crit\u00e9rios objetivos e laudos t\u00e9cnicos, ele tamb\u00e9m ressaltou a import\u00e2ncia de assegurar a sustentabilidade do sistema previdenci\u00e1rio, de modo a preservar seu equil\u00edbrio financeiro a longo prazo.<\/p>\n\n\n<style>@media (min-width: 992px) {\n    .recomendadorV2Area1 {\n        width: 280px;\n    }\n    .recomendadorV2Area2 {\n        padding: 0px 20px;\n        width: calc(100% - 280px);\n    }\n}\n\n@media (max-width: 992px) {\n    .recomendadorV2Button {\n        margin: 0 auto;\n    }\n    .recomendadorV2Area {\n        flex-direction: column;\n        text-align: center;\n    }\n    .recomendadorV2Area2 {\n        padding: 0px 20px;\n    }\n}\n\n.recomendadorV2Area {\n    background: #eeeeee3d;\n    border-radius: 10px;\n    padding: 15px;\n    display: flex;\n    margin: 15px auto;\n    border: 1px solid #00000014;\n    max-width: 800px;\n}\n\n.recomendadorV2Area1 img {\n    width: 280px;\n    height: auto;\n    border-radius: 8px;\n}\n\n.linkrecomendadorv2 {\n    text-decoration: none !important;\n}\n\n.recomendadorV2Area2 .recomendadorV2Type {\n    text-transform: uppercase;\n    font-weight: 500;\n    font-size: 11px;\n    letter-spacing: 2px;\n    color: #666;\n    margin: 12px 0;\n    display: block;\n}\n\n.recomendadorV2Title h2 {\n    padding-top: 0px !important;\n    margin: 0px !important;\n    border-left: none !important;\n    padding-left: 0px !important;\n    line-height: 1.3;\n    color: #000 !important;\n    font-size: 24px;\n    margin-bottom: 12px !important;\n}\n\n.recomendadorV2Desc {\n    color: #333;\n    margin: 12px 0px !important;\n    font-size: 15px;\n    line-height: 1.5;\n}\n\n.recomendadorV2Button {\n    width: auto;\n    max-width: 200px;\n    margin: 0;\n    display: inline-flex;\n    align-items: center;\n    background: #1D3557;\n    border-radius: 8px;\n    color: #fff;\n    height: 36px;\n    justify-content: center;\n    text-align: center;\n    font-size: 14px;\n    padding: 0 20px;\n    transition: background-color 0.2s ease;\n}\n\n.recomendadorV2Button:hover {\n    background: #2a4d7a;\n}\n\n.recomendadorV2Button:after {\n    margin-top: -2px;\n    content: \"\u2192\";\n    padding: 0px 0px 0px 8px;\n}\n\n.recomendadorV2Alert {\n    text-align: left;\n    font-size: 11px;\n    margin-top: 8px;\n    color: #666;\n}\n\n.recomendadorFixedArea {\n    width: 100%;\n    display: flex;\n    justify-content: center;\n    align-items: center;\n}\n\n@media (min-width: 992px) {\n    #recomendadorFixed {\n        width: 32% !important;\n        left: 5%;\n    }\n    .recomendadorCloseFixed{\n        right: inherit !important;\n        left: 378px !important;\n    }\n}\n\n#recomendadorFixed {\n    width: 90%;\n    box-shadow: 0 10px 20px 0px #00000057;\n    display: none;\n    height: 90px;\n    background: #F6F6F6;\n    position: fixed;\n    flex-direction: row;\n    bottom: 10px;\n    z-index: 9999;\n    border-radius: 16px;\n    padding: 7px 10px;\n}\n\n.recomendadorLeftArea {\n    width: 160px;\n}\n\n.recomendadorRightArea h2 {\n    padding-top: 0px;\n    margin: 2px 0px 4px 0px !important;\n    font-weight: 400;\n    text-align: center;\n    padding-left: 0px !important;\n    color: #000 !important;\n    border-left: none !important;\n    line-height: 20px;\n    font-size: 12px !important;\n}\n\n.recomendadorImgFixed {\n    overflow: hidden;\n    padding: 8px 6px;\n    height: 100%;\n}\n\n.recomendadorImgFixed img {\n    height: 100% !important;\n    border-radius: 16px;\n}\n\n.recomendadorRightArea {\n    padding-top: 6px;\n    display: flex;\n    width: calc(100% - 130px);\n    justify-content: space-between;\n    align-items: center;\n    flex-direction: column;\n}\n\n.recomendadorButtonFixed {\n    margin: 0 auto;\n    background: #1D3557;\n    width: 80%;\n    text-align: center;\n    font-size: 10px;\n    color: #FFF;\n    padding: 2px 10px;\n    border-radius: 3px;\n}\n\n.recomendadorButtonFixed:after {\n    margin-top: -3px;\n    content: \"\u2192\";\n    padding: 0px 0px 0px 10px;\n}\n\n.recomendadorAlertFixed {\n    font-weight: 400;\n    text-align: center;\n    color: #484848;\n    font-size: 8px;\n}\n\n.recomendadorCloseFixed {\n    z-index: 99999;\n    display: none;\n    right: 0px;\n    left: inherit;\n    bottom: 99px;\n    position: fixed;\n    justify-content: center;\n    background: #F6F6F6;\n    width: 25px;\n    align-items: center;\n    height: 25px;\n    font-weight: 800;\n    border-radius: 50%;\n    border: 1px solid #EBEBEB;\n}\n\n.recomendadorV2Desc{\n    color: #000000;\n    margin: 20px 0px;\n}\n\n@media (max-width: 576px) {\n    .recomendadorV2Area {\n      padding: 10px;\n      max-width: 100%;\n    }\n  \n    .recomendadorV2Area1 img {\n      width: 100%;\n      border-radius: 6px;\n    }\n  \n    .recomendadorV2Area2 .recomendadorV2Type {\n      font-size: 9px;\n      letter-spacing: 1px;\n      margin: 8px 0;\n    }\n  \n    .recomendadorV2Title h2 {\n      font-size: 18px !important;\n      margin-bottom: 8px !important;\n      line-height: 1.2;\n    }\n  \n    .recomendadorV2Desc {\n      font-size: 14px;\n      margin: 8px 0 !important;\n      line-height: 1.4;\n    }\n  \n    .recomendadorV2Button {\n      font-size: 12px;\n      height: 30px;\n      padding: 0 12px;\n      max-width: 160px;\n    }\n  \n    .recomendadorV2Button:after {\n      padding-left: 6px;\n    }\n  }\n  <\/style>\n        <div class=\"lazyblock-recomendador-v2-2jDGz wp-block-lazyblock-recomendador-v2\">\n        <a class=\"linkrecomendadorv2\" href=\"https:\/\/tribunademinas.com.br\/colunas\/dinheiroecidadania\/salario-de-r-1-804-cai-na-conta-de-trabalhadores-com-clt-assinado\/?utm_source=lazy\">\n            <div class=\"recomendadorV2Area\">\n            <div class=\"recomendadorV2Area1\">\n                <div class=\"recomendadorV2Img\">\n                <img class=\"lazyloaded\" decoding=\"async\" src=\"https:\/\/tribunademinas.audiencelabs.com.br\/wp-content\/uploads\/2025\/10\/salario-1818-cai-conta-trabalhadores-clt-assinado.jpg\" data-src=\"https:\/\/tribunademinas.audiencelabs.com.br\/wp-content\/uploads\/2025\/10\/salario-1818-cai-conta-trabalhadores-clt-assinado.jpg\" alt=\"\">\n                <\/div>\n            <\/div>\n            <div class=\"recomendadorV2Area2\">\n                <div class=\"recomendadorV2Type\">\n                    <span> Economia brasileira<\/span>\n                <\/div>\n                <div class=\"recomendadorV2Title\">\n                <h2><span> Novo sal\u00e1rio de R$1.804 j\u00e1 est\u00e1 na conta \ud83d\udcb0<\/span><\/h2>\n                <\/div>\n                <div class=\"recomendadorV2Desc\">\n                <span> Veja quem recebe e como funciona o reajuste<\/span>\n                <\/div>\n                <div class=\"recomendadorV2Button\"> Confira os detalhes agora<\/div>\n                <div class=\"recomendadorV2Alert\"><\/div>\n            <\/div>\n            <\/div>\n        <\/a>\n        <div>\n            <div style=\"z-index:99999;\" id=\"buttonClose\" onclick=\"closeRecomendadorFixed()\">\n            <div class=\"recomendadorCloseFixed\">X<\/div>\n            <\/div>\n            <a href=\"https:\/\/tribunademinas.com.br\/colunas\/dinheiroecidadania\/salario-de-r-1-804-cai-na-conta-de-trabalhadores-com-clt-assinado\/?utm_source=lazy\">\n            <div class=\"recomendadorFixedArea\">\n                <div id=\"recomendadorFixed\">\n                <div class=\"recomendadorLeftArea\">\n                    <div class=\"recomendadorImgFixed\">\n                    <img class=\"lazyload\" decoding=\"async\" src=\"https:\/\/tribunademinas.audiencelabs.com.br\/wp-content\/uploads\/2025\/10\/salario-1818-cai-conta-trabalhadores-clt-assinado.jpg\" alt=\"\">\n                    <\/div>\n                <\/div>\n                <div class=\"recomendadorRightArea\">\n                    <div class=\"recomendadorTitleFixed\">\n                    <h2><span> Novo sal\u00e1rio de R$1.804 j\u00e1 est\u00e1 na conta \ud83d\udcb0<\/span><\/h2>\n                    <\/div>\n                    <div class=\"recomendadorButtonFixed\"> Confira os detalhes agora<\/div>\n                    <div class=\"recomendadorAlertFixed\"><\/div>\n                <\/div>\n                <\/div>\n            <\/div>\n            <\/a>\n        <\/div>\n        <\/div>\n\n\n\n<h2 class=\"wp-block-heading\">Aposentadoria especial: quem pode solicitar?<\/h2>\n\n\n\n<p>O processo da aposentadoria especial \u00e9 parecido com o de outras categorias, mas conta com uma exig\u00eancia a mais: a apresenta\u00e7\u00e3o de documentos que comprovem a exposi\u00e7\u00e3o do trabalhador a condi\u00e7\u00f5es de risco, sendo eles o <strong>Perfil Profissiogr\u00e1fico Previdenci\u00e1rio<\/strong> e o <strong>Laudo T\u00e9cnico de Condi\u00e7\u00f5es Ambientais do Trabalho<\/strong>.<\/p>\n\n\n\n<p>Contudo, \u00e9 importante destacar que, em raz\u00e3o dos perigos j\u00e1 reconhecidos de determinadas atividades, algumas profiss\u00f5es j\u00e1 contam com o enquadramento autom\u00e1tico na aposentadoria especial. Nesses casos, o trabalhador precisa apenas cumprir as exig\u00eancias espec\u00edficas previstas para cada fun\u00e7\u00e3o. S\u00e3o elas:<\/p>\n\n\n\n<ul class=\"wp-block-list\">\n<li><strong>Mineiros de subsolo;<\/strong><\/li>\n\n\n\n<li><strong>T\u00e9cnicos em radiologia;<\/strong><\/li>\n\n\n\n<li><strong>Eletricistas de alta tens\u00e3o;<\/strong><\/li>\n\n\n\n<li><strong>Enfermeiros, t\u00e9cnicos e auxiliares de enfermagem;<\/strong><\/li>\n\n\n\n<li><strong>M\u00e9dicos e dentistas;<\/strong><\/li>\n\n\n\n<li><strong>Vigilantes armados;<\/strong><\/li>\n\n\n\n<li><strong>Motoristas e cobradores de \u00f4nibus urbanos.<\/strong><\/li>\n<\/ul>\n","protected":false},"excerpt":{"rendered":"<p>Na \u00faltima semana, a Comiss\u00e3o de Finan\u00e7as e Tributa\u00e7\u00e3o da C\u00e2mara dos Deputados realizou uma audi\u00eancia p\u00fablica para debater sobre a concess\u00e3o da aposentadoria especial, conforme relatado pelo portal Blog do Prev. O debate foi proposto pelo deputado Hildo Rocha (MDB-MA) com o objetivo de reconhecer se determinadas ocupa\u00e7\u00f5es devem ser enquadradas como atividades especiais, [&hellip;]<\/p>\n","protected":false},"author":3,"featured_media":2783,"comment_status":"open","ping_status":"open","sticky":false,"template":"","format":"standard","meta":{"jnews-multi-image_gallery":[],"jnews_single_post":{"format":"standard"},"jnews_primary_category":[],"jnews_social_meta":[],"jnews_post_split":[],"footnotes":""},"categories":[159],"tags":[],"class_list":["post-2782","post","type-post","status-publish","format-standard","has-post-thumbnail","hentry","category-cidadania"],"yoast_head":"<!-- This site is optimized with the Yoast SEO plugin v25.6 - https:\/\/yoast.com\/wordpress\/plugins\/seo\/ -->\n<title>Trabalhadores em risco ter\u00e3o novas regras agressivas de aposentadoria<\/title>\n<meta name=\"robots\" content=\"index, follow, max-snippet:-1, max-image-preview:large, max-video-preview:-1\" \/>\n<link rel=\"canonical\" href=\"https:\/\/tribunademinas.audiencelabs.com.br\/trabalhadores-em-risco-terao-novas-regras-agressivas-de-aposentadoria\/\" \/>\n<meta property=\"og:locale\" content=\"pt_BR\" \/>\n<meta property=\"og:type\" content=\"article\" \/>\n<meta property=\"og:title\" content=\"Trabalhadores em risco ter\u00e3o novas regras agressivas de aposentadoria\" \/>\n<meta property=\"og:description\" content=\"Na \u00faltima semana, a Comiss\u00e3o de Finan\u00e7as e Tributa\u00e7\u00e3o da C\u00e2mara dos Deputados realizou uma audi\u00eancia p\u00fablica para debater sobre a concess\u00e3o da aposentadoria especial, conforme relatado pelo portal Blog do Prev. O debate foi proposto pelo deputado Hildo Rocha (MDB-MA) com o objetivo de reconhecer se determinadas ocupa\u00e7\u00f5es devem ser enquadradas como atividades especiais, [&hellip;]\" \/>\n<meta property=\"og:url\" content=\"https:\/\/tribunademinas.audiencelabs.com.br\/trabalhadores-em-risco-terao-novas-regras-agressivas-de-aposentadoria\/\" \/>\n<meta property=\"og:site_name\" content=\"Tribuna de Minas - Dinheiro e Cidadania\" \/>\n<meta property=\"article:publisher\" content=\"https:\/\/www.facebook.com\/tribunademinas\/\" \/>\n<meta property=\"article:published_time\" content=\"2025-10-26T12:45:00+00:00\" \/>\n<meta property=\"og:image\" content=\"https:\/\/tribunademinas.audiencelabs.com.br\/wp-content\/uploads\/2025\/10\/trabalhadores-risco-novas-regras-agressivas-aposentadoria.jpg\" \/>\n\t<meta property=\"og:image:width\" content=\"2000\" \/>\n\t<meta property=\"og:image:height\" content=\"1125\" \/>\n\t<meta property=\"og:image:type\" content=\"image\/jpeg\" \/>\n<meta name=\"author\" content=\"Jo\u00e3o Carlos Gomes\" \/>\n<meta name=\"twitter:card\" content=\"summary_large_image\" \/>\n<meta name=\"twitter:creator\" content=\"@tribunademinas\" \/>\n<meta name=\"twitter:site\" content=\"@tribunademinas\" \/>\n<meta name=\"twitter:label1\" content=\"Escrito por\" \/>\n\t<meta name=\"twitter:data1\" content=\"Jo\u00e3o Carlos Gomes\" \/>\n\t<meta name=\"twitter:label2\" content=\"Est. tempo de leitura\" \/>\n\t<meta name=\"twitter:data2\" content=\"3 minutos\" \/>\n<!-- \/ Yoast SEO plugin. -->","yoast_head_json":{"title":"Trabalhadores em risco ter\u00e3o novas regras agressivas de aposentadoria","robots":{"index":"index","follow":"follow","max-snippet":"max-snippet:-1","max-image-preview":"max-image-preview:large","max-video-preview":"max-video-preview:-1"},"canonical":"https:\/\/tribunademinas.audiencelabs.com.br\/trabalhadores-em-risco-terao-novas-regras-agressivas-de-aposentadoria\/","og_locale":"pt_BR","og_type":"article","og_title":"Trabalhadores em risco ter\u00e3o novas regras agressivas de aposentadoria","og_description":"Na \u00faltima semana, a Comiss\u00e3o de Finan\u00e7as e Tributa\u00e7\u00e3o da C\u00e2mara dos Deputados realizou uma audi\u00eancia p\u00fablica para debater sobre a concess\u00e3o da aposentadoria especial, conforme relatado pelo portal Blog do Prev. O debate foi proposto pelo deputado Hildo Rocha (MDB-MA) com o objetivo de reconhecer se determinadas ocupa\u00e7\u00f5es devem ser enquadradas como atividades especiais, [&hellip;]","og_url":"https:\/\/tribunademinas.audiencelabs.com.br\/trabalhadores-em-risco-terao-novas-regras-agressivas-de-aposentadoria\/","og_site_name":"Tribuna de Minas - Dinheiro e Cidadania","article_publisher":"https:\/\/www.facebook.com\/tribunademinas\/","article_published_time":"2025-10-26T12:45:00+00:00","og_image":[{"width":2000,"height":1125,"url":"https:\/\/tribunademinas.audiencelabs.com.br\/wp-content\/uploads\/2025\/10\/trabalhadores-risco-novas-regras-agressivas-aposentadoria.jpg","type":"image\/jpeg"}],"author":"Jo\u00e3o Carlos Gomes","twitter_card":"summary_large_image","twitter_creator":"@tribunademinas","twitter_site":"@tribunademinas","twitter_misc":{"Escrito por":"Jo\u00e3o Carlos Gomes","Est. tempo de leitura":"3 minutos"},"schema":{"@context":"https:\/\/schema.org","@graph":[{"@type":"Article","@id":"https:\/\/tribunademinas.audiencelabs.com.br\/trabalhadores-em-risco-terao-novas-regras-agressivas-de-aposentadoria\/#article","isPartOf":{"@id":"https:\/\/tribunademinas.audiencelabs.com.br\/trabalhadores-em-risco-terao-novas-regras-agressivas-de-aposentadoria\/"},"author":{"name":"Jo\u00e3o Carlos Gomes","@id":"https:\/\/tribunademinas.audiencelabs.com.br\/#\/schema\/person\/37af466a64a722fadb8ef6841c52114f"},"headline":"Trabalhadores em risco ter\u00e3o novas regras agressivas de aposentadoria","datePublished":"2025-10-26T12:45:00+00:00","mainEntityOfPage":{"@id":"https:\/\/tribunademinas.audiencelabs.com.br\/trabalhadores-em-risco-terao-novas-regras-agressivas-de-aposentadoria\/"},"wordCount":443,"commentCount":0,"publisher":{"@id":"https:\/\/tribunademinas.audiencelabs.com.br\/#organization"},"image":{"@id":"https:\/\/tribunademinas.audiencelabs.com.br\/trabalhadores-em-risco-terao-novas-regras-agressivas-de-aposentadoria\/#primaryimage"},"thumbnailUrl":"https:\/\/tribunademinas.audiencelabs.com.br\/wp-content\/uploads\/2025\/10\/trabalhadores-risco-novas-regras-agressivas-aposentadoria.jpg","articleSection":["Cidadania"],"inLanguage":"pt-BR","potentialAction":[{"@type":"CommentAction","name":"Comment","target":["https:\/\/tribunademinas.audiencelabs.com.br\/trabalhadores-em-risco-terao-novas-regras-agressivas-de-aposentadoria\/#respond"]}]},{"@type":"WebPage","@id":"https:\/\/tribunademinas.audiencelabs.com.br\/trabalhadores-em-risco-terao-novas-regras-agressivas-de-aposentadoria\/","url":"https:\/\/tribunademinas.audiencelabs.com.br\/trabalhadores-em-risco-terao-novas-regras-agressivas-de-aposentadoria\/","name":"Trabalhadores em risco ter\u00e3o novas regras agressivas de aposentadoria","isPartOf":{"@id":"https:\/\/tribunademinas.audiencelabs.com.br\/#website"},"primaryImageOfPage":{"@id":"https:\/\/tribunademinas.audiencelabs.com.br\/trabalhadores-em-risco-terao-novas-regras-agressivas-de-aposentadoria\/#primaryimage"},"image":{"@id":"https:\/\/tribunademinas.audiencelabs.com.br\/trabalhadores-em-risco-terao-novas-regras-agressivas-de-aposentadoria\/#primaryimage"},"thumbnailUrl":"https:\/\/tribunademinas.audiencelabs.com.br\/wp-content\/uploads\/2025\/10\/trabalhadores-risco-novas-regras-agressivas-aposentadoria.jpg","datePublished":"2025-10-26T12:45:00+00:00","breadcrumb":{"@id":"https:\/\/tribunademinas.audiencelabs.com.br\/trabalhadores-em-risco-terao-novas-regras-agressivas-de-aposentadoria\/#breadcrumb"},"inLanguage":"pt-BR","potentialAction":[{"@type":"ReadAction","target":["https:\/\/tribunademinas.audiencelabs.com.br\/trabalhadores-em-risco-terao-novas-regras-agressivas-de-aposentadoria\/"]}]},{"@type":"ImageObject","inLanguage":"pt-BR","@id":"https:\/\/tribunademinas.audiencelabs.com.br\/trabalhadores-em-risco-terao-novas-regras-agressivas-de-aposentadoria\/#primaryimage","url":"https:\/\/tribunademinas.audiencelabs.com.br\/wp-content\/uploads\/2025\/10\/trabalhadores-risco-novas-regras-agressivas-aposentadoria.jpg","contentUrl":"https:\/\/tribunademinas.audiencelabs.com.br\/wp-content\/uploads\/2025\/10\/trabalhadores-risco-novas-regras-agressivas-aposentadoria.jpg","width":2000,"height":1125,"caption":"Foto: senivpetro\/Freepik"},{"@type":"BreadcrumbList","@id":"https:\/\/tribunademinas.audiencelabs.com.br\/trabalhadores-em-risco-terao-novas-regras-agressivas-de-aposentadoria\/#breadcrumb","itemListElement":[{"@type":"ListItem","position":1,"name":"In\u00edcio","item":"https:\/\/tribunademinas.audiencelabs.com.br\/"},{"@type":"ListItem","position":2,"name":"Trabalhadores em risco ter\u00e3o novas regras agressivas de aposentadoria"}]},{"@type":"WebSite","@id":"https:\/\/tribunademinas.audiencelabs.com.br\/#website","url":"https:\/\/tribunademinas.audiencelabs.com.br\/","name":"Tribuna de Minas - Dinheiro e Cidadania","description":"","publisher":{"@id":"https:\/\/tribunademinas.audiencelabs.com.br\/#organization"},"potentialAction":[{"@type":"SearchAction","target":{"@type":"EntryPoint","urlTemplate":"https:\/\/tribunademinas.audiencelabs.com.br\/?s={search_term_string}"},"query-input":{"@type":"PropertyValueSpecification","valueRequired":true,"valueName":"search_term_string"}}],"inLanguage":"pt-BR"},{"@type":"Organization","@id":"https:\/\/tribunademinas.audiencelabs.com.br\/#organization","name":"Tribuna de Minas - Dinheiro e Cidadania","url":"https:\/\/tribunademinas.audiencelabs.com.br\/","logo":{"@type":"ImageObject","inLanguage":"pt-BR","@id":"https:\/\/tribunademinas.audiencelabs.com.br\/#\/schema\/logo\/image\/","url":"https:\/\/tribunademinas.audiencelabs.com.br\/wp-content\/uploads\/2025\/08\/cropped-Tribuna_512x512-96x96-1.png","contentUrl":"https:\/\/tribunademinas.audiencelabs.com.br\/wp-content\/uploads\/2025\/08\/cropped-Tribuna_512x512-96x96-1.png","width":96,"height":96,"caption":"Tribuna de Minas - Dinheiro e Cidadania"},"image":{"@id":"https:\/\/tribunademinas.audiencelabs.com.br\/#\/schema\/logo\/image\/"},"sameAs":["https:\/\/www.facebook.com\/tribunademinas\/","https:\/\/x.com\/tribunademinas","https:\/\/www.instagram.com\/tribunademinas\/","https:\/\/www.youtube.com\/user\/TribunadeMinasJF"]},{"@type":"Person","@id":"https:\/\/tribunademinas.audiencelabs.com.br\/#\/schema\/person\/37af466a64a722fadb8ef6841c52114f","name":"Jo\u00e3o Carlos Gomes","image":{"@type":"ImageObject","inLanguage":"pt-BR","@id":"https:\/\/tribunademinas.audiencelabs.com.br\/#\/schema\/person\/image\/","url":"https:\/\/secure.gravatar.com\/avatar\/4ce4672dbdd694b329cd6fdb51bee7d1409be1f0ff76a537e4c4a737b2c7d1a9?s=96&d=mm&r=g","contentUrl":"https:\/\/secure.gravatar.com\/avatar\/4ce4672dbdd694b329cd6fdb51bee7d1409be1f0ff76a537e4c4a737b2c7d1a9?s=96&d=mm&r=g","caption":"Jo\u00e3o Carlos Gomes"},"description":"Jornalista formado pelo Centro Universit\u00e1rio Carioca, apreciador da Bossa Nova ao Metal Extremo, criador de conte\u00fado e m\u00fasico independente nas horas vagas.","url":"https:\/\/tribunademinas.audiencelabs.com.br\/author\/joaoc-junior\/"}]}},"amp_enabled":true,"_links":{"self":[{"href":"https:\/\/tribunademinas.audiencelabs.com.br\/wp-json\/wp\/v2\/posts\/2782","targetHints":{"allow":["GET"]}}],"collection":[{"href":"https:\/\/tribunademinas.audiencelabs.com.br\/wp-json\/wp\/v2\/posts"}],"about":[{"href":"https:\/\/tribunademinas.audiencelabs.com.br\/wp-json\/wp\/v2\/types\/post"}],"author":[{"embeddable":true,"href":"https:\/\/tribunademinas.audiencelabs.com.br\/wp-json\/wp\/v2\/users\/3"}],"replies":[{"embeddable":true,"href":"https:\/\/tribunademinas.audiencelabs.com.br\/wp-json\/wp\/v2\/comments?post=2782"}],"version-history":[{"count":3,"href":"https:\/\/tribunademinas.audiencelabs.com.br\/wp-json\/wp\/v2\/posts\/2782\/revisions"}],"predecessor-version":[{"id":2858,"href":"https:\/\/tribunademinas.audiencelabs.com.br\/wp-json\/wp\/v2\/posts\/2782\/revisions\/2858"}],"wp:featuredmedia":[{"embeddable":true,"href":"https:\/\/tribunademinas.audiencelabs.com.br\/wp-json\/wp\/v2\/media\/2783"}],"wp:attachment":[{"href":"https:\/\/tribunademinas.audiencelabs.com.br\/wp-json\/wp\/v2\/media?parent=2782"}],"wp:term":[{"taxonomy":"category","embeddable":true,"href":"https:\/\/tribunademinas.audiencelabs.com.br\/wp-json\/wp\/v2\/categories?post=2782"},{"taxonomy":"post_tag","embeddable":true,"href":"https:\/\/tribunademinas.audiencelabs.com.br\/wp-json\/wp\/v2\/tags?post=2782"}],"curies":[{"name":"wp","href":"https:\/\/api.w.org\/{rel}","templated":true}]}}