{"id":2765,"date":"2025-10-21T18:00:00","date_gmt":"2025-10-21T21:00:00","guid":{"rendered":"https:\/\/tribunademinas.audiencelabs.com.br\/?p=2765"},"modified":"2025-10-20T17:24:42","modified_gmt":"2025-10-20T20:24:42","slug":"inss-e-condenado-apos-obrigar-segurado-a-viajar-200-km-por-pericia","status":"publish","type":"post","link":"https:\/\/tribunademinas.audiencelabs.com.br\/inss-e-condenado-apos-obrigar-segurado-a-viajar-200-km-por-pericia\/","title":{"rendered":"INSS \u00e9 condenado ap\u00f3s obrigar segurado a viajar 200 km por per\u00edcia"},"content":{"rendered":"\n<p>O <strong>Instituto Nacional do Seguro Social (INSS)<\/strong> foi condenado recentemente por conta da falta de profissionais para a realiza\u00e7\u00e3o de per\u00edcias m\u00e9dicas nas ag\u00eancias de<strong> Rio Verde de Mato Grosso e S\u00e3o Gabriel do Oeste<\/strong>, localizadas na regi\u00e3o norte do Mato Grosso do Sul.<\/p>\n\n\n\n<p>Conforme determinado pelo Tribunal Regional Federal da 3\u00aa Regi\u00e3o, a aus\u00eancia de peritos nos postos h\u00e1 quase uma d\u00e9cada caracteriza <strong>uma omiss\u00e3o administrativa grave e prolongada<\/strong>.<\/p>\n\n\n\n<p>Al\u00e9m disso, a desembargadora federal e relatora do processo, M\u00f4nica Nobre, afirmou ainda que segurados estavam sendo obrigados a se deslocar at\u00e9 a cidade de Campo Grande, que fica <strong>a cerca de 200 quil\u00f4metros da regi\u00e3o<\/strong>, para conseguir atendimento, o que viola os princ\u00edpios da dignidade humana. E por conta disso, a autarquia enfrentar\u00e1 penalidades severas.<\/p>\n\n\n\n<p>Foi definido que o INSS n\u00e3o s\u00f3 deve restabelecer os atendimentos em ambas as ag\u00eancias, como ainda <strong>precisar\u00e1 pagar R$ 100 mil a t\u00edtulo de indeniza\u00e7\u00e3o por dano moral coletivo<\/strong>, valor que ser\u00e1 destinado ao Fundo de Defesa de Direitos Difusos e Coletivos.<\/p>\n\n\n\n<h2 class=\"wp-block-heading\">Fraudes no INSS: governo j\u00e1 devolveu R$ 2,1 bilh\u00f5es<\/h2>\n\n\n\n<p>Nesta semana, o governo federal atingiu a marca de <strong>R$ 2,1 bilh\u00f5es pagos <\/strong>no acordo de ressarcimento do INSS, que come\u00e7ou a valer em julho, beneficiando aproximadamente 3,1 milh\u00f5es de aposentados e pensionistas que foram prejudicados por descontos associativos indevidos.<\/p>\n\n\n\n<p>E vale destacar que, em an\u00e1lises recentes, a pr\u00f3pria autarquia constatou que diversas entidades utilizaram softwares para falsificar assinaturas ao responder \u00e0s contesta\u00e7\u00f5es ou enviaram grava\u00e7\u00f5es de \u00e1udio como resposta, recurso que n\u00e3o \u00e9 aceito como prova.<\/p>\n\n\n\n<p>Por conta disso, o presidente do INSS, Gilberto Waller, afirmou que as verifica\u00e7\u00f5es continuar\u00e3o sendo realizadas de forma cont\u00ednua, com o objetivo de identificar casos semelhantes e garantir que os benefici\u00e1rios prejudicados possam finalmente recuperar valores que tenham sido indevidamente debitados de seus benef\u00edcios.<\/p>\n","protected":false},"excerpt":{"rendered":"<p>O Instituto Nacional do Seguro Social (INSS) foi condenado recentemente por conta da falta de profissionais para a realiza\u00e7\u00e3o de per\u00edcias m\u00e9dicas nas ag\u00eancias de Rio Verde de Mato Grosso e S\u00e3o Gabriel do Oeste, localizadas na regi\u00e3o norte do Mato Grosso do Sul. Conforme determinado pelo Tribunal Regional Federal da 3\u00aa Regi\u00e3o, a aus\u00eancia [&hellip;]<\/p>\n","protected":false},"author":3,"featured_media":2766,"comment_status":"open","ping_status":"open","sticky":false,"template":"","format":"standard","meta":{"jnews-multi-image_gallery":[],"jnews_single_post":{"format":"standard"},"jnews_primary_category":[],"jnews_social_meta":[],"jnews_post_split":[],"footnotes":""},"categories":[159],"tags":[],"class_list":["post-2765","post","type-post","status-publish","format-standard","has-post-thumbnail","hentry","category-cidadania"],"yoast_head":"<!-- This site is optimized with the Yoast SEO plugin v25.6 - https:\/\/yoast.com\/wordpress\/plugins\/seo\/ -->\n<title>INSS \u00e9 condenado ap\u00f3s obrigar segurado a viajar 200 km por per\u00edcia<\/title>\n<meta name=\"robots\" content=\"index, follow, max-snippet:-1, max-image-preview:large, max-video-preview:-1\" \/>\n<link rel=\"canonical\" href=\"https:\/\/tribunademinas.audiencelabs.com.br\/inss-e-condenado-apos-obrigar-segurado-a-viajar-200-km-por-pericia\/\" \/>\n<meta property=\"og:locale\" content=\"pt_BR\" \/>\n<meta property=\"og:type\" content=\"article\" \/>\n<meta property=\"og:title\" content=\"INSS \u00e9 condenado ap\u00f3s obrigar segurado a viajar 200 km por per\u00edcia\" \/>\n<meta property=\"og:description\" content=\"O Instituto Nacional do Seguro Social (INSS) foi condenado recentemente por conta da falta de profissionais para a realiza\u00e7\u00e3o de per\u00edcias m\u00e9dicas nas ag\u00eancias de Rio Verde de Mato Grosso e S\u00e3o Gabriel do Oeste, localizadas na regi\u00e3o norte do Mato Grosso do Sul. Conforme determinado pelo Tribunal Regional Federal da 3\u00aa Regi\u00e3o, a aus\u00eancia [&hellip;]\" \/>\n<meta property=\"og:url\" content=\"https:\/\/tribunademinas.audiencelabs.com.br\/inss-e-condenado-apos-obrigar-segurado-a-viajar-200-km-por-pericia\/\" \/>\n<meta property=\"og:site_name\" content=\"Tribuna de Minas - Dinheiro e Cidadania\" \/>\n<meta property=\"article:publisher\" content=\"https:\/\/www.facebook.com\/tribunademinas\/\" \/>\n<meta property=\"article:published_time\" content=\"2025-10-21T21:00:00+00:00\" \/>\n<meta property=\"og:image\" content=\"https:\/\/tribunademinas.audiencelabs.com.br\/wp-content\/uploads\/2025\/10\/inss-condenado-apos-obrigar-segurado-a-viajar-200-km-pericia.webp\" \/>\n\t<meta property=\"og:image:width\" content=\"1280\" \/>\n\t<meta property=\"og:image:height\" content=\"720\" \/>\n\t<meta property=\"og:image:type\" content=\"image\/webp\" \/>\n<meta name=\"author\" content=\"Jo\u00e3o Carlos Gomes\" \/>\n<meta name=\"twitter:card\" content=\"summary_large_image\" \/>\n<meta name=\"twitter:creator\" content=\"@tribunademinas\" \/>\n<meta name=\"twitter:site\" content=\"@tribunademinas\" \/>\n<meta name=\"twitter:label1\" content=\"Escrito por\" \/>\n\t<meta name=\"twitter:data1\" content=\"Jo\u00e3o Carlos Gomes\" \/>\n\t<meta name=\"twitter:label2\" content=\"Est. tempo de leitura\" \/>\n\t<meta name=\"twitter:data2\" content=\"2 minutos\" \/>\n<!-- \/ Yoast SEO plugin. -->","yoast_head_json":{"title":"INSS \u00e9 condenado ap\u00f3s obrigar segurado a viajar 200 km por per\u00edcia","robots":{"index":"index","follow":"follow","max-snippet":"max-snippet:-1","max-image-preview":"max-image-preview:large","max-video-preview":"max-video-preview:-1"},"canonical":"https:\/\/tribunademinas.audiencelabs.com.br\/inss-e-condenado-apos-obrigar-segurado-a-viajar-200-km-por-pericia\/","og_locale":"pt_BR","og_type":"article","og_title":"INSS \u00e9 condenado ap\u00f3s obrigar segurado a viajar 200 km por per\u00edcia","og_description":"O Instituto Nacional do Seguro Social (INSS) foi condenado recentemente por conta da falta de profissionais para a realiza\u00e7\u00e3o de per\u00edcias m\u00e9dicas nas ag\u00eancias de Rio Verde de Mato Grosso e S\u00e3o Gabriel do Oeste, localizadas na regi\u00e3o norte do Mato Grosso do Sul. Conforme determinado pelo Tribunal Regional Federal da 3\u00aa Regi\u00e3o, a aus\u00eancia [&hellip;]","og_url":"https:\/\/tribunademinas.audiencelabs.com.br\/inss-e-condenado-apos-obrigar-segurado-a-viajar-200-km-por-pericia\/","og_site_name":"Tribuna de Minas - Dinheiro e Cidadania","article_publisher":"https:\/\/www.facebook.com\/tribunademinas\/","article_published_time":"2025-10-21T21:00:00+00:00","og_image":[{"width":1280,"height":720,"url":"https:\/\/tribunademinas.audiencelabs.com.br\/wp-content\/uploads\/2025\/10\/inss-condenado-apos-obrigar-segurado-a-viajar-200-km-pericia.webp","type":"image\/webp"}],"author":"Jo\u00e3o Carlos Gomes","twitter_card":"summary_large_image","twitter_creator":"@tribunademinas","twitter_site":"@tribunademinas","twitter_misc":{"Escrito por":"Jo\u00e3o Carlos Gomes","Est. tempo de leitura":"2 minutos"},"schema":{"@context":"https:\/\/schema.org","@graph":[{"@type":"Article","@id":"https:\/\/tribunademinas.audiencelabs.com.br\/inss-e-condenado-apos-obrigar-segurado-a-viajar-200-km-por-pericia\/#article","isPartOf":{"@id":"https:\/\/tribunademinas.audiencelabs.com.br\/inss-e-condenado-apos-obrigar-segurado-a-viajar-200-km-por-pericia\/"},"author":{"name":"Jo\u00e3o Carlos Gomes","@id":"https:\/\/tribunademinas.audiencelabs.com.br\/#\/schema\/person\/37af466a64a722fadb8ef6841c52114f"},"headline":"INSS \u00e9 condenado ap\u00f3s obrigar segurado a viajar 200 km por per\u00edcia","datePublished":"2025-10-21T21:00:00+00:00","mainEntityOfPage":{"@id":"https:\/\/tribunademinas.audiencelabs.com.br\/inss-e-condenado-apos-obrigar-segurado-a-viajar-200-km-por-pericia\/"},"wordCount":337,"commentCount":0,"publisher":{"@id":"https:\/\/tribunademinas.audiencelabs.com.br\/#organization"},"image":{"@id":"https:\/\/tribunademinas.audiencelabs.com.br\/inss-e-condenado-apos-obrigar-segurado-a-viajar-200-km-por-pericia\/#primaryimage"},"thumbnailUrl":"https:\/\/tribunademinas.audiencelabs.com.br\/wp-content\/uploads\/2025\/10\/inss-condenado-apos-obrigar-segurado-a-viajar-200-km-pericia.webp","articleSection":["Cidadania"],"inLanguage":"pt-BR","potentialAction":[{"@type":"CommentAction","name":"Comment","target":["https:\/\/tribunademinas.audiencelabs.com.br\/inss-e-condenado-apos-obrigar-segurado-a-viajar-200-km-por-pericia\/#respond"]}]},{"@type":"WebPage","@id":"https:\/\/tribunademinas.audiencelabs.com.br\/inss-e-condenado-apos-obrigar-segurado-a-viajar-200-km-por-pericia\/","url":"https:\/\/tribunademinas.audiencelabs.com.br\/inss-e-condenado-apos-obrigar-segurado-a-viajar-200-km-por-pericia\/","name":"INSS \u00e9 condenado ap\u00f3s obrigar segurado a viajar 200 km por per\u00edcia","isPartOf":{"@id":"https:\/\/tribunademinas.audiencelabs.com.br\/#website"},"primaryImageOfPage":{"@id":"https:\/\/tribunademinas.audiencelabs.com.br\/inss-e-condenado-apos-obrigar-segurado-a-viajar-200-km-por-pericia\/#primaryimage"},"image":{"@id":"https:\/\/tribunademinas.audiencelabs.com.br\/inss-e-condenado-apos-obrigar-segurado-a-viajar-200-km-por-pericia\/#primaryimage"},"thumbnailUrl":"https:\/\/tribunademinas.audiencelabs.com.br\/wp-content\/uploads\/2025\/10\/inss-condenado-apos-obrigar-segurado-a-viajar-200-km-pericia.webp","datePublished":"2025-10-21T21:00:00+00:00","breadcrumb":{"@id":"https:\/\/tribunademinas.audiencelabs.com.br\/inss-e-condenado-apos-obrigar-segurado-a-viajar-200-km-por-pericia\/#breadcrumb"},"inLanguage":"pt-BR","potentialAction":[{"@type":"ReadAction","target":["https:\/\/tribunademinas.audiencelabs.com.br\/inss-e-condenado-apos-obrigar-segurado-a-viajar-200-km-por-pericia\/"]}]},{"@type":"ImageObject","inLanguage":"pt-BR","@id":"https:\/\/tribunademinas.audiencelabs.com.br\/inss-e-condenado-apos-obrigar-segurado-a-viajar-200-km-por-pericia\/#primaryimage","url":"https:\/\/tribunademinas.audiencelabs.com.br\/wp-content\/uploads\/2025\/10\/inss-condenado-apos-obrigar-segurado-a-viajar-200-km-pericia.webp","contentUrl":"https:\/\/tribunademinas.audiencelabs.com.br\/wp-content\/uploads\/2025\/10\/inss-condenado-apos-obrigar-segurado-a-viajar-200-km-pericia.webp","width":1280,"height":720,"caption":"Foto: Rafa Neddermeyer\/Ag\u00eancia Brasil"},{"@type":"BreadcrumbList","@id":"https:\/\/tribunademinas.audiencelabs.com.br\/inss-e-condenado-apos-obrigar-segurado-a-viajar-200-km-por-pericia\/#breadcrumb","itemListElement":[{"@type":"ListItem","position":1,"name":"In\u00edcio","item":"https:\/\/tribunademinas.audiencelabs.com.br\/"},{"@type":"ListItem","position":2,"name":"INSS \u00e9 condenado ap\u00f3s obrigar segurado a viajar 200 km por per\u00edcia"}]},{"@type":"WebSite","@id":"https:\/\/tribunademinas.audiencelabs.com.br\/#website","url":"https:\/\/tribunademinas.audiencelabs.com.br\/","name":"Tribuna de Minas - Dinheiro e Cidadania","description":"","publisher":{"@id":"https:\/\/tribunademinas.audiencelabs.com.br\/#organization"},"potentialAction":[{"@type":"SearchAction","target":{"@type":"EntryPoint","urlTemplate":"https:\/\/tribunademinas.audiencelabs.com.br\/?s={search_term_string}"},"query-input":{"@type":"PropertyValueSpecification","valueRequired":true,"valueName":"search_term_string"}}],"inLanguage":"pt-BR"},{"@type":"Organization","@id":"https:\/\/tribunademinas.audiencelabs.com.br\/#organization","name":"Tribuna de Minas - Dinheiro e Cidadania","url":"https:\/\/tribunademinas.audiencelabs.com.br\/","logo":{"@type":"ImageObject","inLanguage":"pt-BR","@id":"https:\/\/tribunademinas.audiencelabs.com.br\/#\/schema\/logo\/image\/","url":"https:\/\/tribunademinas.audiencelabs.com.br\/wp-content\/uploads\/2025\/08\/cropped-Tribuna_512x512-96x96-1.png","contentUrl":"https:\/\/tribunademinas.audiencelabs.com.br\/wp-content\/uploads\/2025\/08\/cropped-Tribuna_512x512-96x96-1.png","width":96,"height":96,"caption":"Tribuna de Minas - Dinheiro e Cidadania"},"image":{"@id":"https:\/\/tribunademinas.audiencelabs.com.br\/#\/schema\/logo\/image\/"},"sameAs":["https:\/\/www.facebook.com\/tribunademinas\/","https:\/\/x.com\/tribunademinas","https:\/\/www.instagram.com\/tribunademinas\/","https:\/\/www.youtube.com\/user\/TribunadeMinasJF"]},{"@type":"Person","@id":"https:\/\/tribunademinas.audiencelabs.com.br\/#\/schema\/person\/37af466a64a722fadb8ef6841c52114f","name":"Jo\u00e3o Carlos Gomes","image":{"@type":"ImageObject","inLanguage":"pt-BR","@id":"https:\/\/tribunademinas.audiencelabs.com.br\/#\/schema\/person\/image\/","url":"https:\/\/secure.gravatar.com\/avatar\/4ce4672dbdd694b329cd6fdb51bee7d1409be1f0ff76a537e4c4a737b2c7d1a9?s=96&d=mm&r=g","contentUrl":"https:\/\/secure.gravatar.com\/avatar\/4ce4672dbdd694b329cd6fdb51bee7d1409be1f0ff76a537e4c4a737b2c7d1a9?s=96&d=mm&r=g","caption":"Jo\u00e3o Carlos Gomes"},"description":"Jornalista formado pelo Centro Universit\u00e1rio Carioca, apreciador da Bossa Nova ao Metal Extremo, criador de conte\u00fado e m\u00fasico independente nas horas vagas.","url":"https:\/\/tribunademinas.audiencelabs.com.br\/author\/joaoc-junior\/"}]}},"amp_enabled":true,"_links":{"self":[{"href":"https:\/\/tribunademinas.audiencelabs.com.br\/wp-json\/wp\/v2\/posts\/2765","targetHints":{"allow":["GET"]}}],"collection":[{"href":"https:\/\/tribunademinas.audiencelabs.com.br\/wp-json\/wp\/v2\/posts"}],"about":[{"href":"https:\/\/tribunademinas.audiencelabs.com.br\/wp-json\/wp\/v2\/types\/post"}],"author":[{"embeddable":true,"href":"https:\/\/tribunademinas.audiencelabs.com.br\/wp-json\/wp\/v2\/users\/3"}],"replies":[{"embeddable":true,"href":"https:\/\/tribunademinas.audiencelabs.com.br\/wp-json\/wp\/v2\/comments?post=2765"}],"version-history":[{"count":1,"href":"https:\/\/tribunademinas.audiencelabs.com.br\/wp-json\/wp\/v2\/posts\/2765\/revisions"}],"predecessor-version":[{"id":2770,"href":"https:\/\/tribunademinas.audiencelabs.com.br\/wp-json\/wp\/v2\/posts\/2765\/revisions\/2770"}],"wp:featuredmedia":[{"embeddable":true,"href":"https:\/\/tribunademinas.audiencelabs.com.br\/wp-json\/wp\/v2\/media\/2766"}],"wp:attachment":[{"href":"https:\/\/tribunademinas.audiencelabs.com.br\/wp-json\/wp\/v2\/media?parent=2765"}],"wp:term":[{"taxonomy":"category","embeddable":true,"href":"https:\/\/tribunademinas.audiencelabs.com.br\/wp-json\/wp\/v2\/categories?post=2765"},{"taxonomy":"post_tag","embeddable":true,"href":"https:\/\/tribunademinas.audiencelabs.com.br\/wp-json\/wp\/v2\/tags?post=2765"}],"curies":[{"name":"wp","href":"https:\/\/api.w.org\/{rel}","templated":true}]}}