{"id":2759,"date":"2025-10-20T16:34:20","date_gmt":"2025-10-20T19:34:20","guid":{"rendered":"https:\/\/tribunademinas.audiencelabs.com.br\/?p=2759"},"modified":"2025-10-20T16:34:26","modified_gmt":"2025-10-20T19:34:26","slug":"saque-de-r-900-disponivel-no-caixa-tem-para-brasileiros","status":"publish","type":"post","link":"https:\/\/tribunademinas.audiencelabs.com.br\/saque-de-r-900-disponivel-no-caixa-tem-para-brasileiros\/","title":{"rendered":"Saque de R$ 900 dispon\u00edvel no Caixa Tem para brasileiros"},"content":{"rendered":"\n<p>O governo federal iniciou nesta segunda-feira, 20 de outubro, os pagamentos do Bolsa Fam\u00edlia referentes ao m\u00eas de outubro. Os valores est\u00e3o sendo disponibilizados por meio do aplicativo Caixa Tem, gerenciado pela Caixa Econ\u00f4mica Federal em parceria com o Minist\u00e9rio do Desenvolvimento e Assist\u00eancia Social (MDS). <\/p>\n\n\n\n<p>Neste ciclo de repasses, mais de 19 milh\u00f5es de fam\u00edlias em todo o pa\u00eds t\u00eam direito ao benef\u00edcio. O valor m\u00ednimo \u00e9 de R$ 600 por grupo familiar, mas muitos poder\u00e3o sacar at\u00e9 R$ 900 ou mais, dependendo da composi\u00e7\u00e3o familiar.<\/p>\n\n\n\n<h2 class=\"wp-block-heading\">Saque de R$ 900 dispon\u00edvel no Caixa Tem para brasileiros<\/h2>\n\n\n\n<p>O programa \u00e9 voltado para fam\u00edlias em situa\u00e7\u00e3o de vulnerabilidade social. Para ter direito, \u00e9 necess\u00e1rio que a renda mensal por pessoa da fam\u00edlia n\u00e3o ultrapasse R$ 218. O c\u00e1lculo \u00e9 feito somando toda a renda da casa e dividindo pelo n\u00famero de moradores. <\/p>\n\n\n\n<p>Al\u00e9m disso, os benefici\u00e1rios devem estar com o Cadastro \u00danico (<a href=\"https:\/\/www.gov.br\/pt-br\/servicos\/consultar-dados-do-cadastro-unico-cadunico\"><strong>Cad\u00danico<\/strong><\/a>) atualizado e cumprir exig\u00eancias nas \u00e1reas de sa\u00fade e educa\u00e7\u00e3o, como manter a vacina\u00e7\u00e3o em dia, garantir a presen\u00e7a escolar de crian\u00e7as e adolescentes, e realizar acompanhamento pr\u00e9-natal em casos de gesta\u00e7\u00e3o.<\/p>\n\n\n\n<p>O valor de R$ 600 \u00e9 o piso garantido, mas h\u00e1 benef\u00edcios adicionais que podem aumentar o total pago. <\/p>\n\n\n\n<p>Fam\u00edlias com crian\u00e7as de at\u00e9 seis anos recebem R$ 150 extras por crian\u00e7a por meio do Benef\u00edcio Primeira Inf\u00e2ncia. J\u00e1 o Benef\u00edcio Vari\u00e1vel Familiar adiciona R$ 50 por dependente com idade entre 7 e 18 anos, al\u00e9m de gestantes e m\u00e3es que amamentam.<\/p>\n\n\n\n<p>Por exemplo, uma fam\u00edlia composta por uma m\u00e3e, um filho de 3 anos e uma filha de 10 anos pode receber R$ 600 de base, R$ 150 pelo filho pequeno e mais R$ 50 pela filha em idade escolar, totalizando R$ 800. <\/p>\n\n\n\n<p>Caso essa m\u00e3e esteja gr\u00e1vida, o valor sobe para R$ 850. Se houver mais um filho na faixa de idade entre 7 e 18 anos, o valor final chegaria aos R$ 900. Mas vale destacar que cada benef\u00edcio \u00e9 personalizado, dependendo das caracter\u00edsticas da fam\u00edlia benefici\u00e1ria.<\/p>\n\n\n\n<h3 class=\"wp-block-heading\">Calend\u00e1rio de pagamentos Bolsa Fam\u00edlia outubro 2025<\/h3>\n\n\n\n<p>Os pagamentos seguem calend\u00e1rio escalonado, conforme o \u00faltimo d\u00edgito do N\u00famero de Identifica\u00e7\u00e3o Social (NIS), e seguem at\u00e9 o fim do m\u00eas. Veja as datas:<\/p>\n\n\n\n<figure class=\"wp-block-table is-style-stripes\"><table class=\"has-fixed-layout\"><thead><tr><th>Final do NIS<\/th><th>Data do pagamento<\/th><\/tr><\/thead><tbody><tr><td>1<\/td><td>20\/10<\/td><\/tr><tr><td>2<\/td><td>21\/10<\/td><\/tr><tr><td>3<\/td><td>22\/10<\/td><\/tr><tr><td>4<\/td><td>23\/10<\/td><\/tr><tr><td>5<\/td><td>24\/10<\/td><\/tr><tr><td>6<\/td><td>27\/10<\/td><\/tr><tr><td>7<\/td><td>28\/10<\/td><\/tr><tr><td>8<\/td><td>29\/10<\/td><\/tr><tr><td>9<\/td><td>30\/10<\/td><\/tr><tr><td>0<\/td><td>31\/10<\/td><\/tr><\/tbody><\/table><\/figure>\n\n\n\n<p>O valor pode ser acessado diretamente pelo aplicativo Caixa Tem, sem necessidade de ir \u00e0 ag\u00eancia. O saque tamb\u00e9m pode ser feito em terminais de autoatendimento, lot\u00e9ricas, correspondentes Caixa Aqui ou nas ag\u00eancias da Caixa. <\/p>\n\n\n\n<p>Para movimentar o dinheiro, \u00e9 poss\u00edvel usar o cart\u00e3o do programa ou o app, com fun\u00e7\u00f5es de pagamento, transfer\u00eancia e compras em d\u00e9bito.<\/p>\n\n\n\n<p><\/p>\n","protected":false},"excerpt":{"rendered":"<p>O governo federal iniciou nesta segunda-feira, 20 de outubro, os pagamentos do Bolsa Fam\u00edlia referentes ao m\u00eas de outubro. Os valores est\u00e3o sendo disponibilizados por meio do aplicativo Caixa Tem, gerenciado pela Caixa Econ\u00f4mica Federal em parceria com o Minist\u00e9rio do Desenvolvimento e Assist\u00eancia Social (MDS). Neste ciclo de repasses, mais de 19 milh\u00f5es de [&hellip;]<\/p>\n","protected":false},"author":5,"featured_media":2760,"comment_status":"open","ping_status":"open","sticky":false,"template":"","format":"standard","meta":{"jnews-multi-image_gallery":[],"jnews_single_post":{"format":"standard"},"jnews_primary_category":[],"jnews_social_meta":[],"jnews_post_split":[],"footnotes":""},"categories":[1],"tags":[],"class_list":["post-2759","post","type-post","status-publish","format-standard","has-post-thumbnail","hentry","category-dinheiro"],"yoast_head":"<!-- This site is optimized with the Yoast SEO plugin v25.6 - https:\/\/yoast.com\/wordpress\/plugins\/seo\/ -->\n<title>Saque de R$ 900 dispon\u00edvel no Caixa Tem para brasileiros<\/title>\n<meta name=\"description\" content=\"Os valores est\u00e3o sendo disponibilizados por meio do aplicativo Caixa Tem, gerenciado pela Caixa Econ\u00f4mica Federal em parceria com o MDS.\" \/>\n<meta name=\"robots\" content=\"index, follow, max-snippet:-1, max-image-preview:large, max-video-preview:-1\" \/>\n<link rel=\"canonical\" href=\"https:\/\/tribunademinas.audiencelabs.com.br\/saque-de-r-900-disponivel-no-caixa-tem-para-brasileiros\/\" \/>\n<meta property=\"og:locale\" content=\"pt_BR\" \/>\n<meta property=\"og:type\" content=\"article\" \/>\n<meta property=\"og:title\" content=\"Saque de R$ 900 dispon\u00edvel no Caixa Tem para brasileiros\" \/>\n<meta property=\"og:description\" content=\"Os valores est\u00e3o sendo disponibilizados por meio do aplicativo Caixa Tem, gerenciado pela Caixa Econ\u00f4mica Federal em parceria com o MDS.\" \/>\n<meta property=\"og:url\" content=\"https:\/\/tribunademinas.audiencelabs.com.br\/saque-de-r-900-disponivel-no-caixa-tem-para-brasileiros\/\" \/>\n<meta property=\"og:site_name\" content=\"Tribuna de Minas - Dinheiro e Cidadania\" \/>\n<meta property=\"article:publisher\" content=\"https:\/\/www.facebook.com\/tribunademinas\/\" \/>\n<meta property=\"article:published_time\" content=\"2025-10-20T19:34:20+00:00\" \/>\n<meta property=\"article:modified_time\" content=\"2025-10-20T19:34:26+00:00\" \/>\n<meta property=\"og:image\" content=\"https:\/\/tribunademinas.audiencelabs.com.br\/wp-content\/uploads\/2025\/10\/Caixa-Tem-1.webp\" \/>\n\t<meta property=\"og:image:width\" content=\"1250\" \/>\n\t<meta property=\"og:image:height\" content=\"675\" \/>\n\t<meta property=\"og:image:type\" content=\"image\/webp\" \/>\n<meta name=\"author\" content=\"Jeferson Carvalho\" \/>\n<meta name=\"twitter:card\" content=\"summary_large_image\" \/>\n<meta name=\"twitter:creator\" content=\"@tribunademinas\" \/>\n<meta name=\"twitter:site\" content=\"@tribunademinas\" \/>\n<meta name=\"twitter:label1\" content=\"Escrito por\" \/>\n\t<meta name=\"twitter:data1\" content=\"Jeferson Carvalho\" \/>\n\t<meta name=\"twitter:label2\" content=\"Est. tempo de leitura\" \/>\n\t<meta name=\"twitter:data2\" content=\"3 minutos\" \/>\n<!-- \/ Yoast SEO plugin. -->","yoast_head_json":{"title":"Saque de R$ 900 dispon\u00edvel no Caixa Tem para brasileiros","description":"Os valores est\u00e3o sendo disponibilizados por meio do aplicativo Caixa Tem, gerenciado pela Caixa Econ\u00f4mica Federal em parceria com o MDS.","robots":{"index":"index","follow":"follow","max-snippet":"max-snippet:-1","max-image-preview":"max-image-preview:large","max-video-preview":"max-video-preview:-1"},"canonical":"https:\/\/tribunademinas.audiencelabs.com.br\/saque-de-r-900-disponivel-no-caixa-tem-para-brasileiros\/","og_locale":"pt_BR","og_type":"article","og_title":"Saque de R$ 900 dispon\u00edvel no Caixa Tem para brasileiros","og_description":"Os valores est\u00e3o sendo disponibilizados por meio do aplicativo Caixa Tem, gerenciado pela Caixa Econ\u00f4mica Federal em parceria com o MDS.","og_url":"https:\/\/tribunademinas.audiencelabs.com.br\/saque-de-r-900-disponivel-no-caixa-tem-para-brasileiros\/","og_site_name":"Tribuna de Minas - Dinheiro e Cidadania","article_publisher":"https:\/\/www.facebook.com\/tribunademinas\/","article_published_time":"2025-10-20T19:34:20+00:00","article_modified_time":"2025-10-20T19:34:26+00:00","og_image":[{"width":1250,"height":675,"url":"https:\/\/tribunademinas.audiencelabs.com.br\/wp-content\/uploads\/2025\/10\/Caixa-Tem-1.webp","type":"image\/webp"}],"author":"Jeferson Carvalho","twitter_card":"summary_large_image","twitter_creator":"@tribunademinas","twitter_site":"@tribunademinas","twitter_misc":{"Escrito por":"Jeferson Carvalho","Est. tempo de leitura":"3 minutos"},"schema":{"@context":"https:\/\/schema.org","@graph":[{"@type":"Article","@id":"https:\/\/tribunademinas.audiencelabs.com.br\/saque-de-r-900-disponivel-no-caixa-tem-para-brasileiros\/#article","isPartOf":{"@id":"https:\/\/tribunademinas.audiencelabs.com.br\/saque-de-r-900-disponivel-no-caixa-tem-para-brasileiros\/"},"author":{"name":"Jeferson Carvalho","@id":"https:\/\/tribunademinas.audiencelabs.com.br\/#\/schema\/person\/db18fc40307804bacef94213aa68fd9d"},"headline":"Saque de R$ 900 dispon\u00edvel no Caixa Tem para brasileiros","datePublished":"2025-10-20T19:34:20+00:00","dateModified":"2025-10-20T19:34:26+00:00","mainEntityOfPage":{"@id":"https:\/\/tribunademinas.audiencelabs.com.br\/saque-de-r-900-disponivel-no-caixa-tem-para-brasileiros\/"},"wordCount":477,"commentCount":0,"publisher":{"@id":"https:\/\/tribunademinas.audiencelabs.com.br\/#organization"},"image":{"@id":"https:\/\/tribunademinas.audiencelabs.com.br\/saque-de-r-900-disponivel-no-caixa-tem-para-brasileiros\/#primaryimage"},"thumbnailUrl":"https:\/\/tribunademinas.audiencelabs.com.br\/wp-content\/uploads\/2025\/10\/Caixa-Tem-1.webp","articleSection":["Dinheiro"],"inLanguage":"pt-BR","potentialAction":[{"@type":"CommentAction","name":"Comment","target":["https:\/\/tribunademinas.audiencelabs.com.br\/saque-de-r-900-disponivel-no-caixa-tem-para-brasileiros\/#respond"]}]},{"@type":"WebPage","@id":"https:\/\/tribunademinas.audiencelabs.com.br\/saque-de-r-900-disponivel-no-caixa-tem-para-brasileiros\/","url":"https:\/\/tribunademinas.audiencelabs.com.br\/saque-de-r-900-disponivel-no-caixa-tem-para-brasileiros\/","name":"Saque de R$ 900 dispon\u00edvel no Caixa Tem para brasileiros","isPartOf":{"@id":"https:\/\/tribunademinas.audiencelabs.com.br\/#website"},"primaryImageOfPage":{"@id":"https:\/\/tribunademinas.audiencelabs.com.br\/saque-de-r-900-disponivel-no-caixa-tem-para-brasileiros\/#primaryimage"},"image":{"@id":"https:\/\/tribunademinas.audiencelabs.com.br\/saque-de-r-900-disponivel-no-caixa-tem-para-brasileiros\/#primaryimage"},"thumbnailUrl":"https:\/\/tribunademinas.audiencelabs.com.br\/wp-content\/uploads\/2025\/10\/Caixa-Tem-1.webp","datePublished":"2025-10-20T19:34:20+00:00","dateModified":"2025-10-20T19:34:26+00:00","description":"Os valores est\u00e3o sendo disponibilizados por meio do aplicativo Caixa Tem, gerenciado pela Caixa Econ\u00f4mica Federal em parceria com o MDS.","breadcrumb":{"@id":"https:\/\/tribunademinas.audiencelabs.com.br\/saque-de-r-900-disponivel-no-caixa-tem-para-brasileiros\/#breadcrumb"},"inLanguage":"pt-BR","potentialAction":[{"@type":"ReadAction","target":["https:\/\/tribunademinas.audiencelabs.com.br\/saque-de-r-900-disponivel-no-caixa-tem-para-brasileiros\/"]}]},{"@type":"ImageObject","inLanguage":"pt-BR","@id":"https:\/\/tribunademinas.audiencelabs.com.br\/saque-de-r-900-disponivel-no-caixa-tem-para-brasileiros\/#primaryimage","url":"https:\/\/tribunademinas.audiencelabs.com.br\/wp-content\/uploads\/2025\/10\/Caixa-Tem-1.webp","contentUrl":"https:\/\/tribunademinas.audiencelabs.com.br\/wp-content\/uploads\/2025\/10\/Caixa-Tem-1.webp","width":1250,"height":675,"caption":"Saque de R$ 900 dispon\u00edvel no Caixa Tem para brasileiros - Imagem: Divulga\u00e7\u00e3o\/Caixa"},{"@type":"BreadcrumbList","@id":"https:\/\/tribunademinas.audiencelabs.com.br\/saque-de-r-900-disponivel-no-caixa-tem-para-brasileiros\/#breadcrumb","itemListElement":[{"@type":"ListItem","position":1,"name":"In\u00edcio","item":"https:\/\/tribunademinas.audiencelabs.com.br\/"},{"@type":"ListItem","position":2,"name":"Saque de R$ 900 dispon\u00edvel no Caixa Tem para brasileiros"}]},{"@type":"WebSite","@id":"https:\/\/tribunademinas.audiencelabs.com.br\/#website","url":"https:\/\/tribunademinas.audiencelabs.com.br\/","name":"Tribuna de Minas - Dinheiro e Cidadania","description":"","publisher":{"@id":"https:\/\/tribunademinas.audiencelabs.com.br\/#organization"},"potentialAction":[{"@type":"SearchAction","target":{"@type":"EntryPoint","urlTemplate":"https:\/\/tribunademinas.audiencelabs.com.br\/?s={search_term_string}"},"query-input":{"@type":"PropertyValueSpecification","valueRequired":true,"valueName":"search_term_string"}}],"inLanguage":"pt-BR"},{"@type":"Organization","@id":"https:\/\/tribunademinas.audiencelabs.com.br\/#organization","name":"Tribuna de Minas - Dinheiro e Cidadania","url":"https:\/\/tribunademinas.audiencelabs.com.br\/","logo":{"@type":"ImageObject","inLanguage":"pt-BR","@id":"https:\/\/tribunademinas.audiencelabs.com.br\/#\/schema\/logo\/image\/","url":"https:\/\/tribunademinas.audiencelabs.com.br\/wp-content\/uploads\/2025\/08\/cropped-Tribuna_512x512-96x96-1.png","contentUrl":"https:\/\/tribunademinas.audiencelabs.com.br\/wp-content\/uploads\/2025\/08\/cropped-Tribuna_512x512-96x96-1.png","width":96,"height":96,"caption":"Tribuna de Minas - Dinheiro e Cidadania"},"image":{"@id":"https:\/\/tribunademinas.audiencelabs.com.br\/#\/schema\/logo\/image\/"},"sameAs":["https:\/\/www.facebook.com\/tribunademinas\/","https:\/\/x.com\/tribunademinas","https:\/\/www.instagram.com\/tribunademinas\/","https:\/\/www.youtube.com\/user\/TribunadeMinasJF"]},{"@type":"Person","@id":"https:\/\/tribunademinas.audiencelabs.com.br\/#\/schema\/person\/db18fc40307804bacef94213aa68fd9d","name":"Jeferson Carvalho","image":{"@type":"ImageObject","inLanguage":"pt-BR","@id":"https:\/\/tribunademinas.audiencelabs.com.br\/#\/schema\/person\/image\/","url":"https:\/\/secure.gravatar.com\/avatar\/cd7646e328d9670dad7dea8698522e522745eeffcff5b9d08be858e377ce326b?s=96&d=mm&r=g","contentUrl":"https:\/\/secure.gravatar.com\/avatar\/cd7646e328d9670dad7dea8698522e522745eeffcff5b9d08be858e377ce326b?s=96&d=mm&r=g","caption":"Jeferson Carvalho"},"description":"Jornalista apaixonado pela profiss\u00e3o!","url":"https:\/\/tribunademinas.audiencelabs.com.br\/author\/jeferson\/"}]}},"amp_enabled":true,"_links":{"self":[{"href":"https:\/\/tribunademinas.audiencelabs.com.br\/wp-json\/wp\/v2\/posts\/2759","targetHints":{"allow":["GET"]}}],"collection":[{"href":"https:\/\/tribunademinas.audiencelabs.com.br\/wp-json\/wp\/v2\/posts"}],"about":[{"href":"https:\/\/tribunademinas.audiencelabs.com.br\/wp-json\/wp\/v2\/types\/post"}],"author":[{"embeddable":true,"href":"https:\/\/tribunademinas.audiencelabs.com.br\/wp-json\/wp\/v2\/users\/5"}],"replies":[{"embeddable":true,"href":"https:\/\/tribunademinas.audiencelabs.com.br\/wp-json\/wp\/v2\/comments?post=2759"}],"version-history":[{"count":1,"href":"https:\/\/tribunademinas.audiencelabs.com.br\/wp-json\/wp\/v2\/posts\/2759\/revisions"}],"predecessor-version":[{"id":2761,"href":"https:\/\/tribunademinas.audiencelabs.com.br\/wp-json\/wp\/v2\/posts\/2759\/revisions\/2761"}],"wp:featuredmedia":[{"embeddable":true,"href":"https:\/\/tribunademinas.audiencelabs.com.br\/wp-json\/wp\/v2\/media\/2760"}],"wp:attachment":[{"href":"https:\/\/tribunademinas.audiencelabs.com.br\/wp-json\/wp\/v2\/media?parent=2759"}],"wp:term":[{"taxonomy":"category","embeddable":true,"href":"https:\/\/tribunademinas.audiencelabs.com.br\/wp-json\/wp\/v2\/categories?post=2759"},{"taxonomy":"post_tag","embeddable":true,"href":"https:\/\/tribunademinas.audiencelabs.com.br\/wp-json\/wp\/v2\/tags?post=2759"}],"curies":[{"name":"wp","href":"https:\/\/api.w.org\/{rel}","templated":true}]}}