{"id":2709,"date":"2025-10-20T06:45:00","date_gmt":"2025-10-20T09:45:00","guid":{"rendered":"https:\/\/tribunademinas.audiencelabs.com.br\/?p=2709"},"modified":"2025-10-21T14:30:44","modified_gmt":"2025-10-21T17:30:44","slug":"anatel-multa-mercado-livre-em-milhoes-por-causa-de-celulares-ilegais","status":"publish","type":"post","link":"https:\/\/tribunademinas.audiencelabs.com.br\/anatel-multa-mercado-livre-em-milhoes-por-causa-de-celulares-ilegais\/","title":{"rendered":"Anatel multa Mercado Livre em milh\u00f5es por causa de celulares ilegais"},"content":{"rendered":"\n<p>A Ag\u00eancia Nacional de Telecomunica\u00e7\u00f5es (Anatel) imp\u00f4s uma multa de R$ 6,27 milh\u00f5es ao Mercado Livre por permitir a comercializa\u00e7\u00e3o de celulares e eletr\u00f4nicos sem homologa\u00e7\u00e3o no Brasil. <\/p>\n\n\n\n<p>A decis\u00e3o foi tomada nesta semana, ap\u00f3s uma reuni\u00e3o do Conselho Diretor da ag\u00eancia reguladora, que avaliou o envolvimento da plataforma na dissemina\u00e7\u00e3o de produtos que n\u00e3o atendem \u00e0s normas t\u00e9cnicas brasileiras.<\/p>\n\n\n\n<h2 class=\"wp-block-heading\">Anatel multa Mercado Livre em milh\u00f5es por causa de celulares ilegais<\/h2>\n\n\n\n<p>O relator do caso, conselheiro Octavio Penna Pieranti, apresentou seu parecer durante o encontro realizado na segunda-feira da semana passada, 13 de outubro. <\/p>\n\n\n\n<p>Segundo ele, o Mercado Livre n\u00e3o pode se eximir da responsabilidade ao alegar que apenas intermedeia as vendas realizadas por terceiros. <\/p>\n\n\n<style>@media (min-width: 992px) {\n    .recomendadorV2Area1 {\n        width: 280px;\n    }\n    .recomendadorV2Area2 {\n        padding: 0px 20px;\n        width: calc(100% - 280px);\n    }\n}\n\n@media (max-width: 992px) {\n    .recomendadorV2Button {\n        margin: 0 auto;\n    }\n    .recomendadorV2Area {\n        flex-direction: column;\n        text-align: center;\n    }\n    .recomendadorV2Area2 {\n        padding: 0px 20px;\n    }\n}\n\n.recomendadorV2Area {\n    background: #eeeeee3d;\n    border-radius: 10px;\n    padding: 15px;\n    display: flex;\n    margin: 15px auto;\n    border: 1px solid #00000014;\n    max-width: 800px;\n}\n\n.recomendadorV2Area1 img {\n    width: 280px;\n    height: auto;\n    border-radius: 8px;\n}\n\n.linkrecomendadorv2 {\n    text-decoration: none !important;\n}\n\n.recomendadorV2Area2 .recomendadorV2Type {\n    text-transform: uppercase;\n    font-weight: 500;\n    font-size: 11px;\n    letter-spacing: 2px;\n    color: #666;\n    margin: 12px 0;\n    display: block;\n}\n\n.recomendadorV2Title h2 {\n    padding-top: 0px !important;\n    margin: 0px !important;\n    border-left: none !important;\n    padding-left: 0px !important;\n    line-height: 1.3;\n    color: #000 !important;\n    font-size: 24px;\n    margin-bottom: 12px !important;\n}\n\n.recomendadorV2Desc {\n    color: #333;\n    margin: 12px 0px !important;\n    font-size: 15px;\n    line-height: 1.5;\n}\n\n.recomendadorV2Button {\n    width: auto;\n    max-width: 200px;\n    margin: 0;\n    display: inline-flex;\n    align-items: center;\n    background: #1D3557;\n    border-radius: 8px;\n    color: #fff;\n    height: 36px;\n    justify-content: center;\n    text-align: center;\n    font-size: 14px;\n    padding: 0 20px;\n    transition: background-color 0.2s ease;\n}\n\n.recomendadorV2Button:hover {\n    background: #2a4d7a;\n}\n\n.recomendadorV2Button:after {\n    margin-top: -2px;\n    content: \"\u2192\";\n    padding: 0px 0px 0px 8px;\n}\n\n.recomendadorV2Alert {\n    text-align: left;\n    font-size: 11px;\n    margin-top: 8px;\n    color: #666;\n}\n\n.recomendadorFixedArea {\n    width: 100%;\n    display: flex;\n    justify-content: center;\n    align-items: center;\n}\n\n@media (min-width: 992px) {\n    #recomendadorFixed {\n        width: 32% !important;\n        left: 5%;\n    }\n    .recomendadorCloseFixed{\n        right: inherit !important;\n        left: 378px !important;\n    }\n}\n\n#recomendadorFixed {\n    width: 90%;\n    box-shadow: 0 10px 20px 0px #00000057;\n    display: none;\n    height: 90px;\n    background: #F6F6F6;\n    position: fixed;\n    flex-direction: row;\n    bottom: 10px;\n    z-index: 9999;\n    border-radius: 16px;\n    padding: 7px 10px;\n}\n\n.recomendadorLeftArea {\n    width: 160px;\n}\n\n.recomendadorRightArea h2 {\n    padding-top: 0px;\n    margin: 2px 0px 4px 0px !important;\n    font-weight: 400;\n    text-align: center;\n    padding-left: 0px !important;\n    color: #000 !important;\n    border-left: none !important;\n    line-height: 20px;\n    font-size: 12px !important;\n}\n\n.recomendadorImgFixed {\n    overflow: hidden;\n    padding: 8px 6px;\n    height: 100%;\n}\n\n.recomendadorImgFixed img {\n    height: 100% !important;\n    border-radius: 16px;\n}\n\n.recomendadorRightArea {\n    padding-top: 6px;\n    display: flex;\n    width: calc(100% - 130px);\n    justify-content: space-between;\n    align-items: center;\n    flex-direction: column;\n}\n\n.recomendadorButtonFixed {\n    margin: 0 auto;\n    background: #1D3557;\n    width: 80%;\n    text-align: center;\n    font-size: 10px;\n    color: #FFF;\n    padding: 2px 10px;\n    border-radius: 3px;\n}\n\n.recomendadorButtonFixed:after {\n    margin-top: -3px;\n    content: \"\u2192\";\n    padding: 0px 0px 0px 10px;\n}\n\n.recomendadorAlertFixed {\n    font-weight: 400;\n    text-align: center;\n    color: #484848;\n    font-size: 8px;\n}\n\n.recomendadorCloseFixed {\n    z-index: 99999;\n    display: none;\n    right: 0px;\n    left: inherit;\n    bottom: 99px;\n    position: fixed;\n    justify-content: center;\n    background: #F6F6F6;\n    width: 25px;\n    align-items: center;\n    height: 25px;\n    font-weight: 800;\n    border-radius: 50%;\n    border: 1px solid #EBEBEB;\n}\n\n.recomendadorV2Desc{\n    color: #000000;\n    margin: 20px 0px;\n}\n\n@media (max-width: 576px) {\n    .recomendadorV2Area {\n      padding: 10px;\n      max-width: 100%;\n    }\n  \n    .recomendadorV2Area1 img {\n      width: 100%;\n      border-radius: 6px;\n    }\n  \n    .recomendadorV2Area2 .recomendadorV2Type {\n      font-size: 9px;\n      letter-spacing: 1px;\n      margin: 8px 0;\n    }\n  \n    .recomendadorV2Title h2 {\n      font-size: 18px !important;\n      margin-bottom: 8px !important;\n      line-height: 1.2;\n    }\n  \n    .recomendadorV2Desc {\n      font-size: 14px;\n      margin: 8px 0 !important;\n      line-height: 1.4;\n    }\n  \n    .recomendadorV2Button {\n      font-size: 12px;\n      height: 30px;\n      padding: 0 12px;\n      max-width: 160px;\n    }\n  \n    .recomendadorV2Button:after {\n      padding-left: 6px;\n    }\n  }\n  <\/style>\n        <div class=\"lazyblock-recomendador-v2-2jDGz wp-block-lazyblock-recomendador-v2\">\n        <a class=\"linkrecomendadorv2\" href=\"https:\/\/tribunademinas.com.br\/colunas\/maistendencias\/sal-do-himalaia-e-azeite-sao-arrancados-das-prateleiras-pela-anvisa\/?utm_source=lazy\">\n            <div class=\"recomendadorV2Area\">\n            <div class=\"recomendadorV2Area1\">\n                <div class=\"recomendadorV2Img\">\n                <img class=\"lazyloaded\" decoding=\"async\" src=\"https:\/\/tribunademinas.com.br\/colunas\/maistendencias\/wp-content\/uploads\/2025\/10\/Anvisa-1.jpg\" data-src=\"https:\/\/tribunademinas.com.br\/colunas\/maistendencias\/wp-content\/uploads\/2025\/10\/Anvisa-1.jpg\" alt=\"\">\n                <\/div>\n            <\/div>\n            <div class=\"recomendadorV2Area2\">\n                <div class=\"recomendadorV2Type\">\n                    <span>Sa\u00fade alerta<\/span>\n                <\/div>\n                <div class=\"recomendadorV2Title\">\n                <h2><span>Anvisa retira produtos das prateleiras \ud83d\udeab<\/span><\/h2>\n                <\/div>\n                <div class=\"recomendadorV2Desc\">\n                <span>Veja por que sal e azeite foram proibidos pela Anvisa<\/span>\n                <\/div>\n                <div class=\"recomendadorV2Button\">Entenda a decis\u00e3o agora<\/div>\n                <div class=\"recomendadorV2Alert\"><\/div>\n            <\/div>\n            <\/div>\n        <\/a>\n        <div>\n            <div style=\"z-index:99999;\" id=\"buttonClose\" onclick=\"closeRecomendadorFixed()\">\n            <div class=\"recomendadorCloseFixed\">X<\/div>\n            <\/div>\n            <a href=\"https:\/\/tribunademinas.com.br\/colunas\/maistendencias\/sal-do-himalaia-e-azeite-sao-arrancados-das-prateleiras-pela-anvisa\/?utm_source=lazy\">\n            <div class=\"recomendadorFixedArea\">\n                <div id=\"recomendadorFixed\">\n                <div class=\"recomendadorLeftArea\">\n                    <div class=\"recomendadorImgFixed\">\n                    <img class=\"lazyload\" decoding=\"async\" src=\"https:\/\/tribunademinas.com.br\/colunas\/maistendencias\/wp-content\/uploads\/2025\/10\/Anvisa-1.jpg\" alt=\"\">\n                    <\/div>\n                <\/div>\n                <div class=\"recomendadorRightArea\">\n                    <div class=\"recomendadorTitleFixed\">\n                    <h2><span>Anvisa retira produtos das prateleiras \ud83d\udeab<\/span><\/h2>\n                    <\/div>\n                    <div class=\"recomendadorButtonFixed\">Entenda a decis\u00e3o agora<\/div>\n                    <div class=\"recomendadorAlertFixed\"><\/div>\n                <\/div>\n                <\/div>\n            <\/div>\n            <\/a>\n        <\/div>\n        <\/div>\n\n\n\n<p>Para Pieranti, cabe \u00e0 empresa fiscalizar os produtos ofertados em seu ambiente digital, de modo a impedir que itens fora das exig\u00eancias legais sejam vendidos aos consumidores.<\/p>\n\n\n\n<p>Essa n\u00e3o \u00e9 a primeira vez que o marketplace enfrenta penalidades do tipo. O hist\u00f3rico de<a href=\"https:\/\/tribunademinas.com.br\/colunas\/maistendencias\/anatel-e-acusada-de-arbitrio-e-ameacas-contra-o-mercado-livre\/\"><strong> disputas com a Anatel <\/strong><\/a>inclui diversas tentativas por parte da empresa de impedir bloqueios em sua opera\u00e7\u00e3o e evitar a apreens\u00e3o de mercadorias em situa\u00e7\u00e3o irregular. <\/p>\n\n\n\n<p>De acordo com a Anatel, cerca de 93 mil produtos sem certifica\u00e7\u00e3o foram encontrados nos estoques ligados \u00e0 empresa, o que refor\u00e7ou a necessidade de uma san\u00e7\u00e3o mais severa. Inicialmente estipulada em R$ 2,64 milh\u00f5es, a multa foi reajustada ap\u00f3s reavalia\u00e7\u00f5es t\u00e9cnicas.<\/p>\n\n\n\n<h3 class=\"wp-block-heading\">Mercado Livre contesta a decis\u00e3o da Anatel<\/h3>\n\n\n\n<p>Durante a reuni\u00e3o, o advogado do Mercado Livre, Tom\u00e1s Felipe Paiva, contestou duramente a decis\u00e3o. Ele alegou que a ag\u00eancia estaria construindo uma narrativa distorcida sobre a conduta da empresa, que, segundo ele, tem colaborado ativamente com as a\u00e7\u00f5es de fiscaliza\u00e7\u00e3o. <\/p>\n\n\n\n<p>Paiva citou como exemplo a remo\u00e7\u00e3o de mais de 6,8 milh\u00f5es de an\u00fancios de produtos irregulares apenas nos seis primeiros meses de 2025.<\/p>\n\n\n\n<p>O advogado tamb\u00e9m questionou a forma como a penalidade foi calculada, afirmando que a Anatel se baseou em proje\u00e7\u00f5es gen\u00e9ricas, e n\u00e3o em dados concretos. <\/p>\n\n\n\n<p>Al\u00e9m disso, criticou o que considera tratamento desigual entre marketplaces, citando concorrentes como Shopee, Amazon e Magazine Luiza, que, segundo ele, n\u00e3o receberam o mesmo rigor.<\/p>\n\n\n\n<p>Apesar das alega\u00e7\u00f5es da defesa, o relator manteve a multa e refor\u00e7ou que os dados utilizados foram obtidos diretamente do pr\u00f3prio site do Mercado Livre. Ele ainda ressaltou que informa\u00e7\u00f5es apresentadas fora do prazo n\u00e3o poderiam ser levadas em conta para suavizar a penalidade.<\/p>\n\n\n\n<p><\/p>\n","protected":false},"excerpt":{"rendered":"<p>A Ag\u00eancia Nacional de Telecomunica\u00e7\u00f5es (Anatel) imp\u00f4s uma multa de R$ 6,27 milh\u00f5es ao Mercado Livre por permitir a comercializa\u00e7\u00e3o de celulares e eletr\u00f4nicos sem homologa\u00e7\u00e3o no Brasil. A decis\u00e3o foi tomada nesta semana, ap\u00f3s uma reuni\u00e3o do Conselho Diretor da ag\u00eancia reguladora, que avaliou o envolvimento da plataforma na dissemina\u00e7\u00e3o de produtos que n\u00e3o [&hellip;]<\/p>\n","protected":false},"author":5,"featured_media":2710,"comment_status":"open","ping_status":"open","sticky":false,"template":"","format":"standard","meta":{"jnews-multi-image_gallery":[],"jnews_single_post":{"format":"standard"},"jnews_primary_category":[],"jnews_social_meta":[],"jnews_post_split":[],"footnotes":""},"categories":[1],"tags":[],"class_list":["post-2709","post","type-post","status-publish","format-standard","has-post-thumbnail","hentry","category-dinheiro"],"yoast_head":"<!-- This site is optimized with the Yoast SEO plugin v25.6 - https:\/\/yoast.com\/wordpress\/plugins\/seo\/ -->\n<title>Anatel multa Mercado Livre em milh\u00f5es por causa de celulares ilegais<\/title>\n<meta name=\"description\" content=\"A Anatel imp\u00f4s uma multa de R$ 6,27 milh\u00f5es ao Mercado Livre por permitir a comercializa\u00e7\u00e3o de celulares e eletr\u00f4nicos sem homologa\u00e7\u00e3o.\" \/>\n<meta name=\"robots\" content=\"index, follow, max-snippet:-1, max-image-preview:large, max-video-preview:-1\" \/>\n<link rel=\"canonical\" href=\"https:\/\/tribunademinas.audiencelabs.com.br\/anatel-multa-mercado-livre-em-milhoes-por-causa-de-celulares-ilegais\/\" \/>\n<meta property=\"og:locale\" content=\"pt_BR\" \/>\n<meta property=\"og:type\" content=\"article\" \/>\n<meta property=\"og:title\" content=\"Anatel multa Mercado Livre em milh\u00f5es por causa de celulares ilegais\" \/>\n<meta property=\"og:description\" content=\"A Anatel imp\u00f4s uma multa de R$ 6,27 milh\u00f5es ao Mercado Livre por permitir a comercializa\u00e7\u00e3o de celulares e eletr\u00f4nicos sem homologa\u00e7\u00e3o.\" \/>\n<meta property=\"og:url\" content=\"https:\/\/tribunademinas.audiencelabs.com.br\/anatel-multa-mercado-livre-em-milhoes-por-causa-de-celulares-ilegais\/\" \/>\n<meta property=\"og:site_name\" content=\"Tribuna de Minas - Dinheiro e Cidadania\" \/>\n<meta property=\"article:publisher\" content=\"https:\/\/www.facebook.com\/tribunademinas\/\" \/>\n<meta property=\"article:published_time\" content=\"2025-10-20T09:45:00+00:00\" \/>\n<meta property=\"article:modified_time\" content=\"2025-10-21T17:30:44+00:00\" \/>\n<meta property=\"og:image\" content=\"https:\/\/tribunademinas.audiencelabs.com.br\/wp-content\/uploads\/2025\/10\/Mercado-Livre-1.webp\" \/>\n\t<meta property=\"og:image:width\" content=\"814\" \/>\n\t<meta property=\"og:image:height\" content=\"492\" \/>\n\t<meta property=\"og:image:type\" content=\"image\/webp\" \/>\n<meta name=\"author\" content=\"Jeferson Carvalho\" \/>\n<meta name=\"twitter:card\" content=\"summary_large_image\" \/>\n<meta name=\"twitter:creator\" content=\"@tribunademinas\" \/>\n<meta name=\"twitter:site\" content=\"@tribunademinas\" \/>\n<meta name=\"twitter:label1\" content=\"Escrito por\" \/>\n\t<meta name=\"twitter:data1\" content=\"Jeferson Carvalho\" \/>\n\t<meta name=\"twitter:label2\" content=\"Est. tempo de leitura\" \/>\n\t<meta name=\"twitter:data2\" content=\"3 minutos\" \/>\n<!-- \/ Yoast SEO plugin. -->","yoast_head_json":{"title":"Anatel multa Mercado Livre em milh\u00f5es por causa de celulares ilegais","description":"A Anatel imp\u00f4s uma multa de R$ 6,27 milh\u00f5es ao Mercado Livre por permitir a comercializa\u00e7\u00e3o de celulares e eletr\u00f4nicos sem homologa\u00e7\u00e3o.","robots":{"index":"index","follow":"follow","max-snippet":"max-snippet:-1","max-image-preview":"max-image-preview:large","max-video-preview":"max-video-preview:-1"},"canonical":"https:\/\/tribunademinas.audiencelabs.com.br\/anatel-multa-mercado-livre-em-milhoes-por-causa-de-celulares-ilegais\/","og_locale":"pt_BR","og_type":"article","og_title":"Anatel multa Mercado Livre em milh\u00f5es por causa de celulares ilegais","og_description":"A Anatel imp\u00f4s uma multa de R$ 6,27 milh\u00f5es ao Mercado Livre por permitir a comercializa\u00e7\u00e3o de celulares e eletr\u00f4nicos sem homologa\u00e7\u00e3o.","og_url":"https:\/\/tribunademinas.audiencelabs.com.br\/anatel-multa-mercado-livre-em-milhoes-por-causa-de-celulares-ilegais\/","og_site_name":"Tribuna de Minas - Dinheiro e Cidadania","article_publisher":"https:\/\/www.facebook.com\/tribunademinas\/","article_published_time":"2025-10-20T09:45:00+00:00","article_modified_time":"2025-10-21T17:30:44+00:00","og_image":[{"width":814,"height":492,"url":"https:\/\/tribunademinas.audiencelabs.com.br\/wp-content\/uploads\/2025\/10\/Mercado-Livre-1.webp","type":"image\/webp"}],"author":"Jeferson Carvalho","twitter_card":"summary_large_image","twitter_creator":"@tribunademinas","twitter_site":"@tribunademinas","twitter_misc":{"Escrito por":"Jeferson Carvalho","Est. tempo de leitura":"3 minutos"},"schema":{"@context":"https:\/\/schema.org","@graph":[{"@type":"Article","@id":"https:\/\/tribunademinas.audiencelabs.com.br\/anatel-multa-mercado-livre-em-milhoes-por-causa-de-celulares-ilegais\/#article","isPartOf":{"@id":"https:\/\/tribunademinas.audiencelabs.com.br\/anatel-multa-mercado-livre-em-milhoes-por-causa-de-celulares-ilegais\/"},"author":{"name":"Jeferson Carvalho","@id":"https:\/\/tribunademinas.audiencelabs.com.br\/#\/schema\/person\/db18fc40307804bacef94213aa68fd9d"},"headline":"Anatel multa Mercado Livre em milh\u00f5es por causa de celulares ilegais","datePublished":"2025-10-20T09:45:00+00:00","dateModified":"2025-10-21T17:30:44+00:00","mainEntityOfPage":{"@id":"https:\/\/tribunademinas.audiencelabs.com.br\/anatel-multa-mercado-livre-em-milhoes-por-causa-de-celulares-ilegais\/"},"wordCount":506,"commentCount":0,"publisher":{"@id":"https:\/\/tribunademinas.audiencelabs.com.br\/#organization"},"image":{"@id":"https:\/\/tribunademinas.audiencelabs.com.br\/anatel-multa-mercado-livre-em-milhoes-por-causa-de-celulares-ilegais\/#primaryimage"},"thumbnailUrl":"https:\/\/tribunademinas.audiencelabs.com.br\/wp-content\/uploads\/2025\/10\/Mercado-Livre-1.webp","articleSection":["Dinheiro"],"inLanguage":"pt-BR","potentialAction":[{"@type":"CommentAction","name":"Comment","target":["https:\/\/tribunademinas.audiencelabs.com.br\/anatel-multa-mercado-livre-em-milhoes-por-causa-de-celulares-ilegais\/#respond"]}]},{"@type":"WebPage","@id":"https:\/\/tribunademinas.audiencelabs.com.br\/anatel-multa-mercado-livre-em-milhoes-por-causa-de-celulares-ilegais\/","url":"https:\/\/tribunademinas.audiencelabs.com.br\/anatel-multa-mercado-livre-em-milhoes-por-causa-de-celulares-ilegais\/","name":"Anatel multa Mercado Livre em milh\u00f5es por causa de celulares ilegais","isPartOf":{"@id":"https:\/\/tribunademinas.audiencelabs.com.br\/#website"},"primaryImageOfPage":{"@id":"https:\/\/tribunademinas.audiencelabs.com.br\/anatel-multa-mercado-livre-em-milhoes-por-causa-de-celulares-ilegais\/#primaryimage"},"image":{"@id":"https:\/\/tribunademinas.audiencelabs.com.br\/anatel-multa-mercado-livre-em-milhoes-por-causa-de-celulares-ilegais\/#primaryimage"},"thumbnailUrl":"https:\/\/tribunademinas.audiencelabs.com.br\/wp-content\/uploads\/2025\/10\/Mercado-Livre-1.webp","datePublished":"2025-10-20T09:45:00+00:00","dateModified":"2025-10-21T17:30:44+00:00","description":"A Anatel imp\u00f4s uma multa de R$ 6,27 milh\u00f5es ao Mercado Livre por permitir a comercializa\u00e7\u00e3o de celulares e eletr\u00f4nicos sem homologa\u00e7\u00e3o.","breadcrumb":{"@id":"https:\/\/tribunademinas.audiencelabs.com.br\/anatel-multa-mercado-livre-em-milhoes-por-causa-de-celulares-ilegais\/#breadcrumb"},"inLanguage":"pt-BR","potentialAction":[{"@type":"ReadAction","target":["https:\/\/tribunademinas.audiencelabs.com.br\/anatel-multa-mercado-livre-em-milhoes-por-causa-de-celulares-ilegais\/"]}]},{"@type":"ImageObject","inLanguage":"pt-BR","@id":"https:\/\/tribunademinas.audiencelabs.com.br\/anatel-multa-mercado-livre-em-milhoes-por-causa-de-celulares-ilegais\/#primaryimage","url":"https:\/\/tribunademinas.audiencelabs.com.br\/wp-content\/uploads\/2025\/10\/Mercado-Livre-1.webp","contentUrl":"https:\/\/tribunademinas.audiencelabs.com.br\/wp-content\/uploads\/2025\/10\/Mercado-Livre-1.webp","width":814,"height":492,"caption":"Anatel multa Mercado Livre em milh\u00f5es por causa de celulares ilegais - Imagem: Ag\u00eancia Sebrae"},{"@type":"BreadcrumbList","@id":"https:\/\/tribunademinas.audiencelabs.com.br\/anatel-multa-mercado-livre-em-milhoes-por-causa-de-celulares-ilegais\/#breadcrumb","itemListElement":[{"@type":"ListItem","position":1,"name":"In\u00edcio","item":"https:\/\/tribunademinas.audiencelabs.com.br\/"},{"@type":"ListItem","position":2,"name":"Anatel multa Mercado Livre em milh\u00f5es por causa de celulares ilegais"}]},{"@type":"WebSite","@id":"https:\/\/tribunademinas.audiencelabs.com.br\/#website","url":"https:\/\/tribunademinas.audiencelabs.com.br\/","name":"Tribuna de Minas - Dinheiro e Cidadania","description":"","publisher":{"@id":"https:\/\/tribunademinas.audiencelabs.com.br\/#organization"},"potentialAction":[{"@type":"SearchAction","target":{"@type":"EntryPoint","urlTemplate":"https:\/\/tribunademinas.audiencelabs.com.br\/?s={search_term_string}"},"query-input":{"@type":"PropertyValueSpecification","valueRequired":true,"valueName":"search_term_string"}}],"inLanguage":"pt-BR"},{"@type":"Organization","@id":"https:\/\/tribunademinas.audiencelabs.com.br\/#organization","name":"Tribuna de Minas - Dinheiro e Cidadania","url":"https:\/\/tribunademinas.audiencelabs.com.br\/","logo":{"@type":"ImageObject","inLanguage":"pt-BR","@id":"https:\/\/tribunademinas.audiencelabs.com.br\/#\/schema\/logo\/image\/","url":"https:\/\/tribunademinas.audiencelabs.com.br\/wp-content\/uploads\/2025\/08\/cropped-Tribuna_512x512-96x96-1.png","contentUrl":"https:\/\/tribunademinas.audiencelabs.com.br\/wp-content\/uploads\/2025\/08\/cropped-Tribuna_512x512-96x96-1.png","width":96,"height":96,"caption":"Tribuna de Minas - Dinheiro e Cidadania"},"image":{"@id":"https:\/\/tribunademinas.audiencelabs.com.br\/#\/schema\/logo\/image\/"},"sameAs":["https:\/\/www.facebook.com\/tribunademinas\/","https:\/\/x.com\/tribunademinas","https:\/\/www.instagram.com\/tribunademinas\/","https:\/\/www.youtube.com\/user\/TribunadeMinasJF"]},{"@type":"Person","@id":"https:\/\/tribunademinas.audiencelabs.com.br\/#\/schema\/person\/db18fc40307804bacef94213aa68fd9d","name":"Jeferson Carvalho","image":{"@type":"ImageObject","inLanguage":"pt-BR","@id":"https:\/\/tribunademinas.audiencelabs.com.br\/#\/schema\/person\/image\/","url":"https:\/\/secure.gravatar.com\/avatar\/cd7646e328d9670dad7dea8698522e522745eeffcff5b9d08be858e377ce326b?s=96&d=mm&r=g","contentUrl":"https:\/\/secure.gravatar.com\/avatar\/cd7646e328d9670dad7dea8698522e522745eeffcff5b9d08be858e377ce326b?s=96&d=mm&r=g","caption":"Jeferson Carvalho"},"description":"Jornalista apaixonado pela profiss\u00e3o!","url":"https:\/\/tribunademinas.audiencelabs.com.br\/author\/jeferson\/"}]}},"amp_enabled":true,"_links":{"self":[{"href":"https:\/\/tribunademinas.audiencelabs.com.br\/wp-json\/wp\/v2\/posts\/2709","targetHints":{"allow":["GET"]}}],"collection":[{"href":"https:\/\/tribunademinas.audiencelabs.com.br\/wp-json\/wp\/v2\/posts"}],"about":[{"href":"https:\/\/tribunademinas.audiencelabs.com.br\/wp-json\/wp\/v2\/types\/post"}],"author":[{"embeddable":true,"href":"https:\/\/tribunademinas.audiencelabs.com.br\/wp-json\/wp\/v2\/users\/5"}],"replies":[{"embeddable":true,"href":"https:\/\/tribunademinas.audiencelabs.com.br\/wp-json\/wp\/v2\/comments?post=2709"}],"version-history":[{"count":2,"href":"https:\/\/tribunademinas.audiencelabs.com.br\/wp-json\/wp\/v2\/posts\/2709\/revisions"}],"predecessor-version":[{"id":2808,"href":"https:\/\/tribunademinas.audiencelabs.com.br\/wp-json\/wp\/v2\/posts\/2709\/revisions\/2808"}],"wp:featuredmedia":[{"embeddable":true,"href":"https:\/\/tribunademinas.audiencelabs.com.br\/wp-json\/wp\/v2\/media\/2710"}],"wp:attachment":[{"href":"https:\/\/tribunademinas.audiencelabs.com.br\/wp-json\/wp\/v2\/media?parent=2709"}],"wp:term":[{"taxonomy":"category","embeddable":true,"href":"https:\/\/tribunademinas.audiencelabs.com.br\/wp-json\/wp\/v2\/categories?post=2709"},{"taxonomy":"post_tag","embeddable":true,"href":"https:\/\/tribunademinas.audiencelabs.com.br\/wp-json\/wp\/v2\/tags?post=2709"}],"curies":[{"name":"wp","href":"https:\/\/api.w.org\/{rel}","templated":true}]}}