{"id":2662,"date":"2025-10-19T21:45:00","date_gmt":"2025-10-20T00:45:00","guid":{"rendered":"https:\/\/tribunademinas.audiencelabs.com.br\/?p=2662"},"modified":"2025-10-17T10:02:49","modified_gmt":"2025-10-17T13:02:49","slug":"ferias-podem-ser-canceladas-por-causa-de-3-atitudes","status":"publish","type":"post","link":"https:\/\/tribunademinas.audiencelabs.com.br\/ferias-podem-ser-canceladas-por-causa-de-3-atitudes\/","title":{"rendered":"F\u00e9rias podem ser canceladas por causa de 3 atitudes"},"content":{"rendered":"\n<p>As f\u00e9rias s\u00e3o um direito essencial garantido pela Consolida\u00e7\u00e3o das Leis do Trabalho (CLT), permitindo que os trabalhadores com carteira assinada tenham um per\u00edodo anual de descanso, longe das obriga\u00e7\u00f5es profissionais. <\/p>\n\n\n\n<p>Mais do que um benef\u00edcio, esse intervalo \u00e9 fundamental para preservar a sa\u00fade f\u00edsica e mental dos empregados, contribuindo para a produtividade e o equil\u00edbrio no ambiente de trabalho. <\/p>\n\n\n\n<p>No entanto, esse direito pode ser comprometido em algumas situa\u00e7\u00f5es previstas em lei, que acabam reduzindo ou at\u00e9 mesmo anulando o per\u00edodo de f\u00e9rias.<\/p>\n\n\n\n<h2 class=\"wp-block-heading\">F\u00e9rias podem ser canceladas por causa de 3 atitudes<\/h2>\n\n\n\n<p>Uma das situa\u00e7\u00f5es que pode levar \u00e0 perda total do direito \u00e0s f\u00e9rias ocorre quando o trabalhador acumula faltas sem justificativa ao longo do ano. A legisla\u00e7\u00e3o determina que o n\u00famero de dias de f\u00e9rias pode ser reduzido de acordo com a quantidade de aus\u00eancias injustificadas. <\/p>\n\n\n\n<p>Em casos extremos, quando o empregado falta mais de 32 dias no per\u00edodo aquisitivo, ele perde completamente o direito ao descanso anual. Por isso, manter um hist\u00f3rico de presen\u00e7a regular \u00e9 essencial para n\u00e3o comprometer esse benef\u00edcio.<\/p>\n\n\n\n<p>Outra hip\u00f3tese que interfere diretamente nas f\u00e9rias diz respeito aos afastamentos prolongados por motivo de sa\u00fade. <\/p>\n\n\n\n<p>Se o funcion\u00e1rio recebe aux\u00edlio-doen\u00e7a ou benef\u00edcio por acidente de trabalho por mais de seis meses, mesmo que de forma n\u00e3o cont\u00ednua, ele deixa de acumular o per\u00edodo necess\u00e1rio para ter direito \u00e0s f\u00e9rias. <\/p>\n\n\n\n<p>Essa medida visa evitar a sobreposi\u00e7\u00e3o entre dois tipos de afastamento, o previdenci\u00e1rio e o remunerado, durante o mesmo ano de trabalho.<\/p>\n\n\n\n<p>Al\u00e9m disso, trabalhadores que se desligam da empresa e n\u00e3o retornam ao mesmo cargo em at\u00e9 60 dias tamb\u00e9m perdem o direito \u00e0s f\u00e9rias relativas ao tempo anterior \u00e0 sa\u00edda. <\/p>\n\n\n\n<p>O mesmo vale para aqueles que permanecem afastados por licen\u00e7a remunerada ou por paralisa\u00e7\u00e3o das atividades da empresa por mais de 30 dias. <\/p>\n\n\n\n<p>Em ambos os casos, o v\u00ednculo com a jornada de trabalho \u00e9 interrompido por tempo suficiente para cancelar a contagem do per\u00edodo aquisitivo.<\/p>\n\n\n\n<h3 class=\"wp-block-heading\">F\u00e9rias possuem regras<\/h3>\n\n\n\n<p>As <a href=\"https:\/\/tribunademinas.com.br\/colunas\/maistendencias\/martelo-batido-todos-funcionarios-vao-ter-mudancas-nas-suas-ferias\/\"><strong>regras <\/strong><\/a>sobre f\u00e9rias foram refor\u00e7adas em 2025 com novas obriga\u00e7\u00f5es para as empresas. <\/p>\n\n\n\n<p>Agora, os empregadores devem informar o in\u00edcio das f\u00e9rias com no m\u00ednimo 30 dias de anteced\u00eancia, por escrito. Tamb\u00e9m \u00e9 obrigat\u00f3rio conceder as f\u00e9rias dentro de 12 meses ap\u00f3s o trabalhador completar um ano de servi\u00e7o. <\/p>\n\n\n\n<p>Em caso de descumprimento, multas s\u00e3o aplicadas automaticamente. <\/p>\n\n\n\n<p>O fracionamento das f\u00e9rias ainda \u00e9 permitido, mas exige a concord\u00e2ncia do empregado e obedece a crit\u00e9rios espec\u00edficos.<\/p>\n\n\n\n<p><\/p>\n","protected":false},"excerpt":{"rendered":"<p>As f\u00e9rias s\u00e3o um direito essencial garantido pela Consolida\u00e7\u00e3o das Leis do Trabalho (CLT), permitindo que os trabalhadores com carteira assinada tenham um per\u00edodo anual de descanso, longe das obriga\u00e7\u00f5es profissionais. Mais do que um benef\u00edcio, esse intervalo \u00e9 fundamental para preservar a sa\u00fade f\u00edsica e mental dos empregados, contribuindo para a produtividade e o [&hellip;]<\/p>\n","protected":false},"author":5,"featured_media":2663,"comment_status":"open","ping_status":"open","sticky":false,"template":"","format":"standard","meta":{"jnews-multi-image_gallery":[],"jnews_single_post":{"format":"standard"},"jnews_primary_category":[],"jnews_social_meta":[],"jnews_post_split":[],"footnotes":""},"categories":[159],"tags":[],"class_list":["post-2662","post","type-post","status-publish","format-standard","has-post-thumbnail","hentry","category-cidadania"],"yoast_head":"<!-- This site is optimized with the Yoast SEO plugin v25.6 - https:\/\/yoast.com\/wordpress\/plugins\/seo\/ -->\n<title>F\u00e9rias podem ser canceladas por causa de 3 atitudes<\/title>\n<meta name=\"description\" content=\"As f\u00e9rias s\u00e3o um direito essencial garantido pela CLT, permitindo que os trabalhadores com carteira assinada tenham um per\u00edodo de descanso.\" \/>\n<meta name=\"robots\" content=\"index, follow, max-snippet:-1, max-image-preview:large, max-video-preview:-1\" \/>\n<link rel=\"canonical\" href=\"https:\/\/tribunademinas.audiencelabs.com.br\/ferias-podem-ser-canceladas-por-causa-de-3-atitudes\/\" \/>\n<meta property=\"og:locale\" content=\"pt_BR\" \/>\n<meta property=\"og:type\" content=\"article\" \/>\n<meta property=\"og:title\" content=\"F\u00e9rias podem ser canceladas por causa de 3 atitudes\" \/>\n<meta property=\"og:description\" content=\"As f\u00e9rias s\u00e3o um direito essencial garantido pela CLT, permitindo que os trabalhadores com carteira assinada tenham um per\u00edodo de descanso.\" \/>\n<meta property=\"og:url\" content=\"https:\/\/tribunademinas.audiencelabs.com.br\/ferias-podem-ser-canceladas-por-causa-de-3-atitudes\/\" \/>\n<meta property=\"og:site_name\" content=\"Tribuna de Minas - Dinheiro e Cidadania\" \/>\n<meta property=\"article:publisher\" content=\"https:\/\/www.facebook.com\/tribunademinas\/\" \/>\n<meta property=\"article:published_time\" content=\"2025-10-20T00:45:00+00:00\" \/>\n<meta property=\"og:image\" content=\"https:\/\/tribunademinas.audiencelabs.com.br\/wp-content\/uploads\/2025\/10\/ferias-2.webp\" \/>\n\t<meta property=\"og:image:width\" content=\"1170\" \/>\n\t<meta property=\"og:image:height\" content=\"700\" \/>\n\t<meta property=\"og:image:type\" content=\"image\/webp\" \/>\n<meta name=\"author\" content=\"Jeferson Carvalho\" \/>\n<meta name=\"twitter:card\" content=\"summary_large_image\" \/>\n<meta name=\"twitter:creator\" content=\"@tribunademinas\" \/>\n<meta name=\"twitter:site\" content=\"@tribunademinas\" \/>\n<meta name=\"twitter:label1\" content=\"Escrito por\" \/>\n\t<meta name=\"twitter:data1\" content=\"Jeferson Carvalho\" \/>\n\t<meta name=\"twitter:label2\" content=\"Est. tempo de leitura\" \/>\n\t<meta name=\"twitter:data2\" content=\"3 minutos\" \/>\n<!-- \/ Yoast SEO plugin. -->","yoast_head_json":{"title":"F\u00e9rias podem ser canceladas por causa de 3 atitudes","description":"As f\u00e9rias s\u00e3o um direito essencial garantido pela CLT, permitindo que os trabalhadores com carteira assinada tenham um per\u00edodo de descanso.","robots":{"index":"index","follow":"follow","max-snippet":"max-snippet:-1","max-image-preview":"max-image-preview:large","max-video-preview":"max-video-preview:-1"},"canonical":"https:\/\/tribunademinas.audiencelabs.com.br\/ferias-podem-ser-canceladas-por-causa-de-3-atitudes\/","og_locale":"pt_BR","og_type":"article","og_title":"F\u00e9rias podem ser canceladas por causa de 3 atitudes","og_description":"As f\u00e9rias s\u00e3o um direito essencial garantido pela CLT, permitindo que os trabalhadores com carteira assinada tenham um per\u00edodo de descanso.","og_url":"https:\/\/tribunademinas.audiencelabs.com.br\/ferias-podem-ser-canceladas-por-causa-de-3-atitudes\/","og_site_name":"Tribuna de Minas - Dinheiro e Cidadania","article_publisher":"https:\/\/www.facebook.com\/tribunademinas\/","article_published_time":"2025-10-20T00:45:00+00:00","og_image":[{"width":1170,"height":700,"url":"https:\/\/tribunademinas.audiencelabs.com.br\/wp-content\/uploads\/2025\/10\/ferias-2.webp","type":"image\/webp"}],"author":"Jeferson Carvalho","twitter_card":"summary_large_image","twitter_creator":"@tribunademinas","twitter_site":"@tribunademinas","twitter_misc":{"Escrito por":"Jeferson Carvalho","Est. tempo de leitura":"3 minutos"},"schema":{"@context":"https:\/\/schema.org","@graph":[{"@type":"Article","@id":"https:\/\/tribunademinas.audiencelabs.com.br\/ferias-podem-ser-canceladas-por-causa-de-3-atitudes\/#article","isPartOf":{"@id":"https:\/\/tribunademinas.audiencelabs.com.br\/ferias-podem-ser-canceladas-por-causa-de-3-atitudes\/"},"author":{"name":"Jeferson Carvalho","@id":"https:\/\/tribunademinas.audiencelabs.com.br\/#\/schema\/person\/db18fc40307804bacef94213aa68fd9d"},"headline":"F\u00e9rias podem ser canceladas por causa de 3 atitudes","datePublished":"2025-10-20T00:45:00+00:00","mainEntityOfPage":{"@id":"https:\/\/tribunademinas.audiencelabs.com.br\/ferias-podem-ser-canceladas-por-causa-de-3-atitudes\/"},"wordCount":463,"commentCount":0,"publisher":{"@id":"https:\/\/tribunademinas.audiencelabs.com.br\/#organization"},"image":{"@id":"https:\/\/tribunademinas.audiencelabs.com.br\/ferias-podem-ser-canceladas-por-causa-de-3-atitudes\/#primaryimage"},"thumbnailUrl":"https:\/\/tribunademinas.audiencelabs.com.br\/wp-content\/uploads\/2025\/10\/ferias-2.webp","articleSection":["Cidadania"],"inLanguage":"pt-BR","potentialAction":[{"@type":"CommentAction","name":"Comment","target":["https:\/\/tribunademinas.audiencelabs.com.br\/ferias-podem-ser-canceladas-por-causa-de-3-atitudes\/#respond"]}]},{"@type":"WebPage","@id":"https:\/\/tribunademinas.audiencelabs.com.br\/ferias-podem-ser-canceladas-por-causa-de-3-atitudes\/","url":"https:\/\/tribunademinas.audiencelabs.com.br\/ferias-podem-ser-canceladas-por-causa-de-3-atitudes\/","name":"F\u00e9rias podem ser canceladas por causa de 3 atitudes","isPartOf":{"@id":"https:\/\/tribunademinas.audiencelabs.com.br\/#website"},"primaryImageOfPage":{"@id":"https:\/\/tribunademinas.audiencelabs.com.br\/ferias-podem-ser-canceladas-por-causa-de-3-atitudes\/#primaryimage"},"image":{"@id":"https:\/\/tribunademinas.audiencelabs.com.br\/ferias-podem-ser-canceladas-por-causa-de-3-atitudes\/#primaryimage"},"thumbnailUrl":"https:\/\/tribunademinas.audiencelabs.com.br\/wp-content\/uploads\/2025\/10\/ferias-2.webp","datePublished":"2025-10-20T00:45:00+00:00","description":"As f\u00e9rias s\u00e3o um direito essencial garantido pela CLT, permitindo que os trabalhadores com carteira assinada tenham um per\u00edodo de descanso.","breadcrumb":{"@id":"https:\/\/tribunademinas.audiencelabs.com.br\/ferias-podem-ser-canceladas-por-causa-de-3-atitudes\/#breadcrumb"},"inLanguage":"pt-BR","potentialAction":[{"@type":"ReadAction","target":["https:\/\/tribunademinas.audiencelabs.com.br\/ferias-podem-ser-canceladas-por-causa-de-3-atitudes\/"]}]},{"@type":"ImageObject","inLanguage":"pt-BR","@id":"https:\/\/tribunademinas.audiencelabs.com.br\/ferias-podem-ser-canceladas-por-causa-de-3-atitudes\/#primaryimage","url":"https:\/\/tribunademinas.audiencelabs.com.br\/wp-content\/uploads\/2025\/10\/ferias-2.webp","contentUrl":"https:\/\/tribunademinas.audiencelabs.com.br\/wp-content\/uploads\/2025\/10\/ferias-2.webp","width":1170,"height":700,"caption":"F\u00e9rias podem ser canceladas por causa de 3 atitudes - Imagem: Marcello Casal jr\/Ag\u00eancia Brasil"},{"@type":"BreadcrumbList","@id":"https:\/\/tribunademinas.audiencelabs.com.br\/ferias-podem-ser-canceladas-por-causa-de-3-atitudes\/#breadcrumb","itemListElement":[{"@type":"ListItem","position":1,"name":"In\u00edcio","item":"https:\/\/tribunademinas.audiencelabs.com.br\/"},{"@type":"ListItem","position":2,"name":"F\u00e9rias podem ser canceladas por causa de 3 atitudes"}]},{"@type":"WebSite","@id":"https:\/\/tribunademinas.audiencelabs.com.br\/#website","url":"https:\/\/tribunademinas.audiencelabs.com.br\/","name":"Tribuna de Minas - Dinheiro e Cidadania","description":"","publisher":{"@id":"https:\/\/tribunademinas.audiencelabs.com.br\/#organization"},"potentialAction":[{"@type":"SearchAction","target":{"@type":"EntryPoint","urlTemplate":"https:\/\/tribunademinas.audiencelabs.com.br\/?s={search_term_string}"},"query-input":{"@type":"PropertyValueSpecification","valueRequired":true,"valueName":"search_term_string"}}],"inLanguage":"pt-BR"},{"@type":"Organization","@id":"https:\/\/tribunademinas.audiencelabs.com.br\/#organization","name":"Tribuna de Minas - Dinheiro e Cidadania","url":"https:\/\/tribunademinas.audiencelabs.com.br\/","logo":{"@type":"ImageObject","inLanguage":"pt-BR","@id":"https:\/\/tribunademinas.audiencelabs.com.br\/#\/schema\/logo\/image\/","url":"https:\/\/tribunademinas.audiencelabs.com.br\/wp-content\/uploads\/2025\/08\/cropped-Tribuna_512x512-96x96-1.png","contentUrl":"https:\/\/tribunademinas.audiencelabs.com.br\/wp-content\/uploads\/2025\/08\/cropped-Tribuna_512x512-96x96-1.png","width":96,"height":96,"caption":"Tribuna de Minas - Dinheiro e Cidadania"},"image":{"@id":"https:\/\/tribunademinas.audiencelabs.com.br\/#\/schema\/logo\/image\/"},"sameAs":["https:\/\/www.facebook.com\/tribunademinas\/","https:\/\/x.com\/tribunademinas","https:\/\/www.instagram.com\/tribunademinas\/","https:\/\/www.youtube.com\/user\/TribunadeMinasJF"]},{"@type":"Person","@id":"https:\/\/tribunademinas.audiencelabs.com.br\/#\/schema\/person\/db18fc40307804bacef94213aa68fd9d","name":"Jeferson Carvalho","image":{"@type":"ImageObject","inLanguage":"pt-BR","@id":"https:\/\/tribunademinas.audiencelabs.com.br\/#\/schema\/person\/image\/","url":"https:\/\/secure.gravatar.com\/avatar\/cd7646e328d9670dad7dea8698522e522745eeffcff5b9d08be858e377ce326b?s=96&d=mm&r=g","contentUrl":"https:\/\/secure.gravatar.com\/avatar\/cd7646e328d9670dad7dea8698522e522745eeffcff5b9d08be858e377ce326b?s=96&d=mm&r=g","caption":"Jeferson Carvalho"},"description":"Jornalista apaixonado pela profiss\u00e3o!","url":"https:\/\/tribunademinas.audiencelabs.com.br\/author\/jeferson\/"}]}},"amp_enabled":true,"_links":{"self":[{"href":"https:\/\/tribunademinas.audiencelabs.com.br\/wp-json\/wp\/v2\/posts\/2662","targetHints":{"allow":["GET"]}}],"collection":[{"href":"https:\/\/tribunademinas.audiencelabs.com.br\/wp-json\/wp\/v2\/posts"}],"about":[{"href":"https:\/\/tribunademinas.audiencelabs.com.br\/wp-json\/wp\/v2\/types\/post"}],"author":[{"embeddable":true,"href":"https:\/\/tribunademinas.audiencelabs.com.br\/wp-json\/wp\/v2\/users\/5"}],"replies":[{"embeddable":true,"href":"https:\/\/tribunademinas.audiencelabs.com.br\/wp-json\/wp\/v2\/comments?post=2662"}],"version-history":[{"count":1,"href":"https:\/\/tribunademinas.audiencelabs.com.br\/wp-json\/wp\/v2\/posts\/2662\/revisions"}],"predecessor-version":[{"id":2665,"href":"https:\/\/tribunademinas.audiencelabs.com.br\/wp-json\/wp\/v2\/posts\/2662\/revisions\/2665"}],"wp:featuredmedia":[{"embeddable":true,"href":"https:\/\/tribunademinas.audiencelabs.com.br\/wp-json\/wp\/v2\/media\/2663"}],"wp:attachment":[{"href":"https:\/\/tribunademinas.audiencelabs.com.br\/wp-json\/wp\/v2\/media?parent=2662"}],"wp:term":[{"taxonomy":"category","embeddable":true,"href":"https:\/\/tribunademinas.audiencelabs.com.br\/wp-json\/wp\/v2\/categories?post=2662"},{"taxonomy":"post_tag","embeddable":true,"href":"https:\/\/tribunademinas.audiencelabs.com.br\/wp-json\/wp\/v2\/tags?post=2662"}],"curies":[{"name":"wp","href":"https:\/\/api.w.org\/{rel}","templated":true}]}}