{"id":2647,"date":"2025-10-17T16:00:00","date_gmt":"2025-10-17T19:00:00","guid":{"rendered":"https:\/\/tribunademinas.audiencelabs.com.br\/?p=2647"},"modified":"2025-10-16T16:43:29","modified_gmt":"2025-10-16T19:43:29","slug":"valor-do-azeite-teve-queda-de-15-em-apenas-um-ano","status":"publish","type":"post","link":"https:\/\/tribunademinas.audiencelabs.com.br\/valor-do-azeite-teve-queda-de-15-em-apenas-um-ano\/","title":{"rendered":"Valor do azeite teve queda de 15% em apenas um ano"},"content":{"rendered":"\n<p>Nos \u00faltimos anos, <strong>o azeite de oliva<\/strong> esteve pr\u00f3ximo de ser considerado um &#8220;produto de luxo&#8221;, em raz\u00e3o de seus altos valores de mercado, o que levou muitos brasileiros a reduzir sua frequ\u00eancia de consumo.<\/p>\n\n\n\n<p>Entretanto, a escalada dos pre\u00e7os do alimento parece ter sido contida, uma vez que o Instituto Brasileiro de Geografia e Estat\u00edstica (IBGE) registrou, na \u00faltima semana, <strong>uma nova queda de cerca de 3,11% em setembro<\/strong>, considerando os \u00edndices oficiais de infla\u00e7\u00e3o.<\/p>\n\n\n\n<p>Por se tratar da 9\u00aa redu\u00e7\u00e3o consecutiva em 12 meses, o recuo total <strong>chegou a 14,55%<\/strong>. E vale destacar que o efeito j\u00e1 est\u00e1 sendo percebido pelos consumidores, com garrafas de azeite sendo encontradas com diferen\u00e7as de pre\u00e7o de quase R$ 10 em rela\u00e7\u00e3o aos valores anteriores.<\/p>\n\n\n\n<p>Al\u00e9m disso, previs\u00f5es apontam que <strong>esta pode n\u00e3o ser a \u00faltima redu\u00e7\u00e3o<\/strong>. Sendo assim, especialistas ressaltam que, caso o cen\u00e1rio se mantenha, existem chances do pre\u00e7o do azeite cair ainda mais at\u00e9 o final do ano.<\/p>\n\n\n\n<h2 class=\"wp-block-heading\">Motivos para a queda no valor do azeite<\/h2>\n\n\n\n<p>Consultados pelo portal g1, especialistas explicaram que a queda nos pre\u00e7os do azeite resulta da <strong>a\u00e7\u00e3o de diversos fatores combinados<\/strong>, que, somados \u00e0 redu\u00e7\u00e3o de estoques com pre\u00e7os antigos, provocaram as significativas altera\u00e7\u00f5es. Entre eles est\u00e3o:<\/p>\n\n\n\n<ul class=\"wp-block-list\">\n<li><strong>Clima:<\/strong> a seca e o calor nos olivais europeus, de onde o azeite \u00e9 importado, contribu\u00edram para a eleva\u00e7\u00e3o dos pre\u00e7os. Entretanto, com a estabiliza\u00e7\u00e3o do clima, as safras est\u00e3o mais sadias, favorecendo o recuo;<\/li>\n\n\n\n<li><strong>D\u00f3lar:<\/strong> a queda do valor do d\u00f3lar no mercado cambial brasileiro tamb\u00e9m desempenhou um papel crucial para a queda de pre\u00e7o, uma vez que houve redu\u00e7\u00e3o em diversos produtos importatos;<\/li>\n\n\n\n<li><strong>Impostos:<\/strong> com o objetivo de controlar a alta de pre\u00e7os dos alimentos, o governo federal eliminou, em mar\u00e7o, a tarifa de importa\u00e7\u00e3o de determinados produtos, refor\u00e7ando, consequentemente, a redu\u00e7\u00e3o nos valores do azeite no processo.<\/li>\n<\/ul>\n","protected":false},"excerpt":{"rendered":"<p>Nos \u00faltimos anos, o azeite de oliva esteve pr\u00f3ximo de ser considerado um &#8220;produto de luxo&#8221;, em raz\u00e3o de seus altos valores de mercado, o que levou muitos brasileiros a reduzir sua frequ\u00eancia de consumo. Entretanto, a escalada dos pre\u00e7os do alimento parece ter sido contida, uma vez que o Instituto Brasileiro de Geografia e [&hellip;]<\/p>\n","protected":false},"author":3,"featured_media":2648,"comment_status":"open","ping_status":"open","sticky":false,"template":"","format":"standard","meta":{"jnews-multi-image_gallery":[],"jnews_single_post":{"format":"standard"},"jnews_primary_category":[],"jnews_social_meta":[],"jnews_post_split":[],"footnotes":""},"categories":[1],"tags":[],"class_list":["post-2647","post","type-post","status-publish","format-standard","has-post-thumbnail","hentry","category-dinheiro"],"yoast_head":"<!-- This site is optimized with the Yoast SEO plugin v25.6 - https:\/\/yoast.com\/wordpress\/plugins\/seo\/ -->\n<title>Valor do azeite teve queda de 15% em apenas um ano<\/title>\n<meta name=\"robots\" content=\"index, follow, max-snippet:-1, max-image-preview:large, max-video-preview:-1\" \/>\n<link rel=\"canonical\" href=\"https:\/\/tribunademinas.audiencelabs.com.br\/valor-do-azeite-teve-queda-de-15-em-apenas-um-ano\/\" \/>\n<meta property=\"og:locale\" content=\"pt_BR\" \/>\n<meta property=\"og:type\" content=\"article\" \/>\n<meta property=\"og:title\" content=\"Valor do azeite teve queda de 15% em apenas um ano\" \/>\n<meta property=\"og:description\" content=\"Nos \u00faltimos anos, o azeite de oliva esteve pr\u00f3ximo de ser considerado um &#8220;produto de luxo&#8221;, em raz\u00e3o de seus altos valores de mercado, o que levou muitos brasileiros a reduzir sua frequ\u00eancia de consumo. Entretanto, a escalada dos pre\u00e7os do alimento parece ter sido contida, uma vez que o Instituto Brasileiro de Geografia e [&hellip;]\" \/>\n<meta property=\"og:url\" content=\"https:\/\/tribunademinas.audiencelabs.com.br\/valor-do-azeite-teve-queda-de-15-em-apenas-um-ano\/\" \/>\n<meta property=\"og:site_name\" content=\"Tribuna de Minas - Dinheiro e Cidadania\" \/>\n<meta property=\"article:publisher\" content=\"https:\/\/www.facebook.com\/tribunademinas\/\" \/>\n<meta property=\"article:published_time\" content=\"2025-10-17T19:00:00+00:00\" \/>\n<meta property=\"og:image\" content=\"https:\/\/tribunademinas.audiencelabs.com.br\/wp-content\/uploads\/2025\/10\/valor-azeite-queda-15-apenas-um-ano.jpg\" \/>\n\t<meta property=\"og:image:width\" content=\"1920\" \/>\n\t<meta property=\"og:image:height\" content=\"1080\" \/>\n\t<meta property=\"og:image:type\" content=\"image\/jpeg\" \/>\n<meta name=\"author\" content=\"Jo\u00e3o Carlos Gomes\" \/>\n<meta name=\"twitter:card\" content=\"summary_large_image\" \/>\n<meta name=\"twitter:creator\" content=\"@tribunademinas\" \/>\n<meta name=\"twitter:site\" content=\"@tribunademinas\" \/>\n<meta name=\"twitter:label1\" content=\"Escrito por\" \/>\n\t<meta name=\"twitter:data1\" content=\"Jo\u00e3o Carlos Gomes\" \/>\n\t<meta name=\"twitter:label2\" content=\"Est. tempo de leitura\" \/>\n\t<meta name=\"twitter:data2\" content=\"2 minutos\" \/>\n<!-- \/ Yoast SEO plugin. -->","yoast_head_json":{"title":"Valor do azeite teve queda de 15% em apenas um ano","robots":{"index":"index","follow":"follow","max-snippet":"max-snippet:-1","max-image-preview":"max-image-preview:large","max-video-preview":"max-video-preview:-1"},"canonical":"https:\/\/tribunademinas.audiencelabs.com.br\/valor-do-azeite-teve-queda-de-15-em-apenas-um-ano\/","og_locale":"pt_BR","og_type":"article","og_title":"Valor do azeite teve queda de 15% em apenas um ano","og_description":"Nos \u00faltimos anos, o azeite de oliva esteve pr\u00f3ximo de ser considerado um &#8220;produto de luxo&#8221;, em raz\u00e3o de seus altos valores de mercado, o que levou muitos brasileiros a reduzir sua frequ\u00eancia de consumo. Entretanto, a escalada dos pre\u00e7os do alimento parece ter sido contida, uma vez que o Instituto Brasileiro de Geografia e [&hellip;]","og_url":"https:\/\/tribunademinas.audiencelabs.com.br\/valor-do-azeite-teve-queda-de-15-em-apenas-um-ano\/","og_site_name":"Tribuna de Minas - Dinheiro e Cidadania","article_publisher":"https:\/\/www.facebook.com\/tribunademinas\/","article_published_time":"2025-10-17T19:00:00+00:00","og_image":[{"width":1920,"height":1080,"url":"https:\/\/tribunademinas.audiencelabs.com.br\/wp-content\/uploads\/2025\/10\/valor-azeite-queda-15-apenas-um-ano.jpg","type":"image\/jpeg"}],"author":"Jo\u00e3o Carlos Gomes","twitter_card":"summary_large_image","twitter_creator":"@tribunademinas","twitter_site":"@tribunademinas","twitter_misc":{"Escrito por":"Jo\u00e3o Carlos Gomes","Est. tempo de leitura":"2 minutos"},"schema":{"@context":"https:\/\/schema.org","@graph":[{"@type":"Article","@id":"https:\/\/tribunademinas.audiencelabs.com.br\/valor-do-azeite-teve-queda-de-15-em-apenas-um-ano\/#article","isPartOf":{"@id":"https:\/\/tribunademinas.audiencelabs.com.br\/valor-do-azeite-teve-queda-de-15-em-apenas-um-ano\/"},"author":{"name":"Jo\u00e3o Carlos Gomes","@id":"https:\/\/tribunademinas.audiencelabs.com.br\/#\/schema\/person\/37af466a64a722fadb8ef6841c52114f"},"headline":"Valor do azeite teve queda de 15% em apenas um ano","datePublished":"2025-10-17T19:00:00+00:00","mainEntityOfPage":{"@id":"https:\/\/tribunademinas.audiencelabs.com.br\/valor-do-azeite-teve-queda-de-15-em-apenas-um-ano\/"},"wordCount":343,"commentCount":0,"publisher":{"@id":"https:\/\/tribunademinas.audiencelabs.com.br\/#organization"},"image":{"@id":"https:\/\/tribunademinas.audiencelabs.com.br\/valor-do-azeite-teve-queda-de-15-em-apenas-um-ano\/#primaryimage"},"thumbnailUrl":"https:\/\/tribunademinas.audiencelabs.com.br\/wp-content\/uploads\/2025\/10\/valor-azeite-queda-15-apenas-um-ano.jpg","articleSection":["Dinheiro"],"inLanguage":"pt-BR","potentialAction":[{"@type":"CommentAction","name":"Comment","target":["https:\/\/tribunademinas.audiencelabs.com.br\/valor-do-azeite-teve-queda-de-15-em-apenas-um-ano\/#respond"]}]},{"@type":"WebPage","@id":"https:\/\/tribunademinas.audiencelabs.com.br\/valor-do-azeite-teve-queda-de-15-em-apenas-um-ano\/","url":"https:\/\/tribunademinas.audiencelabs.com.br\/valor-do-azeite-teve-queda-de-15-em-apenas-um-ano\/","name":"Valor do azeite teve queda de 15% em apenas um ano","isPartOf":{"@id":"https:\/\/tribunademinas.audiencelabs.com.br\/#website"},"primaryImageOfPage":{"@id":"https:\/\/tribunademinas.audiencelabs.com.br\/valor-do-azeite-teve-queda-de-15-em-apenas-um-ano\/#primaryimage"},"image":{"@id":"https:\/\/tribunademinas.audiencelabs.com.br\/valor-do-azeite-teve-queda-de-15-em-apenas-um-ano\/#primaryimage"},"thumbnailUrl":"https:\/\/tribunademinas.audiencelabs.com.br\/wp-content\/uploads\/2025\/10\/valor-azeite-queda-15-apenas-um-ano.jpg","datePublished":"2025-10-17T19:00:00+00:00","breadcrumb":{"@id":"https:\/\/tribunademinas.audiencelabs.com.br\/valor-do-azeite-teve-queda-de-15-em-apenas-um-ano\/#breadcrumb"},"inLanguage":"pt-BR","potentialAction":[{"@type":"ReadAction","target":["https:\/\/tribunademinas.audiencelabs.com.br\/valor-do-azeite-teve-queda-de-15-em-apenas-um-ano\/"]}]},{"@type":"ImageObject","inLanguage":"pt-BR","@id":"https:\/\/tribunademinas.audiencelabs.com.br\/valor-do-azeite-teve-queda-de-15-em-apenas-um-ano\/#primaryimage","url":"https:\/\/tribunademinas.audiencelabs.com.br\/wp-content\/uploads\/2025\/10\/valor-azeite-queda-15-apenas-um-ano.jpg","contentUrl":"https:\/\/tribunademinas.audiencelabs.com.br\/wp-content\/uploads\/2025\/10\/valor-azeite-queda-15-apenas-um-ano.jpg","width":1920,"height":1080,"caption":"Foto: Alexis Antoine\/Unsplash"},{"@type":"BreadcrumbList","@id":"https:\/\/tribunademinas.audiencelabs.com.br\/valor-do-azeite-teve-queda-de-15-em-apenas-um-ano\/#breadcrumb","itemListElement":[{"@type":"ListItem","position":1,"name":"In\u00edcio","item":"https:\/\/tribunademinas.audiencelabs.com.br\/"},{"@type":"ListItem","position":2,"name":"Valor do azeite teve queda de 15% em apenas um ano"}]},{"@type":"WebSite","@id":"https:\/\/tribunademinas.audiencelabs.com.br\/#website","url":"https:\/\/tribunademinas.audiencelabs.com.br\/","name":"Tribuna de Minas - Dinheiro e Cidadania","description":"","publisher":{"@id":"https:\/\/tribunademinas.audiencelabs.com.br\/#organization"},"potentialAction":[{"@type":"SearchAction","target":{"@type":"EntryPoint","urlTemplate":"https:\/\/tribunademinas.audiencelabs.com.br\/?s={search_term_string}"},"query-input":{"@type":"PropertyValueSpecification","valueRequired":true,"valueName":"search_term_string"}}],"inLanguage":"pt-BR"},{"@type":"Organization","@id":"https:\/\/tribunademinas.audiencelabs.com.br\/#organization","name":"Tribuna de Minas - Dinheiro e Cidadania","url":"https:\/\/tribunademinas.audiencelabs.com.br\/","logo":{"@type":"ImageObject","inLanguage":"pt-BR","@id":"https:\/\/tribunademinas.audiencelabs.com.br\/#\/schema\/logo\/image\/","url":"https:\/\/tribunademinas.audiencelabs.com.br\/wp-content\/uploads\/2025\/08\/cropped-Tribuna_512x512-96x96-1.png","contentUrl":"https:\/\/tribunademinas.audiencelabs.com.br\/wp-content\/uploads\/2025\/08\/cropped-Tribuna_512x512-96x96-1.png","width":96,"height":96,"caption":"Tribuna de Minas - Dinheiro e Cidadania"},"image":{"@id":"https:\/\/tribunademinas.audiencelabs.com.br\/#\/schema\/logo\/image\/"},"sameAs":["https:\/\/www.facebook.com\/tribunademinas\/","https:\/\/x.com\/tribunademinas","https:\/\/www.instagram.com\/tribunademinas\/","https:\/\/www.youtube.com\/user\/TribunadeMinasJF"]},{"@type":"Person","@id":"https:\/\/tribunademinas.audiencelabs.com.br\/#\/schema\/person\/37af466a64a722fadb8ef6841c52114f","name":"Jo\u00e3o Carlos Gomes","image":{"@type":"ImageObject","inLanguage":"pt-BR","@id":"https:\/\/tribunademinas.audiencelabs.com.br\/#\/schema\/person\/image\/","url":"https:\/\/secure.gravatar.com\/avatar\/4ce4672dbdd694b329cd6fdb51bee7d1409be1f0ff76a537e4c4a737b2c7d1a9?s=96&d=mm&r=g","contentUrl":"https:\/\/secure.gravatar.com\/avatar\/4ce4672dbdd694b329cd6fdb51bee7d1409be1f0ff76a537e4c4a737b2c7d1a9?s=96&d=mm&r=g","caption":"Jo\u00e3o Carlos Gomes"},"description":"Jornalista formado pelo Centro Universit\u00e1rio Carioca, apreciador da Bossa Nova ao Metal Extremo, criador de conte\u00fado e m\u00fasico independente nas horas vagas.","url":"https:\/\/tribunademinas.audiencelabs.com.br\/author\/joaoc-junior\/"}]}},"amp_enabled":true,"_links":{"self":[{"href":"https:\/\/tribunademinas.audiencelabs.com.br\/wp-json\/wp\/v2\/posts\/2647","targetHints":{"allow":["GET"]}}],"collection":[{"href":"https:\/\/tribunademinas.audiencelabs.com.br\/wp-json\/wp\/v2\/posts"}],"about":[{"href":"https:\/\/tribunademinas.audiencelabs.com.br\/wp-json\/wp\/v2\/types\/post"}],"author":[{"embeddable":true,"href":"https:\/\/tribunademinas.audiencelabs.com.br\/wp-json\/wp\/v2\/users\/3"}],"replies":[{"embeddable":true,"href":"https:\/\/tribunademinas.audiencelabs.com.br\/wp-json\/wp\/v2\/comments?post=2647"}],"version-history":[{"count":1,"href":"https:\/\/tribunademinas.audiencelabs.com.br\/wp-json\/wp\/v2\/posts\/2647\/revisions"}],"predecessor-version":[{"id":2656,"href":"https:\/\/tribunademinas.audiencelabs.com.br\/wp-json\/wp\/v2\/posts\/2647\/revisions\/2656"}],"wp:featuredmedia":[{"embeddable":true,"href":"https:\/\/tribunademinas.audiencelabs.com.br\/wp-json\/wp\/v2\/media\/2648"}],"wp:attachment":[{"href":"https:\/\/tribunademinas.audiencelabs.com.br\/wp-json\/wp\/v2\/media?parent=2647"}],"wp:term":[{"taxonomy":"category","embeddable":true,"href":"https:\/\/tribunademinas.audiencelabs.com.br\/wp-json\/wp\/v2\/categories?post=2647"},{"taxonomy":"post_tag","embeddable":true,"href":"https:\/\/tribunademinas.audiencelabs.com.br\/wp-json\/wp\/v2\/tags?post=2647"}],"curies":[{"name":"wp","href":"https:\/\/api.w.org\/{rel}","templated":true}]}}