{"id":2635,"date":"2025-10-17T12:00:00","date_gmt":"2025-10-17T15:00:00","guid":{"rendered":"https:\/\/tribunademinas.audiencelabs.com.br\/?p=2635"},"modified":"2025-10-16T14:06:05","modified_gmt":"2025-10-16T17:06:05","slug":"fmi-revela-que-o-brasil-e-o-quinto-pais-que-mais-cresce-no-mundo","status":"publish","type":"post","link":"https:\/\/tribunademinas.audiencelabs.com.br\/fmi-revela-que-o-brasil-e-o-quinto-pais-que-mais-cresce-no-mundo\/","title":{"rendered":"FMI revela que o Brasil \u00e9 o quinto pa\u00eds que mais cresce no mundo"},"content":{"rendered":"\n<p>Por se enquadrar na categoria de pa\u00eds em desenvolvimento e lidar com fatores estruturais e conjunturais que afetam a economia, algumas pessoas acreditam que o <strong>Brasil<\/strong> vive em constante instabilidade.<\/p>\n\n\n\n<p>Entretanto, uma an\u00e1lise recente do <strong>Fundo Monet\u00e1rio Internacional (FMI) <\/strong>comprovou que essa percep\u00e7\u00e3o est\u00e1 totalmente equivocada, j\u00e1 que o pa\u00eds figurou entre as economias emergentes com maior estabilidade.<\/p>\n\n\n\n<p>Segundo o relat\u00f3rio <em>World Economic Outlook<\/em> (WEO), divulgado nesta ter\u00e7a-feira (14), o Brasil ocupa a<strong> 5\u00aa posi\u00e7\u00e3o entre os pa\u00edses do G20<\/strong> que mais devem crescer em 2025, com um aumento estimado de 2,4% no Produto Interno Bruto (PIB).<\/p>\n\n\n\n<p>A proje\u00e7\u00e3o se torna ainda mais promissora ao considerar que ela <strong>surge em meio a um cen\u00e1rio de desacelera\u00e7\u00e3o global<\/strong>, marcado por tens\u00f5es comerciais e guerras tarif\u00e1rias, iniciadas pelo presidente dos Estados Unidos, Donald Trump.<\/p>\n\n\n\n<p>Inclusive, o relat\u00f3rio ainda destacou que, apesar de estar lidando com situa\u00e7\u00f5es t\u00e3o delicadas, o pa\u00eds <strong>segue apresentando \u201csinais de for\u00e7a interna e boa adapta\u00e7\u00e3o \u00e0s condi\u00e7\u00f5es externas\u201d<\/strong>, mantendo uma trajet\u00f3ria de crescimento consistente.<\/p>\n\n\n\n<h2 class=\"wp-block-heading\">Expectativas do FMI para 2026 s\u00e3o menos satisfat\u00f3rias<\/h2>\n\n\n\n<p>Apesar de permanecerem positivas, as proje\u00e7\u00f5es do FMI para o pr\u00f3ximo ano <strong>indicam sinais de desacelera\u00e7\u00e3o no Brasil<\/strong>, j\u00e1 que o relat\u00f3rio revisado ajustou o crescimento de 2,1% para 1,9%.<\/p>\n\n\n\n<p>A vis\u00e3o ainda reflete o crescimento econ\u00f4mico maior que o esperado. Entretanto, ela tamb\u00e9m revela que as atuais tens\u00f5es econ\u00f4micas internacionais podem continuar causando impactos na economia do pa\u00eds.<\/p>\n\n\n\n<p>O aumento das tarifas aplicadas \u00e0s exporta\u00e7\u00f5es brasileiras para os Estados Unidos constitui, inclusive, um dos principais fatores que levaram o FMI a reduzir as proje\u00e7\u00f5es de crescimento para 2026, contrariando os resultados deste ano.<\/p>\n\n\n\n<blockquote class=\"wp-block-quote is-layout-flow wp-block-quote-is-layout-flow\">\n<p>&#8220;[&#8230;] As condi\u00e7\u00f5es externas est\u00e3o se tornando mais desafiadoras e, em alguns casos, o dinamismo dom\u00e9stico est\u00e1 desacelerando. No Brasil, por exemplo, j\u00e1 surgem sinais de modera\u00e7\u00e3o em meio a pol\u00edticas monet\u00e1ria e fiscal restritivas&#8221;, diz o relat\u00f3rio do FMI (via <em>O Globo<\/em>).<\/p>\n<\/blockquote>\n","protected":false},"excerpt":{"rendered":"<p>Por se enquadrar na categoria de pa\u00eds em desenvolvimento e lidar com fatores estruturais e conjunturais que afetam a economia, algumas pessoas acreditam que o Brasil vive em constante instabilidade. Entretanto, uma an\u00e1lise recente do Fundo Monet\u00e1rio Internacional (FMI) comprovou que essa percep\u00e7\u00e3o est\u00e1 totalmente equivocada, j\u00e1 que o pa\u00eds figurou entre as economias emergentes [&hellip;]<\/p>\n","protected":false},"author":3,"featured_media":2636,"comment_status":"open","ping_status":"open","sticky":false,"template":"","format":"standard","meta":{"jnews-multi-image_gallery":[],"jnews_single_post":{"format":"standard"},"jnews_primary_category":[],"jnews_social_meta":[],"jnews_post_split":[],"footnotes":""},"categories":[1],"tags":[],"class_list":["post-2635","post","type-post","status-publish","format-standard","has-post-thumbnail","hentry","category-dinheiro"],"yoast_head":"<!-- This site is optimized with the Yoast SEO plugin v25.6 - https:\/\/yoast.com\/wordpress\/plugins\/seo\/ -->\n<title>FMI revela que o Brasil \u00e9 o quinto pa\u00eds que mais cresce no mundo<\/title>\n<meta name=\"robots\" content=\"index, follow, max-snippet:-1, max-image-preview:large, max-video-preview:-1\" \/>\n<link rel=\"canonical\" href=\"https:\/\/tribunademinas.audiencelabs.com.br\/fmi-revela-que-o-brasil-e-o-quinto-pais-que-mais-cresce-no-mundo\/\" \/>\n<meta property=\"og:locale\" content=\"pt_BR\" \/>\n<meta property=\"og:type\" content=\"article\" \/>\n<meta property=\"og:title\" content=\"FMI revela que o Brasil \u00e9 o quinto pa\u00eds que mais cresce no mundo\" \/>\n<meta property=\"og:description\" content=\"Por se enquadrar na categoria de pa\u00eds em desenvolvimento e lidar com fatores estruturais e conjunturais que afetam a economia, algumas pessoas acreditam que o Brasil vive em constante instabilidade. Entretanto, uma an\u00e1lise recente do Fundo Monet\u00e1rio Internacional (FMI) comprovou que essa percep\u00e7\u00e3o est\u00e1 totalmente equivocada, j\u00e1 que o pa\u00eds figurou entre as economias emergentes [&hellip;]\" \/>\n<meta property=\"og:url\" content=\"https:\/\/tribunademinas.audiencelabs.com.br\/fmi-revela-que-o-brasil-e-o-quinto-pais-que-mais-cresce-no-mundo\/\" \/>\n<meta property=\"og:site_name\" content=\"Tribuna de Minas - Dinheiro e Cidadania\" \/>\n<meta property=\"article:publisher\" content=\"https:\/\/www.facebook.com\/tribunademinas\/\" \/>\n<meta property=\"article:published_time\" content=\"2025-10-17T15:00:00+00:00\" \/>\n<meta property=\"og:image\" content=\"https:\/\/tribunademinas.audiencelabs.com.br\/wp-content\/uploads\/2025\/10\/fmi-revela-brasil-quinto-pais-mais-cresce-mundo.jpg\" \/>\n\t<meta property=\"og:image:width\" content=\"1919\" \/>\n\t<meta property=\"og:image:height\" content=\"1079\" \/>\n\t<meta property=\"og:image:type\" content=\"image\/jpeg\" \/>\n<meta name=\"author\" content=\"Jo\u00e3o Carlos Gomes\" \/>\n<meta name=\"twitter:card\" content=\"summary_large_image\" \/>\n<meta name=\"twitter:creator\" content=\"@tribunademinas\" \/>\n<meta name=\"twitter:site\" content=\"@tribunademinas\" \/>\n<meta name=\"twitter:label1\" content=\"Escrito por\" \/>\n\t<meta name=\"twitter:data1\" content=\"Jo\u00e3o Carlos Gomes\" \/>\n\t<meta name=\"twitter:label2\" content=\"Est. tempo de leitura\" \/>\n\t<meta name=\"twitter:data2\" content=\"2 minutos\" \/>\n<!-- \/ Yoast SEO plugin. -->","yoast_head_json":{"title":"FMI revela que o Brasil \u00e9 o quinto pa\u00eds que mais cresce no mundo","robots":{"index":"index","follow":"follow","max-snippet":"max-snippet:-1","max-image-preview":"max-image-preview:large","max-video-preview":"max-video-preview:-1"},"canonical":"https:\/\/tribunademinas.audiencelabs.com.br\/fmi-revela-que-o-brasil-e-o-quinto-pais-que-mais-cresce-no-mundo\/","og_locale":"pt_BR","og_type":"article","og_title":"FMI revela que o Brasil \u00e9 o quinto pa\u00eds que mais cresce no mundo","og_description":"Por se enquadrar na categoria de pa\u00eds em desenvolvimento e lidar com fatores estruturais e conjunturais que afetam a economia, algumas pessoas acreditam que o Brasil vive em constante instabilidade. Entretanto, uma an\u00e1lise recente do Fundo Monet\u00e1rio Internacional (FMI) comprovou que essa percep\u00e7\u00e3o est\u00e1 totalmente equivocada, j\u00e1 que o pa\u00eds figurou entre as economias emergentes [&hellip;]","og_url":"https:\/\/tribunademinas.audiencelabs.com.br\/fmi-revela-que-o-brasil-e-o-quinto-pais-que-mais-cresce-no-mundo\/","og_site_name":"Tribuna de Minas - Dinheiro e Cidadania","article_publisher":"https:\/\/www.facebook.com\/tribunademinas\/","article_published_time":"2025-10-17T15:00:00+00:00","og_image":[{"width":1919,"height":1079,"url":"https:\/\/tribunademinas.audiencelabs.com.br\/wp-content\/uploads\/2025\/10\/fmi-revela-brasil-quinto-pais-mais-cresce-mundo.jpg","type":"image\/jpeg"}],"author":"Jo\u00e3o Carlos Gomes","twitter_card":"summary_large_image","twitter_creator":"@tribunademinas","twitter_site":"@tribunademinas","twitter_misc":{"Escrito por":"Jo\u00e3o Carlos Gomes","Est. tempo de leitura":"2 minutos"},"schema":{"@context":"https:\/\/schema.org","@graph":[{"@type":"Article","@id":"https:\/\/tribunademinas.audiencelabs.com.br\/fmi-revela-que-o-brasil-e-o-quinto-pais-que-mais-cresce-no-mundo\/#article","isPartOf":{"@id":"https:\/\/tribunademinas.audiencelabs.com.br\/fmi-revela-que-o-brasil-e-o-quinto-pais-que-mais-cresce-no-mundo\/"},"author":{"name":"Jo\u00e3o Carlos Gomes","@id":"https:\/\/tribunademinas.audiencelabs.com.br\/#\/schema\/person\/37af466a64a722fadb8ef6841c52114f"},"headline":"FMI revela que o Brasil \u00e9 o quinto pa\u00eds que mais cresce no mundo","datePublished":"2025-10-17T15:00:00+00:00","mainEntityOfPage":{"@id":"https:\/\/tribunademinas.audiencelabs.com.br\/fmi-revela-que-o-brasil-e-o-quinto-pais-que-mais-cresce-no-mundo\/"},"wordCount":359,"commentCount":0,"publisher":{"@id":"https:\/\/tribunademinas.audiencelabs.com.br\/#organization"},"image":{"@id":"https:\/\/tribunademinas.audiencelabs.com.br\/fmi-revela-que-o-brasil-e-o-quinto-pais-que-mais-cresce-no-mundo\/#primaryimage"},"thumbnailUrl":"https:\/\/tribunademinas.audiencelabs.com.br\/wp-content\/uploads\/2025\/10\/fmi-revela-brasil-quinto-pais-mais-cresce-mundo.jpg","articleSection":["Dinheiro"],"inLanguage":"pt-BR","potentialAction":[{"@type":"CommentAction","name":"Comment","target":["https:\/\/tribunademinas.audiencelabs.com.br\/fmi-revela-que-o-brasil-e-o-quinto-pais-que-mais-cresce-no-mundo\/#respond"]}]},{"@type":"WebPage","@id":"https:\/\/tribunademinas.audiencelabs.com.br\/fmi-revela-que-o-brasil-e-o-quinto-pais-que-mais-cresce-no-mundo\/","url":"https:\/\/tribunademinas.audiencelabs.com.br\/fmi-revela-que-o-brasil-e-o-quinto-pais-que-mais-cresce-no-mundo\/","name":"FMI revela que o Brasil \u00e9 o quinto pa\u00eds que mais cresce no mundo","isPartOf":{"@id":"https:\/\/tribunademinas.audiencelabs.com.br\/#website"},"primaryImageOfPage":{"@id":"https:\/\/tribunademinas.audiencelabs.com.br\/fmi-revela-que-o-brasil-e-o-quinto-pais-que-mais-cresce-no-mundo\/#primaryimage"},"image":{"@id":"https:\/\/tribunademinas.audiencelabs.com.br\/fmi-revela-que-o-brasil-e-o-quinto-pais-que-mais-cresce-no-mundo\/#primaryimage"},"thumbnailUrl":"https:\/\/tribunademinas.audiencelabs.com.br\/wp-content\/uploads\/2025\/10\/fmi-revela-brasil-quinto-pais-mais-cresce-mundo.jpg","datePublished":"2025-10-17T15:00:00+00:00","breadcrumb":{"@id":"https:\/\/tribunademinas.audiencelabs.com.br\/fmi-revela-que-o-brasil-e-o-quinto-pais-que-mais-cresce-no-mundo\/#breadcrumb"},"inLanguage":"pt-BR","potentialAction":[{"@type":"ReadAction","target":["https:\/\/tribunademinas.audiencelabs.com.br\/fmi-revela-que-o-brasil-e-o-quinto-pais-que-mais-cresce-no-mundo\/"]}]},{"@type":"ImageObject","inLanguage":"pt-BR","@id":"https:\/\/tribunademinas.audiencelabs.com.br\/fmi-revela-que-o-brasil-e-o-quinto-pais-que-mais-cresce-no-mundo\/#primaryimage","url":"https:\/\/tribunademinas.audiencelabs.com.br\/wp-content\/uploads\/2025\/10\/fmi-revela-brasil-quinto-pais-mais-cresce-mundo.jpg","contentUrl":"https:\/\/tribunademinas.audiencelabs.com.br\/wp-content\/uploads\/2025\/10\/fmi-revela-brasil-quinto-pais-mais-cresce-mundo.jpg","width":1919,"height":1079,"caption":"Foto: Jonathan Borba\/Pexels"},{"@type":"BreadcrumbList","@id":"https:\/\/tribunademinas.audiencelabs.com.br\/fmi-revela-que-o-brasil-e-o-quinto-pais-que-mais-cresce-no-mundo\/#breadcrumb","itemListElement":[{"@type":"ListItem","position":1,"name":"In\u00edcio","item":"https:\/\/tribunademinas.audiencelabs.com.br\/"},{"@type":"ListItem","position":2,"name":"FMI revela que o Brasil \u00e9 o quinto pa\u00eds que mais cresce no mundo"}]},{"@type":"WebSite","@id":"https:\/\/tribunademinas.audiencelabs.com.br\/#website","url":"https:\/\/tribunademinas.audiencelabs.com.br\/","name":"Tribuna de Minas - Dinheiro e Cidadania","description":"","publisher":{"@id":"https:\/\/tribunademinas.audiencelabs.com.br\/#organization"},"potentialAction":[{"@type":"SearchAction","target":{"@type":"EntryPoint","urlTemplate":"https:\/\/tribunademinas.audiencelabs.com.br\/?s={search_term_string}"},"query-input":{"@type":"PropertyValueSpecification","valueRequired":true,"valueName":"search_term_string"}}],"inLanguage":"pt-BR"},{"@type":"Organization","@id":"https:\/\/tribunademinas.audiencelabs.com.br\/#organization","name":"Tribuna de Minas - Dinheiro e Cidadania","url":"https:\/\/tribunademinas.audiencelabs.com.br\/","logo":{"@type":"ImageObject","inLanguage":"pt-BR","@id":"https:\/\/tribunademinas.audiencelabs.com.br\/#\/schema\/logo\/image\/","url":"https:\/\/tribunademinas.audiencelabs.com.br\/wp-content\/uploads\/2025\/08\/cropped-Tribuna_512x512-96x96-1.png","contentUrl":"https:\/\/tribunademinas.audiencelabs.com.br\/wp-content\/uploads\/2025\/08\/cropped-Tribuna_512x512-96x96-1.png","width":96,"height":96,"caption":"Tribuna de Minas - Dinheiro e Cidadania"},"image":{"@id":"https:\/\/tribunademinas.audiencelabs.com.br\/#\/schema\/logo\/image\/"},"sameAs":["https:\/\/www.facebook.com\/tribunademinas\/","https:\/\/x.com\/tribunademinas","https:\/\/www.instagram.com\/tribunademinas\/","https:\/\/www.youtube.com\/user\/TribunadeMinasJF"]},{"@type":"Person","@id":"https:\/\/tribunademinas.audiencelabs.com.br\/#\/schema\/person\/37af466a64a722fadb8ef6841c52114f","name":"Jo\u00e3o Carlos Gomes","image":{"@type":"ImageObject","inLanguage":"pt-BR","@id":"https:\/\/tribunademinas.audiencelabs.com.br\/#\/schema\/person\/image\/","url":"https:\/\/secure.gravatar.com\/avatar\/4ce4672dbdd694b329cd6fdb51bee7d1409be1f0ff76a537e4c4a737b2c7d1a9?s=96&d=mm&r=g","contentUrl":"https:\/\/secure.gravatar.com\/avatar\/4ce4672dbdd694b329cd6fdb51bee7d1409be1f0ff76a537e4c4a737b2c7d1a9?s=96&d=mm&r=g","caption":"Jo\u00e3o Carlos Gomes"},"description":"Jornalista formado pelo Centro Universit\u00e1rio Carioca, apreciador da Bossa Nova ao Metal Extremo, criador de conte\u00fado e m\u00fasico independente nas horas vagas.","url":"https:\/\/tribunademinas.audiencelabs.com.br\/author\/joaoc-junior\/"}]}},"amp_enabled":true,"_links":{"self":[{"href":"https:\/\/tribunademinas.audiencelabs.com.br\/wp-json\/wp\/v2\/posts\/2635","targetHints":{"allow":["GET"]}}],"collection":[{"href":"https:\/\/tribunademinas.audiencelabs.com.br\/wp-json\/wp\/v2\/posts"}],"about":[{"href":"https:\/\/tribunademinas.audiencelabs.com.br\/wp-json\/wp\/v2\/types\/post"}],"author":[{"embeddable":true,"href":"https:\/\/tribunademinas.audiencelabs.com.br\/wp-json\/wp\/v2\/users\/3"}],"replies":[{"embeddable":true,"href":"https:\/\/tribunademinas.audiencelabs.com.br\/wp-json\/wp\/v2\/comments?post=2635"}],"version-history":[{"count":1,"href":"https:\/\/tribunademinas.audiencelabs.com.br\/wp-json\/wp\/v2\/posts\/2635\/revisions"}],"predecessor-version":[{"id":2637,"href":"https:\/\/tribunademinas.audiencelabs.com.br\/wp-json\/wp\/v2\/posts\/2635\/revisions\/2637"}],"wp:featuredmedia":[{"embeddable":true,"href":"https:\/\/tribunademinas.audiencelabs.com.br\/wp-json\/wp\/v2\/media\/2636"}],"wp:attachment":[{"href":"https:\/\/tribunademinas.audiencelabs.com.br\/wp-json\/wp\/v2\/media?parent=2635"}],"wp:term":[{"taxonomy":"category","embeddable":true,"href":"https:\/\/tribunademinas.audiencelabs.com.br\/wp-json\/wp\/v2\/categories?post=2635"},{"taxonomy":"post_tag","embeddable":true,"href":"https:\/\/tribunademinas.audiencelabs.com.br\/wp-json\/wp\/v2\/tags?post=2635"}],"curies":[{"name":"wp","href":"https:\/\/api.w.org\/{rel}","templated":true}]}}