{"id":2629,"date":"2025-10-16T13:33:29","date_gmt":"2025-10-16T16:33:29","guid":{"rendered":"https:\/\/tribunademinas.audiencelabs.com.br\/?p=2629"},"modified":"2025-10-16T13:33:35","modified_gmt":"2025-10-16T16:33:35","slug":"reducao-de-fila-do-inss-e-suspensa-apos-faltar-dinheiro","status":"publish","type":"post","link":"https:\/\/tribunademinas.audiencelabs.com.br\/reducao-de-fila-do-inss-e-suspensa-apos-faltar-dinheiro\/","title":{"rendered":"Redu\u00e7\u00e3o de fila do INSS \u00e9 suspensa ap\u00f3s faltar dinheiro"},"content":{"rendered":"\n<p>O programa criado para acelerar a an\u00e1lise de benef\u00edcios no Instituto Nacional do Seguro Social (INSS) foi suspenso nesta semana, surpreendendo servidores e milh\u00f5es de segurados. <\/p>\n\n\n\n<p>A iniciativa, que vinha concedendo b\u00f4nus a servidores e peritos para acelerar a libera\u00e7\u00e3o de aposentadorias, aux\u00edlios e outros benef\u00edcios previdenci\u00e1rios, foi interrompida por falta de recursos. <\/p>\n\n\n\n<p>Com isso, o INSS determinou o retorno imediato das atividades \u00e0 rotina regular, sem gratifica\u00e7\u00f5es extras, paralisando o principal esfor\u00e7o do governo para conter o avan\u00e7o das filas.<\/p>\n\n\n\n<h2 class=\"wp-block-heading\">Redu\u00e7\u00e3o de fila do INSS \u00e9 suspensa ap\u00f3s faltar dinheiro<\/h2>\n\n\n\n<p>Lan\u00e7ado inicialmente por medida provis\u00f3ria em abril e transformado em lei em setembro, o Programa de Gerenciamento de Benef\u00edcios (<a href=\"https:\/\/www.gov.br\/inss\/pt-br\/governo-cria-programa-para-reduzir-fila-de-espera-dos-cidadaos-por-beneficios-da-previdencia-social\"><strong>PGB<\/strong><\/a>) tinha como miss\u00e3o principal reduzir o tempo de espera nas an\u00e1lises de pedidos. <\/p>\n\n\n\n<p>Para isso, pagava valores adicionais aos profissionais que ultrapassassem suas metas de produtividade: R$ 68 por cada processo administrativo finalizado e R$ 75 por per\u00edcia m\u00e9dica realizada. <\/p>\n\n\n\n<p>Os b\u00f4nus eram liberados desde que o somat\u00f3rio dos ganhos n\u00e3o ultrapassasse o teto constitucional do funcionalismo, atualmente em R$ 46,3 mil. <\/p>\n\n\n\n<p>A medida se tornou o principal instrumento do governo federal para tentar conter a crescente demanda por an\u00e1lises no INSS, especialmente ap\u00f3s a greve dos peritos m\u00e9dicos em 2024.<\/p>\n\n\n\n<p>Apesar de contar com um or\u00e7amento inicial de R$ 200 milh\u00f5es, previsto para sustentar o programa at\u00e9 dezembro de 2026, os recursos acabaram antes do fim de 2025. <\/p>\n\n\n\n<p>A escassez levou o presidente do INSS, Gilberto Waller Junior, a emitir um of\u00edcio solicitando um remanejamento de R$ 89,1 milh\u00f5es dentro do or\u00e7amento do Minist\u00e9rio da Previd\u00eancia para manter o funcionamento da iniciativa. <\/p>\n\n\n\n<p>Enquanto a verba adicional n\u00e3o \u00e9 liberada, o programa permanece paralisado.<\/p>\n\n\n\n<h3 class=\"wp-block-heading\">INSS diz que interrup\u00e7\u00e3o do programa \u00e9 tempor\u00e1ria<\/h3>\n\n\n\n<p>O impacto da suspens\u00e3o \u00e9 imediato. An\u00e1lises extras foram canceladas, per\u00edcias fora do expediente est\u00e3o suspensas e as tarefas que estavam sendo adiantadas retornar\u00e3o ao fluxo comum de tramita\u00e7\u00e3o. <\/p>\n\n\n\n<p>A fila, que j\u00e1 vinha em alta desde o ano passado, tende a crescer ainda mais. Em agosto, mais de 2,6 milh\u00f5es de pedidos aguardavam resposta; em mar\u00e7o, o n\u00famero j\u00e1 superava 2,7 milh\u00f5es.<\/p>\n\n\n\n<p>O INSS afirma que a interrup\u00e7\u00e3o \u00e9 tempor\u00e1ria e que atua junto aos Minist\u00e9rios da Previd\u00eancia e do Planejamento para recompor o or\u00e7amento ainda este ano. <\/p>\n\n\n\n<p>Enquanto isso, servidores voltam ao expediente padr\u00e3o, sem b\u00f4nus, e benefici\u00e1rios seguem esperando.<\/p>\n\n\n\n<p><\/p>\n","protected":false},"excerpt":{"rendered":"<p>O programa criado para acelerar a an\u00e1lise de benef\u00edcios no Instituto Nacional do Seguro Social (INSS) foi suspenso nesta semana, surpreendendo servidores e milh\u00f5es de segurados. A iniciativa, que vinha concedendo b\u00f4nus a servidores e peritos para acelerar a libera\u00e7\u00e3o de aposentadorias, aux\u00edlios e outros benef\u00edcios previdenci\u00e1rios, foi interrompida por falta de recursos. Com isso, [&hellip;]<\/p>\n","protected":false},"author":5,"featured_media":2630,"comment_status":"open","ping_status":"open","sticky":false,"template":"","format":"standard","meta":{"jnews-multi-image_gallery":[],"jnews_single_post":{"format":"standard"},"jnews_primary_category":[],"jnews_social_meta":[],"jnews_post_split":[],"footnotes":""},"categories":[159],"tags":[],"class_list":["post-2629","post","type-post","status-publish","format-standard","has-post-thumbnail","hentry","category-cidadania"],"yoast_head":"<!-- This site is optimized with the Yoast SEO plugin v25.6 - https:\/\/yoast.com\/wordpress\/plugins\/seo\/ -->\n<title>Redu\u00e7\u00e3o de fila do INSS \u00e9 suspensa ap\u00f3s faltar dinheiro<\/title>\n<meta name=\"description\" content=\"O programa criado para acelerar a an\u00e1lise de benef\u00edcios no INSS foi suspenso nesta semana, surpreendendo servidores e milh\u00f5es de segurados.\" \/>\n<meta name=\"robots\" content=\"index, follow, max-snippet:-1, max-image-preview:large, max-video-preview:-1\" \/>\n<link rel=\"canonical\" href=\"https:\/\/tribunademinas.audiencelabs.com.br\/reducao-de-fila-do-inss-e-suspensa-apos-faltar-dinheiro\/\" \/>\n<meta property=\"og:locale\" content=\"pt_BR\" \/>\n<meta property=\"og:type\" content=\"article\" \/>\n<meta property=\"og:title\" content=\"Redu\u00e7\u00e3o de fila do INSS \u00e9 suspensa ap\u00f3s faltar dinheiro\" \/>\n<meta property=\"og:description\" content=\"O programa criado para acelerar a an\u00e1lise de benef\u00edcios no INSS foi suspenso nesta semana, surpreendendo servidores e milh\u00f5es de segurados.\" \/>\n<meta property=\"og:url\" content=\"https:\/\/tribunademinas.audiencelabs.com.br\/reducao-de-fila-do-inss-e-suspensa-apos-faltar-dinheiro\/\" \/>\n<meta property=\"og:site_name\" content=\"Tribuna de Minas - Dinheiro e Cidadania\" \/>\n<meta property=\"article:publisher\" content=\"https:\/\/www.facebook.com\/tribunademinas\/\" \/>\n<meta property=\"article:published_time\" content=\"2025-10-16T16:33:29+00:00\" \/>\n<meta property=\"article:modified_time\" content=\"2025-10-16T16:33:35+00:00\" \/>\n<meta property=\"og:image\" content=\"https:\/\/tribunademinas.audiencelabs.com.br\/wp-content\/uploads\/2025\/10\/INSS-7.webp\" \/>\n\t<meta property=\"og:image:width\" content=\"1170\" \/>\n\t<meta property=\"og:image:height\" content=\"700\" \/>\n\t<meta property=\"og:image:type\" content=\"image\/webp\" \/>\n<meta name=\"author\" content=\"Jeferson Carvalho\" \/>\n<meta name=\"twitter:card\" content=\"summary_large_image\" \/>\n<meta name=\"twitter:creator\" content=\"@tribunademinas\" \/>\n<meta name=\"twitter:site\" content=\"@tribunademinas\" \/>\n<meta name=\"twitter:label1\" content=\"Escrito por\" \/>\n\t<meta name=\"twitter:data1\" content=\"Jeferson Carvalho\" \/>\n\t<meta name=\"twitter:label2\" content=\"Est. tempo de leitura\" \/>\n\t<meta name=\"twitter:data2\" content=\"3 minutos\" \/>\n<!-- \/ Yoast SEO plugin. -->","yoast_head_json":{"title":"Redu\u00e7\u00e3o de fila do INSS \u00e9 suspensa ap\u00f3s faltar dinheiro","description":"O programa criado para acelerar a an\u00e1lise de benef\u00edcios no INSS foi suspenso nesta semana, surpreendendo servidores e milh\u00f5es de segurados.","robots":{"index":"index","follow":"follow","max-snippet":"max-snippet:-1","max-image-preview":"max-image-preview:large","max-video-preview":"max-video-preview:-1"},"canonical":"https:\/\/tribunademinas.audiencelabs.com.br\/reducao-de-fila-do-inss-e-suspensa-apos-faltar-dinheiro\/","og_locale":"pt_BR","og_type":"article","og_title":"Redu\u00e7\u00e3o de fila do INSS \u00e9 suspensa ap\u00f3s faltar dinheiro","og_description":"O programa criado para acelerar a an\u00e1lise de benef\u00edcios no INSS foi suspenso nesta semana, surpreendendo servidores e milh\u00f5es de segurados.","og_url":"https:\/\/tribunademinas.audiencelabs.com.br\/reducao-de-fila-do-inss-e-suspensa-apos-faltar-dinheiro\/","og_site_name":"Tribuna de Minas - Dinheiro e Cidadania","article_publisher":"https:\/\/www.facebook.com\/tribunademinas\/","article_published_time":"2025-10-16T16:33:29+00:00","article_modified_time":"2025-10-16T16:33:35+00:00","og_image":[{"width":1170,"height":700,"url":"https:\/\/tribunademinas.audiencelabs.com.br\/wp-content\/uploads\/2025\/10\/INSS-7.webp","type":"image\/webp"}],"author":"Jeferson Carvalho","twitter_card":"summary_large_image","twitter_creator":"@tribunademinas","twitter_site":"@tribunademinas","twitter_misc":{"Escrito por":"Jeferson Carvalho","Est. tempo de leitura":"3 minutos"},"schema":{"@context":"https:\/\/schema.org","@graph":[{"@type":"Article","@id":"https:\/\/tribunademinas.audiencelabs.com.br\/reducao-de-fila-do-inss-e-suspensa-apos-faltar-dinheiro\/#article","isPartOf":{"@id":"https:\/\/tribunademinas.audiencelabs.com.br\/reducao-de-fila-do-inss-e-suspensa-apos-faltar-dinheiro\/"},"author":{"name":"Jeferson Carvalho","@id":"https:\/\/tribunademinas.audiencelabs.com.br\/#\/schema\/person\/db18fc40307804bacef94213aa68fd9d"},"headline":"Redu\u00e7\u00e3o de fila do INSS \u00e9 suspensa ap\u00f3s faltar dinheiro","datePublished":"2025-10-16T16:33:29+00:00","dateModified":"2025-10-16T16:33:35+00:00","mainEntityOfPage":{"@id":"https:\/\/tribunademinas.audiencelabs.com.br\/reducao-de-fila-do-inss-e-suspensa-apos-faltar-dinheiro\/"},"wordCount":434,"commentCount":0,"publisher":{"@id":"https:\/\/tribunademinas.audiencelabs.com.br\/#organization"},"image":{"@id":"https:\/\/tribunademinas.audiencelabs.com.br\/reducao-de-fila-do-inss-e-suspensa-apos-faltar-dinheiro\/#primaryimage"},"thumbnailUrl":"https:\/\/tribunademinas.audiencelabs.com.br\/wp-content\/uploads\/2025\/10\/INSS-7.webp","articleSection":["Cidadania"],"inLanguage":"pt-BR","potentialAction":[{"@type":"CommentAction","name":"Comment","target":["https:\/\/tribunademinas.audiencelabs.com.br\/reducao-de-fila-do-inss-e-suspensa-apos-faltar-dinheiro\/#respond"]}]},{"@type":"WebPage","@id":"https:\/\/tribunademinas.audiencelabs.com.br\/reducao-de-fila-do-inss-e-suspensa-apos-faltar-dinheiro\/","url":"https:\/\/tribunademinas.audiencelabs.com.br\/reducao-de-fila-do-inss-e-suspensa-apos-faltar-dinheiro\/","name":"Redu\u00e7\u00e3o de fila do INSS \u00e9 suspensa ap\u00f3s faltar dinheiro","isPartOf":{"@id":"https:\/\/tribunademinas.audiencelabs.com.br\/#website"},"primaryImageOfPage":{"@id":"https:\/\/tribunademinas.audiencelabs.com.br\/reducao-de-fila-do-inss-e-suspensa-apos-faltar-dinheiro\/#primaryimage"},"image":{"@id":"https:\/\/tribunademinas.audiencelabs.com.br\/reducao-de-fila-do-inss-e-suspensa-apos-faltar-dinheiro\/#primaryimage"},"thumbnailUrl":"https:\/\/tribunademinas.audiencelabs.com.br\/wp-content\/uploads\/2025\/10\/INSS-7.webp","datePublished":"2025-10-16T16:33:29+00:00","dateModified":"2025-10-16T16:33:35+00:00","description":"O programa criado para acelerar a an\u00e1lise de benef\u00edcios no INSS foi suspenso nesta semana, surpreendendo servidores e milh\u00f5es de segurados.","breadcrumb":{"@id":"https:\/\/tribunademinas.audiencelabs.com.br\/reducao-de-fila-do-inss-e-suspensa-apos-faltar-dinheiro\/#breadcrumb"},"inLanguage":"pt-BR","potentialAction":[{"@type":"ReadAction","target":["https:\/\/tribunademinas.audiencelabs.com.br\/reducao-de-fila-do-inss-e-suspensa-apos-faltar-dinheiro\/"]}]},{"@type":"ImageObject","inLanguage":"pt-BR","@id":"https:\/\/tribunademinas.audiencelabs.com.br\/reducao-de-fila-do-inss-e-suspensa-apos-faltar-dinheiro\/#primaryimage","url":"https:\/\/tribunademinas.audiencelabs.com.br\/wp-content\/uploads\/2025\/10\/INSS-7.webp","contentUrl":"https:\/\/tribunademinas.audiencelabs.com.br\/wp-content\/uploads\/2025\/10\/INSS-7.webp","width":1170,"height":700,"caption":"Redu\u00e7\u00e3o de fila do INSS \u00e9 suspensa ap\u00f3s faltar dinheiro - Imagem: Fabio Rodrigues-Pozzebom\/ Ag\u00eancia Brasil"},{"@type":"BreadcrumbList","@id":"https:\/\/tribunademinas.audiencelabs.com.br\/reducao-de-fila-do-inss-e-suspensa-apos-faltar-dinheiro\/#breadcrumb","itemListElement":[{"@type":"ListItem","position":1,"name":"In\u00edcio","item":"https:\/\/tribunademinas.audiencelabs.com.br\/"},{"@type":"ListItem","position":2,"name":"Redu\u00e7\u00e3o de fila do INSS \u00e9 suspensa ap\u00f3s faltar dinheiro"}]},{"@type":"WebSite","@id":"https:\/\/tribunademinas.audiencelabs.com.br\/#website","url":"https:\/\/tribunademinas.audiencelabs.com.br\/","name":"Tribuna de Minas - Dinheiro e Cidadania","description":"","publisher":{"@id":"https:\/\/tribunademinas.audiencelabs.com.br\/#organization"},"potentialAction":[{"@type":"SearchAction","target":{"@type":"EntryPoint","urlTemplate":"https:\/\/tribunademinas.audiencelabs.com.br\/?s={search_term_string}"},"query-input":{"@type":"PropertyValueSpecification","valueRequired":true,"valueName":"search_term_string"}}],"inLanguage":"pt-BR"},{"@type":"Organization","@id":"https:\/\/tribunademinas.audiencelabs.com.br\/#organization","name":"Tribuna de Minas - Dinheiro e Cidadania","url":"https:\/\/tribunademinas.audiencelabs.com.br\/","logo":{"@type":"ImageObject","inLanguage":"pt-BR","@id":"https:\/\/tribunademinas.audiencelabs.com.br\/#\/schema\/logo\/image\/","url":"https:\/\/tribunademinas.audiencelabs.com.br\/wp-content\/uploads\/2025\/08\/cropped-Tribuna_512x512-96x96-1.png","contentUrl":"https:\/\/tribunademinas.audiencelabs.com.br\/wp-content\/uploads\/2025\/08\/cropped-Tribuna_512x512-96x96-1.png","width":96,"height":96,"caption":"Tribuna de Minas - Dinheiro e Cidadania"},"image":{"@id":"https:\/\/tribunademinas.audiencelabs.com.br\/#\/schema\/logo\/image\/"},"sameAs":["https:\/\/www.facebook.com\/tribunademinas\/","https:\/\/x.com\/tribunademinas","https:\/\/www.instagram.com\/tribunademinas\/","https:\/\/www.youtube.com\/user\/TribunadeMinasJF"]},{"@type":"Person","@id":"https:\/\/tribunademinas.audiencelabs.com.br\/#\/schema\/person\/db18fc40307804bacef94213aa68fd9d","name":"Jeferson Carvalho","image":{"@type":"ImageObject","inLanguage":"pt-BR","@id":"https:\/\/tribunademinas.audiencelabs.com.br\/#\/schema\/person\/image\/","url":"https:\/\/secure.gravatar.com\/avatar\/cd7646e328d9670dad7dea8698522e522745eeffcff5b9d08be858e377ce326b?s=96&d=mm&r=g","contentUrl":"https:\/\/secure.gravatar.com\/avatar\/cd7646e328d9670dad7dea8698522e522745eeffcff5b9d08be858e377ce326b?s=96&d=mm&r=g","caption":"Jeferson Carvalho"},"description":"Jornalista apaixonado pela profiss\u00e3o!","url":"https:\/\/tribunademinas.audiencelabs.com.br\/author\/jeferson\/"}]}},"amp_enabled":true,"_links":{"self":[{"href":"https:\/\/tribunademinas.audiencelabs.com.br\/wp-json\/wp\/v2\/posts\/2629","targetHints":{"allow":["GET"]}}],"collection":[{"href":"https:\/\/tribunademinas.audiencelabs.com.br\/wp-json\/wp\/v2\/posts"}],"about":[{"href":"https:\/\/tribunademinas.audiencelabs.com.br\/wp-json\/wp\/v2\/types\/post"}],"author":[{"embeddable":true,"href":"https:\/\/tribunademinas.audiencelabs.com.br\/wp-json\/wp\/v2\/users\/5"}],"replies":[{"embeddable":true,"href":"https:\/\/tribunademinas.audiencelabs.com.br\/wp-json\/wp\/v2\/comments?post=2629"}],"version-history":[{"count":1,"href":"https:\/\/tribunademinas.audiencelabs.com.br\/wp-json\/wp\/v2\/posts\/2629\/revisions"}],"predecessor-version":[{"id":2632,"href":"https:\/\/tribunademinas.audiencelabs.com.br\/wp-json\/wp\/v2\/posts\/2629\/revisions\/2632"}],"wp:featuredmedia":[{"embeddable":true,"href":"https:\/\/tribunademinas.audiencelabs.com.br\/wp-json\/wp\/v2\/media\/2630"}],"wp:attachment":[{"href":"https:\/\/tribunademinas.audiencelabs.com.br\/wp-json\/wp\/v2\/media?parent=2629"}],"wp:term":[{"taxonomy":"category","embeddable":true,"href":"https:\/\/tribunademinas.audiencelabs.com.br\/wp-json\/wp\/v2\/categories?post=2629"},{"taxonomy":"post_tag","embeddable":true,"href":"https:\/\/tribunademinas.audiencelabs.com.br\/wp-json\/wp\/v2\/tags?post=2629"}],"curies":[{"name":"wp","href":"https:\/\/api.w.org\/{rel}","templated":true}]}}