{"id":2595,"date":"2025-10-16T07:45:00","date_gmt":"2025-10-16T10:45:00","guid":{"rendered":"https:\/\/tribunademinas.audiencelabs.com.br\/?p=2595"},"modified":"2025-10-15T17:40:00","modified_gmt":"2025-10-15T20:40:00","slug":"correios-pode-acabar-sendo-socorrido-por-emprestimo-do-governo","status":"publish","type":"post","link":"https:\/\/tribunademinas.audiencelabs.com.br\/correios-pode-acabar-sendo-socorrido-por-emprestimo-do-governo\/","title":{"rendered":"Correios pode acabar sendo socorrido por empr\u00e9stimo do governo"},"content":{"rendered":"\n<p>Os Correios podem receber um aporte financeiro bilion\u00e1rio do governo federal para enfrentar sua <a href=\"https:\/\/tribunademinas.com.br\/colunas\/maistendencias\/correios-se-encaminham-para-privatizacao-no-brasil\/\"><strong>crise financeira mais grave em anos<\/strong><\/a>. A medida est\u00e1 sendo articulada com a participa\u00e7\u00e3o direta da Caixa Econ\u00f4mica Federal e do Banco do Brasil, dois dos principais bancos estatais do pa\u00eds. <\/p>\n\n\n\n<p>A possibilidade foi confirmada na tarde da \u00faltima quarta-feira (15), pelo presidente da estatal, Emmanoel Schmidt Rondon, durante entrevista coletiva na sede da empresa, em Bras\u00edlia. <\/p>\n\n\n\n<p>Segundo ele, al\u00e9m da linha de cr\u00e9dito, o governo e a dire\u00e7\u00e3o da empresa trabalham em um pacote mais amplo de a\u00e7\u00f5es para estancar os preju\u00edzos acumulados e iniciar um processo de reestrutura\u00e7\u00e3o interna.<\/p>\n\n\n\n<h2 class=\"wp-block-heading\">Correios pode acabar sendo socorrido por empr\u00e9stimo do governo<\/h2>\n\n\n\n<p>O empr\u00e9stimo em discuss\u00e3o prev\u00ea a libera\u00e7\u00e3o de at\u00e9 R$ 20 bilh\u00f5es, com o aval do Tesouro Nacional, o que permitir\u00e1 \u00e0 empresa obter juros mais baixos e prazos estendidos. Desse total, metade deve ser repassada ainda em 2025 e os outros R$ 10 bilh\u00f5es ao longo de 2026. <\/p>\n\n\n\n<p>A opera\u00e7\u00e3o est\u00e1 sendo desenhada com o envolvimento de diversos \u00f3rg\u00e3os do governo, incluindo os minist\u00e9rios da Fazenda, das Comunica\u00e7\u00f5es e da Gest\u00e3o, al\u00e9m de representantes da Procuradoria-Geral da Fazenda Nacional. <\/p>\n\n\n\n<p>Institui\u00e7\u00f5es financeiras privadas tamb\u00e9m poder\u00e3o participar da iniciativa, embora a maior parte dos recursos deva vir dos bancos p\u00fablicos.<\/p>\n\n\n\n<p>Rondon destacou que a obten\u00e7\u00e3o do cr\u00e9dito \u00e9 considerada essencial para dar f\u00f4lego financeiro imediato \u00e0 empresa e permitir a implementa\u00e7\u00e3o de outras frentes de reestrutura\u00e7\u00e3o. <\/p>\n\n\n\n<p>Segundo ele, a atual situa\u00e7\u00e3o fiscal dos Correios exige uma resposta coordenada e estrat\u00e9gica para reverter o rombo que, apenas no primeiro semestre de 2025, chegou a R$ 4,4 bilh\u00f5es.<\/p>\n\n\n\n<h3 class=\"wp-block-heading\">Correios tamb\u00e9m deve tomar outras medidas, como um programa de demiss\u00e3o volunt\u00e1ria<\/h3>\n\n\n\n<p>Entre as medidas complementares, uma das principais ser\u00e1 o lan\u00e7amento de um Programa de Demiss\u00e3o Volunt\u00e1ria (PDV), voltado para a redu\u00e7\u00e3o de custos operacionais. <\/p>\n\n\n\n<p>O presidente esclareceu que o plano ser\u00e1 seletivo, focado em setores com excesso de pessoal, a fim de preservar o funcionamento da empresa. A expectativa \u00e9 de que a ades\u00e3o ao PDV ajude a equilibrar as despesas com a receita, dentro de um modelo mais sustent\u00e1vel.<\/p>\n\n\n\n<p>Tamb\u00e9m est\u00e3o em curso negocia\u00e7\u00f5es com fornecedores para rever contratos e cortar despesas. <\/p>\n\n\n\n<p>Al\u00e9m disso, os Correios devem acelerar a venda de im\u00f3veis n\u00e3o utilizados, com o objetivo de gerar receita extra e reduzir custos com manuten\u00e7\u00e3o.<\/p>\n\n\n\n<p><\/p>\n","protected":false},"excerpt":{"rendered":"<p>Os Correios podem receber um aporte financeiro bilion\u00e1rio do governo federal para enfrentar sua crise financeira mais grave em anos. A medida est\u00e1 sendo articulada com a participa\u00e7\u00e3o direta da Caixa Econ\u00f4mica Federal e do Banco do Brasil, dois dos principais bancos estatais do pa\u00eds. A possibilidade foi confirmada na tarde da \u00faltima quarta-feira (15), [&hellip;]<\/p>\n","protected":false},"author":5,"featured_media":2599,"comment_status":"open","ping_status":"open","sticky":false,"template":"","format":"standard","meta":{"jnews-multi-image_gallery":[],"jnews_single_post":{"format":"standard"},"jnews_primary_category":[],"jnews_social_meta":[],"jnews_post_split":[],"footnotes":""},"categories":[159],"tags":[],"class_list":["post-2595","post","type-post","status-publish","format-standard","has-post-thumbnail","hentry","category-cidadania"],"yoast_head":"<!-- This site is optimized with the Yoast SEO plugin v25.6 - https:\/\/yoast.com\/wordpress\/plugins\/seo\/ -->\n<title>Correios pode acabar sendo socorrido por empr\u00e9stimo do governo<\/title>\n<meta name=\"description\" content=\"Os Correios podem receber um aporte financeiro bilion\u00e1rio do governo federal para enfrentar sua crise financeira mais grave em anos.\" \/>\n<meta name=\"robots\" content=\"index, follow, max-snippet:-1, max-image-preview:large, max-video-preview:-1\" \/>\n<link rel=\"canonical\" href=\"https:\/\/tribunademinas.audiencelabs.com.br\/correios-pode-acabar-sendo-socorrido-por-emprestimo-do-governo\/\" \/>\n<meta property=\"og:locale\" content=\"pt_BR\" \/>\n<meta property=\"og:type\" content=\"article\" \/>\n<meta property=\"og:title\" content=\"Correios pode acabar sendo socorrido por empr\u00e9stimo do governo\" \/>\n<meta property=\"og:description\" content=\"Os Correios podem receber um aporte financeiro bilion\u00e1rio do governo federal para enfrentar sua crise financeira mais grave em anos.\" \/>\n<meta property=\"og:url\" content=\"https:\/\/tribunademinas.audiencelabs.com.br\/correios-pode-acabar-sendo-socorrido-por-emprestimo-do-governo\/\" \/>\n<meta property=\"og:site_name\" content=\"Tribuna de Minas - Dinheiro e Cidadania\" \/>\n<meta property=\"article:publisher\" content=\"https:\/\/www.facebook.com\/tribunademinas\/\" \/>\n<meta property=\"article:published_time\" content=\"2025-10-16T10:45:00+00:00\" \/>\n<meta property=\"og:image\" content=\"https:\/\/tribunademinas.audiencelabs.com.br\/wp-content\/uploads\/2025\/10\/Correios.webp\" \/>\n\t<meta property=\"og:image:width\" content=\"1170\" \/>\n\t<meta property=\"og:image:height\" content=\"700\" \/>\n\t<meta property=\"og:image:type\" content=\"image\/webp\" \/>\n<meta name=\"author\" content=\"Jeferson Carvalho\" \/>\n<meta name=\"twitter:card\" content=\"summary_large_image\" \/>\n<meta name=\"twitter:creator\" content=\"@tribunademinas\" \/>\n<meta name=\"twitter:site\" content=\"@tribunademinas\" \/>\n<meta name=\"twitter:label1\" content=\"Escrito por\" \/>\n\t<meta name=\"twitter:data1\" content=\"Jeferson Carvalho\" \/>\n\t<meta name=\"twitter:label2\" content=\"Est. tempo de leitura\" \/>\n\t<meta name=\"twitter:data2\" content=\"3 minutos\" \/>\n<!-- \/ Yoast SEO plugin. -->","yoast_head_json":{"title":"Correios pode acabar sendo socorrido por empr\u00e9stimo do governo","description":"Os Correios podem receber um aporte financeiro bilion\u00e1rio do governo federal para enfrentar sua crise financeira mais grave em anos.","robots":{"index":"index","follow":"follow","max-snippet":"max-snippet:-1","max-image-preview":"max-image-preview:large","max-video-preview":"max-video-preview:-1"},"canonical":"https:\/\/tribunademinas.audiencelabs.com.br\/correios-pode-acabar-sendo-socorrido-por-emprestimo-do-governo\/","og_locale":"pt_BR","og_type":"article","og_title":"Correios pode acabar sendo socorrido por empr\u00e9stimo do governo","og_description":"Os Correios podem receber um aporte financeiro bilion\u00e1rio do governo federal para enfrentar sua crise financeira mais grave em anos.","og_url":"https:\/\/tribunademinas.audiencelabs.com.br\/correios-pode-acabar-sendo-socorrido-por-emprestimo-do-governo\/","og_site_name":"Tribuna de Minas - Dinheiro e Cidadania","article_publisher":"https:\/\/www.facebook.com\/tribunademinas\/","article_published_time":"2025-10-16T10:45:00+00:00","og_image":[{"width":1170,"height":700,"url":"https:\/\/tribunademinas.audiencelabs.com.br\/wp-content\/uploads\/2025\/10\/Correios.webp","type":"image\/webp"}],"author":"Jeferson Carvalho","twitter_card":"summary_large_image","twitter_creator":"@tribunademinas","twitter_site":"@tribunademinas","twitter_misc":{"Escrito por":"Jeferson Carvalho","Est. tempo de leitura":"3 minutos"},"schema":{"@context":"https:\/\/schema.org","@graph":[{"@type":"Article","@id":"https:\/\/tribunademinas.audiencelabs.com.br\/correios-pode-acabar-sendo-socorrido-por-emprestimo-do-governo\/#article","isPartOf":{"@id":"https:\/\/tribunademinas.audiencelabs.com.br\/correios-pode-acabar-sendo-socorrido-por-emprestimo-do-governo\/"},"author":{"name":"Jeferson Carvalho","@id":"https:\/\/tribunademinas.audiencelabs.com.br\/#\/schema\/person\/db18fc40307804bacef94213aa68fd9d"},"headline":"Correios pode acabar sendo socorrido por empr\u00e9stimo do governo","datePublished":"2025-10-16T10:45:00+00:00","mainEntityOfPage":{"@id":"https:\/\/tribunademinas.audiencelabs.com.br\/correios-pode-acabar-sendo-socorrido-por-emprestimo-do-governo\/"},"wordCount":438,"commentCount":0,"publisher":{"@id":"https:\/\/tribunademinas.audiencelabs.com.br\/#organization"},"image":{"@id":"https:\/\/tribunademinas.audiencelabs.com.br\/correios-pode-acabar-sendo-socorrido-por-emprestimo-do-governo\/#primaryimage"},"thumbnailUrl":"https:\/\/tribunademinas.audiencelabs.com.br\/wp-content\/uploads\/2025\/10\/Correios.webp","articleSection":["Cidadania"],"inLanguage":"pt-BR","potentialAction":[{"@type":"CommentAction","name":"Comment","target":["https:\/\/tribunademinas.audiencelabs.com.br\/correios-pode-acabar-sendo-socorrido-por-emprestimo-do-governo\/#respond"]}]},{"@type":"WebPage","@id":"https:\/\/tribunademinas.audiencelabs.com.br\/correios-pode-acabar-sendo-socorrido-por-emprestimo-do-governo\/","url":"https:\/\/tribunademinas.audiencelabs.com.br\/correios-pode-acabar-sendo-socorrido-por-emprestimo-do-governo\/","name":"Correios pode acabar sendo socorrido por empr\u00e9stimo do governo","isPartOf":{"@id":"https:\/\/tribunademinas.audiencelabs.com.br\/#website"},"primaryImageOfPage":{"@id":"https:\/\/tribunademinas.audiencelabs.com.br\/correios-pode-acabar-sendo-socorrido-por-emprestimo-do-governo\/#primaryimage"},"image":{"@id":"https:\/\/tribunademinas.audiencelabs.com.br\/correios-pode-acabar-sendo-socorrido-por-emprestimo-do-governo\/#primaryimage"},"thumbnailUrl":"https:\/\/tribunademinas.audiencelabs.com.br\/wp-content\/uploads\/2025\/10\/Correios.webp","datePublished":"2025-10-16T10:45:00+00:00","description":"Os Correios podem receber um aporte financeiro bilion\u00e1rio do governo federal para enfrentar sua crise financeira mais grave em anos.","breadcrumb":{"@id":"https:\/\/tribunademinas.audiencelabs.com.br\/correios-pode-acabar-sendo-socorrido-por-emprestimo-do-governo\/#breadcrumb"},"inLanguage":"pt-BR","potentialAction":[{"@type":"ReadAction","target":["https:\/\/tribunademinas.audiencelabs.com.br\/correios-pode-acabar-sendo-socorrido-por-emprestimo-do-governo\/"]}]},{"@type":"ImageObject","inLanguage":"pt-BR","@id":"https:\/\/tribunademinas.audiencelabs.com.br\/correios-pode-acabar-sendo-socorrido-por-emprestimo-do-governo\/#primaryimage","url":"https:\/\/tribunademinas.audiencelabs.com.br\/wp-content\/uploads\/2025\/10\/Correios.webp","contentUrl":"https:\/\/tribunademinas.audiencelabs.com.br\/wp-content\/uploads\/2025\/10\/Correios.webp","width":1170,"height":700,"caption":"Correios pode acabar sendo socorrido por empr\u00e9stimo do governo - Imagem: Jo\u00e9dson Alves\/Ag\u00eancia Brasil"},{"@type":"BreadcrumbList","@id":"https:\/\/tribunademinas.audiencelabs.com.br\/correios-pode-acabar-sendo-socorrido-por-emprestimo-do-governo\/#breadcrumb","itemListElement":[{"@type":"ListItem","position":1,"name":"In\u00edcio","item":"https:\/\/tribunademinas.audiencelabs.com.br\/"},{"@type":"ListItem","position":2,"name":"Correios pode acabar sendo socorrido por empr\u00e9stimo do governo"}]},{"@type":"WebSite","@id":"https:\/\/tribunademinas.audiencelabs.com.br\/#website","url":"https:\/\/tribunademinas.audiencelabs.com.br\/","name":"Tribuna de Minas - Dinheiro e Cidadania","description":"","publisher":{"@id":"https:\/\/tribunademinas.audiencelabs.com.br\/#organization"},"potentialAction":[{"@type":"SearchAction","target":{"@type":"EntryPoint","urlTemplate":"https:\/\/tribunademinas.audiencelabs.com.br\/?s={search_term_string}"},"query-input":{"@type":"PropertyValueSpecification","valueRequired":true,"valueName":"search_term_string"}}],"inLanguage":"pt-BR"},{"@type":"Organization","@id":"https:\/\/tribunademinas.audiencelabs.com.br\/#organization","name":"Tribuna de Minas - Dinheiro e Cidadania","url":"https:\/\/tribunademinas.audiencelabs.com.br\/","logo":{"@type":"ImageObject","inLanguage":"pt-BR","@id":"https:\/\/tribunademinas.audiencelabs.com.br\/#\/schema\/logo\/image\/","url":"https:\/\/tribunademinas.audiencelabs.com.br\/wp-content\/uploads\/2025\/08\/cropped-Tribuna_512x512-96x96-1.png","contentUrl":"https:\/\/tribunademinas.audiencelabs.com.br\/wp-content\/uploads\/2025\/08\/cropped-Tribuna_512x512-96x96-1.png","width":96,"height":96,"caption":"Tribuna de Minas - Dinheiro e Cidadania"},"image":{"@id":"https:\/\/tribunademinas.audiencelabs.com.br\/#\/schema\/logo\/image\/"},"sameAs":["https:\/\/www.facebook.com\/tribunademinas\/","https:\/\/x.com\/tribunademinas","https:\/\/www.instagram.com\/tribunademinas\/","https:\/\/www.youtube.com\/user\/TribunadeMinasJF"]},{"@type":"Person","@id":"https:\/\/tribunademinas.audiencelabs.com.br\/#\/schema\/person\/db18fc40307804bacef94213aa68fd9d","name":"Jeferson Carvalho","image":{"@type":"ImageObject","inLanguage":"pt-BR","@id":"https:\/\/tribunademinas.audiencelabs.com.br\/#\/schema\/person\/image\/","url":"https:\/\/secure.gravatar.com\/avatar\/cd7646e328d9670dad7dea8698522e522745eeffcff5b9d08be858e377ce326b?s=96&d=mm&r=g","contentUrl":"https:\/\/secure.gravatar.com\/avatar\/cd7646e328d9670dad7dea8698522e522745eeffcff5b9d08be858e377ce326b?s=96&d=mm&r=g","caption":"Jeferson Carvalho"},"description":"Jornalista apaixonado pela profiss\u00e3o!","url":"https:\/\/tribunademinas.audiencelabs.com.br\/author\/jeferson\/"}]}},"amp_enabled":true,"_links":{"self":[{"href":"https:\/\/tribunademinas.audiencelabs.com.br\/wp-json\/wp\/v2\/posts\/2595","targetHints":{"allow":["GET"]}}],"collection":[{"href":"https:\/\/tribunademinas.audiencelabs.com.br\/wp-json\/wp\/v2\/posts"}],"about":[{"href":"https:\/\/tribunademinas.audiencelabs.com.br\/wp-json\/wp\/v2\/types\/post"}],"author":[{"embeddable":true,"href":"https:\/\/tribunademinas.audiencelabs.com.br\/wp-json\/wp\/v2\/users\/5"}],"replies":[{"embeddable":true,"href":"https:\/\/tribunademinas.audiencelabs.com.br\/wp-json\/wp\/v2\/comments?post=2595"}],"version-history":[{"count":1,"href":"https:\/\/tribunademinas.audiencelabs.com.br\/wp-json\/wp\/v2\/posts\/2595\/revisions"}],"predecessor-version":[{"id":2600,"href":"https:\/\/tribunademinas.audiencelabs.com.br\/wp-json\/wp\/v2\/posts\/2595\/revisions\/2600"}],"wp:featuredmedia":[{"embeddable":true,"href":"https:\/\/tribunademinas.audiencelabs.com.br\/wp-json\/wp\/v2\/media\/2599"}],"wp:attachment":[{"href":"https:\/\/tribunademinas.audiencelabs.com.br\/wp-json\/wp\/v2\/media?parent=2595"}],"wp:term":[{"taxonomy":"category","embeddable":true,"href":"https:\/\/tribunademinas.audiencelabs.com.br\/wp-json\/wp\/v2\/categories?post=2595"},{"taxonomy":"post_tag","embeddable":true,"href":"https:\/\/tribunademinas.audiencelabs.com.br\/wp-json\/wp\/v2\/tags?post=2595"}],"curies":[{"name":"wp","href":"https:\/\/api.w.org\/{rel}","templated":true}]}}