{"id":2589,"date":"2025-10-18T18:45:00","date_gmt":"2025-10-18T21:45:00","guid":{"rendered":"https:\/\/tribunademinas.audiencelabs.com.br\/?p=2589"},"modified":"2025-10-15T17:24:54","modified_gmt":"2025-10-15T20:24:54","slug":"pensao-por-morte-pode-durar-apenas-120-dias-no-inss","status":"publish","type":"post","link":"https:\/\/tribunademinas.audiencelabs.com.br\/pensao-por-morte-pode-durar-apenas-120-dias-no-inss\/","title":{"rendered":"Pens\u00e3o por morte pode durar apenas 120 dias no INSS"},"content":{"rendered":"\n<p>Destinado\u00a0aos dependentes do segurado\u00a0empregado, empregado dom\u00e9stico, trabalhador avulso, contribuinte individual\u00a0ou\u00a0\u00a0contribuinte\u00a0facultativo, a <strong>pens\u00e3o por morte<\/strong> \u00e9 um benef\u00edcio concedido pelo Instituto Nacional do Seguro Social (INSS) que passa a ser pago ap\u00f3s o falecimento do contribuinte.<\/p>\n\n\n\n<p>Por conta da popularidade de leis antigas, como a Lei Org\u00e2nica da Previd\u00eancia Social (LOPS) de 1960, persiste a cren\u00e7a de que a pens\u00e3o por morte \u00e9 vital\u00edcia. No entanto, o benef\u00edcio passou por mudan\u00e7as ao longo dos anos que, apesar de significativas podem ter passado despercebidas.<\/p>\n\n\n\n<p>E uma delas refere-se especificamente <strong>\u00e0 dura\u00e7\u00e3o do pagamento<\/strong>, que em determinadas condi\u00e7\u00f5es, pode chegar a <strong>apenas 120 dias (4 meses)<\/strong>, que come\u00e7am a ser contados a partir da data do \u00f3bito do segurado. De acordo com a lei atual, isso vale para os seguintes casos (via <em>Gov.br<\/em>):<\/p>\n\n\n\n<ul class=\"wp-block-list\">\n<li>Se o falecimento tiver ocorrido sem ter havido, ao menos, 18 contribui\u00e7\u00f5es mensais \u00e0 Previd\u00eancia;<\/li>\n\n\n\n<li>Se o casamento ou\u00a0a\u00a0uni\u00e3o est\u00e1vel\u00a0tiver\u00a0dura\u00e7\u00e3o\u00a0inferior a\u00a0dois anos antes do falecimento do segurado.<\/li>\n<\/ul>\n\n\n\n<p>Sendo assim, benefici\u00e1rios que se enquadrarem nas situa\u00e7\u00f5es descritas precisam ter em mente n\u00e3o apenas que o benef\u00edcio \u00e9 tempor\u00e1rio, mas tamb\u00e9m que ele durar\u00e1 por um per\u00edodo relativamente curto.<\/p>\n\n\n\n<h2 class=\"wp-block-heading\">Dura\u00e7\u00e3o da pens\u00e3o por morte \u00e9 vari\u00e1vel<\/h2>\n\n\n\n<p>Mesmo cumprindo os requisitos mencionados, \u00e9 importante lembrar que a pens\u00e3o por morte n\u00e3o \u00e9 vital\u00edcia em todos os casos. Afinal, conforme definido pela Portaria ME n\u00ba 424\/2020, os prazos variam de acordo com a idade do dependente, sendo eles:<\/p>\n\n\n\n<ul class=\"wp-block-list\">\n<li><strong>Menos de 22 anos:<\/strong> 3 anos<\/li>\n\n\n\n<li><strong>Entre 22 e 27 anos:<\/strong> 6 anos<\/li>\n\n\n\n<li><strong>Entre 28 e 30 anos:<\/strong> 10 anos<\/li>\n\n\n\n<li><strong>Entre 31 e 41 anos:<\/strong> 15 anos<\/li>\n\n\n\n<li><strong>Entre 42 e 44 anos: <\/strong>20 anos<\/li>\n<\/ul>\n\n\n\n<p>Sendo assim, a pens\u00e3o por morte s\u00f3 ser\u00e1 concedida de forma vital\u00edcia para o c\u00f4njuge ou companheiro que tinha 45 anos ou mais ao falecimento do segurado. Contudo, tamb\u00e9m h\u00e1 exce\u00e7\u00f5es para dependentes com defici\u00eancia grave, intelectual, mental ou em situa\u00e7\u00e3o de invalidez.<\/p>\n","protected":false},"excerpt":{"rendered":"<p>Destinado\u00a0aos dependentes do segurado\u00a0empregado, empregado dom\u00e9stico, trabalhador avulso, contribuinte individual\u00a0ou\u00a0\u00a0contribuinte\u00a0facultativo, a pens\u00e3o por morte \u00e9 um benef\u00edcio concedido pelo Instituto Nacional do Seguro Social (INSS) que passa a ser pago ap\u00f3s o falecimento do contribuinte. Por conta da popularidade de leis antigas, como a Lei Org\u00e2nica da Previd\u00eancia Social (LOPS) de 1960, persiste a cren\u00e7a [&hellip;]<\/p>\n","protected":false},"author":3,"featured_media":2590,"comment_status":"open","ping_status":"open","sticky":false,"template":"","format":"standard","meta":{"jnews-multi-image_gallery":[],"jnews_single_post":{"format":"standard"},"jnews_primary_category":[],"jnews_social_meta":[],"jnews_post_split":[],"footnotes":""},"categories":[159],"tags":[],"class_list":["post-2589","post","type-post","status-publish","format-standard","has-post-thumbnail","hentry","category-cidadania"],"yoast_head":"<!-- This site is optimized with the Yoast SEO plugin v25.6 - https:\/\/yoast.com\/wordpress\/plugins\/seo\/ -->\n<title>Pens\u00e3o por morte pode durar apenas 120 dias no INSS<\/title>\n<meta name=\"robots\" content=\"index, follow, max-snippet:-1, max-image-preview:large, max-video-preview:-1\" \/>\n<link rel=\"canonical\" href=\"https:\/\/tribunademinas.audiencelabs.com.br\/pensao-por-morte-pode-durar-apenas-120-dias-no-inss\/\" \/>\n<meta property=\"og:locale\" content=\"pt_BR\" \/>\n<meta property=\"og:type\" content=\"article\" \/>\n<meta property=\"og:title\" content=\"Pens\u00e3o por morte pode durar apenas 120 dias no INSS\" \/>\n<meta property=\"og:description\" content=\"Destinado\u00a0aos dependentes do segurado\u00a0empregado, empregado dom\u00e9stico, trabalhador avulso, contribuinte individual\u00a0ou\u00a0\u00a0contribuinte\u00a0facultativo, a pens\u00e3o por morte \u00e9 um benef\u00edcio concedido pelo Instituto Nacional do Seguro Social (INSS) que passa a ser pago ap\u00f3s o falecimento do contribuinte. Por conta da popularidade de leis antigas, como a Lei Org\u00e2nica da Previd\u00eancia Social (LOPS) de 1960, persiste a cren\u00e7a [&hellip;]\" \/>\n<meta property=\"og:url\" content=\"https:\/\/tribunademinas.audiencelabs.com.br\/pensao-por-morte-pode-durar-apenas-120-dias-no-inss\/\" \/>\n<meta property=\"og:site_name\" content=\"Tribuna de Minas - Dinheiro e Cidadania\" \/>\n<meta property=\"article:publisher\" content=\"https:\/\/www.facebook.com\/tribunademinas\/\" \/>\n<meta property=\"article:published_time\" content=\"2025-10-18T21:45:00+00:00\" \/>\n<meta property=\"og:image\" content=\"https:\/\/tribunademinas.audiencelabs.com.br\/wp-content\/uploads\/2025\/10\/pensao-por-morte-durar-apenas-120-dias-inss.jpg\" \/>\n\t<meta property=\"og:image:width\" content=\"2000\" \/>\n\t<meta property=\"og:image:height\" content=\"1125\" \/>\n\t<meta property=\"og:image:type\" content=\"image\/jpeg\" \/>\n<meta name=\"author\" content=\"Jo\u00e3o Carlos Gomes\" \/>\n<meta name=\"twitter:card\" content=\"summary_large_image\" \/>\n<meta name=\"twitter:creator\" content=\"@tribunademinas\" \/>\n<meta name=\"twitter:site\" content=\"@tribunademinas\" \/>\n<meta name=\"twitter:label1\" content=\"Escrito por\" \/>\n\t<meta name=\"twitter:data1\" content=\"Jo\u00e3o Carlos Gomes\" \/>\n\t<meta name=\"twitter:label2\" content=\"Est. tempo de leitura\" \/>\n\t<meta name=\"twitter:data2\" content=\"2 minutos\" \/>\n<!-- \/ Yoast SEO plugin. -->","yoast_head_json":{"title":"Pens\u00e3o por morte pode durar apenas 120 dias no INSS","robots":{"index":"index","follow":"follow","max-snippet":"max-snippet:-1","max-image-preview":"max-image-preview:large","max-video-preview":"max-video-preview:-1"},"canonical":"https:\/\/tribunademinas.audiencelabs.com.br\/pensao-por-morte-pode-durar-apenas-120-dias-no-inss\/","og_locale":"pt_BR","og_type":"article","og_title":"Pens\u00e3o por morte pode durar apenas 120 dias no INSS","og_description":"Destinado\u00a0aos dependentes do segurado\u00a0empregado, empregado dom\u00e9stico, trabalhador avulso, contribuinte individual\u00a0ou\u00a0\u00a0contribuinte\u00a0facultativo, a pens\u00e3o por morte \u00e9 um benef\u00edcio concedido pelo Instituto Nacional do Seguro Social (INSS) que passa a ser pago ap\u00f3s o falecimento do contribuinte. Por conta da popularidade de leis antigas, como a Lei Org\u00e2nica da Previd\u00eancia Social (LOPS) de 1960, persiste a cren\u00e7a [&hellip;]","og_url":"https:\/\/tribunademinas.audiencelabs.com.br\/pensao-por-morte-pode-durar-apenas-120-dias-no-inss\/","og_site_name":"Tribuna de Minas - Dinheiro e Cidadania","article_publisher":"https:\/\/www.facebook.com\/tribunademinas\/","article_published_time":"2025-10-18T21:45:00+00:00","og_image":[{"width":2000,"height":1125,"url":"https:\/\/tribunademinas.audiencelabs.com.br\/wp-content\/uploads\/2025\/10\/pensao-por-morte-durar-apenas-120-dias-inss.jpg","type":"image\/jpeg"}],"author":"Jo\u00e3o Carlos Gomes","twitter_card":"summary_large_image","twitter_creator":"@tribunademinas","twitter_site":"@tribunademinas","twitter_misc":{"Escrito por":"Jo\u00e3o Carlos Gomes","Est. tempo de leitura":"2 minutos"},"schema":{"@context":"https:\/\/schema.org","@graph":[{"@type":"Article","@id":"https:\/\/tribunademinas.audiencelabs.com.br\/pensao-por-morte-pode-durar-apenas-120-dias-no-inss\/#article","isPartOf":{"@id":"https:\/\/tribunademinas.audiencelabs.com.br\/pensao-por-morte-pode-durar-apenas-120-dias-no-inss\/"},"author":{"name":"Jo\u00e3o Carlos Gomes","@id":"https:\/\/tribunademinas.audiencelabs.com.br\/#\/schema\/person\/37af466a64a722fadb8ef6841c52114f"},"headline":"Pens\u00e3o por morte pode durar apenas 120 dias no INSS","datePublished":"2025-10-18T21:45:00+00:00","mainEntityOfPage":{"@id":"https:\/\/tribunademinas.audiencelabs.com.br\/pensao-por-morte-pode-durar-apenas-120-dias-no-inss\/"},"wordCount":344,"commentCount":0,"publisher":{"@id":"https:\/\/tribunademinas.audiencelabs.com.br\/#organization"},"image":{"@id":"https:\/\/tribunademinas.audiencelabs.com.br\/pensao-por-morte-pode-durar-apenas-120-dias-no-inss\/#primaryimage"},"thumbnailUrl":"https:\/\/tribunademinas.audiencelabs.com.br\/wp-content\/uploads\/2025\/10\/pensao-por-morte-durar-apenas-120-dias-inss.jpg","articleSection":["Cidadania"],"inLanguage":"pt-BR","potentialAction":[{"@type":"CommentAction","name":"Comment","target":["https:\/\/tribunademinas.audiencelabs.com.br\/pensao-por-morte-pode-durar-apenas-120-dias-no-inss\/#respond"]}]},{"@type":"WebPage","@id":"https:\/\/tribunademinas.audiencelabs.com.br\/pensao-por-morte-pode-durar-apenas-120-dias-no-inss\/","url":"https:\/\/tribunademinas.audiencelabs.com.br\/pensao-por-morte-pode-durar-apenas-120-dias-no-inss\/","name":"Pens\u00e3o por morte pode durar apenas 120 dias no INSS","isPartOf":{"@id":"https:\/\/tribunademinas.audiencelabs.com.br\/#website"},"primaryImageOfPage":{"@id":"https:\/\/tribunademinas.audiencelabs.com.br\/pensao-por-morte-pode-durar-apenas-120-dias-no-inss\/#primaryimage"},"image":{"@id":"https:\/\/tribunademinas.audiencelabs.com.br\/pensao-por-morte-pode-durar-apenas-120-dias-no-inss\/#primaryimage"},"thumbnailUrl":"https:\/\/tribunademinas.audiencelabs.com.br\/wp-content\/uploads\/2025\/10\/pensao-por-morte-durar-apenas-120-dias-inss.jpg","datePublished":"2025-10-18T21:45:00+00:00","breadcrumb":{"@id":"https:\/\/tribunademinas.audiencelabs.com.br\/pensao-por-morte-pode-durar-apenas-120-dias-no-inss\/#breadcrumb"},"inLanguage":"pt-BR","potentialAction":[{"@type":"ReadAction","target":["https:\/\/tribunademinas.audiencelabs.com.br\/pensao-por-morte-pode-durar-apenas-120-dias-no-inss\/"]}]},{"@type":"ImageObject","inLanguage":"pt-BR","@id":"https:\/\/tribunademinas.audiencelabs.com.br\/pensao-por-morte-pode-durar-apenas-120-dias-no-inss\/#primaryimage","url":"https:\/\/tribunademinas.audiencelabs.com.br\/wp-content\/uploads\/2025\/10\/pensao-por-morte-durar-apenas-120-dias-inss.jpg","contentUrl":"https:\/\/tribunademinas.audiencelabs.com.br\/wp-content\/uploads\/2025\/10\/pensao-por-morte-durar-apenas-120-dias-inss.jpg","width":2000,"height":1125,"caption":"Foto: Freepik"},{"@type":"BreadcrumbList","@id":"https:\/\/tribunademinas.audiencelabs.com.br\/pensao-por-morte-pode-durar-apenas-120-dias-no-inss\/#breadcrumb","itemListElement":[{"@type":"ListItem","position":1,"name":"In\u00edcio","item":"https:\/\/tribunademinas.audiencelabs.com.br\/"},{"@type":"ListItem","position":2,"name":"Pens\u00e3o por morte pode durar apenas 120 dias no INSS"}]},{"@type":"WebSite","@id":"https:\/\/tribunademinas.audiencelabs.com.br\/#website","url":"https:\/\/tribunademinas.audiencelabs.com.br\/","name":"Tribuna de Minas - Dinheiro e Cidadania","description":"","publisher":{"@id":"https:\/\/tribunademinas.audiencelabs.com.br\/#organization"},"potentialAction":[{"@type":"SearchAction","target":{"@type":"EntryPoint","urlTemplate":"https:\/\/tribunademinas.audiencelabs.com.br\/?s={search_term_string}"},"query-input":{"@type":"PropertyValueSpecification","valueRequired":true,"valueName":"search_term_string"}}],"inLanguage":"pt-BR"},{"@type":"Organization","@id":"https:\/\/tribunademinas.audiencelabs.com.br\/#organization","name":"Tribuna de Minas - Dinheiro e Cidadania","url":"https:\/\/tribunademinas.audiencelabs.com.br\/","logo":{"@type":"ImageObject","inLanguage":"pt-BR","@id":"https:\/\/tribunademinas.audiencelabs.com.br\/#\/schema\/logo\/image\/","url":"https:\/\/tribunademinas.audiencelabs.com.br\/wp-content\/uploads\/2025\/08\/cropped-Tribuna_512x512-96x96-1.png","contentUrl":"https:\/\/tribunademinas.audiencelabs.com.br\/wp-content\/uploads\/2025\/08\/cropped-Tribuna_512x512-96x96-1.png","width":96,"height":96,"caption":"Tribuna de Minas - Dinheiro e Cidadania"},"image":{"@id":"https:\/\/tribunademinas.audiencelabs.com.br\/#\/schema\/logo\/image\/"},"sameAs":["https:\/\/www.facebook.com\/tribunademinas\/","https:\/\/x.com\/tribunademinas","https:\/\/www.instagram.com\/tribunademinas\/","https:\/\/www.youtube.com\/user\/TribunadeMinasJF"]},{"@type":"Person","@id":"https:\/\/tribunademinas.audiencelabs.com.br\/#\/schema\/person\/37af466a64a722fadb8ef6841c52114f","name":"Jo\u00e3o Carlos Gomes","image":{"@type":"ImageObject","inLanguage":"pt-BR","@id":"https:\/\/tribunademinas.audiencelabs.com.br\/#\/schema\/person\/image\/","url":"https:\/\/secure.gravatar.com\/avatar\/4ce4672dbdd694b329cd6fdb51bee7d1409be1f0ff76a537e4c4a737b2c7d1a9?s=96&d=mm&r=g","contentUrl":"https:\/\/secure.gravatar.com\/avatar\/4ce4672dbdd694b329cd6fdb51bee7d1409be1f0ff76a537e4c4a737b2c7d1a9?s=96&d=mm&r=g","caption":"Jo\u00e3o Carlos Gomes"},"description":"Jornalista formado pelo Centro Universit\u00e1rio Carioca, apreciador da Bossa Nova ao Metal Extremo, criador de conte\u00fado e m\u00fasico independente nas horas vagas.","url":"https:\/\/tribunademinas.audiencelabs.com.br\/author\/joaoc-junior\/"}]}},"amp_enabled":true,"_links":{"self":[{"href":"https:\/\/tribunademinas.audiencelabs.com.br\/wp-json\/wp\/v2\/posts\/2589","targetHints":{"allow":["GET"]}}],"collection":[{"href":"https:\/\/tribunademinas.audiencelabs.com.br\/wp-json\/wp\/v2\/posts"}],"about":[{"href":"https:\/\/tribunademinas.audiencelabs.com.br\/wp-json\/wp\/v2\/types\/post"}],"author":[{"embeddable":true,"href":"https:\/\/tribunademinas.audiencelabs.com.br\/wp-json\/wp\/v2\/users\/3"}],"replies":[{"embeddable":true,"href":"https:\/\/tribunademinas.audiencelabs.com.br\/wp-json\/wp\/v2\/comments?post=2589"}],"version-history":[{"count":1,"href":"https:\/\/tribunademinas.audiencelabs.com.br\/wp-json\/wp\/v2\/posts\/2589\/revisions"}],"predecessor-version":[{"id":2596,"href":"https:\/\/tribunademinas.audiencelabs.com.br\/wp-json\/wp\/v2\/posts\/2589\/revisions\/2596"}],"wp:featuredmedia":[{"embeddable":true,"href":"https:\/\/tribunademinas.audiencelabs.com.br\/wp-json\/wp\/v2\/media\/2590"}],"wp:attachment":[{"href":"https:\/\/tribunademinas.audiencelabs.com.br\/wp-json\/wp\/v2\/media?parent=2589"}],"wp:term":[{"taxonomy":"category","embeddable":true,"href":"https:\/\/tribunademinas.audiencelabs.com.br\/wp-json\/wp\/v2\/categories?post=2589"},{"taxonomy":"post_tag","embeddable":true,"href":"https:\/\/tribunademinas.audiencelabs.com.br\/wp-json\/wp\/v2\/tags?post=2589"}],"curies":[{"name":"wp","href":"https:\/\/api.w.org\/{rel}","templated":true}]}}