{"id":2580,"date":"2025-10-16T16:00:00","date_gmt":"2025-10-16T19:00:00","guid":{"rendered":"https:\/\/tribunademinas.audiencelabs.com.br\/?p=2580"},"modified":"2025-10-16T19:56:14","modified_gmt":"2025-10-16T22:56:14","slug":"lista-de-quem-vai-receber-r-12-mil-ou-mais-do-governo","status":"publish","type":"post","link":"https:\/\/tribunademinas.audiencelabs.com.br\/lista-de-quem-vai-receber-r-12-mil-ou-mais-do-governo\/","title":{"rendered":"Voc\u00ea pode receber R$ 12 mil ou mais do Governo"},"content":{"rendered":"\n<p>Uma grande chance pode surgir muito em breve para quem est\u00e1 em busca de estabilidade profissional e excelentes sal\u00e1rios. Isso porque o <strong>Departamento Estadual de Tr\u00e2nsito (Detran)<\/strong> anunciou recentemente a abertura de seu mais novo concurso p\u00fablico.<\/p>\n\n\n\n<p>Ofertando mais de 800 vagas para diferentes regi\u00f5es do pa\u00eds, o \u00f3rg\u00e3o promete disponibilizar <strong>remunera\u00e7\u00f5es iniciais que podem chegar a mais de R$ 12 mil<\/strong>, acrescidas de benef\u00edcios, para cargos de n\u00edvel m\u00e9dio e superior.<\/p>\n\n\n\n<p>As oportunidades ofertadas compreendem fun\u00e7\u00f5es como Assistente T\u00e9cnico Administrativo, Assistente T\u00e9cnico de Tr\u00e2nsito e Analista de Tr\u00e2nsito, e os benef\u00edcios oferecidos incluem vale-alimenta\u00e7\u00e3o e transporte, aux\u00edlio sa\u00fade e creche, al\u00e9m de planos de carreira com progress\u00e3o salarial e gratifica\u00e7\u00f5es por desempenho.<\/p>\n\n\n\n<p>\u00c9 importante destacar que<strong> o edital ainda n\u00e3o foi divulgado<\/strong>, mas a previs\u00e3o \u00e9 de que ele ser\u00e1 publicado em dezembro deste ano. Entretanto, informa\u00e7\u00f5es como a banca organizadora e o valor da prova ainda n\u00e3o foram confirmadas.<\/p>\n\n\n\n<h2 class=\"wp-block-heading\">Concurso Detran 2025: cidades e mais informa\u00e7\u00f5es<\/h2>\n\n\n\n<p>At\u00e9 o momento, apenas os <strong>Detrans do Rio de Janeiro, Esp\u00edrito Santo e Distrito Federal<\/strong> confirmaram a abertura de vagas que, por sua vez, totalizam, as mais de 800 oportunidades citadas anteriormente.<\/p>\n\n\n\n<p>Contudo, vale ressaltar que a Cidade Maravilhosa est\u00e1 oferecendo o processo seletivo mais robusto, considerando que est\u00e3o <strong>previstas cerca de 552 vagas imediatas<\/strong>, al\u00e9m da forma\u00e7\u00e3o de cadastro de reserva para cargos como Assistente T\u00e9cnico Administrativo, Assistente T\u00e9cnico de Tr\u00e2nsito, Analista de Gest\u00e3o e Analista de Tr\u00e2nsito.<\/p>\n\n\n\n<p>J\u00e1 o Detran do Esp\u00edrito Santo contar\u00e1, de acordo com o <em>Estrat\u00e9gia Concursos<\/em>, com 94 vagas distribu\u00eddas entre os cargos de Analista e Assistente de Tr\u00e2nsito. Contudo, de acordo com o portal <em>Tempo Novo<\/em>, o n\u00famero de oportunidades pode chegar a 200.<\/p>\n\n\n\n<p>No Distrito Federal, fontes especializadas afirmam, com base em an\u00fancios e planos para realiza\u00e7\u00e3o do certame, que devem ser oferecidas pelo menos 182 vagas para o cargo de Agente de Tr\u00e2nsito.<\/p>\n","protected":false},"excerpt":{"rendered":"<p>Uma grande chance pode surgir muito em breve para quem est\u00e1 em busca de estabilidade profissional e excelentes sal\u00e1rios. Isso porque o Departamento Estadual de Tr\u00e2nsito (Detran) anunciou recentemente a abertura de seu mais novo concurso p\u00fablico. Ofertando mais de 800 vagas para diferentes regi\u00f5es do pa\u00eds, o \u00f3rg\u00e3o promete disponibilizar remunera\u00e7\u00f5es iniciais que podem [&hellip;]<\/p>\n","protected":false},"author":3,"featured_media":2581,"comment_status":"open","ping_status":"open","sticky":false,"template":"","format":"standard","meta":{"jnews-multi-image_gallery":[],"jnews_single_post":{"format":"standard"},"jnews_primary_category":[],"jnews_social_meta":[],"jnews_post_split":[],"footnotes":""},"categories":[1],"tags":[],"class_list":["post-2580","post","type-post","status-publish","format-standard","has-post-thumbnail","hentry","category-dinheiro"],"yoast_head":"<!-- This site is optimized with the Yoast SEO plugin v25.6 - https:\/\/yoast.com\/wordpress\/plugins\/seo\/ -->\n<title>Voc\u00ea pode receber R$ 12 mil ou mais do Governo<\/title>\n<meta name=\"robots\" content=\"index, follow, max-snippet:-1, max-image-preview:large, max-video-preview:-1\" \/>\n<link rel=\"canonical\" href=\"https:\/\/tribunademinas.audiencelabs.com.br\/lista-de-quem-vai-receber-r-12-mil-ou-mais-do-governo\/\" \/>\n<meta property=\"og:locale\" content=\"pt_BR\" \/>\n<meta property=\"og:type\" content=\"article\" \/>\n<meta property=\"og:title\" content=\"Voc\u00ea pode receber R$ 12 mil ou mais do Governo\" \/>\n<meta property=\"og:description\" content=\"Uma grande chance pode surgir muito em breve para quem est\u00e1 em busca de estabilidade profissional e excelentes sal\u00e1rios. Isso porque o Departamento Estadual de Tr\u00e2nsito (Detran) anunciou recentemente a abertura de seu mais novo concurso p\u00fablico. Ofertando mais de 800 vagas para diferentes regi\u00f5es do pa\u00eds, o \u00f3rg\u00e3o promete disponibilizar remunera\u00e7\u00f5es iniciais que podem [&hellip;]\" \/>\n<meta property=\"og:url\" content=\"https:\/\/tribunademinas.audiencelabs.com.br\/lista-de-quem-vai-receber-r-12-mil-ou-mais-do-governo\/\" \/>\n<meta property=\"og:site_name\" content=\"Tribuna de Minas - Dinheiro e Cidadania\" \/>\n<meta property=\"article:publisher\" content=\"https:\/\/www.facebook.com\/tribunademinas\/\" \/>\n<meta property=\"article:published_time\" content=\"2025-10-16T19:00:00+00:00\" \/>\n<meta property=\"article:modified_time\" content=\"2025-10-16T22:56:14+00:00\" \/>\n<meta property=\"og:image\" content=\"https:\/\/tribunademinas.audiencelabs.com.br\/wp-content\/uploads\/2025\/10\/lista-quem-vai-receber-12-mil-ou-mais-governo.webp\" \/>\n\t<meta property=\"og:image:width\" content=\"1280\" \/>\n\t<meta property=\"og:image:height\" content=\"720\" \/>\n\t<meta property=\"og:image:type\" content=\"image\/webp\" \/>\n<meta name=\"author\" content=\"Jo\u00e3o Carlos Gomes\" \/>\n<meta name=\"twitter:card\" content=\"summary_large_image\" \/>\n<meta name=\"twitter:creator\" content=\"@tribunademinas\" \/>\n<meta name=\"twitter:site\" content=\"@tribunademinas\" \/>\n<meta name=\"twitter:label1\" content=\"Escrito por\" \/>\n\t<meta name=\"twitter:data1\" content=\"Jo\u00e3o Carlos Gomes\" \/>\n\t<meta name=\"twitter:label2\" content=\"Est. tempo de leitura\" \/>\n\t<meta name=\"twitter:data2\" content=\"2 minutos\" \/>\n<!-- \/ Yoast SEO plugin. -->","yoast_head_json":{"title":"Voc\u00ea pode receber R$ 12 mil ou mais do Governo","robots":{"index":"index","follow":"follow","max-snippet":"max-snippet:-1","max-image-preview":"max-image-preview:large","max-video-preview":"max-video-preview:-1"},"canonical":"https:\/\/tribunademinas.audiencelabs.com.br\/lista-de-quem-vai-receber-r-12-mil-ou-mais-do-governo\/","og_locale":"pt_BR","og_type":"article","og_title":"Voc\u00ea pode receber R$ 12 mil ou mais do Governo","og_description":"Uma grande chance pode surgir muito em breve para quem est\u00e1 em busca de estabilidade profissional e excelentes sal\u00e1rios. Isso porque o Departamento Estadual de Tr\u00e2nsito (Detran) anunciou recentemente a abertura de seu mais novo concurso p\u00fablico. Ofertando mais de 800 vagas para diferentes regi\u00f5es do pa\u00eds, o \u00f3rg\u00e3o promete disponibilizar remunera\u00e7\u00f5es iniciais que podem [&hellip;]","og_url":"https:\/\/tribunademinas.audiencelabs.com.br\/lista-de-quem-vai-receber-r-12-mil-ou-mais-do-governo\/","og_site_name":"Tribuna de Minas - Dinheiro e Cidadania","article_publisher":"https:\/\/www.facebook.com\/tribunademinas\/","article_published_time":"2025-10-16T19:00:00+00:00","article_modified_time":"2025-10-16T22:56:14+00:00","og_image":[{"width":1280,"height":720,"url":"https:\/\/tribunademinas.audiencelabs.com.br\/wp-content\/uploads\/2025\/10\/lista-quem-vai-receber-12-mil-ou-mais-governo.webp","type":"image\/webp"}],"author":"Jo\u00e3o Carlos Gomes","twitter_card":"summary_large_image","twitter_creator":"@tribunademinas","twitter_site":"@tribunademinas","twitter_misc":{"Escrito por":"Jo\u00e3o Carlos Gomes","Est. tempo de leitura":"2 minutos"},"schema":{"@context":"https:\/\/schema.org","@graph":[{"@type":"Article","@id":"https:\/\/tribunademinas.audiencelabs.com.br\/lista-de-quem-vai-receber-r-12-mil-ou-mais-do-governo\/#article","isPartOf":{"@id":"https:\/\/tribunademinas.audiencelabs.com.br\/lista-de-quem-vai-receber-r-12-mil-ou-mais-do-governo\/"},"author":{"name":"Jo\u00e3o Carlos Gomes","@id":"https:\/\/tribunademinas.audiencelabs.com.br\/#\/schema\/person\/37af466a64a722fadb8ef6841c52114f"},"headline":"Voc\u00ea pode receber R$ 12 mil ou mais do Governo","datePublished":"2025-10-16T19:00:00+00:00","dateModified":"2025-10-16T22:56:14+00:00","mainEntityOfPage":{"@id":"https:\/\/tribunademinas.audiencelabs.com.br\/lista-de-quem-vai-receber-r-12-mil-ou-mais-do-governo\/"},"wordCount":353,"commentCount":0,"publisher":{"@id":"https:\/\/tribunademinas.audiencelabs.com.br\/#organization"},"image":{"@id":"https:\/\/tribunademinas.audiencelabs.com.br\/lista-de-quem-vai-receber-r-12-mil-ou-mais-do-governo\/#primaryimage"},"thumbnailUrl":"https:\/\/tribunademinas.audiencelabs.com.br\/wp-content\/uploads\/2025\/10\/lista-quem-vai-receber-12-mil-ou-mais-governo.webp","articleSection":["Dinheiro"],"inLanguage":"pt-BR","potentialAction":[{"@type":"CommentAction","name":"Comment","target":["https:\/\/tribunademinas.audiencelabs.com.br\/lista-de-quem-vai-receber-r-12-mil-ou-mais-do-governo\/#respond"]}]},{"@type":"WebPage","@id":"https:\/\/tribunademinas.audiencelabs.com.br\/lista-de-quem-vai-receber-r-12-mil-ou-mais-do-governo\/","url":"https:\/\/tribunademinas.audiencelabs.com.br\/lista-de-quem-vai-receber-r-12-mil-ou-mais-do-governo\/","name":"Voc\u00ea pode receber R$ 12 mil ou mais do Governo","isPartOf":{"@id":"https:\/\/tribunademinas.audiencelabs.com.br\/#website"},"primaryImageOfPage":{"@id":"https:\/\/tribunademinas.audiencelabs.com.br\/lista-de-quem-vai-receber-r-12-mil-ou-mais-do-governo\/#primaryimage"},"image":{"@id":"https:\/\/tribunademinas.audiencelabs.com.br\/lista-de-quem-vai-receber-r-12-mil-ou-mais-do-governo\/#primaryimage"},"thumbnailUrl":"https:\/\/tribunademinas.audiencelabs.com.br\/wp-content\/uploads\/2025\/10\/lista-quem-vai-receber-12-mil-ou-mais-governo.webp","datePublished":"2025-10-16T19:00:00+00:00","dateModified":"2025-10-16T22:56:14+00:00","breadcrumb":{"@id":"https:\/\/tribunademinas.audiencelabs.com.br\/lista-de-quem-vai-receber-r-12-mil-ou-mais-do-governo\/#breadcrumb"},"inLanguage":"pt-BR","potentialAction":[{"@type":"ReadAction","target":["https:\/\/tribunademinas.audiencelabs.com.br\/lista-de-quem-vai-receber-r-12-mil-ou-mais-do-governo\/"]}]},{"@type":"ImageObject","inLanguage":"pt-BR","@id":"https:\/\/tribunademinas.audiencelabs.com.br\/lista-de-quem-vai-receber-r-12-mil-ou-mais-do-governo\/#primaryimage","url":"https:\/\/tribunademinas.audiencelabs.com.br\/wp-content\/uploads\/2025\/10\/lista-quem-vai-receber-12-mil-ou-mais-governo.webp","contentUrl":"https:\/\/tribunademinas.audiencelabs.com.br\/wp-content\/uploads\/2025\/10\/lista-quem-vai-receber-12-mil-ou-mais-governo.webp","width":1280,"height":720,"caption":"Foto: Marcello Casal Jr\/Ag\u00eancia Brasil"},{"@type":"BreadcrumbList","@id":"https:\/\/tribunademinas.audiencelabs.com.br\/lista-de-quem-vai-receber-r-12-mil-ou-mais-do-governo\/#breadcrumb","itemListElement":[{"@type":"ListItem","position":1,"name":"In\u00edcio","item":"https:\/\/tribunademinas.audiencelabs.com.br\/"},{"@type":"ListItem","position":2,"name":"Voc\u00ea pode receber R$ 12 mil ou mais do Governo"}]},{"@type":"WebSite","@id":"https:\/\/tribunademinas.audiencelabs.com.br\/#website","url":"https:\/\/tribunademinas.audiencelabs.com.br\/","name":"Tribuna de Minas - Dinheiro e Cidadania","description":"","publisher":{"@id":"https:\/\/tribunademinas.audiencelabs.com.br\/#organization"},"potentialAction":[{"@type":"SearchAction","target":{"@type":"EntryPoint","urlTemplate":"https:\/\/tribunademinas.audiencelabs.com.br\/?s={search_term_string}"},"query-input":{"@type":"PropertyValueSpecification","valueRequired":true,"valueName":"search_term_string"}}],"inLanguage":"pt-BR"},{"@type":"Organization","@id":"https:\/\/tribunademinas.audiencelabs.com.br\/#organization","name":"Tribuna de Minas - Dinheiro e Cidadania","url":"https:\/\/tribunademinas.audiencelabs.com.br\/","logo":{"@type":"ImageObject","inLanguage":"pt-BR","@id":"https:\/\/tribunademinas.audiencelabs.com.br\/#\/schema\/logo\/image\/","url":"https:\/\/tribunademinas.audiencelabs.com.br\/wp-content\/uploads\/2025\/08\/cropped-Tribuna_512x512-96x96-1.png","contentUrl":"https:\/\/tribunademinas.audiencelabs.com.br\/wp-content\/uploads\/2025\/08\/cropped-Tribuna_512x512-96x96-1.png","width":96,"height":96,"caption":"Tribuna de Minas - Dinheiro e Cidadania"},"image":{"@id":"https:\/\/tribunademinas.audiencelabs.com.br\/#\/schema\/logo\/image\/"},"sameAs":["https:\/\/www.facebook.com\/tribunademinas\/","https:\/\/x.com\/tribunademinas","https:\/\/www.instagram.com\/tribunademinas\/","https:\/\/www.youtube.com\/user\/TribunadeMinasJF"]},{"@type":"Person","@id":"https:\/\/tribunademinas.audiencelabs.com.br\/#\/schema\/person\/37af466a64a722fadb8ef6841c52114f","name":"Jo\u00e3o Carlos Gomes","image":{"@type":"ImageObject","inLanguage":"pt-BR","@id":"https:\/\/tribunademinas.audiencelabs.com.br\/#\/schema\/person\/image\/","url":"https:\/\/secure.gravatar.com\/avatar\/4ce4672dbdd694b329cd6fdb51bee7d1409be1f0ff76a537e4c4a737b2c7d1a9?s=96&d=mm&r=g","contentUrl":"https:\/\/secure.gravatar.com\/avatar\/4ce4672dbdd694b329cd6fdb51bee7d1409be1f0ff76a537e4c4a737b2c7d1a9?s=96&d=mm&r=g","caption":"Jo\u00e3o Carlos Gomes"},"description":"Jornalista formado pelo Centro Universit\u00e1rio Carioca, apreciador da Bossa Nova ao Metal Extremo, criador de conte\u00fado e m\u00fasico independente nas horas vagas.","url":"https:\/\/tribunademinas.audiencelabs.com.br\/author\/joaoc-junior\/"}]}},"amp_enabled":true,"_links":{"self":[{"href":"https:\/\/tribunademinas.audiencelabs.com.br\/wp-json\/wp\/v2\/posts\/2580","targetHints":{"allow":["GET"]}}],"collection":[{"href":"https:\/\/tribunademinas.audiencelabs.com.br\/wp-json\/wp\/v2\/posts"}],"about":[{"href":"https:\/\/tribunademinas.audiencelabs.com.br\/wp-json\/wp\/v2\/types\/post"}],"author":[{"embeddable":true,"href":"https:\/\/tribunademinas.audiencelabs.com.br\/wp-json\/wp\/v2\/users\/3"}],"replies":[{"embeddable":true,"href":"https:\/\/tribunademinas.audiencelabs.com.br\/wp-json\/wp\/v2\/comments?post=2580"}],"version-history":[{"count":2,"href":"https:\/\/tribunademinas.audiencelabs.com.br\/wp-json\/wp\/v2\/posts\/2580\/revisions"}],"predecessor-version":[{"id":2674,"href":"https:\/\/tribunademinas.audiencelabs.com.br\/wp-json\/wp\/v2\/posts\/2580\/revisions\/2674"}],"wp:featuredmedia":[{"embeddable":true,"href":"https:\/\/tribunademinas.audiencelabs.com.br\/wp-json\/wp\/v2\/media\/2581"}],"wp:attachment":[{"href":"https:\/\/tribunademinas.audiencelabs.com.br\/wp-json\/wp\/v2\/media?parent=2580"}],"wp:term":[{"taxonomy":"category","embeddable":true,"href":"https:\/\/tribunademinas.audiencelabs.com.br\/wp-json\/wp\/v2\/categories?post=2580"},{"taxonomy":"post_tag","embeddable":true,"href":"https:\/\/tribunademinas.audiencelabs.com.br\/wp-json\/wp\/v2\/tags?post=2580"}],"curies":[{"name":"wp","href":"https:\/\/api.w.org\/{rel}","templated":true}]}}