{"id":2575,"date":"2025-10-16T14:00:00","date_gmt":"2025-10-16T17:00:00","guid":{"rendered":"https:\/\/tribunademinas.audiencelabs.com.br\/?p=2575"},"modified":"2025-10-15T16:15:20","modified_gmt":"2025-10-15T19:15:20","slug":"480-vagas-no-bpc-serao-ofertadas-pelo-inss-no-sabado-18","status":"publish","type":"post","link":"https:\/\/tribunademinas.audiencelabs.com.br\/480-vagas-no-bpc-serao-ofertadas-pelo-inss-no-sabado-18\/","title":{"rendered":"480 vagas no BPC ser\u00e3o ofertadas pelo INSS no s\u00e1bado (18)"},"content":{"rendered":"\n<p>Devido ao grande volume de solicita\u00e7\u00f5es e ao tempo necess\u00e1rio para an\u00e1lise, o <strong>Benef\u00edcio de Presta\u00e7\u00e3o Continuada (BPC)<\/strong> costuma gerar longas filas de espera. Contudo, a partir deste s\u00e1bado (18), essa situa\u00e7\u00e3o pode melhorar no Rio de Janeiro.<\/p>\n\n\n\n<p>Isso porque o Instituto Nacional do Seguro Social (INSS) est\u00e1 <strong>disponibilizando 480 vagas para avalia\u00e7\u00f5es sociais<\/strong> em pelo menos quatro ag\u00eancias do estado, visando n\u00e3o apenas reduzir o tempo de espera para pessoas em situa\u00e7\u00e3o de vulnerabilidade, mas tamb\u00e9m a fila atual.<\/p>\n\n\n\n<p>Interessados em aproveitar a oportunidade precisam agendar um atendimento atrav\u00e9s do site ou aplicativo Meu INSS ou pela central telef\u00f4nica 135, que atende de segunda-feira a s\u00e1bado, das 7h \u00e0s 22h, na ag\u00eancia mais pr\u00f3xima de sua resid\u00eancia. Os endere\u00e7os s\u00e3o:<\/p>\n\n\n\n<ul class=\"wp-block-list\">\n<li><strong>Ag\u00eancia da Avenida Brasil <\/strong>(Av. Brasil, 17673 &#8211; Iraj\u00e1) \u2013 110 vagas<\/li>\n\n\n\n<li><strong>Ag\u00eancia da Barra da Tijuca<\/strong> (Av. Armando Lombardi, 385 &#8211; Barra da Tijuca) \u2013 80 vagas<\/li>\n\n\n\n<li><strong>Ag\u00eancia de Nova Igua\u00e7u<\/strong> (R. Estados Unidos, 300 &#8211; Metr\u00f3pole) \u2013 110 vagas<\/li>\n\n\n\n<li><strong>Ag\u00eancia de S\u00e3o Gon\u00e7alo<\/strong> (R. Cel. Moreira C\u00e9sar, 169 &#8211; Centro) \u2013 180 vagas<\/li>\n<\/ul>\n\n\n\n<p>O atendimento consistir\u00e1 na antecipa\u00e7\u00e3o de etapas, reunindo avalia\u00e7\u00e3o social, an\u00e1lise administrativa e, quando necess\u00e1rio, per\u00edcia m\u00e9dica em um \u00fanico dia. Mas para que tudo seja feito corretamente, \u00e9 essencial lembrar de levar documentos pessoais e manter o <strong>Cadastro \u00danico (Cad\u00danico)<\/strong> atualizado.<\/p>\n\n\n\n<h2 class=\"wp-block-heading\">BPC: crit\u00e9rios e como solicitar<\/h2>\n\n\n\n<p>O BPC \u00e9 um benef\u00edcio de car\u00e1ter assistencial que garante um suporte mensal para <strong><strong>idosos com 65 anos ou mais e pessoas com defici\u00eancia em situa\u00e7\u00e3o de vulnerabilidade<\/strong><\/strong>, equivalente ao valor do sal\u00e1rio m\u00ednimo vigente.<\/p>\n\n\n\n<p>Apesar de ser operacionalizado pelo INSS, o BPC n\u00e3o exige contribui\u00e7\u00e3o previdenci\u00e1ria. No entanto, \u00e9 preciso comprovar que a renda per capita da fam\u00edlia \u00e9 menor que 1\/4 do sal\u00e1rio m\u00ednimo atual, al\u00e9m de ser inscrito no Cad\u00danico, conforme mencionado anteriormente.<\/p>\n\n\n\n<p>O BPC pode ser solicitado online pelo Meu INSS, enviando documentos como CPF, RG, comprovante de renda familiar, comprovante do Cad\u00danico atualizado e, se necess\u00e1rio, laudos m\u00e9dicos. Contudo, tamb\u00e9m \u00e9 poss\u00edvel realizar o atendimento presencial, agendando previamente uma visita \u00e0 ag\u00eancia.<\/p>\n","protected":false},"excerpt":{"rendered":"<p>Devido ao grande volume de solicita\u00e7\u00f5es e ao tempo necess\u00e1rio para an\u00e1lise, o Benef\u00edcio de Presta\u00e7\u00e3o Continuada (BPC) costuma gerar longas filas de espera. Contudo, a partir deste s\u00e1bado (18), essa situa\u00e7\u00e3o pode melhorar no Rio de Janeiro. Isso porque o Instituto Nacional do Seguro Social (INSS) est\u00e1 disponibilizando 480 vagas para avalia\u00e7\u00f5es sociais em [&hellip;]<\/p>\n","protected":false},"author":3,"featured_media":2576,"comment_status":"open","ping_status":"open","sticky":false,"template":"","format":"standard","meta":{"jnews-multi-image_gallery":[],"jnews_single_post":{"format":"standard"},"jnews_primary_category":[],"jnews_social_meta":[],"jnews_post_split":[],"footnotes":""},"categories":[159],"tags":[],"class_list":["post-2575","post","type-post","status-publish","format-standard","has-post-thumbnail","hentry","category-cidadania"],"yoast_head":"<!-- This site is optimized with the Yoast SEO plugin v25.6 - https:\/\/yoast.com\/wordpress\/plugins\/seo\/ -->\n<title>480 vagas no BPC ser\u00e3o ofertadas pelo INSS no s\u00e1bado (18)<\/title>\n<meta name=\"robots\" content=\"index, follow, max-snippet:-1, max-image-preview:large, max-video-preview:-1\" \/>\n<link rel=\"canonical\" href=\"https:\/\/tribunademinas.audiencelabs.com.br\/480-vagas-no-bpc-serao-ofertadas-pelo-inss-no-sabado-18\/\" \/>\n<meta property=\"og:locale\" content=\"pt_BR\" \/>\n<meta property=\"og:type\" content=\"article\" \/>\n<meta property=\"og:title\" content=\"480 vagas no BPC ser\u00e3o ofertadas pelo INSS no s\u00e1bado (18)\" \/>\n<meta property=\"og:description\" content=\"Devido ao grande volume de solicita\u00e7\u00f5es e ao tempo necess\u00e1rio para an\u00e1lise, o Benef\u00edcio de Presta\u00e7\u00e3o Continuada (BPC) costuma gerar longas filas de espera. Contudo, a partir deste s\u00e1bado (18), essa situa\u00e7\u00e3o pode melhorar no Rio de Janeiro. Isso porque o Instituto Nacional do Seguro Social (INSS) est\u00e1 disponibilizando 480 vagas para avalia\u00e7\u00f5es sociais em [&hellip;]\" \/>\n<meta property=\"og:url\" content=\"https:\/\/tribunademinas.audiencelabs.com.br\/480-vagas-no-bpc-serao-ofertadas-pelo-inss-no-sabado-18\/\" \/>\n<meta property=\"og:site_name\" content=\"Tribuna de Minas - Dinheiro e Cidadania\" \/>\n<meta property=\"article:publisher\" content=\"https:\/\/www.facebook.com\/tribunademinas\/\" \/>\n<meta property=\"article:published_time\" content=\"2025-10-16T17:00:00+00:00\" \/>\n<meta property=\"og:image\" content=\"https:\/\/tribunademinas.audiencelabs.com.br\/wp-content\/uploads\/2025\/10\/480-vagas-bpc-ofertadas-inss.jpg\" \/>\n\t<meta property=\"og:image:width\" content=\"2000\" \/>\n\t<meta property=\"og:image:height\" content=\"1125\" \/>\n\t<meta property=\"og:image:type\" content=\"image\/jpeg\" \/>\n<meta name=\"author\" content=\"Jo\u00e3o Carlos Gomes\" \/>\n<meta name=\"twitter:card\" content=\"summary_large_image\" \/>\n<meta name=\"twitter:creator\" content=\"@tribunademinas\" \/>\n<meta name=\"twitter:site\" content=\"@tribunademinas\" \/>\n<meta name=\"twitter:label1\" content=\"Escrito por\" \/>\n\t<meta name=\"twitter:data1\" content=\"Jo\u00e3o Carlos Gomes\" \/>\n\t<meta name=\"twitter:label2\" content=\"Est. tempo de leitura\" \/>\n\t<meta name=\"twitter:data2\" content=\"3 minutos\" \/>\n<!-- \/ Yoast SEO plugin. -->","yoast_head_json":{"title":"480 vagas no BPC ser\u00e3o ofertadas pelo INSS no s\u00e1bado (18)","robots":{"index":"index","follow":"follow","max-snippet":"max-snippet:-1","max-image-preview":"max-image-preview:large","max-video-preview":"max-video-preview:-1"},"canonical":"https:\/\/tribunademinas.audiencelabs.com.br\/480-vagas-no-bpc-serao-ofertadas-pelo-inss-no-sabado-18\/","og_locale":"pt_BR","og_type":"article","og_title":"480 vagas no BPC ser\u00e3o ofertadas pelo INSS no s\u00e1bado (18)","og_description":"Devido ao grande volume de solicita\u00e7\u00f5es e ao tempo necess\u00e1rio para an\u00e1lise, o Benef\u00edcio de Presta\u00e7\u00e3o Continuada (BPC) costuma gerar longas filas de espera. Contudo, a partir deste s\u00e1bado (18), essa situa\u00e7\u00e3o pode melhorar no Rio de Janeiro. Isso porque o Instituto Nacional do Seguro Social (INSS) est\u00e1 disponibilizando 480 vagas para avalia\u00e7\u00f5es sociais em [&hellip;]","og_url":"https:\/\/tribunademinas.audiencelabs.com.br\/480-vagas-no-bpc-serao-ofertadas-pelo-inss-no-sabado-18\/","og_site_name":"Tribuna de Minas - Dinheiro e Cidadania","article_publisher":"https:\/\/www.facebook.com\/tribunademinas\/","article_published_time":"2025-10-16T17:00:00+00:00","og_image":[{"width":2000,"height":1125,"url":"https:\/\/tribunademinas.audiencelabs.com.br\/wp-content\/uploads\/2025\/10\/480-vagas-bpc-ofertadas-inss.jpg","type":"image\/jpeg"}],"author":"Jo\u00e3o Carlos Gomes","twitter_card":"summary_large_image","twitter_creator":"@tribunademinas","twitter_site":"@tribunademinas","twitter_misc":{"Escrito por":"Jo\u00e3o Carlos Gomes","Est. tempo de leitura":"3 minutos"},"schema":{"@context":"https:\/\/schema.org","@graph":[{"@type":"Article","@id":"https:\/\/tribunademinas.audiencelabs.com.br\/480-vagas-no-bpc-serao-ofertadas-pelo-inss-no-sabado-18\/#article","isPartOf":{"@id":"https:\/\/tribunademinas.audiencelabs.com.br\/480-vagas-no-bpc-serao-ofertadas-pelo-inss-no-sabado-18\/"},"author":{"name":"Jo\u00e3o Carlos Gomes","@id":"https:\/\/tribunademinas.audiencelabs.com.br\/#\/schema\/person\/37af466a64a722fadb8ef6841c52114f"},"headline":"480 vagas no BPC ser\u00e3o ofertadas pelo INSS no s\u00e1bado (18)","datePublished":"2025-10-16T17:00:00+00:00","mainEntityOfPage":{"@id":"https:\/\/tribunademinas.audiencelabs.com.br\/480-vagas-no-bpc-serao-ofertadas-pelo-inss-no-sabado-18\/"},"wordCount":385,"commentCount":0,"publisher":{"@id":"https:\/\/tribunademinas.audiencelabs.com.br\/#organization"},"image":{"@id":"https:\/\/tribunademinas.audiencelabs.com.br\/480-vagas-no-bpc-serao-ofertadas-pelo-inss-no-sabado-18\/#primaryimage"},"thumbnailUrl":"https:\/\/tribunademinas.audiencelabs.com.br\/wp-content\/uploads\/2025\/10\/480-vagas-bpc-ofertadas-inss.jpg","articleSection":["Cidadania"],"inLanguage":"pt-BR","potentialAction":[{"@type":"CommentAction","name":"Comment","target":["https:\/\/tribunademinas.audiencelabs.com.br\/480-vagas-no-bpc-serao-ofertadas-pelo-inss-no-sabado-18\/#respond"]}]},{"@type":"WebPage","@id":"https:\/\/tribunademinas.audiencelabs.com.br\/480-vagas-no-bpc-serao-ofertadas-pelo-inss-no-sabado-18\/","url":"https:\/\/tribunademinas.audiencelabs.com.br\/480-vagas-no-bpc-serao-ofertadas-pelo-inss-no-sabado-18\/","name":"480 vagas no BPC ser\u00e3o ofertadas pelo INSS no s\u00e1bado (18)","isPartOf":{"@id":"https:\/\/tribunademinas.audiencelabs.com.br\/#website"},"primaryImageOfPage":{"@id":"https:\/\/tribunademinas.audiencelabs.com.br\/480-vagas-no-bpc-serao-ofertadas-pelo-inss-no-sabado-18\/#primaryimage"},"image":{"@id":"https:\/\/tribunademinas.audiencelabs.com.br\/480-vagas-no-bpc-serao-ofertadas-pelo-inss-no-sabado-18\/#primaryimage"},"thumbnailUrl":"https:\/\/tribunademinas.audiencelabs.com.br\/wp-content\/uploads\/2025\/10\/480-vagas-bpc-ofertadas-inss.jpg","datePublished":"2025-10-16T17:00:00+00:00","breadcrumb":{"@id":"https:\/\/tribunademinas.audiencelabs.com.br\/480-vagas-no-bpc-serao-ofertadas-pelo-inss-no-sabado-18\/#breadcrumb"},"inLanguage":"pt-BR","potentialAction":[{"@type":"ReadAction","target":["https:\/\/tribunademinas.audiencelabs.com.br\/480-vagas-no-bpc-serao-ofertadas-pelo-inss-no-sabado-18\/"]}]},{"@type":"ImageObject","inLanguage":"pt-BR","@id":"https:\/\/tribunademinas.audiencelabs.com.br\/480-vagas-no-bpc-serao-ofertadas-pelo-inss-no-sabado-18\/#primaryimage","url":"https:\/\/tribunademinas.audiencelabs.com.br\/wp-content\/uploads\/2025\/10\/480-vagas-bpc-ofertadas-inss.jpg","contentUrl":"https:\/\/tribunademinas.audiencelabs.com.br\/wp-content\/uploads\/2025\/10\/480-vagas-bpc-ofertadas-inss.jpg","width":2000,"height":1125,"caption":"Foto: Freepik"},{"@type":"BreadcrumbList","@id":"https:\/\/tribunademinas.audiencelabs.com.br\/480-vagas-no-bpc-serao-ofertadas-pelo-inss-no-sabado-18\/#breadcrumb","itemListElement":[{"@type":"ListItem","position":1,"name":"In\u00edcio","item":"https:\/\/tribunademinas.audiencelabs.com.br\/"},{"@type":"ListItem","position":2,"name":"480 vagas no BPC ser\u00e3o ofertadas pelo INSS no s\u00e1bado (18)"}]},{"@type":"WebSite","@id":"https:\/\/tribunademinas.audiencelabs.com.br\/#website","url":"https:\/\/tribunademinas.audiencelabs.com.br\/","name":"Tribuna de Minas - Dinheiro e Cidadania","description":"","publisher":{"@id":"https:\/\/tribunademinas.audiencelabs.com.br\/#organization"},"potentialAction":[{"@type":"SearchAction","target":{"@type":"EntryPoint","urlTemplate":"https:\/\/tribunademinas.audiencelabs.com.br\/?s={search_term_string}"},"query-input":{"@type":"PropertyValueSpecification","valueRequired":true,"valueName":"search_term_string"}}],"inLanguage":"pt-BR"},{"@type":"Organization","@id":"https:\/\/tribunademinas.audiencelabs.com.br\/#organization","name":"Tribuna de Minas - Dinheiro e Cidadania","url":"https:\/\/tribunademinas.audiencelabs.com.br\/","logo":{"@type":"ImageObject","inLanguage":"pt-BR","@id":"https:\/\/tribunademinas.audiencelabs.com.br\/#\/schema\/logo\/image\/","url":"https:\/\/tribunademinas.audiencelabs.com.br\/wp-content\/uploads\/2025\/08\/cropped-Tribuna_512x512-96x96-1.png","contentUrl":"https:\/\/tribunademinas.audiencelabs.com.br\/wp-content\/uploads\/2025\/08\/cropped-Tribuna_512x512-96x96-1.png","width":96,"height":96,"caption":"Tribuna de Minas - Dinheiro e Cidadania"},"image":{"@id":"https:\/\/tribunademinas.audiencelabs.com.br\/#\/schema\/logo\/image\/"},"sameAs":["https:\/\/www.facebook.com\/tribunademinas\/","https:\/\/x.com\/tribunademinas","https:\/\/www.instagram.com\/tribunademinas\/","https:\/\/www.youtube.com\/user\/TribunadeMinasJF"]},{"@type":"Person","@id":"https:\/\/tribunademinas.audiencelabs.com.br\/#\/schema\/person\/37af466a64a722fadb8ef6841c52114f","name":"Jo\u00e3o Carlos Gomes","image":{"@type":"ImageObject","inLanguage":"pt-BR","@id":"https:\/\/tribunademinas.audiencelabs.com.br\/#\/schema\/person\/image\/","url":"https:\/\/secure.gravatar.com\/avatar\/4ce4672dbdd694b329cd6fdb51bee7d1409be1f0ff76a537e4c4a737b2c7d1a9?s=96&d=mm&r=g","contentUrl":"https:\/\/secure.gravatar.com\/avatar\/4ce4672dbdd694b329cd6fdb51bee7d1409be1f0ff76a537e4c4a737b2c7d1a9?s=96&d=mm&r=g","caption":"Jo\u00e3o Carlos Gomes"},"description":"Jornalista formado pelo Centro Universit\u00e1rio Carioca, apreciador da Bossa Nova ao Metal Extremo, criador de conte\u00fado e m\u00fasico independente nas horas vagas.","url":"https:\/\/tribunademinas.audiencelabs.com.br\/author\/joaoc-junior\/"}]}},"amp_enabled":true,"_links":{"self":[{"href":"https:\/\/tribunademinas.audiencelabs.com.br\/wp-json\/wp\/v2\/posts\/2575","targetHints":{"allow":["GET"]}}],"collection":[{"href":"https:\/\/tribunademinas.audiencelabs.com.br\/wp-json\/wp\/v2\/posts"}],"about":[{"href":"https:\/\/tribunademinas.audiencelabs.com.br\/wp-json\/wp\/v2\/types\/post"}],"author":[{"embeddable":true,"href":"https:\/\/tribunademinas.audiencelabs.com.br\/wp-json\/wp\/v2\/users\/3"}],"replies":[{"embeddable":true,"href":"https:\/\/tribunademinas.audiencelabs.com.br\/wp-json\/wp\/v2\/comments?post=2575"}],"version-history":[{"count":1,"href":"https:\/\/tribunademinas.audiencelabs.com.br\/wp-json\/wp\/v2\/posts\/2575\/revisions"}],"predecessor-version":[{"id":2579,"href":"https:\/\/tribunademinas.audiencelabs.com.br\/wp-json\/wp\/v2\/posts\/2575\/revisions\/2579"}],"wp:featuredmedia":[{"embeddable":true,"href":"https:\/\/tribunademinas.audiencelabs.com.br\/wp-json\/wp\/v2\/media\/2576"}],"wp:attachment":[{"href":"https:\/\/tribunademinas.audiencelabs.com.br\/wp-json\/wp\/v2\/media?parent=2575"}],"wp:term":[{"taxonomy":"category","embeddable":true,"href":"https:\/\/tribunademinas.audiencelabs.com.br\/wp-json\/wp\/v2\/categories?post=2575"},{"taxonomy":"post_tag","embeddable":true,"href":"https:\/\/tribunademinas.audiencelabs.com.br\/wp-json\/wp\/v2\/tags?post=2575"}],"curies":[{"name":"wp","href":"https:\/\/api.w.org\/{rel}","templated":true}]}}