{"id":2558,"date":"2025-10-19T16:45:00","date_gmt":"2025-10-19T19:45:00","guid":{"rendered":"https:\/\/tribunademinas.audiencelabs.com.br\/?p=2558"},"modified":"2025-10-14T18:32:24","modified_gmt":"2025-10-14T21:32:24","slug":"se-o-funcionario-falta-no-trabalho-o-vale-alimentacao-e-descontado","status":"publish","type":"post","link":"https:\/\/tribunademinas.audiencelabs.com.br\/se-o-funcionario-falta-no-trabalho-o-vale-alimentacao-e-descontado\/","title":{"rendered":"Se o funcion\u00e1rio falta no trabalho, o vale-alimenta\u00e7\u00e3o \u00e9 descontado?"},"content":{"rendered":"\n<p>O vale-alimenta\u00e7\u00e3o se tornou um dos principais aliados do trabalhador brasileiro na hora de garantir o b\u00e1sico: comida na mesa. <\/p>\n\n\n\n<p>Em meio aos desafios econ\u00f4micos e ao custo de vida crescente, esse benef\u00edcio oferecido por muitas empresas \u00e9 visto n\u00e3o apenas como um incentivo, mas como uma necessidade para milh\u00f5es de profissionais. <\/p>\n\n\n\n<p>Justamente por sua relev\u00e2ncia, o vale-alimenta\u00e7\u00e3o gera uma s\u00e9rie de d\u00favidas, e uma das mais comuns \u00e9 se ele pode ser reduzido ou cortado quando o funcion\u00e1rio falta ao trabalho.<\/p>\n\n\n\n<h2 class=\"wp-block-heading\">Se o funcion\u00e1rio falta no trabalho, o vale-alimenta\u00e7\u00e3o \u00e9 descontado?<\/h2>\n\n\n\n<p>O vale-alimenta\u00e7\u00e3o, assim como o vale-refei\u00e7\u00e3o, n\u00e3o \u00e9 um direito obrigat\u00f3rio previsto pela Consolida\u00e7\u00e3o das Leis do Trabalho (CLT). <\/p>\n\n\n\n<p>Sua concess\u00e3o depende de acordos coletivos, ades\u00e3o volunt\u00e1ria das empresas ao Programa de Alimenta\u00e7\u00e3o do Trabalhador (PAT), ou da pol\u00edtica interna de cada empregador. <\/p>\n\n\n\n<p>Ou seja, sua exist\u00eancia dentro de uma organiza\u00e7\u00e3o \u00e9, muitas vezes, resultado de negocia\u00e7\u00f5es entre empresas e sindicatos, e pode variar bastante entre setores e regi\u00f5es.<\/p>\n\n\n\n<p>Por n\u00e3o ser um direito garantido por lei, o benef\u00edcio costuma estar vinculado aos dias efetivamente trabalhados. Isso significa que, em caso de aus\u00eancias injustificadas, muitas empresas optam por descontar proporcionalmente o valor correspondente ao vale-alimenta\u00e7\u00e3o daquele dia. <\/p>\n\n\n\n<p>No entanto, quando a falta \u00e9 justificada, como em casos de licen\u00e7a m\u00e9dica, atestados, luto ou outras situa\u00e7\u00f5es previstas em conven\u00e7\u00f5es coletivas, a pr\u00e1tica do desconto pode ser proibida. <\/p>\n\n\n\n<p>Por isso, a orienta\u00e7\u00e3o \u00e9 sempre consultar o que est\u00e1 estipulado no acordo coletivo da categoria, pois ele tem for\u00e7a legal para definir essas condi\u00e7\u00f5es.<\/p>\n\n\n\n<h3 class=\"wp-block-heading\">Vale-alimenta\u00e7\u00e3o deve ganhar novas regras at\u00e9 o fim de outubro<\/h3>\n\n\n\n<p>Al\u00e9m dessas regras j\u00e1 existentes, o governo federal prepara <a href=\"https:\/\/tribunademinas.com.br\/colunas\/dinheiroecidadania\/vale-alimentacao-pode-ter-mudancas-confirmada-em-ate-22-dias\/\"><strong>altera\u00e7\u00f5es importantes nas normas <\/strong><\/a>que regulam o funcionamento dos benef\u00edcios alimentares. <\/p>\n\n\n\n<p>A expectativa \u00e9 que, at\u00e9 o final de outubro, novas medidas sejam anunciadas, fruto de um esfor\u00e7o conjunto dos minist\u00e9rios da Fazenda e do Trabalho.<\/p>\n\n\n\n<p>O foco principal das mudan\u00e7as est\u00e1 na melhoria da efici\u00eancia do Programa de Alimenta\u00e7\u00e3o do Trabalhador, com destaque para a proposta de limitar as taxas cobradas de estabelecimentos comerciais que aceitam os vales, bem como reduzir o prazo de repasse dos valores \u00e0s empresas. <\/p>\n\n\n\n<p>A inten\u00e7\u00e3o \u00e9 tornar o sistema mais justo e acess\u00edvel, tanto para quem fornece quanto para quem utiliza o benef\u00edcio.<\/p>\n\n\n\n<p>Se aprovadas, essas mudan\u00e7as podem impactar diretamente a forma como o vale-alimenta\u00e7\u00e3o \u00e9 gerido no pa\u00eds, inclusive em rela\u00e7\u00e3o \u00e0s regras de descontos.<\/p>\n","protected":false},"excerpt":{"rendered":"<p>O vale-alimenta\u00e7\u00e3o se tornou um dos principais aliados do trabalhador brasileiro na hora de garantir o b\u00e1sico: comida na mesa. Em meio aos desafios econ\u00f4micos e ao custo de vida crescente, esse benef\u00edcio oferecido por muitas empresas \u00e9 visto n\u00e3o apenas como um incentivo, mas como uma necessidade para milh\u00f5es de profissionais. Justamente por sua [&hellip;]<\/p>\n","protected":false},"author":5,"featured_media":2559,"comment_status":"open","ping_status":"open","sticky":false,"template":"","format":"standard","meta":{"jnews-multi-image_gallery":[],"jnews_single_post":{"format":"standard"},"jnews_primary_category":[],"jnews_social_meta":[],"jnews_post_split":[],"footnotes":""},"categories":[159],"tags":[],"class_list":["post-2558","post","type-post","status-publish","format-standard","has-post-thumbnail","hentry","category-cidadania"],"yoast_head":"<!-- This site is optimized with the Yoast SEO plugin v25.6 - https:\/\/yoast.com\/wordpress\/plugins\/seo\/ -->\n<title>Se o funcion\u00e1rio falta no trabalho, o vale-alimenta\u00e7\u00e3o \u00e9 descontado?<\/title>\n<meta name=\"description\" content=\"O vale-alimenta\u00e7\u00e3o se tornou um dos principais aliados do trabalhador brasileiro na hora de garantir o b\u00e1sico: comida na mesa.\" \/>\n<meta name=\"robots\" content=\"index, follow, max-snippet:-1, max-image-preview:large, max-video-preview:-1\" \/>\n<link rel=\"canonical\" href=\"https:\/\/tribunademinas.audiencelabs.com.br\/se-o-funcionario-falta-no-trabalho-o-vale-alimentacao-e-descontado\/\" \/>\n<meta property=\"og:locale\" content=\"pt_BR\" \/>\n<meta property=\"og:type\" content=\"article\" \/>\n<meta property=\"og:title\" content=\"Se o funcion\u00e1rio falta no trabalho, o vale-alimenta\u00e7\u00e3o \u00e9 descontado?\" \/>\n<meta property=\"og:description\" content=\"O vale-alimenta\u00e7\u00e3o se tornou um dos principais aliados do trabalhador brasileiro na hora de garantir o b\u00e1sico: comida na mesa.\" \/>\n<meta property=\"og:url\" content=\"https:\/\/tribunademinas.audiencelabs.com.br\/se-o-funcionario-falta-no-trabalho-o-vale-alimentacao-e-descontado\/\" \/>\n<meta property=\"og:site_name\" content=\"Tribuna de Minas - Dinheiro e Cidadania\" \/>\n<meta property=\"article:publisher\" content=\"https:\/\/www.facebook.com\/tribunademinas\/\" \/>\n<meta property=\"article:published_time\" content=\"2025-10-19T19:45:00+00:00\" \/>\n<meta property=\"og:image\" content=\"https:\/\/tribunademinas.audiencelabs.com.br\/wp-content\/uploads\/2025\/10\/vale-alimentacao-2.webp\" \/>\n\t<meta property=\"og:image:width\" content=\"1170\" \/>\n\t<meta property=\"og:image:height\" content=\"700\" \/>\n\t<meta property=\"og:image:type\" content=\"image\/webp\" \/>\n<meta name=\"author\" content=\"Jeferson Carvalho\" \/>\n<meta name=\"twitter:card\" content=\"summary_large_image\" \/>\n<meta name=\"twitter:creator\" content=\"@tribunademinas\" \/>\n<meta name=\"twitter:site\" content=\"@tribunademinas\" \/>\n<meta name=\"twitter:label1\" content=\"Escrito por\" \/>\n\t<meta name=\"twitter:data1\" content=\"Jeferson Carvalho\" \/>\n\t<meta name=\"twitter:label2\" content=\"Est. tempo de leitura\" \/>\n\t<meta name=\"twitter:data2\" content=\"3 minutos\" \/>\n<!-- \/ Yoast SEO plugin. -->","yoast_head_json":{"title":"Se o funcion\u00e1rio falta no trabalho, o vale-alimenta\u00e7\u00e3o \u00e9 descontado?","description":"O vale-alimenta\u00e7\u00e3o se tornou um dos principais aliados do trabalhador brasileiro na hora de garantir o b\u00e1sico: comida na mesa.","robots":{"index":"index","follow":"follow","max-snippet":"max-snippet:-1","max-image-preview":"max-image-preview:large","max-video-preview":"max-video-preview:-1"},"canonical":"https:\/\/tribunademinas.audiencelabs.com.br\/se-o-funcionario-falta-no-trabalho-o-vale-alimentacao-e-descontado\/","og_locale":"pt_BR","og_type":"article","og_title":"Se o funcion\u00e1rio falta no trabalho, o vale-alimenta\u00e7\u00e3o \u00e9 descontado?","og_description":"O vale-alimenta\u00e7\u00e3o se tornou um dos principais aliados do trabalhador brasileiro na hora de garantir o b\u00e1sico: comida na mesa.","og_url":"https:\/\/tribunademinas.audiencelabs.com.br\/se-o-funcionario-falta-no-trabalho-o-vale-alimentacao-e-descontado\/","og_site_name":"Tribuna de Minas - Dinheiro e Cidadania","article_publisher":"https:\/\/www.facebook.com\/tribunademinas\/","article_published_time":"2025-10-19T19:45:00+00:00","og_image":[{"width":1170,"height":700,"url":"https:\/\/tribunademinas.audiencelabs.com.br\/wp-content\/uploads\/2025\/10\/vale-alimentacao-2.webp","type":"image\/webp"}],"author":"Jeferson Carvalho","twitter_card":"summary_large_image","twitter_creator":"@tribunademinas","twitter_site":"@tribunademinas","twitter_misc":{"Escrito por":"Jeferson Carvalho","Est. tempo de leitura":"3 minutos"},"schema":{"@context":"https:\/\/schema.org","@graph":[{"@type":"Article","@id":"https:\/\/tribunademinas.audiencelabs.com.br\/se-o-funcionario-falta-no-trabalho-o-vale-alimentacao-e-descontado\/#article","isPartOf":{"@id":"https:\/\/tribunademinas.audiencelabs.com.br\/se-o-funcionario-falta-no-trabalho-o-vale-alimentacao-e-descontado\/"},"author":{"name":"Jeferson Carvalho","@id":"https:\/\/tribunademinas.audiencelabs.com.br\/#\/schema\/person\/db18fc40307804bacef94213aa68fd9d"},"headline":"Se o funcion\u00e1rio falta no trabalho, o vale-alimenta\u00e7\u00e3o \u00e9 descontado?","datePublished":"2025-10-19T19:45:00+00:00","mainEntityOfPage":{"@id":"https:\/\/tribunademinas.audiencelabs.com.br\/se-o-funcionario-falta-no-trabalho-o-vale-alimentacao-e-descontado\/"},"wordCount":451,"commentCount":0,"publisher":{"@id":"https:\/\/tribunademinas.audiencelabs.com.br\/#organization"},"image":{"@id":"https:\/\/tribunademinas.audiencelabs.com.br\/se-o-funcionario-falta-no-trabalho-o-vale-alimentacao-e-descontado\/#primaryimage"},"thumbnailUrl":"https:\/\/tribunademinas.audiencelabs.com.br\/wp-content\/uploads\/2025\/10\/vale-alimentacao-2.webp","articleSection":["Cidadania"],"inLanguage":"pt-BR","potentialAction":[{"@type":"CommentAction","name":"Comment","target":["https:\/\/tribunademinas.audiencelabs.com.br\/se-o-funcionario-falta-no-trabalho-o-vale-alimentacao-e-descontado\/#respond"]}]},{"@type":"WebPage","@id":"https:\/\/tribunademinas.audiencelabs.com.br\/se-o-funcionario-falta-no-trabalho-o-vale-alimentacao-e-descontado\/","url":"https:\/\/tribunademinas.audiencelabs.com.br\/se-o-funcionario-falta-no-trabalho-o-vale-alimentacao-e-descontado\/","name":"Se o funcion\u00e1rio falta no trabalho, o vale-alimenta\u00e7\u00e3o \u00e9 descontado?","isPartOf":{"@id":"https:\/\/tribunademinas.audiencelabs.com.br\/#website"},"primaryImageOfPage":{"@id":"https:\/\/tribunademinas.audiencelabs.com.br\/se-o-funcionario-falta-no-trabalho-o-vale-alimentacao-e-descontado\/#primaryimage"},"image":{"@id":"https:\/\/tribunademinas.audiencelabs.com.br\/se-o-funcionario-falta-no-trabalho-o-vale-alimentacao-e-descontado\/#primaryimage"},"thumbnailUrl":"https:\/\/tribunademinas.audiencelabs.com.br\/wp-content\/uploads\/2025\/10\/vale-alimentacao-2.webp","datePublished":"2025-10-19T19:45:00+00:00","description":"O vale-alimenta\u00e7\u00e3o se tornou um dos principais aliados do trabalhador brasileiro na hora de garantir o b\u00e1sico: comida na mesa.","breadcrumb":{"@id":"https:\/\/tribunademinas.audiencelabs.com.br\/se-o-funcionario-falta-no-trabalho-o-vale-alimentacao-e-descontado\/#breadcrumb"},"inLanguage":"pt-BR","potentialAction":[{"@type":"ReadAction","target":["https:\/\/tribunademinas.audiencelabs.com.br\/se-o-funcionario-falta-no-trabalho-o-vale-alimentacao-e-descontado\/"]}]},{"@type":"ImageObject","inLanguage":"pt-BR","@id":"https:\/\/tribunademinas.audiencelabs.com.br\/se-o-funcionario-falta-no-trabalho-o-vale-alimentacao-e-descontado\/#primaryimage","url":"https:\/\/tribunademinas.audiencelabs.com.br\/wp-content\/uploads\/2025\/10\/vale-alimentacao-2.webp","contentUrl":"https:\/\/tribunademinas.audiencelabs.com.br\/wp-content\/uploads\/2025\/10\/vale-alimentacao-2.webp","width":1170,"height":700,"caption":"Se o funcion\u00e1rio falta no trabalho, o vale-alimenta\u00e7\u00e3o \u00e9 descontado? - Imagem: Ag\u00eancia Brasil"},{"@type":"BreadcrumbList","@id":"https:\/\/tribunademinas.audiencelabs.com.br\/se-o-funcionario-falta-no-trabalho-o-vale-alimentacao-e-descontado\/#breadcrumb","itemListElement":[{"@type":"ListItem","position":1,"name":"In\u00edcio","item":"https:\/\/tribunademinas.audiencelabs.com.br\/"},{"@type":"ListItem","position":2,"name":"Se o funcion\u00e1rio falta no trabalho, o vale-alimenta\u00e7\u00e3o \u00e9 descontado?"}]},{"@type":"WebSite","@id":"https:\/\/tribunademinas.audiencelabs.com.br\/#website","url":"https:\/\/tribunademinas.audiencelabs.com.br\/","name":"Tribuna de Minas - Dinheiro e Cidadania","description":"","publisher":{"@id":"https:\/\/tribunademinas.audiencelabs.com.br\/#organization"},"potentialAction":[{"@type":"SearchAction","target":{"@type":"EntryPoint","urlTemplate":"https:\/\/tribunademinas.audiencelabs.com.br\/?s={search_term_string}"},"query-input":{"@type":"PropertyValueSpecification","valueRequired":true,"valueName":"search_term_string"}}],"inLanguage":"pt-BR"},{"@type":"Organization","@id":"https:\/\/tribunademinas.audiencelabs.com.br\/#organization","name":"Tribuna de Minas - Dinheiro e Cidadania","url":"https:\/\/tribunademinas.audiencelabs.com.br\/","logo":{"@type":"ImageObject","inLanguage":"pt-BR","@id":"https:\/\/tribunademinas.audiencelabs.com.br\/#\/schema\/logo\/image\/","url":"https:\/\/tribunademinas.audiencelabs.com.br\/wp-content\/uploads\/2025\/08\/cropped-Tribuna_512x512-96x96-1.png","contentUrl":"https:\/\/tribunademinas.audiencelabs.com.br\/wp-content\/uploads\/2025\/08\/cropped-Tribuna_512x512-96x96-1.png","width":96,"height":96,"caption":"Tribuna de Minas - Dinheiro e Cidadania"},"image":{"@id":"https:\/\/tribunademinas.audiencelabs.com.br\/#\/schema\/logo\/image\/"},"sameAs":["https:\/\/www.facebook.com\/tribunademinas\/","https:\/\/x.com\/tribunademinas","https:\/\/www.instagram.com\/tribunademinas\/","https:\/\/www.youtube.com\/user\/TribunadeMinasJF"]},{"@type":"Person","@id":"https:\/\/tribunademinas.audiencelabs.com.br\/#\/schema\/person\/db18fc40307804bacef94213aa68fd9d","name":"Jeferson Carvalho","image":{"@type":"ImageObject","inLanguage":"pt-BR","@id":"https:\/\/tribunademinas.audiencelabs.com.br\/#\/schema\/person\/image\/","url":"https:\/\/secure.gravatar.com\/avatar\/cd7646e328d9670dad7dea8698522e522745eeffcff5b9d08be858e377ce326b?s=96&d=mm&r=g","contentUrl":"https:\/\/secure.gravatar.com\/avatar\/cd7646e328d9670dad7dea8698522e522745eeffcff5b9d08be858e377ce326b?s=96&d=mm&r=g","caption":"Jeferson Carvalho"},"description":"Jornalista apaixonado pela profiss\u00e3o!","url":"https:\/\/tribunademinas.audiencelabs.com.br\/author\/jeferson\/"}]}},"amp_enabled":true,"_links":{"self":[{"href":"https:\/\/tribunademinas.audiencelabs.com.br\/wp-json\/wp\/v2\/posts\/2558","targetHints":{"allow":["GET"]}}],"collection":[{"href":"https:\/\/tribunademinas.audiencelabs.com.br\/wp-json\/wp\/v2\/posts"}],"about":[{"href":"https:\/\/tribunademinas.audiencelabs.com.br\/wp-json\/wp\/v2\/types\/post"}],"author":[{"embeddable":true,"href":"https:\/\/tribunademinas.audiencelabs.com.br\/wp-json\/wp\/v2\/users\/5"}],"replies":[{"embeddable":true,"href":"https:\/\/tribunademinas.audiencelabs.com.br\/wp-json\/wp\/v2\/comments?post=2558"}],"version-history":[{"count":1,"href":"https:\/\/tribunademinas.audiencelabs.com.br\/wp-json\/wp\/v2\/posts\/2558\/revisions"}],"predecessor-version":[{"id":2560,"href":"https:\/\/tribunademinas.audiencelabs.com.br\/wp-json\/wp\/v2\/posts\/2558\/revisions\/2560"}],"wp:featuredmedia":[{"embeddable":true,"href":"https:\/\/tribunademinas.audiencelabs.com.br\/wp-json\/wp\/v2\/media\/2559"}],"wp:attachment":[{"href":"https:\/\/tribunademinas.audiencelabs.com.br\/wp-json\/wp\/v2\/media?parent=2558"}],"wp:term":[{"taxonomy":"category","embeddable":true,"href":"https:\/\/tribunademinas.audiencelabs.com.br\/wp-json\/wp\/v2\/categories?post=2558"},{"taxonomy":"post_tag","embeddable":true,"href":"https:\/\/tribunademinas.audiencelabs.com.br\/wp-json\/wp\/v2\/tags?post=2558"}],"curies":[{"name":"wp","href":"https:\/\/api.w.org\/{rel}","templated":true}]}}