{"id":2548,"date":"2025-10-15T09:45:00","date_gmt":"2025-10-15T12:45:00","guid":{"rendered":"https:\/\/tribunademinas.audiencelabs.com.br\/?p=2548"},"modified":"2025-10-15T13:26:59","modified_gmt":"2025-10-15T16:26:59","slug":"governo-confirma-mudancas-imediatas-no-inicio-de-2026-para-quem-as-micro-e-pequenas-empresas","status":"publish","type":"post","link":"https:\/\/tribunademinas.audiencelabs.com.br\/governo-confirma-mudancas-imediatas-no-inicio-de-2026-para-quem-as-micro-e-pequenas-empresas\/","title":{"rendered":"Governo confirma mudan\u00e7as no in\u00edcio de 2026 para micro e pequenas empresas"},"content":{"rendered":"\n<p>O in\u00edcio de 2026 marcar\u00e1 a entrada em vigor de uma s\u00e9rie de mudan\u00e7as relevantes para micro e pequenas empresas enquadradas no Simples Nacional. <\/p>\n\n\n\n<p>A confirma\u00e7\u00e3o veio por meio da Resolu\u00e7\u00e3o n\u00ba 183, publicada pelo Comit\u00ea Gestor do Simples Nacional (<a href=\"https:\/\/www.gov.br\/fazenda\/pt-br\/acesso-a-informacao\/institucional\/competencia-por-orgao-2\/orgaos-colegiados\/comite-gestor-do-simples-nacional\"><strong>CGSN<\/strong><\/a>), que atualiza a Resolu\u00e7\u00e3o 140\/2018 com novas regras que exigem aten\u00e7\u00e3o redobrada dos empres\u00e1rios. <\/p>\n\n\n\n<p>Embora algumas determina\u00e7\u00f5es j\u00e1 estejam valendo, a maioria das penalidades, especialmente as relacionadas a multas, come\u00e7a a ser aplicada a partir de 1\u00ba de janeiro de 2026.<\/p>\n\n\n\n<h2 class=\"wp-block-heading\">Governo confirma mudan\u00e7as imediatas no in\u00edcio de 2026 para quem as micro e pequenas empresas<\/h2>\n\n\n\n<p>Entre os principais pontos da nova regulamenta\u00e7\u00e3o est\u00e1 a amplia\u00e7\u00e3o do conceito de receita bruta. Agora, passam a ser consideradas todas as receitas derivadas da atividade principal da empresa, o que busca evitar diverg\u00eancias de interpreta\u00e7\u00e3o e disputas tribut\u00e1rias. <\/p>\n\n\n\n<p>Essa mudan\u00e7a tamb\u00e9m refor\u00e7a o controle sobre contribuintes que possuem m\u00faltiplas inscri\u00e7\u00f5es no CNPJ ou que atuam simultaneamente como pessoas f\u00edsicas com obriga\u00e7\u00f5es tribut\u00e1rias. <\/p>\n\n\n\n<p>Nesse novo cen\u00e1rio, todo o faturamento e todos os d\u00e9bitos exig\u00edveis precisam ser considerados no c\u00e1lculo dos tributos, o que fecha brechas para fragmenta\u00e7\u00f5es e planejamentos fiscais que burlavam o sistema.<\/p>\n\n\n\n<p>Outro destaque da atualiza\u00e7\u00e3o normativa \u00e9 a reformula\u00e7\u00e3o das obriga\u00e7\u00f5es acess\u00f3rias. A entrega de documentos como PGDAS-D, Defis e DASN-Simei passa a ser padronizada entre Uni\u00e3o, Estados, Distrito Federal e Munic\u00edpios, com sistemas mais integrados digitalmente. <\/p>\n\n\n\n<p>Isso significa que as informa\u00e7\u00f5es fiscais dessas empresas poder\u00e3o ser compartilhadas entre os entes federativos, o que aumenta a fiscaliza\u00e7\u00e3o e a transpar\u00eancia. <\/p>\n\n\n\n<p>Para os Microempreendedores Individuais (MEIs), por exemplo, os dados declarados na DASN-Simei poder\u00e3o substituir o envio da RAIS, sendo tamb\u00e9m compartilhados com o Minist\u00e9rio do Trabalho.<\/p>\n\n\n\n<h3 class=\"wp-block-heading\">Micro e pequenas empresas que n\u00e3o cumprirem novas normas devem enfrentar penalidades<\/h3>\n\n\n\n<p>As penalidades previstas s\u00e3o rigorosas. Atrasos ou falhas no envio do PGDAS-D poder\u00e3o gerar multas de 2% ao m\u00eas ou fra\u00e7\u00e3o sobre os tributos devidos, limitadas a 20%, a partir de 2026. <\/p>\n\n\n\n<p>No caso da Defis, a multa segue o mesmo percentual, com um acr\u00e9scimo de R$ 100 para cada conjunto de dez informa\u00e7\u00f5es incorretas ou omitidas. <\/p>\n\n\n\n<p>Mesmo com redu\u00e7\u00f5es para quem regularizar espontaneamente ou dentro do prazo da intima\u00e7\u00e3o, o valor m\u00ednimo da penalidade \u00e9 de R$ 200.<\/p>\n\n\n\n<p>As altera\u00e7\u00f5es refletem o esfor\u00e7o do governo em fortalecer o controle fiscal e exigir maior conformidade das empresas optantes pelo Simples Nacional. <\/p>\n\n\n\n<p>Diante disso, o cumprimento rigoroso das novas regras se torna essencial para evitar preju\u00edzos e manter a regularidade no regime tribut\u00e1rio simplificado.<\/p>\n\n\n\n<p><\/p>\n","protected":false},"excerpt":{"rendered":"<p>O in\u00edcio de 2026 marcar\u00e1 a entrada em vigor de uma s\u00e9rie de mudan\u00e7as relevantes para micro e pequenas empresas enquadradas no Simples Nacional. A confirma\u00e7\u00e3o veio por meio da Resolu\u00e7\u00e3o n\u00ba 183, publicada pelo Comit\u00ea Gestor do Simples Nacional (CGSN), que atualiza a Resolu\u00e7\u00e3o 140\/2018 com novas regras que exigem aten\u00e7\u00e3o redobrada dos empres\u00e1rios. [&hellip;]<\/p>\n","protected":false},"author":5,"featured_media":2549,"comment_status":"open","ping_status":"open","sticky":false,"template":"","format":"standard","meta":{"jnews-multi-image_gallery":[],"jnews_single_post":{"format":"standard"},"jnews_primary_category":[],"jnews_social_meta":[],"jnews_post_split":[],"footnotes":""},"categories":[159],"tags":[],"class_list":["post-2548","post","type-post","status-publish","format-standard","has-post-thumbnail","hentry","category-cidadania"],"yoast_head":"<!-- This site is optimized with the Yoast SEO plugin v25.6 - https:\/\/yoast.com\/wordpress\/plugins\/seo\/ -->\n<title>Governo confirma mudan\u00e7as no in\u00edcio de 2026 para micro e pequenas empresas<\/title>\n<meta name=\"description\" content=\"O in\u00edcio de 2026 marcar\u00e1 a entrada em vigor de uma s\u00e9rie de mudan\u00e7as para as micro e pequenas empresas enquadradas no Simples Nacional.\" \/>\n<meta name=\"robots\" content=\"index, follow, max-snippet:-1, max-image-preview:large, max-video-preview:-1\" \/>\n<link rel=\"canonical\" href=\"https:\/\/tribunademinas.audiencelabs.com.br\/governo-confirma-mudancas-imediatas-no-inicio-de-2026-para-quem-as-micro-e-pequenas-empresas\/\" \/>\n<meta property=\"og:locale\" content=\"pt_BR\" \/>\n<meta property=\"og:type\" content=\"article\" \/>\n<meta property=\"og:title\" content=\"Governo confirma mudan\u00e7as no in\u00edcio de 2026 para micro e pequenas empresas\" \/>\n<meta property=\"og:description\" content=\"O in\u00edcio de 2026 marcar\u00e1 a entrada em vigor de uma s\u00e9rie de mudan\u00e7as para as micro e pequenas empresas enquadradas no Simples Nacional.\" \/>\n<meta property=\"og:url\" content=\"https:\/\/tribunademinas.audiencelabs.com.br\/governo-confirma-mudancas-imediatas-no-inicio-de-2026-para-quem-as-micro-e-pequenas-empresas\/\" \/>\n<meta property=\"og:site_name\" content=\"Tribuna de Minas - Dinheiro e Cidadania\" \/>\n<meta property=\"article:publisher\" content=\"https:\/\/www.facebook.com\/tribunademinas\/\" \/>\n<meta property=\"article:published_time\" content=\"2025-10-15T12:45:00+00:00\" \/>\n<meta property=\"article:modified_time\" content=\"2025-10-15T16:26:59+00:00\" \/>\n<meta property=\"og:image\" content=\"https:\/\/tribunademinas.audiencelabs.com.br\/wp-content\/uploads\/2025\/10\/empresa.webp\" \/>\n\t<meta property=\"og:image:width\" content=\"1170\" \/>\n\t<meta property=\"og:image:height\" content=\"700\" \/>\n\t<meta property=\"og:image:type\" content=\"image\/webp\" \/>\n<meta name=\"author\" content=\"Jeferson Carvalho\" \/>\n<meta name=\"twitter:card\" content=\"summary_large_image\" \/>\n<meta name=\"twitter:creator\" content=\"@tribunademinas\" \/>\n<meta name=\"twitter:site\" content=\"@tribunademinas\" \/>\n<meta name=\"twitter:label1\" content=\"Escrito por\" \/>\n\t<meta name=\"twitter:data1\" content=\"Jeferson Carvalho\" \/>\n\t<meta name=\"twitter:label2\" content=\"Est. tempo de leitura\" \/>\n\t<meta name=\"twitter:data2\" content=\"3 minutos\" \/>\n<!-- \/ Yoast SEO plugin. -->","yoast_head_json":{"title":"Governo confirma mudan\u00e7as no in\u00edcio de 2026 para micro e pequenas empresas","description":"O in\u00edcio de 2026 marcar\u00e1 a entrada em vigor de uma s\u00e9rie de mudan\u00e7as para as micro e pequenas empresas enquadradas no Simples Nacional.","robots":{"index":"index","follow":"follow","max-snippet":"max-snippet:-1","max-image-preview":"max-image-preview:large","max-video-preview":"max-video-preview:-1"},"canonical":"https:\/\/tribunademinas.audiencelabs.com.br\/governo-confirma-mudancas-imediatas-no-inicio-de-2026-para-quem-as-micro-e-pequenas-empresas\/","og_locale":"pt_BR","og_type":"article","og_title":"Governo confirma mudan\u00e7as no in\u00edcio de 2026 para micro e pequenas empresas","og_description":"O in\u00edcio de 2026 marcar\u00e1 a entrada em vigor de uma s\u00e9rie de mudan\u00e7as para as micro e pequenas empresas enquadradas no Simples Nacional.","og_url":"https:\/\/tribunademinas.audiencelabs.com.br\/governo-confirma-mudancas-imediatas-no-inicio-de-2026-para-quem-as-micro-e-pequenas-empresas\/","og_site_name":"Tribuna de Minas - Dinheiro e Cidadania","article_publisher":"https:\/\/www.facebook.com\/tribunademinas\/","article_published_time":"2025-10-15T12:45:00+00:00","article_modified_time":"2025-10-15T16:26:59+00:00","og_image":[{"width":1170,"height":700,"url":"https:\/\/tribunademinas.audiencelabs.com.br\/wp-content\/uploads\/2025\/10\/empresa.webp","type":"image\/webp"}],"author":"Jeferson Carvalho","twitter_card":"summary_large_image","twitter_creator":"@tribunademinas","twitter_site":"@tribunademinas","twitter_misc":{"Escrito por":"Jeferson Carvalho","Est. tempo de leitura":"3 minutos"},"schema":{"@context":"https:\/\/schema.org","@graph":[{"@type":"Article","@id":"https:\/\/tribunademinas.audiencelabs.com.br\/governo-confirma-mudancas-imediatas-no-inicio-de-2026-para-quem-as-micro-e-pequenas-empresas\/#article","isPartOf":{"@id":"https:\/\/tribunademinas.audiencelabs.com.br\/governo-confirma-mudancas-imediatas-no-inicio-de-2026-para-quem-as-micro-e-pequenas-empresas\/"},"author":{"name":"Jeferson Carvalho","@id":"https:\/\/tribunademinas.audiencelabs.com.br\/#\/schema\/person\/db18fc40307804bacef94213aa68fd9d"},"headline":"Governo confirma mudan\u00e7as no in\u00edcio de 2026 para micro e pequenas empresas","datePublished":"2025-10-15T12:45:00+00:00","dateModified":"2025-10-15T16:26:59+00:00","mainEntityOfPage":{"@id":"https:\/\/tribunademinas.audiencelabs.com.br\/governo-confirma-mudancas-imediatas-no-inicio-de-2026-para-quem-as-micro-e-pequenas-empresas\/"},"wordCount":468,"commentCount":0,"publisher":{"@id":"https:\/\/tribunademinas.audiencelabs.com.br\/#organization"},"image":{"@id":"https:\/\/tribunademinas.audiencelabs.com.br\/governo-confirma-mudancas-imediatas-no-inicio-de-2026-para-quem-as-micro-e-pequenas-empresas\/#primaryimage"},"thumbnailUrl":"https:\/\/tribunademinas.audiencelabs.com.br\/wp-content\/uploads\/2025\/10\/empresa.webp","articleSection":["Cidadania"],"inLanguage":"pt-BR","potentialAction":[{"@type":"CommentAction","name":"Comment","target":["https:\/\/tribunademinas.audiencelabs.com.br\/governo-confirma-mudancas-imediatas-no-inicio-de-2026-para-quem-as-micro-e-pequenas-empresas\/#respond"]}]},{"@type":"WebPage","@id":"https:\/\/tribunademinas.audiencelabs.com.br\/governo-confirma-mudancas-imediatas-no-inicio-de-2026-para-quem-as-micro-e-pequenas-empresas\/","url":"https:\/\/tribunademinas.audiencelabs.com.br\/governo-confirma-mudancas-imediatas-no-inicio-de-2026-para-quem-as-micro-e-pequenas-empresas\/","name":"Governo confirma mudan\u00e7as no in\u00edcio de 2026 para micro e pequenas empresas","isPartOf":{"@id":"https:\/\/tribunademinas.audiencelabs.com.br\/#website"},"primaryImageOfPage":{"@id":"https:\/\/tribunademinas.audiencelabs.com.br\/governo-confirma-mudancas-imediatas-no-inicio-de-2026-para-quem-as-micro-e-pequenas-empresas\/#primaryimage"},"image":{"@id":"https:\/\/tribunademinas.audiencelabs.com.br\/governo-confirma-mudancas-imediatas-no-inicio-de-2026-para-quem-as-micro-e-pequenas-empresas\/#primaryimage"},"thumbnailUrl":"https:\/\/tribunademinas.audiencelabs.com.br\/wp-content\/uploads\/2025\/10\/empresa.webp","datePublished":"2025-10-15T12:45:00+00:00","dateModified":"2025-10-15T16:26:59+00:00","description":"O in\u00edcio de 2026 marcar\u00e1 a entrada em vigor de uma s\u00e9rie de mudan\u00e7as para as micro e pequenas empresas enquadradas no Simples Nacional.","breadcrumb":{"@id":"https:\/\/tribunademinas.audiencelabs.com.br\/governo-confirma-mudancas-imediatas-no-inicio-de-2026-para-quem-as-micro-e-pequenas-empresas\/#breadcrumb"},"inLanguage":"pt-BR","potentialAction":[{"@type":"ReadAction","target":["https:\/\/tribunademinas.audiencelabs.com.br\/governo-confirma-mudancas-imediatas-no-inicio-de-2026-para-quem-as-micro-e-pequenas-empresas\/"]}]},{"@type":"ImageObject","inLanguage":"pt-BR","@id":"https:\/\/tribunademinas.audiencelabs.com.br\/governo-confirma-mudancas-imediatas-no-inicio-de-2026-para-quem-as-micro-e-pequenas-empresas\/#primaryimage","url":"https:\/\/tribunademinas.audiencelabs.com.br\/wp-content\/uploads\/2025\/10\/empresa.webp","contentUrl":"https:\/\/tribunademinas.audiencelabs.com.br\/wp-content\/uploads\/2025\/10\/empresa.webp","width":1170,"height":700,"caption":"Governo confirma mudan\u00e7as imediatas no in\u00edcio de 2026 para quem as micro e pequenas empresas - Imagem: Marcelo Camargo\/Ag\u00eancia Brasil"},{"@type":"BreadcrumbList","@id":"https:\/\/tribunademinas.audiencelabs.com.br\/governo-confirma-mudancas-imediatas-no-inicio-de-2026-para-quem-as-micro-e-pequenas-empresas\/#breadcrumb","itemListElement":[{"@type":"ListItem","position":1,"name":"In\u00edcio","item":"https:\/\/tribunademinas.audiencelabs.com.br\/"},{"@type":"ListItem","position":2,"name":"Governo confirma mudan\u00e7as no in\u00edcio de 2026 para micro e pequenas empresas"}]},{"@type":"WebSite","@id":"https:\/\/tribunademinas.audiencelabs.com.br\/#website","url":"https:\/\/tribunademinas.audiencelabs.com.br\/","name":"Tribuna de Minas - Dinheiro e Cidadania","description":"","publisher":{"@id":"https:\/\/tribunademinas.audiencelabs.com.br\/#organization"},"potentialAction":[{"@type":"SearchAction","target":{"@type":"EntryPoint","urlTemplate":"https:\/\/tribunademinas.audiencelabs.com.br\/?s={search_term_string}"},"query-input":{"@type":"PropertyValueSpecification","valueRequired":true,"valueName":"search_term_string"}}],"inLanguage":"pt-BR"},{"@type":"Organization","@id":"https:\/\/tribunademinas.audiencelabs.com.br\/#organization","name":"Tribuna de Minas - Dinheiro e Cidadania","url":"https:\/\/tribunademinas.audiencelabs.com.br\/","logo":{"@type":"ImageObject","inLanguage":"pt-BR","@id":"https:\/\/tribunademinas.audiencelabs.com.br\/#\/schema\/logo\/image\/","url":"https:\/\/tribunademinas.audiencelabs.com.br\/wp-content\/uploads\/2025\/08\/cropped-Tribuna_512x512-96x96-1.png","contentUrl":"https:\/\/tribunademinas.audiencelabs.com.br\/wp-content\/uploads\/2025\/08\/cropped-Tribuna_512x512-96x96-1.png","width":96,"height":96,"caption":"Tribuna de Minas - Dinheiro e Cidadania"},"image":{"@id":"https:\/\/tribunademinas.audiencelabs.com.br\/#\/schema\/logo\/image\/"},"sameAs":["https:\/\/www.facebook.com\/tribunademinas\/","https:\/\/x.com\/tribunademinas","https:\/\/www.instagram.com\/tribunademinas\/","https:\/\/www.youtube.com\/user\/TribunadeMinasJF"]},{"@type":"Person","@id":"https:\/\/tribunademinas.audiencelabs.com.br\/#\/schema\/person\/db18fc40307804bacef94213aa68fd9d","name":"Jeferson Carvalho","image":{"@type":"ImageObject","inLanguage":"pt-BR","@id":"https:\/\/tribunademinas.audiencelabs.com.br\/#\/schema\/person\/image\/","url":"https:\/\/secure.gravatar.com\/avatar\/cd7646e328d9670dad7dea8698522e522745eeffcff5b9d08be858e377ce326b?s=96&d=mm&r=g","contentUrl":"https:\/\/secure.gravatar.com\/avatar\/cd7646e328d9670dad7dea8698522e522745eeffcff5b9d08be858e377ce326b?s=96&d=mm&r=g","caption":"Jeferson Carvalho"},"description":"Jornalista apaixonado pela profiss\u00e3o!","url":"https:\/\/tribunademinas.audiencelabs.com.br\/author\/jeferson\/"}]}},"amp_enabled":true,"_links":{"self":[{"href":"https:\/\/tribunademinas.audiencelabs.com.br\/wp-json\/wp\/v2\/posts\/2548","targetHints":{"allow":["GET"]}}],"collection":[{"href":"https:\/\/tribunademinas.audiencelabs.com.br\/wp-json\/wp\/v2\/posts"}],"about":[{"href":"https:\/\/tribunademinas.audiencelabs.com.br\/wp-json\/wp\/v2\/types\/post"}],"author":[{"embeddable":true,"href":"https:\/\/tribunademinas.audiencelabs.com.br\/wp-json\/wp\/v2\/users\/5"}],"replies":[{"embeddable":true,"href":"https:\/\/tribunademinas.audiencelabs.com.br\/wp-json\/wp\/v2\/comments?post=2548"}],"version-history":[{"count":2,"href":"https:\/\/tribunademinas.audiencelabs.com.br\/wp-json\/wp\/v2\/posts\/2548\/revisions"}],"predecessor-version":[{"id":2567,"href":"https:\/\/tribunademinas.audiencelabs.com.br\/wp-json\/wp\/v2\/posts\/2548\/revisions\/2567"}],"wp:featuredmedia":[{"embeddable":true,"href":"https:\/\/tribunademinas.audiencelabs.com.br\/wp-json\/wp\/v2\/media\/2549"}],"wp:attachment":[{"href":"https:\/\/tribunademinas.audiencelabs.com.br\/wp-json\/wp\/v2\/media?parent=2548"}],"wp:term":[{"taxonomy":"category","embeddable":true,"href":"https:\/\/tribunademinas.audiencelabs.com.br\/wp-json\/wp\/v2\/categories?post=2548"},{"taxonomy":"post_tag","embeddable":true,"href":"https:\/\/tribunademinas.audiencelabs.com.br\/wp-json\/wp\/v2\/tags?post=2548"}],"curies":[{"name":"wp","href":"https:\/\/api.w.org\/{rel}","templated":true}]}}