{"id":2534,"date":"2025-10-15T06:45:00","date_gmt":"2025-10-15T09:45:00","guid":{"rendered":"https:\/\/tribunademinas.audiencelabs.com.br\/?p=2534"},"modified":"2025-10-14T17:23:08","modified_gmt":"2025-10-14T20:23:08","slug":"autonomos-recebem-atualizacao-animadora-na-aposentadoria","status":"publish","type":"post","link":"https:\/\/tribunademinas.audiencelabs.com.br\/autonomos-recebem-atualizacao-animadora-na-aposentadoria\/","title":{"rendered":"Aut\u00f4nomos recebem atualiza\u00e7\u00e3o animadora na aposentadoria"},"content":{"rendered":"\n<p>A aposentadoria representa uma das principais garantias de seguran\u00e7a social no Brasil, assegurando um sustento digno ap\u00f3s anos de trabalho. <\/p>\n\n\n\n<p>No entanto, para os trabalhadores aut\u00f4nomos, como mec\u00e2nicos, cabeleireiros, t\u00e9cnicos, entre outros profissionais por conta pr\u00f3pria, esse direito nem sempre veio em condi\u00e7\u00f5es justas. <\/p>\n\n\n\n<p>Historicamente, as regras previdenci\u00e1rias aplicadas a esses contribuintes individuais foram mais restritivas, principalmente quando se tratava de benef\u00edcios como a aposentadoria por invalidez ou a chamada aposentadoria especial.<\/p>\n\n\n\n<h2 class=\"wp-block-heading\">Aut\u00f4nomos recebem atualiza\u00e7\u00e3o animadora na aposentadoria<\/h2>\n\n\n\n<p>Durante muito tempo, a Previd\u00eancia Social excluiu os aut\u00f4nomos da possibilidade de se aposentarem mais cedo por conta da exposi\u00e7\u00e3o cont\u00ednua a agentes insalubres ou perigosos. <\/p>\n\n\n\n<p>Embora desempenhassem atividades nas mesmas condi\u00e7\u00f5es nocivas que empregados formais, esses profissionais tinham seus pedidos negados pelo Instituto Nacional do Seguro Social (INSS), especialmente para os per\u00edodos trabalhados ap\u00f3s abril de 1995. <\/p>\n\n\n\n<p>O argumento recorrente era a falta de v\u00ednculo com empresas, o que dificultaria a comprova\u00e7\u00e3o dos riscos ocupacionais, al\u00e9m da suposta aus\u00eancia de contribui\u00e7\u00e3o espec\u00edfica para custear esse tipo de benef\u00edcio.<\/p>\n\n\n\n<p>Essa barreira institucional, no entanto, acaba de ser superada. Uma decis\u00e3o un\u00e2nime do Superior Tribunal de Justi\u00e7a (<a href=\"https:\/\/www.stj.jus.br\/\"><strong>STJ<\/strong><\/a>), proferida no julgamento do Tema Repetitivo 1.291, alterou profundamente a forma como o INSS deve tratar os casos de aposentadoria especial para aut\u00f4nomos. <\/p>\n\n\n\n<p>O tribunal reconheceu que a legisla\u00e7\u00e3o previdenci\u00e1ria nunca excluiu expressamente os contribuintes individuais desse tipo de aposentadoria. <\/p>\n\n\n\n<p>Segundo o entendimento da corte, o direito sempre existiu, e o que faltava era o reconhecimento por parte do INSS, que baseava suas negativas em regras inferiores \u00e0 lei, como decretos regulamentares.<\/p>\n\n\n\n<h3 class=\"wp-block-heading\">Decis\u00e3o corrige injusti\u00e7a sobre aposentadoria especial para aut\u00f4nomos<\/h3>\n\n\n\n<p>O STJ foi claro: trabalhadores aut\u00f4nomos tamb\u00e9m podem comprovar a exposi\u00e7\u00e3o a agentes nocivos por meio de laudos t\u00e9cnicos, per\u00edcias e outros documentos v\u00e1lidos, mesmo sem v\u00ednculo empregat\u00edcio. <\/p>\n\n\n\n<p>Al\u00e9m disso, o argumento do custeio foi rebatido com base no princ\u00edpio da solidariedade que rege o sistema previdenci\u00e1rio. Ou seja, todos contribuem coletivamente para sustentar os benef\u00edcios.<\/p>\n\n\n\n<p>Com essa decis\u00e3o, os aut\u00f4nomos passam a ter reconhecido um direito que, na pr\u00e1tica, sempre lhes pertenceu. <\/p>\n\n\n\n<p>\u00c9 um avan\u00e7o que n\u00e3o apenas corrige uma injusti\u00e7a hist\u00f3rica, mas tamb\u00e9m oferece novos caminhos para quem dedicou anos \u00e0 profiss\u00e3o em condi\u00e7\u00f5es adversas, agora com uma perspectiva mais justa de aposentadoria.<\/p>\n\n\n\n<p><\/p>\n","protected":false},"excerpt":{"rendered":"<p>A aposentadoria representa uma das principais garantias de seguran\u00e7a social no Brasil, assegurando um sustento digno ap\u00f3s anos de trabalho. No entanto, para os trabalhadores aut\u00f4nomos, como mec\u00e2nicos, cabeleireiros, t\u00e9cnicos, entre outros profissionais por conta pr\u00f3pria, esse direito nem sempre veio em condi\u00e7\u00f5es justas. Historicamente, as regras previdenci\u00e1rias aplicadas a esses contribuintes individuais foram mais [&hellip;]<\/p>\n","protected":false},"author":5,"featured_media":2535,"comment_status":"open","ping_status":"open","sticky":false,"template":"","format":"standard","meta":{"jnews-multi-image_gallery":[],"jnews_single_post":{"format":"standard"},"jnews_primary_category":[],"jnews_social_meta":[],"jnews_post_split":[],"footnotes":""},"categories":[159],"tags":[],"class_list":["post-2534","post","type-post","status-publish","format-standard","has-post-thumbnail","hentry","category-cidadania"],"yoast_head":"<!-- This site is optimized with the Yoast SEO plugin v25.6 - https:\/\/yoast.com\/wordpress\/plugins\/seo\/ -->\n<title>Aut\u00f4nomos recebem atualiza\u00e7\u00e3o animadora na aposentadoria<\/title>\n<meta name=\"description\" content=\"A aposentadoria representa uma das principais garantias de seguran\u00e7a social no Brasil, assegurando um sustento digno ap\u00f3s anos de trabalho.\" \/>\n<meta name=\"robots\" content=\"index, follow, max-snippet:-1, max-image-preview:large, max-video-preview:-1\" \/>\n<link rel=\"canonical\" href=\"https:\/\/tribunademinas.audiencelabs.com.br\/autonomos-recebem-atualizacao-animadora-na-aposentadoria\/\" \/>\n<meta property=\"og:locale\" content=\"pt_BR\" \/>\n<meta property=\"og:type\" content=\"article\" \/>\n<meta property=\"og:title\" content=\"Aut\u00f4nomos recebem atualiza\u00e7\u00e3o animadora na aposentadoria\" \/>\n<meta property=\"og:description\" content=\"A aposentadoria representa uma das principais garantias de seguran\u00e7a social no Brasil, assegurando um sustento digno ap\u00f3s anos de trabalho.\" \/>\n<meta property=\"og:url\" content=\"https:\/\/tribunademinas.audiencelabs.com.br\/autonomos-recebem-atualizacao-animadora-na-aposentadoria\/\" \/>\n<meta property=\"og:site_name\" content=\"Tribuna de Minas - Dinheiro e Cidadania\" \/>\n<meta property=\"article:publisher\" content=\"https:\/\/www.facebook.com\/tribunademinas\/\" \/>\n<meta property=\"article:published_time\" content=\"2025-10-15T09:45:00+00:00\" \/>\n<meta property=\"og:image\" content=\"https:\/\/tribunademinas.audiencelabs.com.br\/wp-content\/uploads\/2025\/10\/aposentadoria.webp\" \/>\n\t<meta property=\"og:image:width\" content=\"1170\" \/>\n\t<meta property=\"og:image:height\" content=\"700\" \/>\n\t<meta property=\"og:image:type\" content=\"image\/webp\" \/>\n<meta name=\"author\" content=\"Jeferson Carvalho\" \/>\n<meta name=\"twitter:card\" content=\"summary_large_image\" \/>\n<meta name=\"twitter:creator\" content=\"@tribunademinas\" \/>\n<meta name=\"twitter:site\" content=\"@tribunademinas\" \/>\n<meta name=\"twitter:label1\" content=\"Escrito por\" \/>\n\t<meta name=\"twitter:data1\" content=\"Jeferson Carvalho\" \/>\n\t<meta name=\"twitter:label2\" content=\"Est. tempo de leitura\" \/>\n\t<meta name=\"twitter:data2\" content=\"3 minutos\" \/>\n<!-- \/ Yoast SEO plugin. -->","yoast_head_json":{"title":"Aut\u00f4nomos recebem atualiza\u00e7\u00e3o animadora na aposentadoria","description":"A aposentadoria representa uma das principais garantias de seguran\u00e7a social no Brasil, assegurando um sustento digno ap\u00f3s anos de trabalho.","robots":{"index":"index","follow":"follow","max-snippet":"max-snippet:-1","max-image-preview":"max-image-preview:large","max-video-preview":"max-video-preview:-1"},"canonical":"https:\/\/tribunademinas.audiencelabs.com.br\/autonomos-recebem-atualizacao-animadora-na-aposentadoria\/","og_locale":"pt_BR","og_type":"article","og_title":"Aut\u00f4nomos recebem atualiza\u00e7\u00e3o animadora na aposentadoria","og_description":"A aposentadoria representa uma das principais garantias de seguran\u00e7a social no Brasil, assegurando um sustento digno ap\u00f3s anos de trabalho.","og_url":"https:\/\/tribunademinas.audiencelabs.com.br\/autonomos-recebem-atualizacao-animadora-na-aposentadoria\/","og_site_name":"Tribuna de Minas - Dinheiro e Cidadania","article_publisher":"https:\/\/www.facebook.com\/tribunademinas\/","article_published_time":"2025-10-15T09:45:00+00:00","og_image":[{"width":1170,"height":700,"url":"https:\/\/tribunademinas.audiencelabs.com.br\/wp-content\/uploads\/2025\/10\/aposentadoria.webp","type":"image\/webp"}],"author":"Jeferson Carvalho","twitter_card":"summary_large_image","twitter_creator":"@tribunademinas","twitter_site":"@tribunademinas","twitter_misc":{"Escrito por":"Jeferson Carvalho","Est. tempo de leitura":"3 minutos"},"schema":{"@context":"https:\/\/schema.org","@graph":[{"@type":"Article","@id":"https:\/\/tribunademinas.audiencelabs.com.br\/autonomos-recebem-atualizacao-animadora-na-aposentadoria\/#article","isPartOf":{"@id":"https:\/\/tribunademinas.audiencelabs.com.br\/autonomos-recebem-atualizacao-animadora-na-aposentadoria\/"},"author":{"name":"Jeferson Carvalho","@id":"https:\/\/tribunademinas.audiencelabs.com.br\/#\/schema\/person\/db18fc40307804bacef94213aa68fd9d"},"headline":"Aut\u00f4nomos recebem atualiza\u00e7\u00e3o animadora na aposentadoria","datePublished":"2025-10-15T09:45:00+00:00","mainEntityOfPage":{"@id":"https:\/\/tribunademinas.audiencelabs.com.br\/autonomos-recebem-atualizacao-animadora-na-aposentadoria\/"},"wordCount":429,"commentCount":0,"publisher":{"@id":"https:\/\/tribunademinas.audiencelabs.com.br\/#organization"},"image":{"@id":"https:\/\/tribunademinas.audiencelabs.com.br\/autonomos-recebem-atualizacao-animadora-na-aposentadoria\/#primaryimage"},"thumbnailUrl":"https:\/\/tribunademinas.audiencelabs.com.br\/wp-content\/uploads\/2025\/10\/aposentadoria.webp","articleSection":["Cidadania"],"inLanguage":"pt-BR","potentialAction":[{"@type":"CommentAction","name":"Comment","target":["https:\/\/tribunademinas.audiencelabs.com.br\/autonomos-recebem-atualizacao-animadora-na-aposentadoria\/#respond"]}]},{"@type":"WebPage","@id":"https:\/\/tribunademinas.audiencelabs.com.br\/autonomos-recebem-atualizacao-animadora-na-aposentadoria\/","url":"https:\/\/tribunademinas.audiencelabs.com.br\/autonomos-recebem-atualizacao-animadora-na-aposentadoria\/","name":"Aut\u00f4nomos recebem atualiza\u00e7\u00e3o animadora na aposentadoria","isPartOf":{"@id":"https:\/\/tribunademinas.audiencelabs.com.br\/#website"},"primaryImageOfPage":{"@id":"https:\/\/tribunademinas.audiencelabs.com.br\/autonomos-recebem-atualizacao-animadora-na-aposentadoria\/#primaryimage"},"image":{"@id":"https:\/\/tribunademinas.audiencelabs.com.br\/autonomos-recebem-atualizacao-animadora-na-aposentadoria\/#primaryimage"},"thumbnailUrl":"https:\/\/tribunademinas.audiencelabs.com.br\/wp-content\/uploads\/2025\/10\/aposentadoria.webp","datePublished":"2025-10-15T09:45:00+00:00","description":"A aposentadoria representa uma das principais garantias de seguran\u00e7a social no Brasil, assegurando um sustento digno ap\u00f3s anos de trabalho.","breadcrumb":{"@id":"https:\/\/tribunademinas.audiencelabs.com.br\/autonomos-recebem-atualizacao-animadora-na-aposentadoria\/#breadcrumb"},"inLanguage":"pt-BR","potentialAction":[{"@type":"ReadAction","target":["https:\/\/tribunademinas.audiencelabs.com.br\/autonomos-recebem-atualizacao-animadora-na-aposentadoria\/"]}]},{"@type":"ImageObject","inLanguage":"pt-BR","@id":"https:\/\/tribunademinas.audiencelabs.com.br\/autonomos-recebem-atualizacao-animadora-na-aposentadoria\/#primaryimage","url":"https:\/\/tribunademinas.audiencelabs.com.br\/wp-content\/uploads\/2025\/10\/aposentadoria.webp","contentUrl":"https:\/\/tribunademinas.audiencelabs.com.br\/wp-content\/uploads\/2025\/10\/aposentadoria.webp","width":1170,"height":700,"caption":"Aut\u00f4nomos recebem atualiza\u00e7\u00e3o animadora na aposentadoria - Imagem: Rafa Neddermeyer\/Ag\u00eancia Brasil"},{"@type":"BreadcrumbList","@id":"https:\/\/tribunademinas.audiencelabs.com.br\/autonomos-recebem-atualizacao-animadora-na-aposentadoria\/#breadcrumb","itemListElement":[{"@type":"ListItem","position":1,"name":"In\u00edcio","item":"https:\/\/tribunademinas.audiencelabs.com.br\/"},{"@type":"ListItem","position":2,"name":"Aut\u00f4nomos recebem atualiza\u00e7\u00e3o animadora na aposentadoria"}]},{"@type":"WebSite","@id":"https:\/\/tribunademinas.audiencelabs.com.br\/#website","url":"https:\/\/tribunademinas.audiencelabs.com.br\/","name":"Tribuna de Minas - Dinheiro e Cidadania","description":"","publisher":{"@id":"https:\/\/tribunademinas.audiencelabs.com.br\/#organization"},"potentialAction":[{"@type":"SearchAction","target":{"@type":"EntryPoint","urlTemplate":"https:\/\/tribunademinas.audiencelabs.com.br\/?s={search_term_string}"},"query-input":{"@type":"PropertyValueSpecification","valueRequired":true,"valueName":"search_term_string"}}],"inLanguage":"pt-BR"},{"@type":"Organization","@id":"https:\/\/tribunademinas.audiencelabs.com.br\/#organization","name":"Tribuna de Minas - Dinheiro e Cidadania","url":"https:\/\/tribunademinas.audiencelabs.com.br\/","logo":{"@type":"ImageObject","inLanguage":"pt-BR","@id":"https:\/\/tribunademinas.audiencelabs.com.br\/#\/schema\/logo\/image\/","url":"https:\/\/tribunademinas.audiencelabs.com.br\/wp-content\/uploads\/2025\/08\/cropped-Tribuna_512x512-96x96-1.png","contentUrl":"https:\/\/tribunademinas.audiencelabs.com.br\/wp-content\/uploads\/2025\/08\/cropped-Tribuna_512x512-96x96-1.png","width":96,"height":96,"caption":"Tribuna de Minas - Dinheiro e Cidadania"},"image":{"@id":"https:\/\/tribunademinas.audiencelabs.com.br\/#\/schema\/logo\/image\/"},"sameAs":["https:\/\/www.facebook.com\/tribunademinas\/","https:\/\/x.com\/tribunademinas","https:\/\/www.instagram.com\/tribunademinas\/","https:\/\/www.youtube.com\/user\/TribunadeMinasJF"]},{"@type":"Person","@id":"https:\/\/tribunademinas.audiencelabs.com.br\/#\/schema\/person\/db18fc40307804bacef94213aa68fd9d","name":"Jeferson Carvalho","image":{"@type":"ImageObject","inLanguage":"pt-BR","@id":"https:\/\/tribunademinas.audiencelabs.com.br\/#\/schema\/person\/image\/","url":"https:\/\/secure.gravatar.com\/avatar\/cd7646e328d9670dad7dea8698522e522745eeffcff5b9d08be858e377ce326b?s=96&d=mm&r=g","contentUrl":"https:\/\/secure.gravatar.com\/avatar\/cd7646e328d9670dad7dea8698522e522745eeffcff5b9d08be858e377ce326b?s=96&d=mm&r=g","caption":"Jeferson Carvalho"},"description":"Jornalista apaixonado pela profiss\u00e3o!","url":"https:\/\/tribunademinas.audiencelabs.com.br\/author\/jeferson\/"}]}},"amp_enabled":true,"_links":{"self":[{"href":"https:\/\/tribunademinas.audiencelabs.com.br\/wp-json\/wp\/v2\/posts\/2534","targetHints":{"allow":["GET"]}}],"collection":[{"href":"https:\/\/tribunademinas.audiencelabs.com.br\/wp-json\/wp\/v2\/posts"}],"about":[{"href":"https:\/\/tribunademinas.audiencelabs.com.br\/wp-json\/wp\/v2\/types\/post"}],"author":[{"embeddable":true,"href":"https:\/\/tribunademinas.audiencelabs.com.br\/wp-json\/wp\/v2\/users\/5"}],"replies":[{"embeddable":true,"href":"https:\/\/tribunademinas.audiencelabs.com.br\/wp-json\/wp\/v2\/comments?post=2534"}],"version-history":[{"count":1,"href":"https:\/\/tribunademinas.audiencelabs.com.br\/wp-json\/wp\/v2\/posts\/2534\/revisions"}],"predecessor-version":[{"id":2538,"href":"https:\/\/tribunademinas.audiencelabs.com.br\/wp-json\/wp\/v2\/posts\/2534\/revisions\/2538"}],"wp:featuredmedia":[{"embeddable":true,"href":"https:\/\/tribunademinas.audiencelabs.com.br\/wp-json\/wp\/v2\/media\/2535"}],"wp:attachment":[{"href":"https:\/\/tribunademinas.audiencelabs.com.br\/wp-json\/wp\/v2\/media?parent=2534"}],"wp:term":[{"taxonomy":"category","embeddable":true,"href":"https:\/\/tribunademinas.audiencelabs.com.br\/wp-json\/wp\/v2\/categories?post=2534"},{"taxonomy":"post_tag","embeddable":true,"href":"https:\/\/tribunademinas.audiencelabs.com.br\/wp-json\/wp\/v2\/tags?post=2534"}],"curies":[{"name":"wp","href":"https:\/\/api.w.org\/{rel}","templated":true}]}}