{"id":2503,"date":"2025-10-18T10:45:00","date_gmt":"2025-10-18T13:45:00","guid":{"rendered":"https:\/\/tribunademinas.audiencelabs.com.br\/?p=2503"},"modified":"2025-10-13T18:13:04","modified_gmt":"2025-10-13T21:13:04","slug":"tudo-pode-mudar-para-quem-e-mei-apos-manifesto","status":"publish","type":"post","link":"https:\/\/tribunademinas.audiencelabs.com.br\/tudo-pode-mudar-para-quem-e-mei-apos-manifesto\/","title":{"rendered":"Tudo pode mudar para quem \u00e9 MEI ap\u00f3s manifesto"},"content":{"rendered":"\n<p>Um novo movimento dentro do <a href=\"https:\/\/www.congressonacional.leg.br\/\"><strong>Congresso Nacional<\/strong><\/a> pode transformar de forma significativa a realidade dos Microempreendedores Individuais (MEI) no Brasil. <\/p>\n\n\n\n<p>Em uma sess\u00e3o solene realizada na C\u00e2mara dos Deputados, representantes de cinco frentes parlamentares apresentaram um manifesto cobrando urg\u00eancia na vota\u00e7\u00e3o de um projeto de lei que prop\u00f5e a revis\u00e3o dos limites de faturamento do Simples Nacional. <\/p>\n\n\n\n<p>O pedido ganhou destaque durante as comemora\u00e7\u00f5es do Dia do Empreendedor e promete mexer com as regras atuais que regem a categoria dos MEIs.<\/p>\n\n\n\n<h2 class=\"wp-block-heading\">Tudo pode mudar para quem \u00e9 MEI ap\u00f3s manifesto<\/h2>\n\n\n\n<p>A principal preocupa\u00e7\u00e3o dos parlamentares gira em torno da defasagem dos valores de enquadramento no regime do Simples Nacional. <\/p>\n\n\n\n<p>De acordo com o documento apresentado, a infla\u00e7\u00e3o acumulada desde 2018 corroeu mais de 40% do poder de faturamento permitido, o que tem colocado em risco a perman\u00eancia de milhares de pequenos neg\u00f3cios dentro do regime simplificado de tributa\u00e7\u00e3o. <\/p>\n\n\n\n<p>O manifesto cobra que a C\u00e2mara avance no Projeto de Lei Complementar 108\/2021, que trata justamente da atualiza\u00e7\u00e3o desses limites.<\/p>\n\n\n\n<p>Se aprovado como est\u00e1 na Comiss\u00e3o de Finan\u00e7as e Tributa\u00e7\u00e3o, o projeto permitir\u00e1 que o teto de faturamento anual para os MEIs salte dos atuais R$ 81 mil para aproximadamente R$ 144,9 mil. <\/p>\n\n\n\n<p>Al\u00e9m disso, o texto amplia a possibilidade de contrata\u00e7\u00e3o: hoje limitado a um funcion\u00e1rio, o MEI poder\u00e1 passar a empregar at\u00e9 dois colaboradores. <\/p>\n\n\n\n<p>Essa medida, segundo os defensores da proposta, daria mais f\u00f4lego aos pequenos empreendedores, permitindo que ampliem suas atividades sem precisar migrar para regimes mais complexos e caros.<\/p>\n\n\n\n<h3 class=\"wp-block-heading\">Al\u00e9m do MEI, mudan\u00e7as afetam pequenas empresas<\/h3>\n\n\n\n<p>O manifesto tamb\u00e9m contempla mudan\u00e7as para microempresas e empresas de pequeno porte, com aumentos significativos nos tetos de receita anual. <\/p>\n\n\n\n<p>Mas \u00e9 no impacto direto sobre os MEIs que a proposta pode causar as altera\u00e7\u00f5es mais sentidas. <\/p>\n\n\n\n<p>A expectativa \u00e9 que, com regras mais realistas, esses empreendedores consigam manter-se formalizados e contribuir com mais empregos e arrecada\u00e7\u00e3o.<\/p>\n\n\n\n<p>As frentes parlamentares argumentam que a proposta n\u00e3o cria privil\u00e9gios, apenas atualiza os valores para refletir a realidade econ\u00f4mica atual. <\/p>\n\n\n\n<p>Eles defendem que, ao modernizar os limites do Simples Nacional, o Estado estar\u00e1 reconhecendo a import\u00e2ncia estrat\u00e9gica dos pequenos neg\u00f3cios, que hoje representam a maioria absoluta das empresas brasileiras e s\u00e3o respons\u00e1veis por grande parte dos empregos no pa\u00eds.<\/p>\n\n\n\n<p>A vota\u00e7\u00e3o da proposta ainda n\u00e3o tem data definida, mas o apelo pol\u00edtico est\u00e1 feito: \u00e9 hora de olhar para os pequenos com seriedade e ajustar as regras do jogo.<\/p>\n\n\n\n<p><\/p>\n","protected":false},"excerpt":{"rendered":"<p>Um novo movimento dentro do Congresso Nacional pode transformar de forma significativa a realidade dos Microempreendedores Individuais (MEI) no Brasil. Em uma sess\u00e3o solene realizada na C\u00e2mara dos Deputados, representantes de cinco frentes parlamentares apresentaram um manifesto cobrando urg\u00eancia na vota\u00e7\u00e3o de um projeto de lei que prop\u00f5e a revis\u00e3o dos limites de faturamento do [&hellip;]<\/p>\n","protected":false},"author":5,"featured_media":2504,"comment_status":"open","ping_status":"open","sticky":false,"template":"","format":"standard","meta":{"jnews-multi-image_gallery":[],"jnews_single_post":{"format":"standard"},"jnews_primary_category":[],"jnews_social_meta":[],"jnews_post_split":[],"footnotes":""},"categories":[159],"tags":[],"class_list":["post-2503","post","type-post","status-publish","format-standard","has-post-thumbnail","hentry","category-cidadania"],"yoast_head":"<!-- This site is optimized with the Yoast SEO plugin v25.6 - https:\/\/yoast.com\/wordpress\/plugins\/seo\/ -->\n<title>Tudo pode mudar para quem \u00e9 MEI ap\u00f3s manifesto<\/title>\n<meta name=\"description\" content=\"Um novo movimento dentro do Congresso Nacional pode transformar de forma significativa a realidade de quem \u00e9 MEI no Brasil.\" \/>\n<meta name=\"robots\" content=\"index, follow, max-snippet:-1, max-image-preview:large, max-video-preview:-1\" \/>\n<link rel=\"canonical\" href=\"https:\/\/tribunademinas.audiencelabs.com.br\/tudo-pode-mudar-para-quem-e-mei-apos-manifesto\/\" \/>\n<meta property=\"og:locale\" content=\"pt_BR\" \/>\n<meta property=\"og:type\" content=\"article\" \/>\n<meta property=\"og:title\" content=\"Tudo pode mudar para quem \u00e9 MEI ap\u00f3s manifesto\" \/>\n<meta property=\"og:description\" content=\"Um novo movimento dentro do Congresso Nacional pode transformar de forma significativa a realidade de quem \u00e9 MEI no Brasil.\" \/>\n<meta property=\"og:url\" content=\"https:\/\/tribunademinas.audiencelabs.com.br\/tudo-pode-mudar-para-quem-e-mei-apos-manifesto\/\" \/>\n<meta property=\"og:site_name\" content=\"Tribuna de Minas - Dinheiro e Cidadania\" \/>\n<meta property=\"article:publisher\" content=\"https:\/\/www.facebook.com\/tribunademinas\/\" \/>\n<meta property=\"article:published_time\" content=\"2025-10-18T13:45:00+00:00\" \/>\n<meta property=\"og:image\" content=\"https:\/\/tribunademinas.audiencelabs.com.br\/wp-content\/uploads\/2025\/10\/MEI.jpg\" \/>\n\t<meta property=\"og:image:width\" content=\"1170\" \/>\n\t<meta property=\"og:image:height\" content=\"700\" \/>\n\t<meta property=\"og:image:type\" content=\"image\/jpeg\" \/>\n<meta name=\"author\" content=\"Jeferson Carvalho\" \/>\n<meta name=\"twitter:card\" content=\"summary_large_image\" \/>\n<meta name=\"twitter:creator\" content=\"@tribunademinas\" \/>\n<meta name=\"twitter:site\" content=\"@tribunademinas\" \/>\n<meta name=\"twitter:label1\" content=\"Escrito por\" \/>\n\t<meta name=\"twitter:data1\" content=\"Jeferson Carvalho\" \/>\n\t<meta name=\"twitter:label2\" content=\"Est. tempo de leitura\" \/>\n\t<meta name=\"twitter:data2\" content=\"3 minutos\" \/>\n<!-- \/ Yoast SEO plugin. -->","yoast_head_json":{"title":"Tudo pode mudar para quem \u00e9 MEI ap\u00f3s manifesto","description":"Um novo movimento dentro do Congresso Nacional pode transformar de forma significativa a realidade de quem \u00e9 MEI no Brasil.","robots":{"index":"index","follow":"follow","max-snippet":"max-snippet:-1","max-image-preview":"max-image-preview:large","max-video-preview":"max-video-preview:-1"},"canonical":"https:\/\/tribunademinas.audiencelabs.com.br\/tudo-pode-mudar-para-quem-e-mei-apos-manifesto\/","og_locale":"pt_BR","og_type":"article","og_title":"Tudo pode mudar para quem \u00e9 MEI ap\u00f3s manifesto","og_description":"Um novo movimento dentro do Congresso Nacional pode transformar de forma significativa a realidade de quem \u00e9 MEI no Brasil.","og_url":"https:\/\/tribunademinas.audiencelabs.com.br\/tudo-pode-mudar-para-quem-e-mei-apos-manifesto\/","og_site_name":"Tribuna de Minas - Dinheiro e Cidadania","article_publisher":"https:\/\/www.facebook.com\/tribunademinas\/","article_published_time":"2025-10-18T13:45:00+00:00","og_image":[{"width":1170,"height":700,"url":"https:\/\/tribunademinas.audiencelabs.com.br\/wp-content\/uploads\/2025\/10\/MEI.jpg","type":"image\/jpeg"}],"author":"Jeferson Carvalho","twitter_card":"summary_large_image","twitter_creator":"@tribunademinas","twitter_site":"@tribunademinas","twitter_misc":{"Escrito por":"Jeferson Carvalho","Est. tempo de leitura":"3 minutos"},"schema":{"@context":"https:\/\/schema.org","@graph":[{"@type":"Article","@id":"https:\/\/tribunademinas.audiencelabs.com.br\/tudo-pode-mudar-para-quem-e-mei-apos-manifesto\/#article","isPartOf":{"@id":"https:\/\/tribunademinas.audiencelabs.com.br\/tudo-pode-mudar-para-quem-e-mei-apos-manifesto\/"},"author":{"name":"Jeferson Carvalho","@id":"https:\/\/tribunademinas.audiencelabs.com.br\/#\/schema\/person\/db18fc40307804bacef94213aa68fd9d"},"headline":"Tudo pode mudar para quem \u00e9 MEI ap\u00f3s manifesto","datePublished":"2025-10-18T13:45:00+00:00","mainEntityOfPage":{"@id":"https:\/\/tribunademinas.audiencelabs.com.br\/tudo-pode-mudar-para-quem-e-mei-apos-manifesto\/"},"wordCount":444,"commentCount":0,"publisher":{"@id":"https:\/\/tribunademinas.audiencelabs.com.br\/#organization"},"image":{"@id":"https:\/\/tribunademinas.audiencelabs.com.br\/tudo-pode-mudar-para-quem-e-mei-apos-manifesto\/#primaryimage"},"thumbnailUrl":"https:\/\/tribunademinas.audiencelabs.com.br\/wp-content\/uploads\/2025\/10\/MEI.jpg","articleSection":["Cidadania"],"inLanguage":"pt-BR","potentialAction":[{"@type":"CommentAction","name":"Comment","target":["https:\/\/tribunademinas.audiencelabs.com.br\/tudo-pode-mudar-para-quem-e-mei-apos-manifesto\/#respond"]}]},{"@type":"WebPage","@id":"https:\/\/tribunademinas.audiencelabs.com.br\/tudo-pode-mudar-para-quem-e-mei-apos-manifesto\/","url":"https:\/\/tribunademinas.audiencelabs.com.br\/tudo-pode-mudar-para-quem-e-mei-apos-manifesto\/","name":"Tudo pode mudar para quem \u00e9 MEI ap\u00f3s manifesto","isPartOf":{"@id":"https:\/\/tribunademinas.audiencelabs.com.br\/#website"},"primaryImageOfPage":{"@id":"https:\/\/tribunademinas.audiencelabs.com.br\/tudo-pode-mudar-para-quem-e-mei-apos-manifesto\/#primaryimage"},"image":{"@id":"https:\/\/tribunademinas.audiencelabs.com.br\/tudo-pode-mudar-para-quem-e-mei-apos-manifesto\/#primaryimage"},"thumbnailUrl":"https:\/\/tribunademinas.audiencelabs.com.br\/wp-content\/uploads\/2025\/10\/MEI.jpg","datePublished":"2025-10-18T13:45:00+00:00","description":"Um novo movimento dentro do Congresso Nacional pode transformar de forma significativa a realidade de quem \u00e9 MEI no Brasil.","breadcrumb":{"@id":"https:\/\/tribunademinas.audiencelabs.com.br\/tudo-pode-mudar-para-quem-e-mei-apos-manifesto\/#breadcrumb"},"inLanguage":"pt-BR","potentialAction":[{"@type":"ReadAction","target":["https:\/\/tribunademinas.audiencelabs.com.br\/tudo-pode-mudar-para-quem-e-mei-apos-manifesto\/"]}]},{"@type":"ImageObject","inLanguage":"pt-BR","@id":"https:\/\/tribunademinas.audiencelabs.com.br\/tudo-pode-mudar-para-quem-e-mei-apos-manifesto\/#primaryimage","url":"https:\/\/tribunademinas.audiencelabs.com.br\/wp-content\/uploads\/2025\/10\/MEI.jpg","contentUrl":"https:\/\/tribunademinas.audiencelabs.com.br\/wp-content\/uploads\/2025\/10\/MEI.jpg","width":1170,"height":700,"caption":"Tudo pode mudar para quem \u00e9 MEI ap\u00f3s manifesto - Imagem: Marcello Casal Jr\/Ag\u00eancia Brasil"},{"@type":"BreadcrumbList","@id":"https:\/\/tribunademinas.audiencelabs.com.br\/tudo-pode-mudar-para-quem-e-mei-apos-manifesto\/#breadcrumb","itemListElement":[{"@type":"ListItem","position":1,"name":"In\u00edcio","item":"https:\/\/tribunademinas.audiencelabs.com.br\/"},{"@type":"ListItem","position":2,"name":"Tudo pode mudar para quem \u00e9 MEI ap\u00f3s manifesto"}]},{"@type":"WebSite","@id":"https:\/\/tribunademinas.audiencelabs.com.br\/#website","url":"https:\/\/tribunademinas.audiencelabs.com.br\/","name":"Tribuna de Minas - Dinheiro e Cidadania","description":"","publisher":{"@id":"https:\/\/tribunademinas.audiencelabs.com.br\/#organization"},"potentialAction":[{"@type":"SearchAction","target":{"@type":"EntryPoint","urlTemplate":"https:\/\/tribunademinas.audiencelabs.com.br\/?s={search_term_string}"},"query-input":{"@type":"PropertyValueSpecification","valueRequired":true,"valueName":"search_term_string"}}],"inLanguage":"pt-BR"},{"@type":"Organization","@id":"https:\/\/tribunademinas.audiencelabs.com.br\/#organization","name":"Tribuna de Minas - Dinheiro e Cidadania","url":"https:\/\/tribunademinas.audiencelabs.com.br\/","logo":{"@type":"ImageObject","inLanguage":"pt-BR","@id":"https:\/\/tribunademinas.audiencelabs.com.br\/#\/schema\/logo\/image\/","url":"https:\/\/tribunademinas.audiencelabs.com.br\/wp-content\/uploads\/2025\/08\/cropped-Tribuna_512x512-96x96-1.png","contentUrl":"https:\/\/tribunademinas.audiencelabs.com.br\/wp-content\/uploads\/2025\/08\/cropped-Tribuna_512x512-96x96-1.png","width":96,"height":96,"caption":"Tribuna de Minas - Dinheiro e Cidadania"},"image":{"@id":"https:\/\/tribunademinas.audiencelabs.com.br\/#\/schema\/logo\/image\/"},"sameAs":["https:\/\/www.facebook.com\/tribunademinas\/","https:\/\/x.com\/tribunademinas","https:\/\/www.instagram.com\/tribunademinas\/","https:\/\/www.youtube.com\/user\/TribunadeMinasJF"]},{"@type":"Person","@id":"https:\/\/tribunademinas.audiencelabs.com.br\/#\/schema\/person\/db18fc40307804bacef94213aa68fd9d","name":"Jeferson Carvalho","image":{"@type":"ImageObject","inLanguage":"pt-BR","@id":"https:\/\/tribunademinas.audiencelabs.com.br\/#\/schema\/person\/image\/","url":"https:\/\/secure.gravatar.com\/avatar\/cd7646e328d9670dad7dea8698522e522745eeffcff5b9d08be858e377ce326b?s=96&d=mm&r=g","contentUrl":"https:\/\/secure.gravatar.com\/avatar\/cd7646e328d9670dad7dea8698522e522745eeffcff5b9d08be858e377ce326b?s=96&d=mm&r=g","caption":"Jeferson Carvalho"},"description":"Jornalista apaixonado pela profiss\u00e3o!","url":"https:\/\/tribunademinas.audiencelabs.com.br\/author\/jeferson\/"}]}},"amp_enabled":true,"_links":{"self":[{"href":"https:\/\/tribunademinas.audiencelabs.com.br\/wp-json\/wp\/v2\/posts\/2503","targetHints":{"allow":["GET"]}}],"collection":[{"href":"https:\/\/tribunademinas.audiencelabs.com.br\/wp-json\/wp\/v2\/posts"}],"about":[{"href":"https:\/\/tribunademinas.audiencelabs.com.br\/wp-json\/wp\/v2\/types\/post"}],"author":[{"embeddable":true,"href":"https:\/\/tribunademinas.audiencelabs.com.br\/wp-json\/wp\/v2\/users\/5"}],"replies":[{"embeddable":true,"href":"https:\/\/tribunademinas.audiencelabs.com.br\/wp-json\/wp\/v2\/comments?post=2503"}],"version-history":[{"count":1,"href":"https:\/\/tribunademinas.audiencelabs.com.br\/wp-json\/wp\/v2\/posts\/2503\/revisions"}],"predecessor-version":[{"id":2506,"href":"https:\/\/tribunademinas.audiencelabs.com.br\/wp-json\/wp\/v2\/posts\/2503\/revisions\/2506"}],"wp:featuredmedia":[{"embeddable":true,"href":"https:\/\/tribunademinas.audiencelabs.com.br\/wp-json\/wp\/v2\/media\/2504"}],"wp:attachment":[{"href":"https:\/\/tribunademinas.audiencelabs.com.br\/wp-json\/wp\/v2\/media?parent=2503"}],"wp:term":[{"taxonomy":"category","embeddable":true,"href":"https:\/\/tribunademinas.audiencelabs.com.br\/wp-json\/wp\/v2\/categories?post=2503"},{"taxonomy":"post_tag","embeddable":true,"href":"https:\/\/tribunademinas.audiencelabs.com.br\/wp-json\/wp\/v2\/tags?post=2503"}],"curies":[{"name":"wp","href":"https:\/\/api.w.org\/{rel}","templated":true}]}}