{"id":2483,"date":"2025-10-14T08:45:00","date_gmt":"2025-10-14T11:45:00","guid":{"rendered":"https:\/\/tribunademinas.audiencelabs.com.br\/?p=2483"},"modified":"2025-10-13T16:58:33","modified_gmt":"2025-10-13T19:58:33","slug":"empresas-estao-querendo-habilidades-que-nao-constam-no-diploma","status":"publish","type":"post","link":"https:\/\/tribunademinas.audiencelabs.com.br\/empresas-estao-querendo-habilidades-que-nao-constam-no-diploma\/","title":{"rendered":"Empresas est\u00e3o querendo habilidades que n\u00e3o constam no diploma"},"content":{"rendered":"\n<p>Ter um diploma universit\u00e1rio j\u00e1 n\u00e3o \u00e9 garantia de sucesso profissional. Cada vez mais, empresas de diversos setores est\u00e3o voltando seus olhos para habilidades que n\u00e3o se aprendem em sala de aula e que n\u00e3o constam no curr\u00edculo acad\u00eamico. <\/p>\n\n\n\n<p>Essa mudan\u00e7a de foco tem representado um obst\u00e1culo real para muitos jovens da Gera\u00e7\u00e3o Z, que, mesmo com forma\u00e7\u00e3o superior, enfrentam dificuldades para conquistar uma vaga. <\/p>\n\n\n\n<p>A raz\u00e3o? Falta de habilidades interpessoais, que s\u00e3o aquelas ligadas \u00e0 conviv\u00eancia, \u00e0 comunica\u00e7\u00e3o e \u00e0 intelig\u00eancia emocional.<\/p>\n\n\n\n<h2 class=\"wp-block-heading\">Empresas est\u00e3o querendo habilidades que n\u00e3o constam no diploma<\/h2>\n\n\n\n<p>Boa parte dos recrutadores afirma que n\u00e3o adianta um candidato ter um diploma se ele n\u00e3o sabe trabalhar em equipe, lidar com situa\u00e7\u00f5es de estresse, resolver conflitos ou mesmo se comunicar de forma clara e objetiva. <\/p>\n\n\n\n<p>Essas capacidades, antes vistas como um diferencial, agora se tornaram crit\u00e9rio b\u00e1sico para contrata\u00e7\u00e3o. E a aus\u00eancia delas tem afastado muitos jovens do mercado de trabalho. <\/p>\n\n\n\n<p>Formada em um contexto dominado por intera\u00e7\u00f5es digitais e isolamento social, a Gera\u00e7\u00e3o Z n\u00e3o teve tantas oportunidades de desenvolver essas habilidades ao longo da vida. <\/p>\n\n\n\n<p>Muitos cresceram se comunicando por telas de computadores e smartphones, sem o conv\u00edvio presencial necess\u00e1rio para aprender a colaborar, escutar o outro ou liderar.<\/p>\n\n\n\n<p>Um <a href=\"https:\/\/www.criteriacorp.com\/research\/2025-2026-hiring-benchmark-report\"><strong>levantamento <\/strong><\/a>recente da empresa de recrutamento Criteria revelou um dado preocupante: apenas 8% dos jovens da Gera\u00e7\u00e3o Z avaliados em processos seletivos demonstraram estar preparados para as exig\u00eancias comportamentais dos cargos. <\/p>\n\n\n\n<p>Segundo os dados, 92% dos recrutadores consideram que essa gera\u00e7\u00e3o n\u00e3o apresenta as habilidades interpessoais m\u00ednimas desejadas. <\/p>\n\n\n\n<p>Isso inclui, principalmente, proatividade, resolu\u00e7\u00e3o de problemas, profissionalismo, empatia e capacidade de adapta\u00e7\u00e3o, elementos que n\u00e3o se medem por um diploma.<\/p>\n\n\n\n<h3 class=\"wp-block-heading\">Jovens n\u00e3o avan\u00e7am em recrutamentos por aus\u00eancia de habilidades interpessoais<\/h3>\n\n\n\n<p>O impacto disso \u00e9 direto: mesmo em setores com alta demanda por novos profissionais, como sa\u00fade, transporte, log\u00edstica e manufatura, muitos jovens simplesmente n\u00e3o conseguem avan\u00e7ar nas etapas de sele\u00e7\u00e3o. <\/p>\n\n\n\n<p>A expectativa das empresas mudou. N\u00e3o basta saber operar ferramentas ou dominar o conte\u00fado t\u00e9cnico. \u00c9 preciso saber conviver, agir com maturidade e enfrentar desafios cotidianos com equil\u00edbrio.<\/p>\n\n\n\n<p>Essa realidade imp\u00f5e um alerta: os modelos tradicionais de ensino talvez n\u00e3o estejam mais alinhados \u00e0s necessidades do mundo profissional atual. <\/p>\n\n\n\n<p>E os jovens que quiserem ocupar espa\u00e7o no mercado precisar\u00e3o correr atr\u00e1s dessas compet\u00eancias fora da faculdade e, muitas vezes, fora da zona de conforto.<\/p>\n\n\n\n<p><\/p>\n","protected":false},"excerpt":{"rendered":"<p>Ter um diploma universit\u00e1rio j\u00e1 n\u00e3o \u00e9 garantia de sucesso profissional. Cada vez mais, empresas de diversos setores est\u00e3o voltando seus olhos para habilidades que n\u00e3o se aprendem em sala de aula e que n\u00e3o constam no curr\u00edculo acad\u00eamico. Essa mudan\u00e7a de foco tem representado um obst\u00e1culo real para muitos jovens da Gera\u00e7\u00e3o Z, que, [&hellip;]<\/p>\n","protected":false},"author":5,"featured_media":2485,"comment_status":"open","ping_status":"open","sticky":false,"template":"","format":"standard","meta":{"jnews-multi-image_gallery":[],"jnews_single_post":{"format":"standard"},"jnews_primary_category":[],"jnews_social_meta":[],"jnews_post_split":[],"footnotes":""},"categories":[159],"tags":[],"class_list":["post-2483","post","type-post","status-publish","format-standard","has-post-thumbnail","hentry","category-cidadania"],"yoast_head":"<!-- This site is optimized with the Yoast SEO plugin v25.6 - https:\/\/yoast.com\/wordpress\/plugins\/seo\/ -->\n<title>Empresas est\u00e3o querendo habilidades que n\u00e3o constam no diploma<\/title>\n<meta name=\"description\" content=\"Cada vez mais, empresas de diversos setores est\u00e3o voltando seus olhos para habilidades que n\u00e3o se aprendem em sala de aula.\" \/>\n<meta name=\"robots\" content=\"index, follow, max-snippet:-1, max-image-preview:large, max-video-preview:-1\" \/>\n<link rel=\"canonical\" href=\"https:\/\/tribunademinas.audiencelabs.com.br\/empresas-estao-querendo-habilidades-que-nao-constam-no-diploma\/\" \/>\n<meta property=\"og:locale\" content=\"pt_BR\" \/>\n<meta property=\"og:type\" content=\"article\" \/>\n<meta property=\"og:title\" content=\"Empresas est\u00e3o querendo habilidades que n\u00e3o constam no diploma\" \/>\n<meta property=\"og:description\" content=\"Cada vez mais, empresas de diversos setores est\u00e3o voltando seus olhos para habilidades que n\u00e3o se aprendem em sala de aula.\" \/>\n<meta property=\"og:url\" content=\"https:\/\/tribunademinas.audiencelabs.com.br\/empresas-estao-querendo-habilidades-que-nao-constam-no-diploma\/\" \/>\n<meta property=\"og:site_name\" content=\"Tribuna de Minas - Dinheiro e Cidadania\" \/>\n<meta property=\"article:publisher\" content=\"https:\/\/www.facebook.com\/tribunademinas\/\" \/>\n<meta property=\"article:published_time\" content=\"2025-10-14T11:45:00+00:00\" \/>\n<meta property=\"og:image\" content=\"https:\/\/tribunademinas.audiencelabs.com.br\/wp-content\/uploads\/2025\/10\/habilidades.jpg\" \/>\n\t<meta property=\"og:image:width\" content=\"1280\" \/>\n\t<meta property=\"og:image:height\" content=\"800\" \/>\n\t<meta property=\"og:image:type\" content=\"image\/jpeg\" \/>\n<meta name=\"author\" content=\"Jeferson Carvalho\" \/>\n<meta name=\"twitter:card\" content=\"summary_large_image\" \/>\n<meta name=\"twitter:creator\" content=\"@tribunademinas\" \/>\n<meta name=\"twitter:site\" content=\"@tribunademinas\" \/>\n<meta name=\"twitter:label1\" content=\"Escrito por\" \/>\n\t<meta name=\"twitter:data1\" content=\"Jeferson Carvalho\" \/>\n\t<meta name=\"twitter:label2\" content=\"Est. tempo de leitura\" \/>\n\t<meta name=\"twitter:data2\" content=\"3 minutos\" \/>\n<!-- \/ Yoast SEO plugin. -->","yoast_head_json":{"title":"Empresas est\u00e3o querendo habilidades que n\u00e3o constam no diploma","description":"Cada vez mais, empresas de diversos setores est\u00e3o voltando seus olhos para habilidades que n\u00e3o se aprendem em sala de aula.","robots":{"index":"index","follow":"follow","max-snippet":"max-snippet:-1","max-image-preview":"max-image-preview:large","max-video-preview":"max-video-preview:-1"},"canonical":"https:\/\/tribunademinas.audiencelabs.com.br\/empresas-estao-querendo-habilidades-que-nao-constam-no-diploma\/","og_locale":"pt_BR","og_type":"article","og_title":"Empresas est\u00e3o querendo habilidades que n\u00e3o constam no diploma","og_description":"Cada vez mais, empresas de diversos setores est\u00e3o voltando seus olhos para habilidades que n\u00e3o se aprendem em sala de aula.","og_url":"https:\/\/tribunademinas.audiencelabs.com.br\/empresas-estao-querendo-habilidades-que-nao-constam-no-diploma\/","og_site_name":"Tribuna de Minas - Dinheiro e Cidadania","article_publisher":"https:\/\/www.facebook.com\/tribunademinas\/","article_published_time":"2025-10-14T11:45:00+00:00","og_image":[{"width":1280,"height":800,"url":"https:\/\/tribunademinas.audiencelabs.com.br\/wp-content\/uploads\/2025\/10\/habilidades.jpg","type":"image\/jpeg"}],"author":"Jeferson Carvalho","twitter_card":"summary_large_image","twitter_creator":"@tribunademinas","twitter_site":"@tribunademinas","twitter_misc":{"Escrito por":"Jeferson Carvalho","Est. tempo de leitura":"3 minutos"},"schema":{"@context":"https:\/\/schema.org","@graph":[{"@type":"Article","@id":"https:\/\/tribunademinas.audiencelabs.com.br\/empresas-estao-querendo-habilidades-que-nao-constam-no-diploma\/#article","isPartOf":{"@id":"https:\/\/tribunademinas.audiencelabs.com.br\/empresas-estao-querendo-habilidades-que-nao-constam-no-diploma\/"},"author":{"name":"Jeferson Carvalho","@id":"https:\/\/tribunademinas.audiencelabs.com.br\/#\/schema\/person\/db18fc40307804bacef94213aa68fd9d"},"headline":"Empresas est\u00e3o querendo habilidades que n\u00e3o constam no diploma","datePublished":"2025-10-14T11:45:00+00:00","mainEntityOfPage":{"@id":"https:\/\/tribunademinas.audiencelabs.com.br\/empresas-estao-querendo-habilidades-que-nao-constam-no-diploma\/"},"wordCount":447,"commentCount":0,"publisher":{"@id":"https:\/\/tribunademinas.audiencelabs.com.br\/#organization"},"image":{"@id":"https:\/\/tribunademinas.audiencelabs.com.br\/empresas-estao-querendo-habilidades-que-nao-constam-no-diploma\/#primaryimage"},"thumbnailUrl":"https:\/\/tribunademinas.audiencelabs.com.br\/wp-content\/uploads\/2025\/10\/habilidades.jpg","articleSection":["Cidadania"],"inLanguage":"pt-BR","potentialAction":[{"@type":"CommentAction","name":"Comment","target":["https:\/\/tribunademinas.audiencelabs.com.br\/empresas-estao-querendo-habilidades-que-nao-constam-no-diploma\/#respond"]}]},{"@type":"WebPage","@id":"https:\/\/tribunademinas.audiencelabs.com.br\/empresas-estao-querendo-habilidades-que-nao-constam-no-diploma\/","url":"https:\/\/tribunademinas.audiencelabs.com.br\/empresas-estao-querendo-habilidades-que-nao-constam-no-diploma\/","name":"Empresas est\u00e3o querendo habilidades que n\u00e3o constam no diploma","isPartOf":{"@id":"https:\/\/tribunademinas.audiencelabs.com.br\/#website"},"primaryImageOfPage":{"@id":"https:\/\/tribunademinas.audiencelabs.com.br\/empresas-estao-querendo-habilidades-que-nao-constam-no-diploma\/#primaryimage"},"image":{"@id":"https:\/\/tribunademinas.audiencelabs.com.br\/empresas-estao-querendo-habilidades-que-nao-constam-no-diploma\/#primaryimage"},"thumbnailUrl":"https:\/\/tribunademinas.audiencelabs.com.br\/wp-content\/uploads\/2025\/10\/habilidades.jpg","datePublished":"2025-10-14T11:45:00+00:00","description":"Cada vez mais, empresas de diversos setores est\u00e3o voltando seus olhos para habilidades que n\u00e3o se aprendem em sala de aula.","breadcrumb":{"@id":"https:\/\/tribunademinas.audiencelabs.com.br\/empresas-estao-querendo-habilidades-que-nao-constam-no-diploma\/#breadcrumb"},"inLanguage":"pt-BR","potentialAction":[{"@type":"ReadAction","target":["https:\/\/tribunademinas.audiencelabs.com.br\/empresas-estao-querendo-habilidades-que-nao-constam-no-diploma\/"]}]},{"@type":"ImageObject","inLanguage":"pt-BR","@id":"https:\/\/tribunademinas.audiencelabs.com.br\/empresas-estao-querendo-habilidades-que-nao-constam-no-diploma\/#primaryimage","url":"https:\/\/tribunademinas.audiencelabs.com.br\/wp-content\/uploads\/2025\/10\/habilidades.jpg","contentUrl":"https:\/\/tribunademinas.audiencelabs.com.br\/wp-content\/uploads\/2025\/10\/habilidades.jpg","width":1280,"height":800,"caption":"Empresas est\u00e3o querendo habilidades que n\u00e3o constam no diploma - Imagem: Pixabay"},{"@type":"BreadcrumbList","@id":"https:\/\/tribunademinas.audiencelabs.com.br\/empresas-estao-querendo-habilidades-que-nao-constam-no-diploma\/#breadcrumb","itemListElement":[{"@type":"ListItem","position":1,"name":"In\u00edcio","item":"https:\/\/tribunademinas.audiencelabs.com.br\/"},{"@type":"ListItem","position":2,"name":"Empresas est\u00e3o querendo habilidades que n\u00e3o constam no diploma"}]},{"@type":"WebSite","@id":"https:\/\/tribunademinas.audiencelabs.com.br\/#website","url":"https:\/\/tribunademinas.audiencelabs.com.br\/","name":"Tribuna de Minas - Dinheiro e Cidadania","description":"","publisher":{"@id":"https:\/\/tribunademinas.audiencelabs.com.br\/#organization"},"potentialAction":[{"@type":"SearchAction","target":{"@type":"EntryPoint","urlTemplate":"https:\/\/tribunademinas.audiencelabs.com.br\/?s={search_term_string}"},"query-input":{"@type":"PropertyValueSpecification","valueRequired":true,"valueName":"search_term_string"}}],"inLanguage":"pt-BR"},{"@type":"Organization","@id":"https:\/\/tribunademinas.audiencelabs.com.br\/#organization","name":"Tribuna de Minas - Dinheiro e Cidadania","url":"https:\/\/tribunademinas.audiencelabs.com.br\/","logo":{"@type":"ImageObject","inLanguage":"pt-BR","@id":"https:\/\/tribunademinas.audiencelabs.com.br\/#\/schema\/logo\/image\/","url":"https:\/\/tribunademinas.audiencelabs.com.br\/wp-content\/uploads\/2025\/08\/cropped-Tribuna_512x512-96x96-1.png","contentUrl":"https:\/\/tribunademinas.audiencelabs.com.br\/wp-content\/uploads\/2025\/08\/cropped-Tribuna_512x512-96x96-1.png","width":96,"height":96,"caption":"Tribuna de Minas - Dinheiro e Cidadania"},"image":{"@id":"https:\/\/tribunademinas.audiencelabs.com.br\/#\/schema\/logo\/image\/"},"sameAs":["https:\/\/www.facebook.com\/tribunademinas\/","https:\/\/x.com\/tribunademinas","https:\/\/www.instagram.com\/tribunademinas\/","https:\/\/www.youtube.com\/user\/TribunadeMinasJF"]},{"@type":"Person","@id":"https:\/\/tribunademinas.audiencelabs.com.br\/#\/schema\/person\/db18fc40307804bacef94213aa68fd9d","name":"Jeferson Carvalho","image":{"@type":"ImageObject","inLanguage":"pt-BR","@id":"https:\/\/tribunademinas.audiencelabs.com.br\/#\/schema\/person\/image\/","url":"https:\/\/secure.gravatar.com\/avatar\/cd7646e328d9670dad7dea8698522e522745eeffcff5b9d08be858e377ce326b?s=96&d=mm&r=g","contentUrl":"https:\/\/secure.gravatar.com\/avatar\/cd7646e328d9670dad7dea8698522e522745eeffcff5b9d08be858e377ce326b?s=96&d=mm&r=g","caption":"Jeferson Carvalho"},"description":"Jornalista apaixonado pela profiss\u00e3o!","url":"https:\/\/tribunademinas.audiencelabs.com.br\/author\/jeferson\/"}]}},"amp_enabled":true,"_links":{"self":[{"href":"https:\/\/tribunademinas.audiencelabs.com.br\/wp-json\/wp\/v2\/posts\/2483","targetHints":{"allow":["GET"]}}],"collection":[{"href":"https:\/\/tribunademinas.audiencelabs.com.br\/wp-json\/wp\/v2\/posts"}],"about":[{"href":"https:\/\/tribunademinas.audiencelabs.com.br\/wp-json\/wp\/v2\/types\/post"}],"author":[{"embeddable":true,"href":"https:\/\/tribunademinas.audiencelabs.com.br\/wp-json\/wp\/v2\/users\/5"}],"replies":[{"embeddable":true,"href":"https:\/\/tribunademinas.audiencelabs.com.br\/wp-json\/wp\/v2\/comments?post=2483"}],"version-history":[{"count":1,"href":"https:\/\/tribunademinas.audiencelabs.com.br\/wp-json\/wp\/v2\/posts\/2483\/revisions"}],"predecessor-version":[{"id":2487,"href":"https:\/\/tribunademinas.audiencelabs.com.br\/wp-json\/wp\/v2\/posts\/2483\/revisions\/2487"}],"wp:featuredmedia":[{"embeddable":true,"href":"https:\/\/tribunademinas.audiencelabs.com.br\/wp-json\/wp\/v2\/media\/2485"}],"wp:attachment":[{"href":"https:\/\/tribunademinas.audiencelabs.com.br\/wp-json\/wp\/v2\/media?parent=2483"}],"wp:term":[{"taxonomy":"category","embeddable":true,"href":"https:\/\/tribunademinas.audiencelabs.com.br\/wp-json\/wp\/v2\/categories?post=2483"},{"taxonomy":"post_tag","embeddable":true,"href":"https:\/\/tribunademinas.audiencelabs.com.br\/wp-json\/wp\/v2\/tags?post=2483"}],"curies":[{"name":"wp","href":"https:\/\/api.w.org\/{rel}","templated":true}]}}