{"id":2470,"date":"2025-10-13T15:49:49","date_gmt":"2025-10-13T18:49:49","guid":{"rendered":"https:\/\/tribunademinas.audiencelabs.com.br\/?p=2470"},"modified":"2025-10-13T15:49:54","modified_gmt":"2025-10-13T18:49:54","slug":"pagamento-bonus-do-pis-pasep-para-quem-trabalhou-em-2023","status":"publish","type":"post","link":"https:\/\/tribunademinas.audiencelabs.com.br\/pagamento-bonus-do-pis-pasep-para-quem-trabalhou-em-2023\/","title":{"rendered":"Pagamento b\u00f4nus do PIS\/Pasep para quem trabalhou em 2023"},"content":{"rendered":"\n<p>A Caixa Econ\u00f4mica Federal e o Minist\u00e9rio do Trabalho e Emprego (MTE) confirmaram a libera\u00e7\u00e3o de um lote adicional do Abono Salarial PIS\/Pasep. <\/p>\n\n\n\n<p>Essa <a href=\"https:\/\/tribunademinas.com.br\/colunas\/dinheiroecidadania\/trabalhadores-clt-podem-consultar-pis-pasep-ainda-hoje\/\"><strong>rodada extra<\/strong><\/a> de pagamentos, voltada a trabalhadores que exerceram atividade com carteira assinada ao longo de 2023, ser\u00e1 disponibilizada a partir da pr\u00f3xima quarta-feira, 15 de outubro. <\/p>\n\n\n\n<p>Embora o calend\u00e1rio oficial de 2025 tenha encerrado os dep\u00f3sitos regulares em agosto, esse pagamento extra surge como uma medida complementar, garantindo o direito de quem teve o cadastro atualizado fora do prazo inicial.<\/p>\n\n\n\n<h2 class=\"wp-block-heading\">Pagamento b\u00f4nus do PIS\/Pasep para quem trabalhou em 2023<\/h2>\n\n\n\n<p>O Abono Salarial \u00e9 um benef\u00edcio anual financiado pelo Fundo de Amparo ao Trabalhador (FAT) e tem como objetivo complementar a renda de trabalhadores de baixa renda. <\/p>\n\n\n\n<p>Ele \u00e9 dividido em duas modalidades: o PIS, destinado aos empregados da iniciativa privada, administrado pela Caixa; e o Pasep, voltado aos servidores p\u00fablicos, com pagamentos feitos pelo Banco do Brasil. <\/p>\n\n\n\n<p>O valor do abono pode chegar ao equivalente a um sal\u00e1rio-m\u00ednimo vigente, calculado proporcionalmente ao tempo trabalhado durante o ano-base \u2014 neste caso, 2023.<\/p>\n\n\n\n<p>Para ter direito ao abono, \u00e9 necess\u00e1rio estar inscrito no PIS\/Pasep h\u00e1 pelo menos cinco anos, ter atuado formalmente por no m\u00ednimo 30 dias em 2023 e recebido, em m\u00e9dia, at\u00e9 dois sal\u00e1rios-m\u00ednimos por m\u00eas no per\u00edodo. <\/p>\n\n\n\n<p>Al\u00e9m disso, o empregador deve ter informado corretamente os dados do trabalhador nos sistemas do governo, como a Rais ou o eSocial.<\/p>\n\n\n\n<h3 class=\"wp-block-heading\">Do que se trata o pagamento extra do Abono Salarial PIS\/Pasep?<\/h3>\n\n\n\n<p>O pagamento extra, agora anunciado, foi viabilizado por uma resolu\u00e7\u00e3o recente do Codefat (Conselho Deliberativo do Fundo de Amparo ao Trabalhador). <\/p>\n\n\n\n<p>Essa norma abriu uma nova janela para que empresas pudessem corrigir e reenviar dados que haviam sido enviados com atraso, impedindo a libera\u00e7\u00e3o dos valores no cronograma regular. <\/p>\n\n\n\n<p>Com isso, mais de 1,6 milh\u00e3o de trabalhadores que estavam fora da rodada original agora poder\u00e3o receber o benef\u00edcio. O montante reservado para essa nova libera\u00e7\u00e3o ultrapassa R$ 1,5 bilh\u00e3o.<\/p>\n\n\n\n<p>Os benefici\u00e1rios poder\u00e3o consultar se t\u00eam direito ao pagamento por meio do aplicativo da Carteira de Trabalho Digital ou pelo portal gov.br. <\/p>\n\n\n\n<p>Quem for aprovado ter\u00e1 o valor depositado automaticamente em conta, seja na Caixa (para trabalhadores da iniciativa privada) ou no Banco do Brasil (no caso de servidores p\u00fablicos). <\/p>\n\n\n\n<p>Os saques poder\u00e3o ser feitos entre os dias 15 de outubro e 29 de dezembro de 2025.<\/p>\n\n\n\n<p><\/p>\n","protected":false},"excerpt":{"rendered":"<p>A Caixa Econ\u00f4mica Federal e o Minist\u00e9rio do Trabalho e Emprego (MTE) confirmaram a libera\u00e7\u00e3o de um lote adicional do Abono Salarial PIS\/Pasep. Essa rodada extra de pagamentos, voltada a trabalhadores que exerceram atividade com carteira assinada ao longo de 2023, ser\u00e1 disponibilizada a partir da pr\u00f3xima quarta-feira, 15 de outubro. Embora o calend\u00e1rio oficial [&hellip;]<\/p>\n","protected":false},"author":5,"featured_media":2471,"comment_status":"open","ping_status":"open","sticky":false,"template":"","format":"standard","meta":{"jnews-multi-image_gallery":[],"jnews_single_post":{"format":"standard"},"jnews_primary_category":[],"jnews_social_meta":[],"jnews_post_split":[],"footnotes":""},"categories":[1],"tags":[],"class_list":["post-2470","post","type-post","status-publish","format-standard","has-post-thumbnail","hentry","category-dinheiro"],"yoast_head":"<!-- This site is optimized with the Yoast SEO plugin v25.6 - https:\/\/yoast.com\/wordpress\/plugins\/seo\/ -->\n<title>Pagamento b\u00f4nus do PIS\/Pasep para quem trabalhou em 2023<\/title>\n<meta name=\"description\" content=\"A Caixa Econ\u00f4mica Federal e o Minist\u00e9rio do Trabalho confirmaram a libera\u00e7\u00e3o de um lote adicional do Abono Salarial PIS\/Pasep\" \/>\n<meta name=\"robots\" content=\"index, follow, max-snippet:-1, max-image-preview:large, max-video-preview:-1\" \/>\n<link rel=\"canonical\" href=\"https:\/\/tribunademinas.audiencelabs.com.br\/pagamento-bonus-do-pis-pasep-para-quem-trabalhou-em-2023\/\" \/>\n<meta property=\"og:locale\" content=\"pt_BR\" \/>\n<meta property=\"og:type\" content=\"article\" \/>\n<meta property=\"og:title\" content=\"Pagamento b\u00f4nus do PIS\/Pasep para quem trabalhou em 2023\" \/>\n<meta property=\"og:description\" content=\"A Caixa Econ\u00f4mica Federal e o Minist\u00e9rio do Trabalho confirmaram a libera\u00e7\u00e3o de um lote adicional do Abono Salarial PIS\/Pasep\" \/>\n<meta property=\"og:url\" content=\"https:\/\/tribunademinas.audiencelabs.com.br\/pagamento-bonus-do-pis-pasep-para-quem-trabalhou-em-2023\/\" \/>\n<meta property=\"og:site_name\" content=\"Tribuna de Minas - Dinheiro e Cidadania\" \/>\n<meta property=\"article:publisher\" content=\"https:\/\/www.facebook.com\/tribunademinas\/\" \/>\n<meta property=\"article:published_time\" content=\"2025-10-13T18:49:49+00:00\" \/>\n<meta property=\"article:modified_time\" content=\"2025-10-13T18:49:54+00:00\" \/>\n<meta property=\"og:image\" content=\"https:\/\/tribunademinas.audiencelabs.com.br\/wp-content\/uploads\/2025\/10\/PIS-1.webp\" \/>\n\t<meta property=\"og:image:width\" content=\"750\" \/>\n\t<meta property=\"og:image:height\" content=\"434\" \/>\n\t<meta property=\"og:image:type\" content=\"image\/webp\" \/>\n<meta name=\"author\" content=\"Jeferson Carvalho\" \/>\n<meta name=\"twitter:card\" content=\"summary_large_image\" \/>\n<meta name=\"twitter:creator\" content=\"@tribunademinas\" \/>\n<meta name=\"twitter:site\" content=\"@tribunademinas\" \/>\n<meta name=\"twitter:label1\" content=\"Escrito por\" \/>\n\t<meta name=\"twitter:data1\" content=\"Jeferson Carvalho\" \/>\n\t<meta name=\"twitter:label2\" content=\"Est. tempo de leitura\" \/>\n\t<meta name=\"twitter:data2\" content=\"3 minutos\" \/>\n<!-- \/ Yoast SEO plugin. -->","yoast_head_json":{"title":"Pagamento b\u00f4nus do PIS\/Pasep para quem trabalhou em 2023","description":"A Caixa Econ\u00f4mica Federal e o Minist\u00e9rio do Trabalho confirmaram a libera\u00e7\u00e3o de um lote adicional do Abono Salarial PIS\/Pasep","robots":{"index":"index","follow":"follow","max-snippet":"max-snippet:-1","max-image-preview":"max-image-preview:large","max-video-preview":"max-video-preview:-1"},"canonical":"https:\/\/tribunademinas.audiencelabs.com.br\/pagamento-bonus-do-pis-pasep-para-quem-trabalhou-em-2023\/","og_locale":"pt_BR","og_type":"article","og_title":"Pagamento b\u00f4nus do PIS\/Pasep para quem trabalhou em 2023","og_description":"A Caixa Econ\u00f4mica Federal e o Minist\u00e9rio do Trabalho confirmaram a libera\u00e7\u00e3o de um lote adicional do Abono Salarial PIS\/Pasep","og_url":"https:\/\/tribunademinas.audiencelabs.com.br\/pagamento-bonus-do-pis-pasep-para-quem-trabalhou-em-2023\/","og_site_name":"Tribuna de Minas - Dinheiro e Cidadania","article_publisher":"https:\/\/www.facebook.com\/tribunademinas\/","article_published_time":"2025-10-13T18:49:49+00:00","article_modified_time":"2025-10-13T18:49:54+00:00","og_image":[{"width":750,"height":434,"url":"https:\/\/tribunademinas.audiencelabs.com.br\/wp-content\/uploads\/2025\/10\/PIS-1.webp","type":"image\/webp"}],"author":"Jeferson Carvalho","twitter_card":"summary_large_image","twitter_creator":"@tribunademinas","twitter_site":"@tribunademinas","twitter_misc":{"Escrito por":"Jeferson Carvalho","Est. tempo de leitura":"3 minutos"},"schema":{"@context":"https:\/\/schema.org","@graph":[{"@type":"Article","@id":"https:\/\/tribunademinas.audiencelabs.com.br\/pagamento-bonus-do-pis-pasep-para-quem-trabalhou-em-2023\/#article","isPartOf":{"@id":"https:\/\/tribunademinas.audiencelabs.com.br\/pagamento-bonus-do-pis-pasep-para-quem-trabalhou-em-2023\/"},"author":{"name":"Jeferson Carvalho","@id":"https:\/\/tribunademinas.audiencelabs.com.br\/#\/schema\/person\/db18fc40307804bacef94213aa68fd9d"},"headline":"Pagamento b\u00f4nus do PIS\/Pasep para quem trabalhou em 2023","datePublished":"2025-10-13T18:49:49+00:00","dateModified":"2025-10-13T18:49:54+00:00","mainEntityOfPage":{"@id":"https:\/\/tribunademinas.audiencelabs.com.br\/pagamento-bonus-do-pis-pasep-para-quem-trabalhou-em-2023\/"},"wordCount":422,"commentCount":0,"publisher":{"@id":"https:\/\/tribunademinas.audiencelabs.com.br\/#organization"},"image":{"@id":"https:\/\/tribunademinas.audiencelabs.com.br\/pagamento-bonus-do-pis-pasep-para-quem-trabalhou-em-2023\/#primaryimage"},"thumbnailUrl":"https:\/\/tribunademinas.audiencelabs.com.br\/wp-content\/uploads\/2025\/10\/PIS-1.webp","articleSection":["Dinheiro"],"inLanguage":"pt-BR","potentialAction":[{"@type":"CommentAction","name":"Comment","target":["https:\/\/tribunademinas.audiencelabs.com.br\/pagamento-bonus-do-pis-pasep-para-quem-trabalhou-em-2023\/#respond"]}]},{"@type":"WebPage","@id":"https:\/\/tribunademinas.audiencelabs.com.br\/pagamento-bonus-do-pis-pasep-para-quem-trabalhou-em-2023\/","url":"https:\/\/tribunademinas.audiencelabs.com.br\/pagamento-bonus-do-pis-pasep-para-quem-trabalhou-em-2023\/","name":"Pagamento b\u00f4nus do PIS\/Pasep para quem trabalhou em 2023","isPartOf":{"@id":"https:\/\/tribunademinas.audiencelabs.com.br\/#website"},"primaryImageOfPage":{"@id":"https:\/\/tribunademinas.audiencelabs.com.br\/pagamento-bonus-do-pis-pasep-para-quem-trabalhou-em-2023\/#primaryimage"},"image":{"@id":"https:\/\/tribunademinas.audiencelabs.com.br\/pagamento-bonus-do-pis-pasep-para-quem-trabalhou-em-2023\/#primaryimage"},"thumbnailUrl":"https:\/\/tribunademinas.audiencelabs.com.br\/wp-content\/uploads\/2025\/10\/PIS-1.webp","datePublished":"2025-10-13T18:49:49+00:00","dateModified":"2025-10-13T18:49:54+00:00","description":"A Caixa Econ\u00f4mica Federal e o Minist\u00e9rio do Trabalho confirmaram a libera\u00e7\u00e3o de um lote adicional do Abono Salarial PIS\/Pasep","breadcrumb":{"@id":"https:\/\/tribunademinas.audiencelabs.com.br\/pagamento-bonus-do-pis-pasep-para-quem-trabalhou-em-2023\/#breadcrumb"},"inLanguage":"pt-BR","potentialAction":[{"@type":"ReadAction","target":["https:\/\/tribunademinas.audiencelabs.com.br\/pagamento-bonus-do-pis-pasep-para-quem-trabalhou-em-2023\/"]}]},{"@type":"ImageObject","inLanguage":"pt-BR","@id":"https:\/\/tribunademinas.audiencelabs.com.br\/pagamento-bonus-do-pis-pasep-para-quem-trabalhou-em-2023\/#primaryimage","url":"https:\/\/tribunademinas.audiencelabs.com.br\/wp-content\/uploads\/2025\/10\/PIS-1.webp","contentUrl":"https:\/\/tribunademinas.audiencelabs.com.br\/wp-content\/uploads\/2025\/10\/PIS-1.webp","width":750,"height":434,"caption":"Pagamento b\u00f4nus do PIS\/Pasep para quem trabalhou em 2023 - Imagem: Ag\u00eancia Brasil"},{"@type":"BreadcrumbList","@id":"https:\/\/tribunademinas.audiencelabs.com.br\/pagamento-bonus-do-pis-pasep-para-quem-trabalhou-em-2023\/#breadcrumb","itemListElement":[{"@type":"ListItem","position":1,"name":"In\u00edcio","item":"https:\/\/tribunademinas.audiencelabs.com.br\/"},{"@type":"ListItem","position":2,"name":"Pagamento b\u00f4nus do PIS\/Pasep para quem trabalhou em 2023"}]},{"@type":"WebSite","@id":"https:\/\/tribunademinas.audiencelabs.com.br\/#website","url":"https:\/\/tribunademinas.audiencelabs.com.br\/","name":"Tribuna de Minas - Dinheiro e Cidadania","description":"","publisher":{"@id":"https:\/\/tribunademinas.audiencelabs.com.br\/#organization"},"potentialAction":[{"@type":"SearchAction","target":{"@type":"EntryPoint","urlTemplate":"https:\/\/tribunademinas.audiencelabs.com.br\/?s={search_term_string}"},"query-input":{"@type":"PropertyValueSpecification","valueRequired":true,"valueName":"search_term_string"}}],"inLanguage":"pt-BR"},{"@type":"Organization","@id":"https:\/\/tribunademinas.audiencelabs.com.br\/#organization","name":"Tribuna de Minas - Dinheiro e Cidadania","url":"https:\/\/tribunademinas.audiencelabs.com.br\/","logo":{"@type":"ImageObject","inLanguage":"pt-BR","@id":"https:\/\/tribunademinas.audiencelabs.com.br\/#\/schema\/logo\/image\/","url":"https:\/\/tribunademinas.audiencelabs.com.br\/wp-content\/uploads\/2025\/08\/cropped-Tribuna_512x512-96x96-1.png","contentUrl":"https:\/\/tribunademinas.audiencelabs.com.br\/wp-content\/uploads\/2025\/08\/cropped-Tribuna_512x512-96x96-1.png","width":96,"height":96,"caption":"Tribuna de Minas - Dinheiro e Cidadania"},"image":{"@id":"https:\/\/tribunademinas.audiencelabs.com.br\/#\/schema\/logo\/image\/"},"sameAs":["https:\/\/www.facebook.com\/tribunademinas\/","https:\/\/x.com\/tribunademinas","https:\/\/www.instagram.com\/tribunademinas\/","https:\/\/www.youtube.com\/user\/TribunadeMinasJF"]},{"@type":"Person","@id":"https:\/\/tribunademinas.audiencelabs.com.br\/#\/schema\/person\/db18fc40307804bacef94213aa68fd9d","name":"Jeferson Carvalho","image":{"@type":"ImageObject","inLanguage":"pt-BR","@id":"https:\/\/tribunademinas.audiencelabs.com.br\/#\/schema\/person\/image\/","url":"https:\/\/secure.gravatar.com\/avatar\/cd7646e328d9670dad7dea8698522e522745eeffcff5b9d08be858e377ce326b?s=96&d=mm&r=g","contentUrl":"https:\/\/secure.gravatar.com\/avatar\/cd7646e328d9670dad7dea8698522e522745eeffcff5b9d08be858e377ce326b?s=96&d=mm&r=g","caption":"Jeferson Carvalho"},"description":"Jornalista apaixonado pela profiss\u00e3o!","url":"https:\/\/tribunademinas.audiencelabs.com.br\/author\/jeferson\/"}]}},"amp_enabled":true,"_links":{"self":[{"href":"https:\/\/tribunademinas.audiencelabs.com.br\/wp-json\/wp\/v2\/posts\/2470","targetHints":{"allow":["GET"]}}],"collection":[{"href":"https:\/\/tribunademinas.audiencelabs.com.br\/wp-json\/wp\/v2\/posts"}],"about":[{"href":"https:\/\/tribunademinas.audiencelabs.com.br\/wp-json\/wp\/v2\/types\/post"}],"author":[{"embeddable":true,"href":"https:\/\/tribunademinas.audiencelabs.com.br\/wp-json\/wp\/v2\/users\/5"}],"replies":[{"embeddable":true,"href":"https:\/\/tribunademinas.audiencelabs.com.br\/wp-json\/wp\/v2\/comments?post=2470"}],"version-history":[{"count":1,"href":"https:\/\/tribunademinas.audiencelabs.com.br\/wp-json\/wp\/v2\/posts\/2470\/revisions"}],"predecessor-version":[{"id":2474,"href":"https:\/\/tribunademinas.audiencelabs.com.br\/wp-json\/wp\/v2\/posts\/2470\/revisions\/2474"}],"wp:featuredmedia":[{"embeddable":true,"href":"https:\/\/tribunademinas.audiencelabs.com.br\/wp-json\/wp\/v2\/media\/2471"}],"wp:attachment":[{"href":"https:\/\/tribunademinas.audiencelabs.com.br\/wp-json\/wp\/v2\/media?parent=2470"}],"wp:term":[{"taxonomy":"category","embeddable":true,"href":"https:\/\/tribunademinas.audiencelabs.com.br\/wp-json\/wp\/v2\/categories?post=2470"},{"taxonomy":"post_tag","embeddable":true,"href":"https:\/\/tribunademinas.audiencelabs.com.br\/wp-json\/wp\/v2\/tags?post=2470"}],"curies":[{"name":"wp","href":"https:\/\/api.w.org\/{rel}","templated":true}]}}