{"id":2448,"date":"2025-10-11T18:45:00","date_gmt":"2025-10-11T21:45:00","guid":{"rendered":"https:\/\/tribunademinas.audiencelabs.com.br\/?p=2448"},"modified":"2025-10-10T18:55:04","modified_gmt":"2025-10-10T21:55:04","slug":"nao-e-geladeira-veja-o-vilao-da-sua-conta-de-luz","status":"publish","type":"post","link":"https:\/\/tribunademinas.audiencelabs.com.br\/nao-e-geladeira-veja-o-vilao-da-sua-conta-de-luz\/","title":{"rendered":"N\u00e3o \u00e9 geladeira: veja o vil\u00e3o da sua conta de luz"},"content":{"rendered":"\n<p>A conta de luz pesa cada vez mais no or\u00e7amento das fam\u00edlias brasileiras. Com reajustes frequentes nas <a href=\"https:\/\/www.gov.br\/aneel\/pt-br\/assuntos\/tarifas\"><strong>tarifas<\/strong><\/a> e o uso constante de aparelhos el\u00e9tricos em casa, controlar esse gasto virou prioridade. <\/p>\n\n\n\n<p>Em tempos de aperto financeiro, reduzir o consumo de energia \u00e9 uma medida essencial para quem quer manter as contas em dia. O problema \u00e9 que nem sempre isso \u00e9 simples. <\/p>\n\n\n\n<p>Equipamentos como a geladeira s\u00e3o conhecidos por funcionarem sem parar e, por isso, costumam levar a fama de vil\u00f5es do consumo. <\/p>\n\n\n\n<p>Mas a realidade pode ser bem diferente: h\u00e1 um eletrodom\u00e9stico que, embora pare\u00e7a inofensivo, pode causar um impacto ainda maior na conta no final do m\u00eas.<\/p>\n\n\n\n<h2 class=\"wp-block-heading\">N\u00e3o \u00e9 geladeira: veja o vil\u00e3o da sua conta de luz<\/h2>\n\n\n\n<p>O forno el\u00e9trico \u00e9 esse equipamento frequentemente subestimado. Usado em ocasi\u00f5es espec\u00edficas, ele parece discreto, mas exige uma carga de energia alt\u00edssima para operar. <\/p>\n\n\n\n<p>Um modelo dom\u00e9stico comum consome entre 1.500 e 2.500 watts por hora, dependendo da pot\u00eancia escolhida e do tempo de uso. Esse alto consumo acontece porque o aparelho precisa atingir temperaturas elevadas e mant\u00ea-las por longos per\u00edodos. <\/p>\n\n\n\n<p>Al\u00e9m disso, muitos fornos antigos possuem isolamento t\u00e9rmico ineficiente, o que faz com que o calor escape com facilidade. Como resultado, o aparelho precisa trabalhar mais para compensar essa perda, elevando o gasto el\u00e9trico de forma silenciosa.<\/p>\n\n\n\n<p>Para evitar esse desperd\u00edcio, algumas pr\u00e1ticas podem ajudar. Evitar pr\u00e9-aquecimentos desnecess\u00e1rios \u00e9 um bom come\u00e7o, j\u00e1 que nem todas as receitas exigem essa etapa. <\/p>\n\n\n\n<p>Manter a porta do forno fechada durante o preparo tamb\u00e9m \u00e9 crucial, pois a abertura constante faz com que o calor interno seja perdido rapidamente. <\/p>\n\n\n\n<p>Outra dica importante \u00e9 manter o forno limpo, res\u00edduos acumulados nas resist\u00eancias dificultam o aquecimento e prolongam o tempo de funcionamento.<\/p>\n\n\n\n<h3 class=\"wp-block-heading\">Outros h\u00e1bitos tamb\u00e9m reduzem a conta de luz<\/h3>\n\n\n\n<p>Al\u00e9m de cuidar do uso do forno, adotar h\u00e1bitos mais conscientes no dia a dia pode fazer diferen\u00e7a significativa na conta. <\/p>\n\n\n\n<p>Desligar aparelhos da tomada quando n\u00e3o est\u00e3o sendo utilizados, priorizar o uso de eletrodom\u00e9sticos fora dos hor\u00e1rios de pico e optar por modelos com selo de efici\u00eancia energ\u00e9tica s\u00e3o medidas que ajudam no longo prazo. <\/p>\n\n\n\n<p>Pequenas a\u00e7\u00f5es, quando somadas, t\u00eam potencial para aliviar o or\u00e7amento e promover um uso mais respons\u00e1vel da energia el\u00e9trica dentro de casa.<\/p>\n\n\n\n<p><\/p>\n","protected":false},"excerpt":{"rendered":"<p>A conta de luz pesa cada vez mais no or\u00e7amento das fam\u00edlias brasileiras. Com reajustes frequentes nas tarifas e o uso constante de aparelhos el\u00e9tricos em casa, controlar esse gasto virou prioridade. Em tempos de aperto financeiro, reduzir o consumo de energia \u00e9 uma medida essencial para quem quer manter as contas em dia. O [&hellip;]<\/p>\n","protected":false},"author":5,"featured_media":2449,"comment_status":"open","ping_status":"open","sticky":false,"template":"","format":"standard","meta":{"jnews-multi-image_gallery":[],"jnews_single_post":{"format":"standard"},"jnews_primary_category":[],"jnews_social_meta":[],"jnews_post_split":[],"footnotes":""},"categories":[1],"tags":[],"class_list":["post-2448","post","type-post","status-publish","format-standard","has-post-thumbnail","hentry","category-dinheiro"],"yoast_head":"<!-- This site is optimized with the Yoast SEO plugin v25.6 - https:\/\/yoast.com\/wordpress\/plugins\/seo\/ -->\n<title>N\u00e3o \u00e9 geladeira: veja o vil\u00e3o da sua conta de luz<\/title>\n<meta name=\"description\" content=\"H\u00e1 um eletrodom\u00e9stico que, embora pare\u00e7a inofensivo, pode causar um impacto ainda maior na conta no final do m\u00eas.\" \/>\n<meta name=\"robots\" content=\"index, follow, max-snippet:-1, max-image-preview:large, max-video-preview:-1\" \/>\n<link rel=\"canonical\" href=\"https:\/\/tribunademinas.audiencelabs.com.br\/nao-e-geladeira-veja-o-vilao-da-sua-conta-de-luz\/\" \/>\n<meta property=\"og:locale\" content=\"pt_BR\" \/>\n<meta property=\"og:type\" content=\"article\" \/>\n<meta property=\"og:title\" content=\"N\u00e3o \u00e9 geladeira: veja o vil\u00e3o da sua conta de luz\" \/>\n<meta property=\"og:description\" content=\"H\u00e1 um eletrodom\u00e9stico que, embora pare\u00e7a inofensivo, pode causar um impacto ainda maior na conta no final do m\u00eas.\" \/>\n<meta property=\"og:url\" content=\"https:\/\/tribunademinas.audiencelabs.com.br\/nao-e-geladeira-veja-o-vilao-da-sua-conta-de-luz\/\" \/>\n<meta property=\"og:site_name\" content=\"Tribuna de Minas - Dinheiro e Cidadania\" \/>\n<meta property=\"article:publisher\" content=\"https:\/\/www.facebook.com\/tribunademinas\/\" \/>\n<meta property=\"article:published_time\" content=\"2025-10-11T21:45:00+00:00\" \/>\n<meta property=\"og:image\" content=\"https:\/\/tribunademinas.audiencelabs.com.br\/wp-content\/uploads\/2025\/10\/conta-de-luz-2.webp\" \/>\n\t<meta property=\"og:image:width\" content=\"1170\" \/>\n\t<meta property=\"og:image:height\" content=\"700\" \/>\n\t<meta property=\"og:image:type\" content=\"image\/webp\" \/>\n<meta name=\"author\" content=\"Jeferson Carvalho\" \/>\n<meta name=\"twitter:card\" content=\"summary_large_image\" \/>\n<meta name=\"twitter:creator\" content=\"@tribunademinas\" \/>\n<meta name=\"twitter:site\" content=\"@tribunademinas\" \/>\n<meta name=\"twitter:label1\" content=\"Escrito por\" \/>\n\t<meta name=\"twitter:data1\" content=\"Jeferson Carvalho\" \/>\n\t<meta name=\"twitter:label2\" content=\"Est. tempo de leitura\" \/>\n\t<meta name=\"twitter:data2\" content=\"3 minutos\" \/>\n<!-- \/ Yoast SEO plugin. -->","yoast_head_json":{"title":"N\u00e3o \u00e9 geladeira: veja o vil\u00e3o da sua conta de luz","description":"H\u00e1 um eletrodom\u00e9stico que, embora pare\u00e7a inofensivo, pode causar um impacto ainda maior na conta no final do m\u00eas.","robots":{"index":"index","follow":"follow","max-snippet":"max-snippet:-1","max-image-preview":"max-image-preview:large","max-video-preview":"max-video-preview:-1"},"canonical":"https:\/\/tribunademinas.audiencelabs.com.br\/nao-e-geladeira-veja-o-vilao-da-sua-conta-de-luz\/","og_locale":"pt_BR","og_type":"article","og_title":"N\u00e3o \u00e9 geladeira: veja o vil\u00e3o da sua conta de luz","og_description":"H\u00e1 um eletrodom\u00e9stico que, embora pare\u00e7a inofensivo, pode causar um impacto ainda maior na conta no final do m\u00eas.","og_url":"https:\/\/tribunademinas.audiencelabs.com.br\/nao-e-geladeira-veja-o-vilao-da-sua-conta-de-luz\/","og_site_name":"Tribuna de Minas - Dinheiro e Cidadania","article_publisher":"https:\/\/www.facebook.com\/tribunademinas\/","article_published_time":"2025-10-11T21:45:00+00:00","og_image":[{"width":1170,"height":700,"url":"https:\/\/tribunademinas.audiencelabs.com.br\/wp-content\/uploads\/2025\/10\/conta-de-luz-2.webp","type":"image\/webp"}],"author":"Jeferson Carvalho","twitter_card":"summary_large_image","twitter_creator":"@tribunademinas","twitter_site":"@tribunademinas","twitter_misc":{"Escrito por":"Jeferson Carvalho","Est. tempo de leitura":"3 minutos"},"schema":{"@context":"https:\/\/schema.org","@graph":[{"@type":"Article","@id":"https:\/\/tribunademinas.audiencelabs.com.br\/nao-e-geladeira-veja-o-vilao-da-sua-conta-de-luz\/#article","isPartOf":{"@id":"https:\/\/tribunademinas.audiencelabs.com.br\/nao-e-geladeira-veja-o-vilao-da-sua-conta-de-luz\/"},"author":{"name":"Jeferson Carvalho","@id":"https:\/\/tribunademinas.audiencelabs.com.br\/#\/schema\/person\/db18fc40307804bacef94213aa68fd9d"},"headline":"N\u00e3o \u00e9 geladeira: veja o vil\u00e3o da sua conta de luz","datePublished":"2025-10-11T21:45:00+00:00","mainEntityOfPage":{"@id":"https:\/\/tribunademinas.audiencelabs.com.br\/nao-e-geladeira-veja-o-vilao-da-sua-conta-de-luz\/"},"wordCount":423,"commentCount":0,"publisher":{"@id":"https:\/\/tribunademinas.audiencelabs.com.br\/#organization"},"image":{"@id":"https:\/\/tribunademinas.audiencelabs.com.br\/nao-e-geladeira-veja-o-vilao-da-sua-conta-de-luz\/#primaryimage"},"thumbnailUrl":"https:\/\/tribunademinas.audiencelabs.com.br\/wp-content\/uploads\/2025\/10\/conta-de-luz-2.webp","articleSection":["Dinheiro"],"inLanguage":"pt-BR","potentialAction":[{"@type":"CommentAction","name":"Comment","target":["https:\/\/tribunademinas.audiencelabs.com.br\/nao-e-geladeira-veja-o-vilao-da-sua-conta-de-luz\/#respond"]}]},{"@type":"WebPage","@id":"https:\/\/tribunademinas.audiencelabs.com.br\/nao-e-geladeira-veja-o-vilao-da-sua-conta-de-luz\/","url":"https:\/\/tribunademinas.audiencelabs.com.br\/nao-e-geladeira-veja-o-vilao-da-sua-conta-de-luz\/","name":"N\u00e3o \u00e9 geladeira: veja o vil\u00e3o da sua conta de luz","isPartOf":{"@id":"https:\/\/tribunademinas.audiencelabs.com.br\/#website"},"primaryImageOfPage":{"@id":"https:\/\/tribunademinas.audiencelabs.com.br\/nao-e-geladeira-veja-o-vilao-da-sua-conta-de-luz\/#primaryimage"},"image":{"@id":"https:\/\/tribunademinas.audiencelabs.com.br\/nao-e-geladeira-veja-o-vilao-da-sua-conta-de-luz\/#primaryimage"},"thumbnailUrl":"https:\/\/tribunademinas.audiencelabs.com.br\/wp-content\/uploads\/2025\/10\/conta-de-luz-2.webp","datePublished":"2025-10-11T21:45:00+00:00","description":"H\u00e1 um eletrodom\u00e9stico que, embora pare\u00e7a inofensivo, pode causar um impacto ainda maior na conta no final do m\u00eas.","breadcrumb":{"@id":"https:\/\/tribunademinas.audiencelabs.com.br\/nao-e-geladeira-veja-o-vilao-da-sua-conta-de-luz\/#breadcrumb"},"inLanguage":"pt-BR","potentialAction":[{"@type":"ReadAction","target":["https:\/\/tribunademinas.audiencelabs.com.br\/nao-e-geladeira-veja-o-vilao-da-sua-conta-de-luz\/"]}]},{"@type":"ImageObject","inLanguage":"pt-BR","@id":"https:\/\/tribunademinas.audiencelabs.com.br\/nao-e-geladeira-veja-o-vilao-da-sua-conta-de-luz\/#primaryimage","url":"https:\/\/tribunademinas.audiencelabs.com.br\/wp-content\/uploads\/2025\/10\/conta-de-luz-2.webp","contentUrl":"https:\/\/tribunademinas.audiencelabs.com.br\/wp-content\/uploads\/2025\/10\/conta-de-luz-2.webp","width":1170,"height":700,"caption":"N\u00e3o \u00e9 geladeira: veja o vil\u00e3o da sua conta de luz - Imagem: Arquivo\/Ag\u00eancia Brasil"},{"@type":"BreadcrumbList","@id":"https:\/\/tribunademinas.audiencelabs.com.br\/nao-e-geladeira-veja-o-vilao-da-sua-conta-de-luz\/#breadcrumb","itemListElement":[{"@type":"ListItem","position":1,"name":"In\u00edcio","item":"https:\/\/tribunademinas.audiencelabs.com.br\/"},{"@type":"ListItem","position":2,"name":"N\u00e3o \u00e9 geladeira: veja o vil\u00e3o da sua conta de luz"}]},{"@type":"WebSite","@id":"https:\/\/tribunademinas.audiencelabs.com.br\/#website","url":"https:\/\/tribunademinas.audiencelabs.com.br\/","name":"Tribuna de Minas - Dinheiro e Cidadania","description":"","publisher":{"@id":"https:\/\/tribunademinas.audiencelabs.com.br\/#organization"},"potentialAction":[{"@type":"SearchAction","target":{"@type":"EntryPoint","urlTemplate":"https:\/\/tribunademinas.audiencelabs.com.br\/?s={search_term_string}"},"query-input":{"@type":"PropertyValueSpecification","valueRequired":true,"valueName":"search_term_string"}}],"inLanguage":"pt-BR"},{"@type":"Organization","@id":"https:\/\/tribunademinas.audiencelabs.com.br\/#organization","name":"Tribuna de Minas - Dinheiro e Cidadania","url":"https:\/\/tribunademinas.audiencelabs.com.br\/","logo":{"@type":"ImageObject","inLanguage":"pt-BR","@id":"https:\/\/tribunademinas.audiencelabs.com.br\/#\/schema\/logo\/image\/","url":"https:\/\/tribunademinas.audiencelabs.com.br\/wp-content\/uploads\/2025\/08\/cropped-Tribuna_512x512-96x96-1.png","contentUrl":"https:\/\/tribunademinas.audiencelabs.com.br\/wp-content\/uploads\/2025\/08\/cropped-Tribuna_512x512-96x96-1.png","width":96,"height":96,"caption":"Tribuna de Minas - Dinheiro e Cidadania"},"image":{"@id":"https:\/\/tribunademinas.audiencelabs.com.br\/#\/schema\/logo\/image\/"},"sameAs":["https:\/\/www.facebook.com\/tribunademinas\/","https:\/\/x.com\/tribunademinas","https:\/\/www.instagram.com\/tribunademinas\/","https:\/\/www.youtube.com\/user\/TribunadeMinasJF"]},{"@type":"Person","@id":"https:\/\/tribunademinas.audiencelabs.com.br\/#\/schema\/person\/db18fc40307804bacef94213aa68fd9d","name":"Jeferson Carvalho","image":{"@type":"ImageObject","inLanguage":"pt-BR","@id":"https:\/\/tribunademinas.audiencelabs.com.br\/#\/schema\/person\/image\/","url":"https:\/\/secure.gravatar.com\/avatar\/cd7646e328d9670dad7dea8698522e522745eeffcff5b9d08be858e377ce326b?s=96&d=mm&r=g","contentUrl":"https:\/\/secure.gravatar.com\/avatar\/cd7646e328d9670dad7dea8698522e522745eeffcff5b9d08be858e377ce326b?s=96&d=mm&r=g","caption":"Jeferson Carvalho"},"description":"Jornalista apaixonado pela profiss\u00e3o!","url":"https:\/\/tribunademinas.audiencelabs.com.br\/author\/jeferson\/"}]}},"amp_enabled":true,"_links":{"self":[{"href":"https:\/\/tribunademinas.audiencelabs.com.br\/wp-json\/wp\/v2\/posts\/2448","targetHints":{"allow":["GET"]}}],"collection":[{"href":"https:\/\/tribunademinas.audiencelabs.com.br\/wp-json\/wp\/v2\/posts"}],"about":[{"href":"https:\/\/tribunademinas.audiencelabs.com.br\/wp-json\/wp\/v2\/types\/post"}],"author":[{"embeddable":true,"href":"https:\/\/tribunademinas.audiencelabs.com.br\/wp-json\/wp\/v2\/users\/5"}],"replies":[{"embeddable":true,"href":"https:\/\/tribunademinas.audiencelabs.com.br\/wp-json\/wp\/v2\/comments?post=2448"}],"version-history":[{"count":1,"href":"https:\/\/tribunademinas.audiencelabs.com.br\/wp-json\/wp\/v2\/posts\/2448\/revisions"}],"predecessor-version":[{"id":2450,"href":"https:\/\/tribunademinas.audiencelabs.com.br\/wp-json\/wp\/v2\/posts\/2448\/revisions\/2450"}],"wp:featuredmedia":[{"embeddable":true,"href":"https:\/\/tribunademinas.audiencelabs.com.br\/wp-json\/wp\/v2\/media\/2449"}],"wp:attachment":[{"href":"https:\/\/tribunademinas.audiencelabs.com.br\/wp-json\/wp\/v2\/media?parent=2448"}],"wp:term":[{"taxonomy":"category","embeddable":true,"href":"https:\/\/tribunademinas.audiencelabs.com.br\/wp-json\/wp\/v2\/categories?post=2448"},{"taxonomy":"post_tag","embeddable":true,"href":"https:\/\/tribunademinas.audiencelabs.com.br\/wp-json\/wp\/v2\/tags?post=2448"}],"curies":[{"name":"wp","href":"https:\/\/api.w.org\/{rel}","templated":true}]}}