{"id":2417,"date":"2025-10-10T16:53:37","date_gmt":"2025-10-10T19:53:37","guid":{"rendered":"https:\/\/tribunademinas.audiencelabs.com.br\/?p=2417"},"modified":"2025-10-10T16:53:43","modified_gmt":"2025-10-10T19:53:43","slug":"governo-divulgou-quem-recebeu-auxilio-emergencial-indevidamente","status":"publish","type":"post","link":"https:\/\/tribunademinas.audiencelabs.com.br\/governo-divulgou-quem-recebeu-auxilio-emergencial-indevidamente\/","title":{"rendered":"Governo divulgou quem recebeu aux\u00edlio emergencial indevidamente"},"content":{"rendered":"\n<p>O Governo Federal tornou p\u00fablica a rela\u00e7\u00e3o de pessoas que receberam indevidamente o Aux\u00edlio Emergencial, benef\u00edcio criado para socorrer fam\u00edlias em situa\u00e7\u00e3o de vulnerabilidade durante a pandemia de covid-19. <\/p>\n\n\n\n<p>A lista inclui cerca de 177 mil fam\u00edlias que, segundo o Minist\u00e9rio do Desenvolvimento e Assist\u00eancia Social, Fam\u00edlia e Combate \u00e0 Fome (MDS), ter\u00e3o que devolver os valores recebidos de forma irregular. <\/p>\n\n\n\n<h2 class=\"wp-block-heading\">Governo divulgou quem recebeu aux\u00edlio emergencial indevidamente<\/h2>\n\n\n\n<p>O Aux\u00edlio Emergencial, criado como medida emergencial durante o colapso econ\u00f4mico causado pela paralisa\u00e7\u00e3o das atividades, tinha crit\u00e9rios rigorosos de elegibilidade. <\/p>\n\n\n\n<p>No entanto, muitas pessoas burlaram as regras ou n\u00e3o se enquadravam nas exig\u00eancias, o que gerou preju\u00edzo aos cofres p\u00fablicos.<\/p>\n\n\n\n<p>O total a ser ressarcido ultrapassa R$ 478 milh\u00f5es. As notifica\u00e7\u00f5es come\u00e7aram a ser enviadas ainda em mar\u00e7o e est\u00e3o sendo encaminhadas por canais oficiais como SMS, e-mail, WhatsApp e pelo aplicativo Notifica. <\/p>\n\n\n\n<p>A prioridade do governo \u00e9 cobrar de quem recebeu maiores valores e possui maior capacidade de pagamento.<\/p>\n\n\n\n<p>As irregularidades incluem casos de pessoas com v\u00ednculo empregat\u00edcio, aposentados ou pensionistas, al\u00e9m de cidad\u00e3os cuja renda familiar ultrapassa os limites permitidos na \u00e9poca do programa.<\/p>\n\n\n\n<p>Mas aten\u00e7\u00e3o: nem todos os que receberam o benef\u00edcio indevidamente precisar\u00e3o devolver, apesar de terem cometido a fraude. <\/p>\n\n\n\n<p>Est\u00e3o isentos aqueles que continuam em situa\u00e7\u00e3o de vulnerabilidade, como benefici\u00e1rios do Bolsa Fam\u00edlia, inscritos no Cadastro \u00danico, ou quem recebeu at\u00e9 R$ 1.800 e possui renda familiar dentro dos par\u00e2metros estabelecidos por lei, at\u00e9 dois sal\u00e1rios m\u00ednimos por pessoa ou at\u00e9 tr\u00eas sal\u00e1rios m\u00ednimos no total da fam\u00edlia.<\/p>\n\n\n\n<h3 class=\"wp-block-heading\">Como verificar se precisa devolver o Aux\u00edlio Emergencial?<\/h3>\n\n\n\n<p>Para saber se h\u00e1 cobran\u00e7a, \u00e9 necess\u00e1rio acessar o <a href=\"https:\/\/www.gov.br\/pt-br\/servicos\/consultar-a-situacao-do-auxilio-emergencial-no-vejae\"><strong>sistema Vejae<\/strong><\/a>, dispon\u00edvel no site oficial do MDS. <\/p>\n\n\n\n<p>L\u00e1, o cidad\u00e3o poder\u00e1 consultar sua situa\u00e7\u00e3o, efetuar o pagamento, que pode ser feito via Pix, cart\u00e3o de cr\u00e9dito ou boleto banc\u00e1rio, e at\u00e9 parcelar a d\u00edvida em at\u00e9 60 vezes, sem juros, com parcela m\u00ednima de R$ 50. <\/p>\n\n\n\n<p>Caso o benefici\u00e1rio discorde da cobran\u00e7a, h\u00e1 a op\u00e7\u00e3o de apresentar recurso por meio do pr\u00f3prio sistema.<\/p>\n\n\n\n<p>Quem ignorar a notifica\u00e7\u00e3o pode ter o nome inclu\u00eddo na D\u00edvida Ativa da Uni\u00e3o, al\u00e9m de ser inscrito no Cadin e nos \u00f3rg\u00e3os de prote\u00e7\u00e3o ao cr\u00e9dito, como Serasa e SPC. <\/p>\n\n\n\n<p>Para evitar golpes, o minist\u00e9rio alerta que n\u00e3o envia links ou boletos por mensagens. Todas as informa\u00e7\u00f5es devem ser verificadas diretamente nos canais oficiais do governo.<\/p>\n\n\n\n<p><\/p>\n","protected":false},"excerpt":{"rendered":"<p>O Governo Federal tornou p\u00fablica a rela\u00e7\u00e3o de pessoas que receberam indevidamente o Aux\u00edlio Emergencial, benef\u00edcio criado para socorrer fam\u00edlias em situa\u00e7\u00e3o de vulnerabilidade durante a pandemia de covid-19. A lista inclui cerca de 177 mil fam\u00edlias que, segundo o Minist\u00e9rio do Desenvolvimento e Assist\u00eancia Social, Fam\u00edlia e Combate \u00e0 Fome (MDS), ter\u00e3o que devolver [&hellip;]<\/p>\n","protected":false},"author":5,"featured_media":2418,"comment_status":"open","ping_status":"open","sticky":false,"template":"","format":"standard","meta":{"jnews-multi-image_gallery":[],"jnews_single_post":{"format":"standard"},"jnews_primary_category":[],"jnews_social_meta":[],"jnews_post_split":[],"footnotes":""},"categories":[1],"tags":[],"class_list":["post-2417","post","type-post","status-publish","format-standard","has-post-thumbnail","hentry","category-dinheiro"],"yoast_head":"<!-- This site is optimized with the Yoast SEO plugin v25.6 - https:\/\/yoast.com\/wordpress\/plugins\/seo\/ -->\n<title>Governo divulgou quem recebeu aux\u00edlio emergencial indevidamente<\/title>\n<meta name=\"description\" content=\"O Governo Federal tornou p\u00fablica a rela\u00e7\u00e3o de pessoas que receberam indevidamente o Aux\u00edlio Emergencial e precisam devolver os valores.\" \/>\n<meta name=\"robots\" content=\"index, follow, max-snippet:-1, max-image-preview:large, max-video-preview:-1\" \/>\n<link rel=\"canonical\" href=\"https:\/\/tribunademinas.audiencelabs.com.br\/governo-divulgou-quem-recebeu-auxilio-emergencial-indevidamente\/\" \/>\n<meta property=\"og:locale\" content=\"pt_BR\" \/>\n<meta property=\"og:type\" content=\"article\" \/>\n<meta property=\"og:title\" content=\"Governo divulgou quem recebeu aux\u00edlio emergencial indevidamente\" \/>\n<meta property=\"og:description\" content=\"O Governo Federal tornou p\u00fablica a rela\u00e7\u00e3o de pessoas que receberam indevidamente o Aux\u00edlio Emergencial e precisam devolver os valores.\" \/>\n<meta property=\"og:url\" content=\"https:\/\/tribunademinas.audiencelabs.com.br\/governo-divulgou-quem-recebeu-auxilio-emergencial-indevidamente\/\" \/>\n<meta property=\"og:site_name\" content=\"Tribuna de Minas - Dinheiro e Cidadania\" \/>\n<meta property=\"article:publisher\" content=\"https:\/\/www.facebook.com\/tribunademinas\/\" \/>\n<meta property=\"article:published_time\" content=\"2025-10-10T19:53:37+00:00\" \/>\n<meta property=\"article:modified_time\" content=\"2025-10-10T19:53:43+00:00\" \/>\n<meta property=\"og:image\" content=\"https:\/\/tribunademinas.audiencelabs.com.br\/wp-content\/uploads\/2025\/10\/auxilio-emergencial.webp\" \/>\n\t<meta property=\"og:image:width\" content=\"1170\" \/>\n\t<meta property=\"og:image:height\" content=\"700\" \/>\n\t<meta property=\"og:image:type\" content=\"image\/webp\" \/>\n<meta name=\"author\" content=\"Jeferson Carvalho\" \/>\n<meta name=\"twitter:card\" content=\"summary_large_image\" \/>\n<meta name=\"twitter:creator\" content=\"@tribunademinas\" \/>\n<meta name=\"twitter:site\" content=\"@tribunademinas\" \/>\n<meta name=\"twitter:label1\" content=\"Escrito por\" \/>\n\t<meta name=\"twitter:data1\" content=\"Jeferson Carvalho\" \/>\n\t<meta name=\"twitter:label2\" content=\"Est. tempo de leitura\" \/>\n\t<meta name=\"twitter:data2\" content=\"3 minutos\" \/>\n<!-- \/ Yoast SEO plugin. -->","yoast_head_json":{"title":"Governo divulgou quem recebeu aux\u00edlio emergencial indevidamente","description":"O Governo Federal tornou p\u00fablica a rela\u00e7\u00e3o de pessoas que receberam indevidamente o Aux\u00edlio Emergencial e precisam devolver os valores.","robots":{"index":"index","follow":"follow","max-snippet":"max-snippet:-1","max-image-preview":"max-image-preview:large","max-video-preview":"max-video-preview:-1"},"canonical":"https:\/\/tribunademinas.audiencelabs.com.br\/governo-divulgou-quem-recebeu-auxilio-emergencial-indevidamente\/","og_locale":"pt_BR","og_type":"article","og_title":"Governo divulgou quem recebeu aux\u00edlio emergencial indevidamente","og_description":"O Governo Federal tornou p\u00fablica a rela\u00e7\u00e3o de pessoas que receberam indevidamente o Aux\u00edlio Emergencial e precisam devolver os valores.","og_url":"https:\/\/tribunademinas.audiencelabs.com.br\/governo-divulgou-quem-recebeu-auxilio-emergencial-indevidamente\/","og_site_name":"Tribuna de Minas - Dinheiro e Cidadania","article_publisher":"https:\/\/www.facebook.com\/tribunademinas\/","article_published_time":"2025-10-10T19:53:37+00:00","article_modified_time":"2025-10-10T19:53:43+00:00","og_image":[{"width":1170,"height":700,"url":"https:\/\/tribunademinas.audiencelabs.com.br\/wp-content\/uploads\/2025\/10\/auxilio-emergencial.webp","type":"image\/webp"}],"author":"Jeferson Carvalho","twitter_card":"summary_large_image","twitter_creator":"@tribunademinas","twitter_site":"@tribunademinas","twitter_misc":{"Escrito por":"Jeferson Carvalho","Est. tempo de leitura":"3 minutos"},"schema":{"@context":"https:\/\/schema.org","@graph":[{"@type":"Article","@id":"https:\/\/tribunademinas.audiencelabs.com.br\/governo-divulgou-quem-recebeu-auxilio-emergencial-indevidamente\/#article","isPartOf":{"@id":"https:\/\/tribunademinas.audiencelabs.com.br\/governo-divulgou-quem-recebeu-auxilio-emergencial-indevidamente\/"},"author":{"name":"Jeferson Carvalho","@id":"https:\/\/tribunademinas.audiencelabs.com.br\/#\/schema\/person\/db18fc40307804bacef94213aa68fd9d"},"headline":"Governo divulgou quem recebeu aux\u00edlio emergencial indevidamente","datePublished":"2025-10-10T19:53:37+00:00","dateModified":"2025-10-10T19:53:43+00:00","mainEntityOfPage":{"@id":"https:\/\/tribunademinas.audiencelabs.com.br\/governo-divulgou-quem-recebeu-auxilio-emergencial-indevidamente\/"},"wordCount":459,"commentCount":0,"publisher":{"@id":"https:\/\/tribunademinas.audiencelabs.com.br\/#organization"},"image":{"@id":"https:\/\/tribunademinas.audiencelabs.com.br\/governo-divulgou-quem-recebeu-auxilio-emergencial-indevidamente\/#primaryimage"},"thumbnailUrl":"https:\/\/tribunademinas.audiencelabs.com.br\/wp-content\/uploads\/2025\/10\/auxilio-emergencial.webp","articleSection":["Dinheiro"],"inLanguage":"pt-BR","potentialAction":[{"@type":"CommentAction","name":"Comment","target":["https:\/\/tribunademinas.audiencelabs.com.br\/governo-divulgou-quem-recebeu-auxilio-emergencial-indevidamente\/#respond"]}]},{"@type":"WebPage","@id":"https:\/\/tribunademinas.audiencelabs.com.br\/governo-divulgou-quem-recebeu-auxilio-emergencial-indevidamente\/","url":"https:\/\/tribunademinas.audiencelabs.com.br\/governo-divulgou-quem-recebeu-auxilio-emergencial-indevidamente\/","name":"Governo divulgou quem recebeu aux\u00edlio emergencial indevidamente","isPartOf":{"@id":"https:\/\/tribunademinas.audiencelabs.com.br\/#website"},"primaryImageOfPage":{"@id":"https:\/\/tribunademinas.audiencelabs.com.br\/governo-divulgou-quem-recebeu-auxilio-emergencial-indevidamente\/#primaryimage"},"image":{"@id":"https:\/\/tribunademinas.audiencelabs.com.br\/governo-divulgou-quem-recebeu-auxilio-emergencial-indevidamente\/#primaryimage"},"thumbnailUrl":"https:\/\/tribunademinas.audiencelabs.com.br\/wp-content\/uploads\/2025\/10\/auxilio-emergencial.webp","datePublished":"2025-10-10T19:53:37+00:00","dateModified":"2025-10-10T19:53:43+00:00","description":"O Governo Federal tornou p\u00fablica a rela\u00e7\u00e3o de pessoas que receberam indevidamente o Aux\u00edlio Emergencial e precisam devolver os valores.","breadcrumb":{"@id":"https:\/\/tribunademinas.audiencelabs.com.br\/governo-divulgou-quem-recebeu-auxilio-emergencial-indevidamente\/#breadcrumb"},"inLanguage":"pt-BR","potentialAction":[{"@type":"ReadAction","target":["https:\/\/tribunademinas.audiencelabs.com.br\/governo-divulgou-quem-recebeu-auxilio-emergencial-indevidamente\/"]}]},{"@type":"ImageObject","inLanguage":"pt-BR","@id":"https:\/\/tribunademinas.audiencelabs.com.br\/governo-divulgou-quem-recebeu-auxilio-emergencial-indevidamente\/#primaryimage","url":"https:\/\/tribunademinas.audiencelabs.com.br\/wp-content\/uploads\/2025\/10\/auxilio-emergencial.webp","contentUrl":"https:\/\/tribunademinas.audiencelabs.com.br\/wp-content\/uploads\/2025\/10\/auxilio-emergencial.webp","width":1170,"height":700,"caption":"Governo divulgou quem recebeu aux\u00edlio emergencial indevidamente - Imagem: Marcello Casal Jr\/Ag\u00eancia Brasil"},{"@type":"BreadcrumbList","@id":"https:\/\/tribunademinas.audiencelabs.com.br\/governo-divulgou-quem-recebeu-auxilio-emergencial-indevidamente\/#breadcrumb","itemListElement":[{"@type":"ListItem","position":1,"name":"In\u00edcio","item":"https:\/\/tribunademinas.audiencelabs.com.br\/"},{"@type":"ListItem","position":2,"name":"Governo divulgou quem recebeu aux\u00edlio emergencial indevidamente"}]},{"@type":"WebSite","@id":"https:\/\/tribunademinas.audiencelabs.com.br\/#website","url":"https:\/\/tribunademinas.audiencelabs.com.br\/","name":"Tribuna de Minas - Dinheiro e Cidadania","description":"","publisher":{"@id":"https:\/\/tribunademinas.audiencelabs.com.br\/#organization"},"potentialAction":[{"@type":"SearchAction","target":{"@type":"EntryPoint","urlTemplate":"https:\/\/tribunademinas.audiencelabs.com.br\/?s={search_term_string}"},"query-input":{"@type":"PropertyValueSpecification","valueRequired":true,"valueName":"search_term_string"}}],"inLanguage":"pt-BR"},{"@type":"Organization","@id":"https:\/\/tribunademinas.audiencelabs.com.br\/#organization","name":"Tribuna de Minas - Dinheiro e Cidadania","url":"https:\/\/tribunademinas.audiencelabs.com.br\/","logo":{"@type":"ImageObject","inLanguage":"pt-BR","@id":"https:\/\/tribunademinas.audiencelabs.com.br\/#\/schema\/logo\/image\/","url":"https:\/\/tribunademinas.audiencelabs.com.br\/wp-content\/uploads\/2025\/08\/cropped-Tribuna_512x512-96x96-1.png","contentUrl":"https:\/\/tribunademinas.audiencelabs.com.br\/wp-content\/uploads\/2025\/08\/cropped-Tribuna_512x512-96x96-1.png","width":96,"height":96,"caption":"Tribuna de Minas - Dinheiro e Cidadania"},"image":{"@id":"https:\/\/tribunademinas.audiencelabs.com.br\/#\/schema\/logo\/image\/"},"sameAs":["https:\/\/www.facebook.com\/tribunademinas\/","https:\/\/x.com\/tribunademinas","https:\/\/www.instagram.com\/tribunademinas\/","https:\/\/www.youtube.com\/user\/TribunadeMinasJF"]},{"@type":"Person","@id":"https:\/\/tribunademinas.audiencelabs.com.br\/#\/schema\/person\/db18fc40307804bacef94213aa68fd9d","name":"Jeferson Carvalho","image":{"@type":"ImageObject","inLanguage":"pt-BR","@id":"https:\/\/tribunademinas.audiencelabs.com.br\/#\/schema\/person\/image\/","url":"https:\/\/secure.gravatar.com\/avatar\/cd7646e328d9670dad7dea8698522e522745eeffcff5b9d08be858e377ce326b?s=96&d=mm&r=g","contentUrl":"https:\/\/secure.gravatar.com\/avatar\/cd7646e328d9670dad7dea8698522e522745eeffcff5b9d08be858e377ce326b?s=96&d=mm&r=g","caption":"Jeferson Carvalho"},"description":"Jornalista apaixonado pela profiss\u00e3o!","url":"https:\/\/tribunademinas.audiencelabs.com.br\/author\/jeferson\/"}]}},"amp_enabled":true,"_links":{"self":[{"href":"https:\/\/tribunademinas.audiencelabs.com.br\/wp-json\/wp\/v2\/posts\/2417","targetHints":{"allow":["GET"]}}],"collection":[{"href":"https:\/\/tribunademinas.audiencelabs.com.br\/wp-json\/wp\/v2\/posts"}],"about":[{"href":"https:\/\/tribunademinas.audiencelabs.com.br\/wp-json\/wp\/v2\/types\/post"}],"author":[{"embeddable":true,"href":"https:\/\/tribunademinas.audiencelabs.com.br\/wp-json\/wp\/v2\/users\/5"}],"replies":[{"embeddable":true,"href":"https:\/\/tribunademinas.audiencelabs.com.br\/wp-json\/wp\/v2\/comments?post=2417"}],"version-history":[{"count":1,"href":"https:\/\/tribunademinas.audiencelabs.com.br\/wp-json\/wp\/v2\/posts\/2417\/revisions"}],"predecessor-version":[{"id":2419,"href":"https:\/\/tribunademinas.audiencelabs.com.br\/wp-json\/wp\/v2\/posts\/2417\/revisions\/2419"}],"wp:featuredmedia":[{"embeddable":true,"href":"https:\/\/tribunademinas.audiencelabs.com.br\/wp-json\/wp\/v2\/media\/2418"}],"wp:attachment":[{"href":"https:\/\/tribunademinas.audiencelabs.com.br\/wp-json\/wp\/v2\/media?parent=2417"}],"wp:term":[{"taxonomy":"category","embeddable":true,"href":"https:\/\/tribunademinas.audiencelabs.com.br\/wp-json\/wp\/v2\/categories?post=2417"},{"taxonomy":"post_tag","embeddable":true,"href":"https:\/\/tribunademinas.audiencelabs.com.br\/wp-json\/wp\/v2\/tags?post=2417"}],"curies":[{"name":"wp","href":"https:\/\/api.w.org\/{rel}","templated":true}]}}