{"id":2409,"date":"2025-10-10T16:38:52","date_gmt":"2025-10-10T19:38:52","guid":{"rendered":"https:\/\/tribunademinas.audiencelabs.com.br\/?p=2409"},"modified":"2025-10-10T16:38:57","modified_gmt":"2025-10-10T19:38:57","slug":"irregularidades-na-enel-rio-sao-levadas-a-cvm-por-diretor-da-aneel","status":"publish","type":"post","link":"https:\/\/tribunademinas.audiencelabs.com.br\/irregularidades-na-enel-rio-sao-levadas-a-cvm-por-diretor-da-aneel\/","title":{"rendered":"Irregularidades na Enel Rio s\u00e3o levadas \u00e0 CVM por diretor da Aneel"},"content":{"rendered":"\n<p>O diretor da Ag\u00eancia Nacional de Energia El\u00e9trica (<a href=\"https:\/\/www.gov.br\/aneel\/pt-br\"><strong>Aneel<\/strong><\/a>), Fernando Mosna, encaminhou \u00e0 Comiss\u00e3o de Valores Mobili\u00e1rios (CVM) uma den\u00fancia que aponta poss\u00edveis irregularidades cometidas pela Enel Rio em opera\u00e7\u00f5es financeiras realizadas com outras empresas do mesmo grupo econ\u00f4mico. <\/p>\n\n\n\n<p>A a\u00e7\u00e3o do diretor foi motivada por ind\u00edcios de viola\u00e7\u00f5es tanto das normas regulat\u00f3rias do setor el\u00e9trico quanto das exig\u00eancias de transpar\u00eancia impostas ao mercado de capitais.<\/p>\n\n\n\n<h2 class=\"wp-block-heading\">Irregularidades na Enel Rio s\u00e3o levadas \u00e0 CVM por diretor da Aneel<\/h2>\n\n\n\n<p>A origem do caso est\u00e1 em uma s\u00e9rie de empr\u00e9stimos intragrupo, conhecidos como m\u00fatuos, realizados pela Enel Rio com empresas como <a href=\"https:\/\/tribunademinas.com.br\/colunas\/maistendencias\/sao-paulo-pede-revisao-de-criterios-antes-de-renovar-contrato-da-enel\/\"><strong>Enel Brasil<\/strong><\/a>, Enel Finance International, Enel Cien e Enel Trading. <\/p>\n\n\n\n<p>A distribuidora havia solicitado autoriza\u00e7\u00e3o \u00e0 Aneel para refinanciar d\u00edvidas que somavam at\u00e9 R$ 5,8 bilh\u00f5es, mas teve o pedido rejeitado em junho de 2024. <\/p>\n\n\n\n<p>A decis\u00e3o foi baseada na an\u00e1lise t\u00e9cnica da ag\u00eancia, que apontou que o n\u00edvel de endividamento da empresa ultrapassava limites prudenciais e colocava em risco sua sa\u00fade financeira e, consequentemente, a presta\u00e7\u00e3o adequada dos servi\u00e7os de energia.<\/p>\n\n\n\n<p>Apesar da negativa, a Enel Rio teria mantido ativos contratos de m\u00fatuo vencidos sem o aval da Aneel, o que, segundo Mosna, infringe normas regulat\u00f3rias estabelecidas desde 2021. <\/p>\n\n\n\n<p>Al\u00e9m disso, documentos cont\u00e1beis indicam que a empresa n\u00e3o apenas manteve esses contratos vigentes, como tamb\u00e9m comunicou ao mercado, por meio de comunicados divulgados em junho e agosto de 2025, que essas opera\u00e7\u00f5es estariam em conformidade com aprova\u00e7\u00f5es da ag\u00eancia, o que n\u00e3o \u00e9 verdade, conforme apontado pelo diretor.<\/p>\n\n\n\n<h3 class=\"wp-block-heading\">Enel pode ter infringido regras da CVM, diz diretor da Aneel; empresa nega<\/h3>\n\n\n\n<p>Um dos pontos mais cr\u00edticos envolve a divulga\u00e7\u00e3o de um novo vencimento, em 2026, para o contrato \u201cM\u00fatuo Enel Brasil 55\u201d, que na pr\u00e1tica s\u00f3 havia recebido uma autoriza\u00e7\u00e3o provis\u00f3ria. <\/p>\n\n\n\n<p>Outros seis contratos mencionados nos comunicados sequer constam nos registros da Aneel. <\/p>\n\n\n\n<p>Para Mosna, a empresa pode ter transmitido ao mercado uma percep\u00e7\u00e3o err\u00f4nea sobre sua situa\u00e7\u00e3o financeira e seu risco regulat\u00f3rio, o que configura uma poss\u00edvel infra\u00e7\u00e3o \u00e0s normas da Lei das Sociedades por A\u00e7\u00f5es e da Resolu\u00e7\u00e3o CVM n\u00ba 44.<\/p>\n\n\n\n<p>A Enel Rio, em nota, afirmou que atua com transpar\u00eancia e que seus contratos de financiamento seguem as normas aplic\u00e1veis. <\/p>\n\n\n\n<p>Enquanto isso, a Aneel determinou a abertura de um procedimento fiscalizat\u00f3rio interno e a CVM deve analisar se houve omiss\u00e3o ou distor\u00e7\u00e3o de informa\u00e7\u00f5es relevantes ao mercado.<\/p>\n\n\n\n<p><\/p>\n","protected":false},"excerpt":{"rendered":"<p>O diretor da Ag\u00eancia Nacional de Energia El\u00e9trica (Aneel), Fernando Mosna, encaminhou \u00e0 Comiss\u00e3o de Valores Mobili\u00e1rios (CVM) uma den\u00fancia que aponta poss\u00edveis irregularidades cometidas pela Enel Rio em opera\u00e7\u00f5es financeiras realizadas com outras empresas do mesmo grupo econ\u00f4mico. A a\u00e7\u00e3o do diretor foi motivada por ind\u00edcios de viola\u00e7\u00f5es tanto das normas regulat\u00f3rias do setor [&hellip;]<\/p>\n","protected":false},"author":5,"featured_media":2411,"comment_status":"open","ping_status":"open","sticky":false,"template":"","format":"standard","meta":{"jnews-multi-image_gallery":[],"jnews_single_post":{"format":"standard"},"jnews_primary_category":[],"jnews_social_meta":[],"jnews_post_split":[],"footnotes":""},"categories":[159],"tags":[],"class_list":["post-2409","post","type-post","status-publish","format-standard","has-post-thumbnail","hentry","category-cidadania"],"yoast_head":"<!-- This site is optimized with the Yoast SEO plugin v25.6 - https:\/\/yoast.com\/wordpress\/plugins\/seo\/ -->\n<title>Irregularidades na Enel Rio s\u00e3o levadas \u00e0 CVM por diretor da Aneel<\/title>\n<meta name=\"description\" content=\"O diretor da Aneel encaminhou \u00e0 CVM uma den\u00fancia que aponta poss\u00edveis irregularidades cometidas pela Enel Rio.\" \/>\n<meta name=\"robots\" content=\"index, follow, max-snippet:-1, max-image-preview:large, max-video-preview:-1\" \/>\n<link rel=\"canonical\" href=\"https:\/\/tribunademinas.audiencelabs.com.br\/irregularidades-na-enel-rio-sao-levadas-a-cvm-por-diretor-da-aneel\/\" \/>\n<meta property=\"og:locale\" content=\"pt_BR\" \/>\n<meta property=\"og:type\" content=\"article\" \/>\n<meta property=\"og:title\" content=\"Irregularidades na Enel Rio s\u00e3o levadas \u00e0 CVM por diretor da Aneel\" \/>\n<meta property=\"og:description\" content=\"O diretor da Aneel encaminhou \u00e0 CVM uma den\u00fancia que aponta poss\u00edveis irregularidades cometidas pela Enel Rio.\" \/>\n<meta property=\"og:url\" content=\"https:\/\/tribunademinas.audiencelabs.com.br\/irregularidades-na-enel-rio-sao-levadas-a-cvm-por-diretor-da-aneel\/\" \/>\n<meta property=\"og:site_name\" content=\"Tribuna de Minas - Dinheiro e Cidadania\" \/>\n<meta property=\"article:publisher\" content=\"https:\/\/www.facebook.com\/tribunademinas\/\" \/>\n<meta property=\"article:published_time\" content=\"2025-10-10T19:38:52+00:00\" \/>\n<meta property=\"article:modified_time\" content=\"2025-10-10T19:38:57+00:00\" \/>\n<meta property=\"og:image\" content=\"https:\/\/tribunademinas.audiencelabs.com.br\/wp-content\/uploads\/2025\/10\/Enel.webp\" \/>\n\t<meta property=\"og:image:width\" content=\"770\" \/>\n\t<meta property=\"og:image:height\" content=\"513\" \/>\n\t<meta property=\"og:image:type\" content=\"image\/webp\" \/>\n<meta name=\"author\" content=\"Jeferson Carvalho\" \/>\n<meta name=\"twitter:card\" content=\"summary_large_image\" \/>\n<meta name=\"twitter:creator\" content=\"@tribunademinas\" \/>\n<meta name=\"twitter:site\" content=\"@tribunademinas\" \/>\n<meta name=\"twitter:label1\" content=\"Escrito por\" \/>\n\t<meta name=\"twitter:data1\" content=\"Jeferson Carvalho\" \/>\n\t<meta name=\"twitter:label2\" content=\"Est. tempo de leitura\" \/>\n\t<meta name=\"twitter:data2\" content=\"3 minutos\" \/>\n<!-- \/ Yoast SEO plugin. -->","yoast_head_json":{"title":"Irregularidades na Enel Rio s\u00e3o levadas \u00e0 CVM por diretor da Aneel","description":"O diretor da Aneel encaminhou \u00e0 CVM uma den\u00fancia que aponta poss\u00edveis irregularidades cometidas pela Enel Rio.","robots":{"index":"index","follow":"follow","max-snippet":"max-snippet:-1","max-image-preview":"max-image-preview:large","max-video-preview":"max-video-preview:-1"},"canonical":"https:\/\/tribunademinas.audiencelabs.com.br\/irregularidades-na-enel-rio-sao-levadas-a-cvm-por-diretor-da-aneel\/","og_locale":"pt_BR","og_type":"article","og_title":"Irregularidades na Enel Rio s\u00e3o levadas \u00e0 CVM por diretor da Aneel","og_description":"O diretor da Aneel encaminhou \u00e0 CVM uma den\u00fancia que aponta poss\u00edveis irregularidades cometidas pela Enel Rio.","og_url":"https:\/\/tribunademinas.audiencelabs.com.br\/irregularidades-na-enel-rio-sao-levadas-a-cvm-por-diretor-da-aneel\/","og_site_name":"Tribuna de Minas - Dinheiro e Cidadania","article_publisher":"https:\/\/www.facebook.com\/tribunademinas\/","article_published_time":"2025-10-10T19:38:52+00:00","article_modified_time":"2025-10-10T19:38:57+00:00","og_image":[{"width":770,"height":513,"url":"https:\/\/tribunademinas.audiencelabs.com.br\/wp-content\/uploads\/2025\/10\/Enel.webp","type":"image\/webp"}],"author":"Jeferson Carvalho","twitter_card":"summary_large_image","twitter_creator":"@tribunademinas","twitter_site":"@tribunademinas","twitter_misc":{"Escrito por":"Jeferson Carvalho","Est. tempo de leitura":"3 minutos"},"schema":{"@context":"https:\/\/schema.org","@graph":[{"@type":"Article","@id":"https:\/\/tribunademinas.audiencelabs.com.br\/irregularidades-na-enel-rio-sao-levadas-a-cvm-por-diretor-da-aneel\/#article","isPartOf":{"@id":"https:\/\/tribunademinas.audiencelabs.com.br\/irregularidades-na-enel-rio-sao-levadas-a-cvm-por-diretor-da-aneel\/"},"author":{"name":"Jeferson Carvalho","@id":"https:\/\/tribunademinas.audiencelabs.com.br\/#\/schema\/person\/db18fc40307804bacef94213aa68fd9d"},"headline":"Irregularidades na Enel Rio s\u00e3o levadas \u00e0 CVM por diretor da Aneel","datePublished":"2025-10-10T19:38:52+00:00","dateModified":"2025-10-10T19:38:57+00:00","mainEntityOfPage":{"@id":"https:\/\/tribunademinas.audiencelabs.com.br\/irregularidades-na-enel-rio-sao-levadas-a-cvm-por-diretor-da-aneel\/"},"wordCount":451,"commentCount":0,"publisher":{"@id":"https:\/\/tribunademinas.audiencelabs.com.br\/#organization"},"image":{"@id":"https:\/\/tribunademinas.audiencelabs.com.br\/irregularidades-na-enel-rio-sao-levadas-a-cvm-por-diretor-da-aneel\/#primaryimage"},"thumbnailUrl":"https:\/\/tribunademinas.audiencelabs.com.br\/wp-content\/uploads\/2025\/10\/Enel.webp","articleSection":["Cidadania"],"inLanguage":"pt-BR","potentialAction":[{"@type":"CommentAction","name":"Comment","target":["https:\/\/tribunademinas.audiencelabs.com.br\/irregularidades-na-enel-rio-sao-levadas-a-cvm-por-diretor-da-aneel\/#respond"]}]},{"@type":"WebPage","@id":"https:\/\/tribunademinas.audiencelabs.com.br\/irregularidades-na-enel-rio-sao-levadas-a-cvm-por-diretor-da-aneel\/","url":"https:\/\/tribunademinas.audiencelabs.com.br\/irregularidades-na-enel-rio-sao-levadas-a-cvm-por-diretor-da-aneel\/","name":"Irregularidades na Enel Rio s\u00e3o levadas \u00e0 CVM por diretor da Aneel","isPartOf":{"@id":"https:\/\/tribunademinas.audiencelabs.com.br\/#website"},"primaryImageOfPage":{"@id":"https:\/\/tribunademinas.audiencelabs.com.br\/irregularidades-na-enel-rio-sao-levadas-a-cvm-por-diretor-da-aneel\/#primaryimage"},"image":{"@id":"https:\/\/tribunademinas.audiencelabs.com.br\/irregularidades-na-enel-rio-sao-levadas-a-cvm-por-diretor-da-aneel\/#primaryimage"},"thumbnailUrl":"https:\/\/tribunademinas.audiencelabs.com.br\/wp-content\/uploads\/2025\/10\/Enel.webp","datePublished":"2025-10-10T19:38:52+00:00","dateModified":"2025-10-10T19:38:57+00:00","description":"O diretor da Aneel encaminhou \u00e0 CVM uma den\u00fancia que aponta poss\u00edveis irregularidades cometidas pela Enel Rio.","breadcrumb":{"@id":"https:\/\/tribunademinas.audiencelabs.com.br\/irregularidades-na-enel-rio-sao-levadas-a-cvm-por-diretor-da-aneel\/#breadcrumb"},"inLanguage":"pt-BR","potentialAction":[{"@type":"ReadAction","target":["https:\/\/tribunademinas.audiencelabs.com.br\/irregularidades-na-enel-rio-sao-levadas-a-cvm-por-diretor-da-aneel\/"]}]},{"@type":"ImageObject","inLanguage":"pt-BR","@id":"https:\/\/tribunademinas.audiencelabs.com.br\/irregularidades-na-enel-rio-sao-levadas-a-cvm-por-diretor-da-aneel\/#primaryimage","url":"https:\/\/tribunademinas.audiencelabs.com.br\/wp-content\/uploads\/2025\/10\/Enel.webp","contentUrl":"https:\/\/tribunademinas.audiencelabs.com.br\/wp-content\/uploads\/2025\/10\/Enel.webp","width":770,"height":513,"caption":"Irregularidades na Enel Rio s\u00e3o levadas \u00e0 CVM por diretor da Aneel - Imagem: Paulo Pinto\/Ag\u00eancia Brasil"},{"@type":"BreadcrumbList","@id":"https:\/\/tribunademinas.audiencelabs.com.br\/irregularidades-na-enel-rio-sao-levadas-a-cvm-por-diretor-da-aneel\/#breadcrumb","itemListElement":[{"@type":"ListItem","position":1,"name":"In\u00edcio","item":"https:\/\/tribunademinas.audiencelabs.com.br\/"},{"@type":"ListItem","position":2,"name":"Irregularidades na Enel Rio s\u00e3o levadas \u00e0 CVM por diretor da Aneel"}]},{"@type":"WebSite","@id":"https:\/\/tribunademinas.audiencelabs.com.br\/#website","url":"https:\/\/tribunademinas.audiencelabs.com.br\/","name":"Tribuna de Minas - Dinheiro e Cidadania","description":"","publisher":{"@id":"https:\/\/tribunademinas.audiencelabs.com.br\/#organization"},"potentialAction":[{"@type":"SearchAction","target":{"@type":"EntryPoint","urlTemplate":"https:\/\/tribunademinas.audiencelabs.com.br\/?s={search_term_string}"},"query-input":{"@type":"PropertyValueSpecification","valueRequired":true,"valueName":"search_term_string"}}],"inLanguage":"pt-BR"},{"@type":"Organization","@id":"https:\/\/tribunademinas.audiencelabs.com.br\/#organization","name":"Tribuna de Minas - Dinheiro e Cidadania","url":"https:\/\/tribunademinas.audiencelabs.com.br\/","logo":{"@type":"ImageObject","inLanguage":"pt-BR","@id":"https:\/\/tribunademinas.audiencelabs.com.br\/#\/schema\/logo\/image\/","url":"https:\/\/tribunademinas.audiencelabs.com.br\/wp-content\/uploads\/2025\/08\/cropped-Tribuna_512x512-96x96-1.png","contentUrl":"https:\/\/tribunademinas.audiencelabs.com.br\/wp-content\/uploads\/2025\/08\/cropped-Tribuna_512x512-96x96-1.png","width":96,"height":96,"caption":"Tribuna de Minas - Dinheiro e Cidadania"},"image":{"@id":"https:\/\/tribunademinas.audiencelabs.com.br\/#\/schema\/logo\/image\/"},"sameAs":["https:\/\/www.facebook.com\/tribunademinas\/","https:\/\/x.com\/tribunademinas","https:\/\/www.instagram.com\/tribunademinas\/","https:\/\/www.youtube.com\/user\/TribunadeMinasJF"]},{"@type":"Person","@id":"https:\/\/tribunademinas.audiencelabs.com.br\/#\/schema\/person\/db18fc40307804bacef94213aa68fd9d","name":"Jeferson Carvalho","image":{"@type":"ImageObject","inLanguage":"pt-BR","@id":"https:\/\/tribunademinas.audiencelabs.com.br\/#\/schema\/person\/image\/","url":"https:\/\/secure.gravatar.com\/avatar\/cd7646e328d9670dad7dea8698522e522745eeffcff5b9d08be858e377ce326b?s=96&d=mm&r=g","contentUrl":"https:\/\/secure.gravatar.com\/avatar\/cd7646e328d9670dad7dea8698522e522745eeffcff5b9d08be858e377ce326b?s=96&d=mm&r=g","caption":"Jeferson Carvalho"},"description":"Jornalista apaixonado pela profiss\u00e3o!","url":"https:\/\/tribunademinas.audiencelabs.com.br\/author\/jeferson\/"}]}},"amp_enabled":true,"_links":{"self":[{"href":"https:\/\/tribunademinas.audiencelabs.com.br\/wp-json\/wp\/v2\/posts\/2409","targetHints":{"allow":["GET"]}}],"collection":[{"href":"https:\/\/tribunademinas.audiencelabs.com.br\/wp-json\/wp\/v2\/posts"}],"about":[{"href":"https:\/\/tribunademinas.audiencelabs.com.br\/wp-json\/wp\/v2\/types\/post"}],"author":[{"embeddable":true,"href":"https:\/\/tribunademinas.audiencelabs.com.br\/wp-json\/wp\/v2\/users\/5"}],"replies":[{"embeddable":true,"href":"https:\/\/tribunademinas.audiencelabs.com.br\/wp-json\/wp\/v2\/comments?post=2409"}],"version-history":[{"count":1,"href":"https:\/\/tribunademinas.audiencelabs.com.br\/wp-json\/wp\/v2\/posts\/2409\/revisions"}],"predecessor-version":[{"id":2416,"href":"https:\/\/tribunademinas.audiencelabs.com.br\/wp-json\/wp\/v2\/posts\/2409\/revisions\/2416"}],"wp:featuredmedia":[{"embeddable":true,"href":"https:\/\/tribunademinas.audiencelabs.com.br\/wp-json\/wp\/v2\/media\/2411"}],"wp:attachment":[{"href":"https:\/\/tribunademinas.audiencelabs.com.br\/wp-json\/wp\/v2\/media?parent=2409"}],"wp:term":[{"taxonomy":"category","embeddable":true,"href":"https:\/\/tribunademinas.audiencelabs.com.br\/wp-json\/wp\/v2\/categories?post=2409"},{"taxonomy":"post_tag","embeddable":true,"href":"https:\/\/tribunademinas.audiencelabs.com.br\/wp-json\/wp\/v2\/tags?post=2409"}],"curies":[{"name":"wp","href":"https:\/\/api.w.org\/{rel}","templated":true}]}}