{"id":2400,"date":"2025-10-13T12:00:00","date_gmt":"2025-10-13T15:00:00","guid":{"rendered":"https:\/\/tribunademinas.audiencelabs.com.br\/?p=2400"},"modified":"2025-10-10T14:10:13","modified_gmt":"2025-10-10T17:10:13","slug":"cadastro-unico-teve-atualizacao-automatica-para-beneficiarios","status":"publish","type":"post","link":"https:\/\/tribunademinas.audiencelabs.com.br\/cadastro-unico-teve-atualizacao-automatica-para-beneficiarios\/","title":{"rendered":"Cadastro \u00danico teve atualiza\u00e7\u00e3o autom\u00e1tica para benefici\u00e1rios"},"content":{"rendered":"\n<p>Programas como o Bolsa Fam\u00edlia, o Benef\u00edcio de Presta\u00e7\u00e3o Continuada (BPC), a Tarifa Social de Energia El\u00e9trica e o P\u00e9-de-Meia est\u00e3o entre os mais de 40 benef\u00edcios assistenciais oferecidos pelo governo federal a fam\u00edlias de baixa renda, com o objetivo de reduzir desigualdades e garantir direitos b\u00e1sicos.<\/p>\n\n\n\n<p>E para usufruir de muitos destes benef\u00edcios, a principal exig\u00eancia \u00e9 a inscri\u00e7\u00e3o no <strong>Cadastro \u00danico para Programas Sociais (Cad\u00danico)<\/strong>, que serve como uma base de dados para confirmar se os crit\u00e9rios individuais de cada programa est\u00e3o sendo cumpridos.<\/p>\n\n\n\n<p>\u00c9 importante destacar que, em mar\u00e7o deste ano, o recurso passou por uma moderniza\u00e7\u00e3o para oferecer mais seguran\u00e7a e agilidade no acesso, tanto para a popula\u00e7\u00e3o como para os operadores do sistema.<\/p>\n\n\n\n<p>Al\u00e9m disso, a atualiza\u00e7\u00e3o passou a permitir a <strong>integra\u00e7\u00e3o online de diferentes bases de dados do governo<\/strong>, garantindo maior precis\u00e3o e confiabilidade nas informa\u00e7\u00f5es fornecidas e reduzindo a ocorr\u00eancia de equ\u00edvocos.<\/p>\n\n\n\n<p>Vale lembrar que as informa\u00e7\u00f5es das fam\u00edlias que j\u00e1 estavam inscritas no Cad\u00danico foram automaticamente migradas para o novo sistema, dispensando assim qualquer atualiza\u00e7\u00e3o manual ou cria\u00e7\u00e3o de uma nova inscri\u00e7\u00e3o.<\/p>\n\n\n\n<h2 class=\"wp-block-heading\">Inscri\u00e7\u00e3o no Cadastro \u00danico: saiba como fazer<\/h2>\n\n\n\n<p>Apesar da moderniza\u00e7\u00e3o do sistema, a inscri\u00e7\u00e3o do Cadastro \u00danico ainda segue o modelo tradicional. Neste caso, cidad\u00e3os interessados precisar\u00e3o comparecer no Centro de Refer\u00eancia de Assist\u00eancia Social (CRAS) ou outro posto de atendimento mais pr\u00f3ximo de sua resid\u00eancia.<\/p>\n\n\n\n<p>No local, o respons\u00e1vel pela resid\u00eancia precisar\u00e1 apresentar o CPF de todos os membros da fam\u00edlia, junto de um documento com foto e um comprovante de resid\u00eancia (preferencialmente, uma conta de luz).<\/p>\n\n\n\n<p>Com isso, em at\u00e9 72 horas, o Cad\u00danico ser\u00e1 gerado, permitindo que o usu\u00e1rio se inscreva nos diversos programas governamentais, desde que sejam cumpridos os crit\u00e9rios espec\u00edficos de cada benef\u00edcio.<\/p>\n\n\n\n<p>\u00c9 fundamental lembrar que, em caso de altera\u00e7\u00f5es na composi\u00e7\u00e3o familiar, \u00e9 necess\u00e1rio comparecer ao CRAS para atualizar os dados. Al\u00e9m disso, a cada 24 meses, deve-se realizar uma verifica\u00e7\u00e3o peri\u00f3dica para garantir que as informa\u00e7\u00f5es permane\u00e7am corretas.<\/p>\n","protected":false},"excerpt":{"rendered":"<p>Programas como o Bolsa Fam\u00edlia, o Benef\u00edcio de Presta\u00e7\u00e3o Continuada (BPC), a Tarifa Social de Energia El\u00e9trica e o P\u00e9-de-Meia est\u00e3o entre os mais de 40 benef\u00edcios assistenciais oferecidos pelo governo federal a fam\u00edlias de baixa renda, com o objetivo de reduzir desigualdades e garantir direitos b\u00e1sicos. E para usufruir de muitos destes benef\u00edcios, a [&hellip;]<\/p>\n","protected":false},"author":3,"featured_media":2401,"comment_status":"open","ping_status":"open","sticky":false,"template":"","format":"standard","meta":{"jnews-multi-image_gallery":[],"jnews_single_post":{"format":"standard"},"jnews_primary_category":[],"jnews_social_meta":[],"jnews_post_split":[],"footnotes":""},"categories":[159],"tags":[],"class_list":["post-2400","post","type-post","status-publish","format-standard","has-post-thumbnail","hentry","category-cidadania"],"yoast_head":"<!-- This site is optimized with the Yoast SEO plugin v25.6 - https:\/\/yoast.com\/wordpress\/plugins\/seo\/ -->\n<title>Cadastro \u00danico teve atualiza\u00e7\u00e3o autom\u00e1tica para benefici\u00e1rios<\/title>\n<meta name=\"robots\" content=\"index, follow, max-snippet:-1, max-image-preview:large, max-video-preview:-1\" \/>\n<link rel=\"canonical\" href=\"https:\/\/tribunademinas.audiencelabs.com.br\/cadastro-unico-teve-atualizacao-automatica-para-beneficiarios\/\" \/>\n<meta property=\"og:locale\" content=\"pt_BR\" \/>\n<meta property=\"og:type\" content=\"article\" \/>\n<meta property=\"og:title\" content=\"Cadastro \u00danico teve atualiza\u00e7\u00e3o autom\u00e1tica para benefici\u00e1rios\" \/>\n<meta property=\"og:description\" content=\"Programas como o Bolsa Fam\u00edlia, o Benef\u00edcio de Presta\u00e7\u00e3o Continuada (BPC), a Tarifa Social de Energia El\u00e9trica e o P\u00e9-de-Meia est\u00e3o entre os mais de 40 benef\u00edcios assistenciais oferecidos pelo governo federal a fam\u00edlias de baixa renda, com o objetivo de reduzir desigualdades e garantir direitos b\u00e1sicos. E para usufruir de muitos destes benef\u00edcios, a [&hellip;]\" \/>\n<meta property=\"og:url\" content=\"https:\/\/tribunademinas.audiencelabs.com.br\/cadastro-unico-teve-atualizacao-automatica-para-beneficiarios\/\" \/>\n<meta property=\"og:site_name\" content=\"Tribuna de Minas - Dinheiro e Cidadania\" \/>\n<meta property=\"article:publisher\" content=\"https:\/\/www.facebook.com\/tribunademinas\/\" \/>\n<meta property=\"article:published_time\" content=\"2025-10-13T15:00:00+00:00\" \/>\n<meta property=\"og:image\" content=\"https:\/\/tribunademinas.audiencelabs.com.br\/wp-content\/uploads\/2025\/10\/cadastro-unico-atualizacao-automatica-beneficiarios.png\" \/>\n\t<meta property=\"og:image:width\" content=\"1280\" \/>\n\t<meta property=\"og:image:height\" content=\"720\" \/>\n\t<meta property=\"og:image:type\" content=\"image\/png\" \/>\n<meta name=\"author\" content=\"Jo\u00e3o Carlos Gomes\" \/>\n<meta name=\"twitter:card\" content=\"summary_large_image\" \/>\n<meta name=\"twitter:creator\" content=\"@tribunademinas\" \/>\n<meta name=\"twitter:site\" content=\"@tribunademinas\" \/>\n<meta name=\"twitter:label1\" content=\"Escrito por\" \/>\n\t<meta name=\"twitter:data1\" content=\"Jo\u00e3o Carlos Gomes\" \/>\n\t<meta name=\"twitter:label2\" content=\"Est. tempo de leitura\" \/>\n\t<meta name=\"twitter:data2\" content=\"3 minutos\" \/>\n<!-- \/ Yoast SEO plugin. -->","yoast_head_json":{"title":"Cadastro \u00danico teve atualiza\u00e7\u00e3o autom\u00e1tica para benefici\u00e1rios","robots":{"index":"index","follow":"follow","max-snippet":"max-snippet:-1","max-image-preview":"max-image-preview:large","max-video-preview":"max-video-preview:-1"},"canonical":"https:\/\/tribunademinas.audiencelabs.com.br\/cadastro-unico-teve-atualizacao-automatica-para-beneficiarios\/","og_locale":"pt_BR","og_type":"article","og_title":"Cadastro \u00danico teve atualiza\u00e7\u00e3o autom\u00e1tica para benefici\u00e1rios","og_description":"Programas como o Bolsa Fam\u00edlia, o Benef\u00edcio de Presta\u00e7\u00e3o Continuada (BPC), a Tarifa Social de Energia El\u00e9trica e o P\u00e9-de-Meia est\u00e3o entre os mais de 40 benef\u00edcios assistenciais oferecidos pelo governo federal a fam\u00edlias de baixa renda, com o objetivo de reduzir desigualdades e garantir direitos b\u00e1sicos. E para usufruir de muitos destes benef\u00edcios, a [&hellip;]","og_url":"https:\/\/tribunademinas.audiencelabs.com.br\/cadastro-unico-teve-atualizacao-automatica-para-beneficiarios\/","og_site_name":"Tribuna de Minas - Dinheiro e Cidadania","article_publisher":"https:\/\/www.facebook.com\/tribunademinas\/","article_published_time":"2025-10-13T15:00:00+00:00","og_image":[{"width":1280,"height":720,"url":"https:\/\/tribunademinas.audiencelabs.com.br\/wp-content\/uploads\/2025\/10\/cadastro-unico-atualizacao-automatica-beneficiarios.png","type":"image\/png"}],"author":"Jo\u00e3o Carlos Gomes","twitter_card":"summary_large_image","twitter_creator":"@tribunademinas","twitter_site":"@tribunademinas","twitter_misc":{"Escrito por":"Jo\u00e3o Carlos Gomes","Est. tempo de leitura":"3 minutos"},"schema":{"@context":"https:\/\/schema.org","@graph":[{"@type":"Article","@id":"https:\/\/tribunademinas.audiencelabs.com.br\/cadastro-unico-teve-atualizacao-automatica-para-beneficiarios\/#article","isPartOf":{"@id":"https:\/\/tribunademinas.audiencelabs.com.br\/cadastro-unico-teve-atualizacao-automatica-para-beneficiarios\/"},"author":{"name":"Jo\u00e3o Carlos Gomes","@id":"https:\/\/tribunademinas.audiencelabs.com.br\/#\/schema\/person\/37af466a64a722fadb8ef6841c52114f"},"headline":"Cadastro \u00danico teve atualiza\u00e7\u00e3o autom\u00e1tica para benefici\u00e1rios","datePublished":"2025-10-13T15:00:00+00:00","mainEntityOfPage":{"@id":"https:\/\/tribunademinas.audiencelabs.com.br\/cadastro-unico-teve-atualizacao-automatica-para-beneficiarios\/"},"wordCount":387,"commentCount":0,"publisher":{"@id":"https:\/\/tribunademinas.audiencelabs.com.br\/#organization"},"image":{"@id":"https:\/\/tribunademinas.audiencelabs.com.br\/cadastro-unico-teve-atualizacao-automatica-para-beneficiarios\/#primaryimage"},"thumbnailUrl":"https:\/\/tribunademinas.audiencelabs.com.br\/wp-content\/uploads\/2025\/10\/cadastro-unico-atualizacao-automatica-beneficiarios.png","articleSection":["Cidadania"],"inLanguage":"pt-BR","potentialAction":[{"@type":"CommentAction","name":"Comment","target":["https:\/\/tribunademinas.audiencelabs.com.br\/cadastro-unico-teve-atualizacao-automatica-para-beneficiarios\/#respond"]}]},{"@type":"WebPage","@id":"https:\/\/tribunademinas.audiencelabs.com.br\/cadastro-unico-teve-atualizacao-automatica-para-beneficiarios\/","url":"https:\/\/tribunademinas.audiencelabs.com.br\/cadastro-unico-teve-atualizacao-automatica-para-beneficiarios\/","name":"Cadastro \u00danico teve atualiza\u00e7\u00e3o autom\u00e1tica para benefici\u00e1rios","isPartOf":{"@id":"https:\/\/tribunademinas.audiencelabs.com.br\/#website"},"primaryImageOfPage":{"@id":"https:\/\/tribunademinas.audiencelabs.com.br\/cadastro-unico-teve-atualizacao-automatica-para-beneficiarios\/#primaryimage"},"image":{"@id":"https:\/\/tribunademinas.audiencelabs.com.br\/cadastro-unico-teve-atualizacao-automatica-para-beneficiarios\/#primaryimage"},"thumbnailUrl":"https:\/\/tribunademinas.audiencelabs.com.br\/wp-content\/uploads\/2025\/10\/cadastro-unico-atualizacao-automatica-beneficiarios.png","datePublished":"2025-10-13T15:00:00+00:00","breadcrumb":{"@id":"https:\/\/tribunademinas.audiencelabs.com.br\/cadastro-unico-teve-atualizacao-automatica-para-beneficiarios\/#breadcrumb"},"inLanguage":"pt-BR","potentialAction":[{"@type":"ReadAction","target":["https:\/\/tribunademinas.audiencelabs.com.br\/cadastro-unico-teve-atualizacao-automatica-para-beneficiarios\/"]}]},{"@type":"ImageObject","inLanguage":"pt-BR","@id":"https:\/\/tribunademinas.audiencelabs.com.br\/cadastro-unico-teve-atualizacao-automatica-para-beneficiarios\/#primaryimage","url":"https:\/\/tribunademinas.audiencelabs.com.br\/wp-content\/uploads\/2025\/10\/cadastro-unico-atualizacao-automatica-beneficiarios.png","contentUrl":"https:\/\/tribunademinas.audiencelabs.com.br\/wp-content\/uploads\/2025\/10\/cadastro-unico-atualizacao-automatica-beneficiarios.png","width":1280,"height":720,"caption":"Foto: Ag\u00eancia Brasil"},{"@type":"BreadcrumbList","@id":"https:\/\/tribunademinas.audiencelabs.com.br\/cadastro-unico-teve-atualizacao-automatica-para-beneficiarios\/#breadcrumb","itemListElement":[{"@type":"ListItem","position":1,"name":"In\u00edcio","item":"https:\/\/tribunademinas.audiencelabs.com.br\/"},{"@type":"ListItem","position":2,"name":"Cadastro \u00danico teve atualiza\u00e7\u00e3o autom\u00e1tica para benefici\u00e1rios"}]},{"@type":"WebSite","@id":"https:\/\/tribunademinas.audiencelabs.com.br\/#website","url":"https:\/\/tribunademinas.audiencelabs.com.br\/","name":"Tribuna de Minas - Dinheiro e Cidadania","description":"","publisher":{"@id":"https:\/\/tribunademinas.audiencelabs.com.br\/#organization"},"potentialAction":[{"@type":"SearchAction","target":{"@type":"EntryPoint","urlTemplate":"https:\/\/tribunademinas.audiencelabs.com.br\/?s={search_term_string}"},"query-input":{"@type":"PropertyValueSpecification","valueRequired":true,"valueName":"search_term_string"}}],"inLanguage":"pt-BR"},{"@type":"Organization","@id":"https:\/\/tribunademinas.audiencelabs.com.br\/#organization","name":"Tribuna de Minas - Dinheiro e Cidadania","url":"https:\/\/tribunademinas.audiencelabs.com.br\/","logo":{"@type":"ImageObject","inLanguage":"pt-BR","@id":"https:\/\/tribunademinas.audiencelabs.com.br\/#\/schema\/logo\/image\/","url":"https:\/\/tribunademinas.audiencelabs.com.br\/wp-content\/uploads\/2025\/08\/cropped-Tribuna_512x512-96x96-1.png","contentUrl":"https:\/\/tribunademinas.audiencelabs.com.br\/wp-content\/uploads\/2025\/08\/cropped-Tribuna_512x512-96x96-1.png","width":96,"height":96,"caption":"Tribuna de Minas - Dinheiro e Cidadania"},"image":{"@id":"https:\/\/tribunademinas.audiencelabs.com.br\/#\/schema\/logo\/image\/"},"sameAs":["https:\/\/www.facebook.com\/tribunademinas\/","https:\/\/x.com\/tribunademinas","https:\/\/www.instagram.com\/tribunademinas\/","https:\/\/www.youtube.com\/user\/TribunadeMinasJF"]},{"@type":"Person","@id":"https:\/\/tribunademinas.audiencelabs.com.br\/#\/schema\/person\/37af466a64a722fadb8ef6841c52114f","name":"Jo\u00e3o Carlos Gomes","image":{"@type":"ImageObject","inLanguage":"pt-BR","@id":"https:\/\/tribunademinas.audiencelabs.com.br\/#\/schema\/person\/image\/","url":"https:\/\/secure.gravatar.com\/avatar\/4ce4672dbdd694b329cd6fdb51bee7d1409be1f0ff76a537e4c4a737b2c7d1a9?s=96&d=mm&r=g","contentUrl":"https:\/\/secure.gravatar.com\/avatar\/4ce4672dbdd694b329cd6fdb51bee7d1409be1f0ff76a537e4c4a737b2c7d1a9?s=96&d=mm&r=g","caption":"Jo\u00e3o Carlos Gomes"},"description":"Jornalista formado pelo Centro Universit\u00e1rio Carioca, apreciador da Bossa Nova ao Metal Extremo, criador de conte\u00fado e m\u00fasico independente nas horas vagas.","url":"https:\/\/tribunademinas.audiencelabs.com.br\/author\/joaoc-junior\/"}]}},"amp_enabled":true,"_links":{"self":[{"href":"https:\/\/tribunademinas.audiencelabs.com.br\/wp-json\/wp\/v2\/posts\/2400","targetHints":{"allow":["GET"]}}],"collection":[{"href":"https:\/\/tribunademinas.audiencelabs.com.br\/wp-json\/wp\/v2\/posts"}],"about":[{"href":"https:\/\/tribunademinas.audiencelabs.com.br\/wp-json\/wp\/v2\/types\/post"}],"author":[{"embeddable":true,"href":"https:\/\/tribunademinas.audiencelabs.com.br\/wp-json\/wp\/v2\/users\/3"}],"replies":[{"embeddable":true,"href":"https:\/\/tribunademinas.audiencelabs.com.br\/wp-json\/wp\/v2\/comments?post=2400"}],"version-history":[{"count":1,"href":"https:\/\/tribunademinas.audiencelabs.com.br\/wp-json\/wp\/v2\/posts\/2400\/revisions"}],"predecessor-version":[{"id":2402,"href":"https:\/\/tribunademinas.audiencelabs.com.br\/wp-json\/wp\/v2\/posts\/2400\/revisions\/2402"}],"wp:featuredmedia":[{"embeddable":true,"href":"https:\/\/tribunademinas.audiencelabs.com.br\/wp-json\/wp\/v2\/media\/2401"}],"wp:attachment":[{"href":"https:\/\/tribunademinas.audiencelabs.com.br\/wp-json\/wp\/v2\/media?parent=2400"}],"wp:term":[{"taxonomy":"category","embeddable":true,"href":"https:\/\/tribunademinas.audiencelabs.com.br\/wp-json\/wp\/v2\/categories?post=2400"},{"taxonomy":"post_tag","embeddable":true,"href":"https:\/\/tribunademinas.audiencelabs.com.br\/wp-json\/wp\/v2\/tags?post=2400"}],"curies":[{"name":"wp","href":"https:\/\/api.w.org\/{rel}","templated":true}]}}