{"id":2387,"date":"2025-10-12T11:00:00","date_gmt":"2025-10-12T14:00:00","guid":{"rendered":"https:\/\/tribunademinas.audiencelabs.com.br\/?p=2387"},"modified":"2025-10-09T19:52:00","modified_gmt":"2025-10-09T22:52:00","slug":"22-capitais-de-27-tiveram-queda-no-valor-da-cesta-basica","status":"publish","type":"post","link":"https:\/\/tribunademinas.audiencelabs.com.br\/22-capitais-de-27-tiveram-queda-no-valor-da-cesta-basica\/","title":{"rendered":"22 capitais de 27 tiveram queda no valor da cesta b\u00e1sica"},"content":{"rendered":"\n<p>O pre\u00e7o da cesta b\u00e1sica caiu em 22 das 27 capitais brasileiras no m\u00eas de setembro, revelando um al\u00edvio no bolso do consumidor em boa parte do pa\u00eds. <\/p>\n\n\n\n<p>Os dados s\u00e3o resultado de uma an\u00e1lise conjunta realizada pela Companhia Nacional de Abastecimento (Conab) e pelo <a href=\"https:\/\/www.dieese.org.br\/\"><strong>Dieese<\/strong><\/a>, que apontam uma retra\u00e7\u00e3o nos pre\u00e7os de alimentos essenciais em v\u00e1rias regi\u00f5es. <\/p>\n\n\n\n<p>Essa movimenta\u00e7\u00e3o refor\u00e7a os efeitos positivos de pol\u00edticas p\u00fablicas voltadas ao abastecimento e \u00e0 produ\u00e7\u00e3o agr\u00edcola.<\/p>\n\n\n\n<h2 class=\"wp-block-heading\">22 capitais de 27 tiveram queda no valor da cesta b\u00e1sica<\/h2>\n\n\n\n<p>O recuo no custo da cesta b\u00e1sica \u00e9 reflexo direto da diminui\u00e7\u00e3o dos pre\u00e7os de produtos fundamentais no dia a dia das fam\u00edlias. <\/p>\n\n\n\n<p>Tomate, arroz, batata e caf\u00e9 em p\u00f3 foram os principais respons\u00e1veis por puxar a m\u00e9dia para baixo, com destaque para o tomate, cujo pre\u00e7o despencou em quase todo o pa\u00eds devido ao aumento da oferta nas lavouras. <\/p>\n\n\n\n<p>O arroz, beneficiado por uma safra recorde em 2024\/2025, tamb\u00e9m contribuiu com quedas expressivas. No caso da batata, a colheita de inverno elevou a disponibilidade no mercado, reduzindo os pre\u00e7os em v\u00e1rias capitais. <\/p>\n\n\n\n<p>J\u00e1 o caf\u00e9 em p\u00f3, embora tenha registrado varia\u00e7\u00f5es, ficou mais barato em boa parte das cidades analisadas.<\/p>\n\n\n\n<p>Al\u00e9m do impacto direto sobre o consumidor, a queda dos pre\u00e7os evidencia o papel de pol\u00edticas p\u00fablicas na estabiliza\u00e7\u00e3o do abastecimento alimentar. <\/p>\n\n\n\n<p>Para o presidente da Conab, Edegar Pretto, os n\u00fameros s\u00e3o indicativos de que as a\u00e7\u00f5es voltadas ao incentivo da produ\u00e7\u00e3o de alimentos e ao monitoramento dos pre\u00e7os est\u00e3o surtindo efeito, garantindo acesso mais amplo a alimentos de qualidade com menor custo.<\/p>\n\n\n\n<h3 class=\"wp-block-heading\">Cesta b\u00e1sica nas regi\u00f5es<\/h3>\n\n\n\n<p>Em termos regionais, os recuos mais expressivos foram registrados nas capitais do Norte e Nordeste. <\/p>\n\n\n\n<p>Fortaleza liderou a redu\u00e7\u00e3o, com uma queda de 6,31% no valor da cesta. Palmas e Rio Branco tamb\u00e9m tiveram quedas consider\u00e1veis, de 5,91% e 3,16%, respectivamente. S\u00e3o Lu\u00eds e Teresina completam o grupo das cinco capitais com maiores redu\u00e7\u00f5es. <\/p>\n\n\n\n<p>Por outro lado, S\u00e3o Paulo continua com o maior custo m\u00e9dio da cesta b\u00e1sica, chegando a R$ 842,26, enquanto Aracaju apresenta o valor mais baixo, R$ 552,65.<\/p>\n\n\n\n<p>Outro ponto importante foi a amplia\u00e7\u00e3o da pesquisa, que passou a abranger todas as capitais do pa\u00eds desde agosto. <\/p>\n\n\n\n<p>Com isso, o levantamento oferece um panorama mais completo e detalhado da situa\u00e7\u00e3o alimentar brasileira, fortalecendo pol\u00edticas de seguran\u00e7a alimentar e orientando a\u00e7\u00f5es futuras.<\/p>\n\n\n\n<p><\/p>\n","protected":false},"excerpt":{"rendered":"<p>O pre\u00e7o da cesta b\u00e1sica caiu em 22 das 27 capitais brasileiras no m\u00eas de setembro, revelando um al\u00edvio no bolso do consumidor em boa parte do pa\u00eds. Os dados s\u00e3o resultado de uma an\u00e1lise conjunta realizada pela Companhia Nacional de Abastecimento (Conab) e pelo Dieese, que apontam uma retra\u00e7\u00e3o nos pre\u00e7os de alimentos essenciais [&hellip;]<\/p>\n","protected":false},"author":5,"featured_media":2388,"comment_status":"open","ping_status":"open","sticky":false,"template":"","format":"standard","meta":{"jnews-multi-image_gallery":[],"jnews_single_post":{"format":"standard"},"jnews_primary_category":[],"jnews_social_meta":[],"jnews_post_split":[],"footnotes":""},"categories":[1],"tags":[],"class_list":["post-2387","post","type-post","status-publish","format-standard","has-post-thumbnail","hentry","category-dinheiro"],"yoast_head":"<!-- This site is optimized with the Yoast SEO plugin v25.6 - https:\/\/yoast.com\/wordpress\/plugins\/seo\/ -->\n<title>22 capitais de 27 tiveram queda no valor da cesta b\u00e1sica<\/title>\n<meta name=\"description\" content=\"O pre\u00e7o da cesta b\u00e1sica caiu em 22 das 27 capitais brasileiras no m\u00eas de setembro, revelando um al\u00edvio no bolso do consumidor do pa\u00eds.\" \/>\n<meta name=\"robots\" content=\"index, follow, max-snippet:-1, max-image-preview:large, max-video-preview:-1\" \/>\n<link rel=\"canonical\" href=\"https:\/\/tribunademinas.audiencelabs.com.br\/22-capitais-de-27-tiveram-queda-no-valor-da-cesta-basica\/\" \/>\n<meta property=\"og:locale\" content=\"pt_BR\" \/>\n<meta property=\"og:type\" content=\"article\" \/>\n<meta property=\"og:title\" content=\"22 capitais de 27 tiveram queda no valor da cesta b\u00e1sica\" \/>\n<meta property=\"og:description\" content=\"O pre\u00e7o da cesta b\u00e1sica caiu em 22 das 27 capitais brasileiras no m\u00eas de setembro, revelando um al\u00edvio no bolso do consumidor do pa\u00eds.\" \/>\n<meta property=\"og:url\" content=\"https:\/\/tribunademinas.audiencelabs.com.br\/22-capitais-de-27-tiveram-queda-no-valor-da-cesta-basica\/\" \/>\n<meta property=\"og:site_name\" content=\"Tribuna de Minas - Dinheiro e Cidadania\" \/>\n<meta property=\"article:publisher\" content=\"https:\/\/www.facebook.com\/tribunademinas\/\" \/>\n<meta property=\"article:published_time\" content=\"2025-10-12T14:00:00+00:00\" \/>\n<meta property=\"og:image\" content=\"https:\/\/tribunademinas.audiencelabs.com.br\/wp-content\/uploads\/2025\/10\/cesta-basica.webp\" \/>\n\t<meta property=\"og:image:width\" content=\"1170\" \/>\n\t<meta property=\"og:image:height\" content=\"700\" \/>\n\t<meta property=\"og:image:type\" content=\"image\/webp\" \/>\n<meta name=\"author\" content=\"Jeferson Carvalho\" \/>\n<meta name=\"twitter:card\" content=\"summary_large_image\" \/>\n<meta name=\"twitter:creator\" content=\"@tribunademinas\" \/>\n<meta name=\"twitter:site\" content=\"@tribunademinas\" \/>\n<meta name=\"twitter:label1\" content=\"Escrito por\" \/>\n\t<meta name=\"twitter:data1\" content=\"Jeferson Carvalho\" \/>\n\t<meta name=\"twitter:label2\" content=\"Est. tempo de leitura\" \/>\n\t<meta name=\"twitter:data2\" content=\"3 minutos\" \/>\n<!-- \/ Yoast SEO plugin. -->","yoast_head_json":{"title":"22 capitais de 27 tiveram queda no valor da cesta b\u00e1sica","description":"O pre\u00e7o da cesta b\u00e1sica caiu em 22 das 27 capitais brasileiras no m\u00eas de setembro, revelando um al\u00edvio no bolso do consumidor do pa\u00eds.","robots":{"index":"index","follow":"follow","max-snippet":"max-snippet:-1","max-image-preview":"max-image-preview:large","max-video-preview":"max-video-preview:-1"},"canonical":"https:\/\/tribunademinas.audiencelabs.com.br\/22-capitais-de-27-tiveram-queda-no-valor-da-cesta-basica\/","og_locale":"pt_BR","og_type":"article","og_title":"22 capitais de 27 tiveram queda no valor da cesta b\u00e1sica","og_description":"O pre\u00e7o da cesta b\u00e1sica caiu em 22 das 27 capitais brasileiras no m\u00eas de setembro, revelando um al\u00edvio no bolso do consumidor do pa\u00eds.","og_url":"https:\/\/tribunademinas.audiencelabs.com.br\/22-capitais-de-27-tiveram-queda-no-valor-da-cesta-basica\/","og_site_name":"Tribuna de Minas - Dinheiro e Cidadania","article_publisher":"https:\/\/www.facebook.com\/tribunademinas\/","article_published_time":"2025-10-12T14:00:00+00:00","og_image":[{"width":1170,"height":700,"url":"https:\/\/tribunademinas.audiencelabs.com.br\/wp-content\/uploads\/2025\/10\/cesta-basica.webp","type":"image\/webp"}],"author":"Jeferson Carvalho","twitter_card":"summary_large_image","twitter_creator":"@tribunademinas","twitter_site":"@tribunademinas","twitter_misc":{"Escrito por":"Jeferson Carvalho","Est. tempo de leitura":"3 minutos"},"schema":{"@context":"https:\/\/schema.org","@graph":[{"@type":"Article","@id":"https:\/\/tribunademinas.audiencelabs.com.br\/22-capitais-de-27-tiveram-queda-no-valor-da-cesta-basica\/#article","isPartOf":{"@id":"https:\/\/tribunademinas.audiencelabs.com.br\/22-capitais-de-27-tiveram-queda-no-valor-da-cesta-basica\/"},"author":{"name":"Jeferson Carvalho","@id":"https:\/\/tribunademinas.audiencelabs.com.br\/#\/schema\/person\/db18fc40307804bacef94213aa68fd9d"},"headline":"22 capitais de 27 tiveram queda no valor da cesta b\u00e1sica","datePublished":"2025-10-12T14:00:00+00:00","mainEntityOfPage":{"@id":"https:\/\/tribunademinas.audiencelabs.com.br\/22-capitais-de-27-tiveram-queda-no-valor-da-cesta-basica\/"},"wordCount":443,"commentCount":0,"publisher":{"@id":"https:\/\/tribunademinas.audiencelabs.com.br\/#organization"},"image":{"@id":"https:\/\/tribunademinas.audiencelabs.com.br\/22-capitais-de-27-tiveram-queda-no-valor-da-cesta-basica\/#primaryimage"},"thumbnailUrl":"https:\/\/tribunademinas.audiencelabs.com.br\/wp-content\/uploads\/2025\/10\/cesta-basica.webp","articleSection":["Dinheiro"],"inLanguage":"pt-BR","potentialAction":[{"@type":"CommentAction","name":"Comment","target":["https:\/\/tribunademinas.audiencelabs.com.br\/22-capitais-de-27-tiveram-queda-no-valor-da-cesta-basica\/#respond"]}]},{"@type":"WebPage","@id":"https:\/\/tribunademinas.audiencelabs.com.br\/22-capitais-de-27-tiveram-queda-no-valor-da-cesta-basica\/","url":"https:\/\/tribunademinas.audiencelabs.com.br\/22-capitais-de-27-tiveram-queda-no-valor-da-cesta-basica\/","name":"22 capitais de 27 tiveram queda no valor da cesta b\u00e1sica","isPartOf":{"@id":"https:\/\/tribunademinas.audiencelabs.com.br\/#website"},"primaryImageOfPage":{"@id":"https:\/\/tribunademinas.audiencelabs.com.br\/22-capitais-de-27-tiveram-queda-no-valor-da-cesta-basica\/#primaryimage"},"image":{"@id":"https:\/\/tribunademinas.audiencelabs.com.br\/22-capitais-de-27-tiveram-queda-no-valor-da-cesta-basica\/#primaryimage"},"thumbnailUrl":"https:\/\/tribunademinas.audiencelabs.com.br\/wp-content\/uploads\/2025\/10\/cesta-basica.webp","datePublished":"2025-10-12T14:00:00+00:00","description":"O pre\u00e7o da cesta b\u00e1sica caiu em 22 das 27 capitais brasileiras no m\u00eas de setembro, revelando um al\u00edvio no bolso do consumidor do pa\u00eds.","breadcrumb":{"@id":"https:\/\/tribunademinas.audiencelabs.com.br\/22-capitais-de-27-tiveram-queda-no-valor-da-cesta-basica\/#breadcrumb"},"inLanguage":"pt-BR","potentialAction":[{"@type":"ReadAction","target":["https:\/\/tribunademinas.audiencelabs.com.br\/22-capitais-de-27-tiveram-queda-no-valor-da-cesta-basica\/"]}]},{"@type":"ImageObject","inLanguage":"pt-BR","@id":"https:\/\/tribunademinas.audiencelabs.com.br\/22-capitais-de-27-tiveram-queda-no-valor-da-cesta-basica\/#primaryimage","url":"https:\/\/tribunademinas.audiencelabs.com.br\/wp-content\/uploads\/2025\/10\/cesta-basica.webp","contentUrl":"https:\/\/tribunademinas.audiencelabs.com.br\/wp-content\/uploads\/2025\/10\/cesta-basica.webp","width":1170,"height":700,"caption":"22 capitais de 27 tiveram queda no valor da cesta b\u00e1sica - Imagem: Fernando Fraz\u00e3o\/Ag\u00eancia Brasil"},{"@type":"BreadcrumbList","@id":"https:\/\/tribunademinas.audiencelabs.com.br\/22-capitais-de-27-tiveram-queda-no-valor-da-cesta-basica\/#breadcrumb","itemListElement":[{"@type":"ListItem","position":1,"name":"In\u00edcio","item":"https:\/\/tribunademinas.audiencelabs.com.br\/"},{"@type":"ListItem","position":2,"name":"22 capitais de 27 tiveram queda no valor da cesta b\u00e1sica"}]},{"@type":"WebSite","@id":"https:\/\/tribunademinas.audiencelabs.com.br\/#website","url":"https:\/\/tribunademinas.audiencelabs.com.br\/","name":"Tribuna de Minas - Dinheiro e Cidadania","description":"","publisher":{"@id":"https:\/\/tribunademinas.audiencelabs.com.br\/#organization"},"potentialAction":[{"@type":"SearchAction","target":{"@type":"EntryPoint","urlTemplate":"https:\/\/tribunademinas.audiencelabs.com.br\/?s={search_term_string}"},"query-input":{"@type":"PropertyValueSpecification","valueRequired":true,"valueName":"search_term_string"}}],"inLanguage":"pt-BR"},{"@type":"Organization","@id":"https:\/\/tribunademinas.audiencelabs.com.br\/#organization","name":"Tribuna de Minas - Dinheiro e Cidadania","url":"https:\/\/tribunademinas.audiencelabs.com.br\/","logo":{"@type":"ImageObject","inLanguage":"pt-BR","@id":"https:\/\/tribunademinas.audiencelabs.com.br\/#\/schema\/logo\/image\/","url":"https:\/\/tribunademinas.audiencelabs.com.br\/wp-content\/uploads\/2025\/08\/cropped-Tribuna_512x512-96x96-1.png","contentUrl":"https:\/\/tribunademinas.audiencelabs.com.br\/wp-content\/uploads\/2025\/08\/cropped-Tribuna_512x512-96x96-1.png","width":96,"height":96,"caption":"Tribuna de Minas - Dinheiro e Cidadania"},"image":{"@id":"https:\/\/tribunademinas.audiencelabs.com.br\/#\/schema\/logo\/image\/"},"sameAs":["https:\/\/www.facebook.com\/tribunademinas\/","https:\/\/x.com\/tribunademinas","https:\/\/www.instagram.com\/tribunademinas\/","https:\/\/www.youtube.com\/user\/TribunadeMinasJF"]},{"@type":"Person","@id":"https:\/\/tribunademinas.audiencelabs.com.br\/#\/schema\/person\/db18fc40307804bacef94213aa68fd9d","name":"Jeferson Carvalho","image":{"@type":"ImageObject","inLanguage":"pt-BR","@id":"https:\/\/tribunademinas.audiencelabs.com.br\/#\/schema\/person\/image\/","url":"https:\/\/secure.gravatar.com\/avatar\/cd7646e328d9670dad7dea8698522e522745eeffcff5b9d08be858e377ce326b?s=96&d=mm&r=g","contentUrl":"https:\/\/secure.gravatar.com\/avatar\/cd7646e328d9670dad7dea8698522e522745eeffcff5b9d08be858e377ce326b?s=96&d=mm&r=g","caption":"Jeferson Carvalho"},"description":"Jornalista apaixonado pela profiss\u00e3o!","url":"https:\/\/tribunademinas.audiencelabs.com.br\/author\/jeferson\/"}]}},"amp_enabled":true,"_links":{"self":[{"href":"https:\/\/tribunademinas.audiencelabs.com.br\/wp-json\/wp\/v2\/posts\/2387","targetHints":{"allow":["GET"]}}],"collection":[{"href":"https:\/\/tribunademinas.audiencelabs.com.br\/wp-json\/wp\/v2\/posts"}],"about":[{"href":"https:\/\/tribunademinas.audiencelabs.com.br\/wp-json\/wp\/v2\/types\/post"}],"author":[{"embeddable":true,"href":"https:\/\/tribunademinas.audiencelabs.com.br\/wp-json\/wp\/v2\/users\/5"}],"replies":[{"embeddable":true,"href":"https:\/\/tribunademinas.audiencelabs.com.br\/wp-json\/wp\/v2\/comments?post=2387"}],"version-history":[{"count":1,"href":"https:\/\/tribunademinas.audiencelabs.com.br\/wp-json\/wp\/v2\/posts\/2387\/revisions"}],"predecessor-version":[{"id":2389,"href":"https:\/\/tribunademinas.audiencelabs.com.br\/wp-json\/wp\/v2\/posts\/2387\/revisions\/2389"}],"wp:featuredmedia":[{"embeddable":true,"href":"https:\/\/tribunademinas.audiencelabs.com.br\/wp-json\/wp\/v2\/media\/2388"}],"wp:attachment":[{"href":"https:\/\/tribunademinas.audiencelabs.com.br\/wp-json\/wp\/v2\/media?parent=2387"}],"wp:term":[{"taxonomy":"category","embeddable":true,"href":"https:\/\/tribunademinas.audiencelabs.com.br\/wp-json\/wp\/v2\/categories?post=2387"},{"taxonomy":"post_tag","embeddable":true,"href":"https:\/\/tribunademinas.audiencelabs.com.br\/wp-json\/wp\/v2\/tags?post=2387"}],"curies":[{"name":"wp","href":"https:\/\/api.w.org\/{rel}","templated":true}]}}