{"id":2377,"date":"2025-10-10T08:45:00","date_gmt":"2025-10-10T11:45:00","guid":{"rendered":"https:\/\/tribunademinas.audiencelabs.com.br\/?p=2377"},"modified":"2025-10-09T18:42:12","modified_gmt":"2025-10-09T21:42:12","slug":"agora-e-lei-conta-de-luz-sera-gratuita-para-baixa-renda","status":"publish","type":"post","link":"https:\/\/tribunademinas.audiencelabs.com.br\/agora-e-lei-conta-de-luz-sera-gratuita-para-baixa-renda\/","title":{"rendered":"Agora \u00e9 lei: conta de luz ser\u00e1 gratuita para baixa renda"},"content":{"rendered":"\n<p>Na \u00faltima quarta-feira, 8 de outubro, o presidente Luiz In\u00e1cio Lula da Silva (PT) sancionou a lei que transforma em pol\u00edtica permanente o Programa Luz do Povo, garantindo gratuidade na conta de luz el\u00e9trica para milh\u00f5es de fam\u00edlias em situa\u00e7\u00e3o de vulnerabilidade social. <\/p>\n\n\n\n<p>A medida \u00e9 resultado da Medida Provis\u00f3ria 1.300\/25, publicada pelo governo em julho deste ano, que j\u00e1 estava em vigor desde ent\u00e3o, mas ainda dependia da aprova\u00e7\u00e3o do Congresso Nacional para ter validade definitiva. <\/p>\n\n\n\n<p>Com a san\u00e7\u00e3o presidencial, a MP agora se converteu em lei e passa a integrar, oficialmente, o conjunto de pol\u00edticas p\u00fablicas de prote\u00e7\u00e3o social do pa\u00eds.<\/p>\n\n\n\n<h2 class=\"wp-block-heading\">Agora \u00e9 lei: conta de luz ser\u00e1 gratuita para baixa renda<\/h2>\n\n\n\n<p>O <a href=\"https:\/\/www.gov.br\/mme\/pt-br\/luzdopovo\"><strong>Programa Luz do Povo<\/strong><\/a> substitui a antiga Tarifa Social de Energia El\u00e9trica (TSEE), ampliando o alcance e os crit\u00e9rios de acesso ao benef\u00edcio. <\/p>\n\n\n\n<p>A iniciativa representa um passo importante na dire\u00e7\u00e3o da chamada justi\u00e7a tarif\u00e1ria, ao assegurar que as fam\u00edlias de baixa renda tenham acesso \u00e0 energia sem comprometer o or\u00e7amento dom\u00e9stico. <\/p>\n\n\n\n<p>A lei entra em vigor plenamente a partir de janeiro de 2026, quando as regras do programa passam a valer de forma estruturada.<\/p>\n\n\n\n<p>A nova pol\u00edtica garante isen\u00e7\u00e3o total da tarifa de energia para fam\u00edlias inscritas no Cadastro \u00danico para Programas Sociais do Governo Federal (Cad\u00danico), desde que a renda mensal seja de at\u00e9 meio sal\u00e1rio m\u00ednimo (R$ 706) por pessoa e o consumo de energia n\u00e3o ultrapasse 80 kWh por m\u00eas. <\/p>\n\n\n\n<p>Esse limite \u00e9 considerado suficiente para cobrir o uso b\u00e1sico de eletricidade em resid\u00eancias que utilizam geladeira, ilumina\u00e7\u00e3o, televis\u00e3o e carregadores de celular. <\/p>\n\n\n\n<p>Al\u00e9m disso, ind\u00edgenas, quilombolas e benefici\u00e1rios do Benef\u00edcio de Presta\u00e7\u00e3o Continuada (BPC) tamb\u00e9m est\u00e3o contemplados com os mesmos direitos.<\/p>\n\n\n\n<p>Para consumos superiores a 80 kWh, o programa ainda prev\u00ea descontos parciais na fatura, variando conforme o consumo e a renda da fam\u00edlia. <\/p>\n\n\n\n<p>A partir de 2026, fam\u00edlias com renda entre meio e um sal\u00e1rio m\u00ednimo ( R$ 706 e R$ 1.518) por pessoa tamb\u00e9m poder\u00e3o ter abatimento de cerca de 12% na conta, desde que o consumo n\u00e3o ultrapasse 120 kWh.<\/p>\n\n\n\n<h3 class=\"wp-block-heading\">Como obter a gratuidade na conta de luz?<\/h3>\n\n\n\n<p>A ades\u00e3o ao programa \u00e9 autom\u00e1tica, desde que o respons\u00e1vel pela conta de luz esteja com o cadastro atualizado no Cad\u00danico. <\/p>\n\n\n\n<p>A recomenda\u00e7\u00e3o do governo \u00e9 procurar o Centro de Refer\u00eancia de Assist\u00eancia Social (CRAS) do munic\u00edpio para verificar ou atualizar os dados. <\/p>\n\n\n\n<p>Ap\u00f3s isso, o benef\u00edcio \u00e9 aplicado diretamente na fatura, sem necessidade de solicita\u00e7\u00e3o formal \u00e0 concession\u00e1ria de energia.<\/p>\n\n\n\n<p><\/p>\n","protected":false},"excerpt":{"rendered":"<p>Na \u00faltima quarta-feira, 8 de outubro, o presidente Luiz In\u00e1cio Lula da Silva (PT) sancionou a lei que transforma em pol\u00edtica permanente o Programa Luz do Povo, garantindo gratuidade na conta de luz el\u00e9trica para milh\u00f5es de fam\u00edlias em situa\u00e7\u00e3o de vulnerabilidade social. A medida \u00e9 resultado da Medida Provis\u00f3ria 1.300\/25, publicada pelo governo em [&hellip;]<\/p>\n","protected":false},"author":5,"featured_media":2378,"comment_status":"open","ping_status":"open","sticky":false,"template":"","format":"standard","meta":{"jnews-multi-image_gallery":[],"jnews_single_post":{"format":"standard"},"jnews_primary_category":[],"jnews_social_meta":[],"jnews_post_split":[],"footnotes":""},"categories":[1],"tags":[],"class_list":["post-2377","post","type-post","status-publish","format-standard","has-post-thumbnail","hentry","category-dinheiro"],"yoast_head":"<!-- This site is optimized with the Yoast SEO plugin v25.6 - https:\/\/yoast.com\/wordpress\/plugins\/seo\/ -->\n<title>Agora \u00e9 lei: conta de luz ser\u00e1 gratuita para baixa renda<\/title>\n<meta name=\"description\" content=\"O presidente Lula sancionou a lei que transforma em pol\u00edtica permanente o Programa Luz do Povo, garantindo gratuidade na conta de luz.\" \/>\n<meta name=\"robots\" content=\"index, follow, max-snippet:-1, max-image-preview:large, max-video-preview:-1\" \/>\n<link rel=\"canonical\" href=\"https:\/\/tribunademinas.audiencelabs.com.br\/agora-e-lei-conta-de-luz-sera-gratuita-para-baixa-renda\/\" \/>\n<meta property=\"og:locale\" content=\"pt_BR\" \/>\n<meta property=\"og:type\" content=\"article\" \/>\n<meta property=\"og:title\" content=\"Agora \u00e9 lei: conta de luz ser\u00e1 gratuita para baixa renda\" \/>\n<meta property=\"og:description\" content=\"O presidente Lula sancionou a lei que transforma em pol\u00edtica permanente o Programa Luz do Povo, garantindo gratuidade na conta de luz.\" \/>\n<meta property=\"og:url\" content=\"https:\/\/tribunademinas.audiencelabs.com.br\/agora-e-lei-conta-de-luz-sera-gratuita-para-baixa-renda\/\" \/>\n<meta property=\"og:site_name\" content=\"Tribuna de Minas - Dinheiro e Cidadania\" \/>\n<meta property=\"article:publisher\" content=\"https:\/\/www.facebook.com\/tribunademinas\/\" \/>\n<meta property=\"article:published_time\" content=\"2025-10-10T11:45:00+00:00\" \/>\n<meta property=\"og:image\" content=\"https:\/\/tribunademinas.audiencelabs.com.br\/wp-content\/uploads\/2025\/10\/conta-de-luz-1.webp\" \/>\n\t<meta property=\"og:image:width\" content=\"1170\" \/>\n\t<meta property=\"og:image:height\" content=\"700\" \/>\n\t<meta property=\"og:image:type\" content=\"image\/webp\" \/>\n<meta name=\"author\" content=\"Jeferson Carvalho\" \/>\n<meta name=\"twitter:card\" content=\"summary_large_image\" \/>\n<meta name=\"twitter:creator\" content=\"@tribunademinas\" \/>\n<meta name=\"twitter:site\" content=\"@tribunademinas\" \/>\n<meta name=\"twitter:label1\" content=\"Escrito por\" \/>\n\t<meta name=\"twitter:data1\" content=\"Jeferson Carvalho\" \/>\n\t<meta name=\"twitter:label2\" content=\"Est. tempo de leitura\" \/>\n\t<meta name=\"twitter:data2\" content=\"3 minutos\" \/>\n<!-- \/ Yoast SEO plugin. -->","yoast_head_json":{"title":"Agora \u00e9 lei: conta de luz ser\u00e1 gratuita para baixa renda","description":"O presidente Lula sancionou a lei que transforma em pol\u00edtica permanente o Programa Luz do Povo, garantindo gratuidade na conta de luz.","robots":{"index":"index","follow":"follow","max-snippet":"max-snippet:-1","max-image-preview":"max-image-preview:large","max-video-preview":"max-video-preview:-1"},"canonical":"https:\/\/tribunademinas.audiencelabs.com.br\/agora-e-lei-conta-de-luz-sera-gratuita-para-baixa-renda\/","og_locale":"pt_BR","og_type":"article","og_title":"Agora \u00e9 lei: conta de luz ser\u00e1 gratuita para baixa renda","og_description":"O presidente Lula sancionou a lei que transforma em pol\u00edtica permanente o Programa Luz do Povo, garantindo gratuidade na conta de luz.","og_url":"https:\/\/tribunademinas.audiencelabs.com.br\/agora-e-lei-conta-de-luz-sera-gratuita-para-baixa-renda\/","og_site_name":"Tribuna de Minas - Dinheiro e Cidadania","article_publisher":"https:\/\/www.facebook.com\/tribunademinas\/","article_published_time":"2025-10-10T11:45:00+00:00","og_image":[{"width":1170,"height":700,"url":"https:\/\/tribunademinas.audiencelabs.com.br\/wp-content\/uploads\/2025\/10\/conta-de-luz-1.webp","type":"image\/webp"}],"author":"Jeferson Carvalho","twitter_card":"summary_large_image","twitter_creator":"@tribunademinas","twitter_site":"@tribunademinas","twitter_misc":{"Escrito por":"Jeferson Carvalho","Est. tempo de leitura":"3 minutos"},"schema":{"@context":"https:\/\/schema.org","@graph":[{"@type":"Article","@id":"https:\/\/tribunademinas.audiencelabs.com.br\/agora-e-lei-conta-de-luz-sera-gratuita-para-baixa-renda\/#article","isPartOf":{"@id":"https:\/\/tribunademinas.audiencelabs.com.br\/agora-e-lei-conta-de-luz-sera-gratuita-para-baixa-renda\/"},"author":{"name":"Jeferson Carvalho","@id":"https:\/\/tribunademinas.audiencelabs.com.br\/#\/schema\/person\/db18fc40307804bacef94213aa68fd9d"},"headline":"Agora \u00e9 lei: conta de luz ser\u00e1 gratuita para baixa renda","datePublished":"2025-10-10T11:45:00+00:00","mainEntityOfPage":{"@id":"https:\/\/tribunademinas.audiencelabs.com.br\/agora-e-lei-conta-de-luz-sera-gratuita-para-baixa-renda\/"},"wordCount":463,"commentCount":0,"publisher":{"@id":"https:\/\/tribunademinas.audiencelabs.com.br\/#organization"},"image":{"@id":"https:\/\/tribunademinas.audiencelabs.com.br\/agora-e-lei-conta-de-luz-sera-gratuita-para-baixa-renda\/#primaryimage"},"thumbnailUrl":"https:\/\/tribunademinas.audiencelabs.com.br\/wp-content\/uploads\/2025\/10\/conta-de-luz-1.webp","articleSection":["Dinheiro"],"inLanguage":"pt-BR","potentialAction":[{"@type":"CommentAction","name":"Comment","target":["https:\/\/tribunademinas.audiencelabs.com.br\/agora-e-lei-conta-de-luz-sera-gratuita-para-baixa-renda\/#respond"]}]},{"@type":"WebPage","@id":"https:\/\/tribunademinas.audiencelabs.com.br\/agora-e-lei-conta-de-luz-sera-gratuita-para-baixa-renda\/","url":"https:\/\/tribunademinas.audiencelabs.com.br\/agora-e-lei-conta-de-luz-sera-gratuita-para-baixa-renda\/","name":"Agora \u00e9 lei: conta de luz ser\u00e1 gratuita para baixa renda","isPartOf":{"@id":"https:\/\/tribunademinas.audiencelabs.com.br\/#website"},"primaryImageOfPage":{"@id":"https:\/\/tribunademinas.audiencelabs.com.br\/agora-e-lei-conta-de-luz-sera-gratuita-para-baixa-renda\/#primaryimage"},"image":{"@id":"https:\/\/tribunademinas.audiencelabs.com.br\/agora-e-lei-conta-de-luz-sera-gratuita-para-baixa-renda\/#primaryimage"},"thumbnailUrl":"https:\/\/tribunademinas.audiencelabs.com.br\/wp-content\/uploads\/2025\/10\/conta-de-luz-1.webp","datePublished":"2025-10-10T11:45:00+00:00","description":"O presidente Lula sancionou a lei que transforma em pol\u00edtica permanente o Programa Luz do Povo, garantindo gratuidade na conta de luz.","breadcrumb":{"@id":"https:\/\/tribunademinas.audiencelabs.com.br\/agora-e-lei-conta-de-luz-sera-gratuita-para-baixa-renda\/#breadcrumb"},"inLanguage":"pt-BR","potentialAction":[{"@type":"ReadAction","target":["https:\/\/tribunademinas.audiencelabs.com.br\/agora-e-lei-conta-de-luz-sera-gratuita-para-baixa-renda\/"]}]},{"@type":"ImageObject","inLanguage":"pt-BR","@id":"https:\/\/tribunademinas.audiencelabs.com.br\/agora-e-lei-conta-de-luz-sera-gratuita-para-baixa-renda\/#primaryimage","url":"https:\/\/tribunademinas.audiencelabs.com.br\/wp-content\/uploads\/2025\/10\/conta-de-luz-1.webp","contentUrl":"https:\/\/tribunademinas.audiencelabs.com.br\/wp-content\/uploads\/2025\/10\/conta-de-luz-1.webp","width":1170,"height":700,"caption":"Agora \u00e9 lei: conta de luz ser\u00e1 gratuita para baixa renda - Imagem: Marcello Casal Jr\/Ag\u00eancia Brasil"},{"@type":"BreadcrumbList","@id":"https:\/\/tribunademinas.audiencelabs.com.br\/agora-e-lei-conta-de-luz-sera-gratuita-para-baixa-renda\/#breadcrumb","itemListElement":[{"@type":"ListItem","position":1,"name":"In\u00edcio","item":"https:\/\/tribunademinas.audiencelabs.com.br\/"},{"@type":"ListItem","position":2,"name":"Agora \u00e9 lei: conta de luz ser\u00e1 gratuita para baixa renda"}]},{"@type":"WebSite","@id":"https:\/\/tribunademinas.audiencelabs.com.br\/#website","url":"https:\/\/tribunademinas.audiencelabs.com.br\/","name":"Tribuna de Minas - Dinheiro e Cidadania","description":"","publisher":{"@id":"https:\/\/tribunademinas.audiencelabs.com.br\/#organization"},"potentialAction":[{"@type":"SearchAction","target":{"@type":"EntryPoint","urlTemplate":"https:\/\/tribunademinas.audiencelabs.com.br\/?s={search_term_string}"},"query-input":{"@type":"PropertyValueSpecification","valueRequired":true,"valueName":"search_term_string"}}],"inLanguage":"pt-BR"},{"@type":"Organization","@id":"https:\/\/tribunademinas.audiencelabs.com.br\/#organization","name":"Tribuna de Minas - Dinheiro e Cidadania","url":"https:\/\/tribunademinas.audiencelabs.com.br\/","logo":{"@type":"ImageObject","inLanguage":"pt-BR","@id":"https:\/\/tribunademinas.audiencelabs.com.br\/#\/schema\/logo\/image\/","url":"https:\/\/tribunademinas.audiencelabs.com.br\/wp-content\/uploads\/2025\/08\/cropped-Tribuna_512x512-96x96-1.png","contentUrl":"https:\/\/tribunademinas.audiencelabs.com.br\/wp-content\/uploads\/2025\/08\/cropped-Tribuna_512x512-96x96-1.png","width":96,"height":96,"caption":"Tribuna de Minas - Dinheiro e Cidadania"},"image":{"@id":"https:\/\/tribunademinas.audiencelabs.com.br\/#\/schema\/logo\/image\/"},"sameAs":["https:\/\/www.facebook.com\/tribunademinas\/","https:\/\/x.com\/tribunademinas","https:\/\/www.instagram.com\/tribunademinas\/","https:\/\/www.youtube.com\/user\/TribunadeMinasJF"]},{"@type":"Person","@id":"https:\/\/tribunademinas.audiencelabs.com.br\/#\/schema\/person\/db18fc40307804bacef94213aa68fd9d","name":"Jeferson Carvalho","image":{"@type":"ImageObject","inLanguage":"pt-BR","@id":"https:\/\/tribunademinas.audiencelabs.com.br\/#\/schema\/person\/image\/","url":"https:\/\/secure.gravatar.com\/avatar\/cd7646e328d9670dad7dea8698522e522745eeffcff5b9d08be858e377ce326b?s=96&d=mm&r=g","contentUrl":"https:\/\/secure.gravatar.com\/avatar\/cd7646e328d9670dad7dea8698522e522745eeffcff5b9d08be858e377ce326b?s=96&d=mm&r=g","caption":"Jeferson Carvalho"},"description":"Jornalista apaixonado pela profiss\u00e3o!","url":"https:\/\/tribunademinas.audiencelabs.com.br\/author\/jeferson\/"}]}},"amp_enabled":true,"_links":{"self":[{"href":"https:\/\/tribunademinas.audiencelabs.com.br\/wp-json\/wp\/v2\/posts\/2377","targetHints":{"allow":["GET"]}}],"collection":[{"href":"https:\/\/tribunademinas.audiencelabs.com.br\/wp-json\/wp\/v2\/posts"}],"about":[{"href":"https:\/\/tribunademinas.audiencelabs.com.br\/wp-json\/wp\/v2\/types\/post"}],"author":[{"embeddable":true,"href":"https:\/\/tribunademinas.audiencelabs.com.br\/wp-json\/wp\/v2\/users\/5"}],"replies":[{"embeddable":true,"href":"https:\/\/tribunademinas.audiencelabs.com.br\/wp-json\/wp\/v2\/comments?post=2377"}],"version-history":[{"count":1,"href":"https:\/\/tribunademinas.audiencelabs.com.br\/wp-json\/wp\/v2\/posts\/2377\/revisions"}],"predecessor-version":[{"id":2380,"href":"https:\/\/tribunademinas.audiencelabs.com.br\/wp-json\/wp\/v2\/posts\/2377\/revisions\/2380"}],"wp:featuredmedia":[{"embeddable":true,"href":"https:\/\/tribunademinas.audiencelabs.com.br\/wp-json\/wp\/v2\/media\/2378"}],"wp:attachment":[{"href":"https:\/\/tribunademinas.audiencelabs.com.br\/wp-json\/wp\/v2\/media?parent=2377"}],"wp:term":[{"taxonomy":"category","embeddable":true,"href":"https:\/\/tribunademinas.audiencelabs.com.br\/wp-json\/wp\/v2\/categories?post=2377"},{"taxonomy":"post_tag","embeddable":true,"href":"https:\/\/tribunademinas.audiencelabs.com.br\/wp-json\/wp\/v2\/tags?post=2377"}],"curies":[{"name":"wp","href":"https:\/\/api.w.org\/{rel}","templated":true}]}}