{"id":2310,"date":"2025-10-11T14:45:00","date_gmt":"2025-10-11T17:45:00","guid":{"rendered":"https:\/\/tribunademinas.audiencelabs.com.br\/?p=2310"},"modified":"2025-10-08T17:22:33","modified_gmt":"2025-10-08T20:22:33","slug":"bolsa-familia-vai-ter-aumento-ou-nao-veja-o-que-esta-sendo-discutido","status":"publish","type":"post","link":"https:\/\/tribunademinas.audiencelabs.com.br\/bolsa-familia-vai-ter-aumento-ou-nao-veja-o-que-esta-sendo-discutido\/","title":{"rendered":"Bolsa Fam\u00edlia vai ter aumento ou n\u00e3o? Veja o que est\u00e1 sendo discutido"},"content":{"rendered":"\n<p>Depois de sua reformula\u00e7\u00e3o em 2023, o <strong>programa Bolsa Fam\u00edlia<\/strong> passou a garantir aos benefici\u00e1rios um suporte mensal de R$ 600, sendo este o valor mais alto j\u00e1 pago, levando em considera\u00e7\u00e3o todo o hist\u00f3rico da iniciativa.<\/p>\n\n\n\n<p>Apesar disso, o valor do benef\u00edcio tem sido alvo de cr\u00edticas, pois al\u00e9m de n\u00e3o ser reajustado h\u00e1 quase dois anos, deixou de acompanhar o aumento dos pre\u00e7os, minimizando assim o poder de compra dos benefici\u00e1rios.<\/p>\n\n\n\n<p>Vale destacar que o programa est\u00e1 sendo revisado pelo governo federal e, recentemente, fontes pr\u00f3ximas ao presidente Luiz In\u00e1cio Lula da Silva (PT) tamb\u00e9m\u00a0revelaram poss\u00edveis planos de aumento para o Bolsa Fam\u00edlia.<\/p>\n\n\n\n<p>No entanto, a <strong>necessidade de equilibrar as contas p\u00fablicas<\/strong> impede que isso seja implementado, uma vez que o or\u00e7amento precisa cumprir metas fiscais muito restritas para evitar preju\u00edzos significativos.<\/p>\n\n\n\n<p>Isso significa que, caso n\u00e3o haja margem fiscal na Proposta de Lei Or\u00e7ament\u00e1ria Anual (PLOA) para conceder um aumento no valor do Bolsa Fam\u00edlia, o programa pode permanecer sem reajustes por mais um ano.<\/p>\n\n\n\n<h2 class=\"wp-block-heading\">Efici\u00eancia do Bolsa Fam\u00edlia pode ser aprimorada atrav\u00e9s de outros benef\u00edcios<\/h2>\n\n\n\n<p>Na aus\u00eancia de acr\u00e9scimos, o governo federal pode apostar na a\u00e7\u00e3o conjunta de outros benef\u00edcios para incrementar o Bolsa Fam\u00edlia, assegurando ainda mais recursos para fam\u00edlias em situa\u00e7\u00e3o de vulnerabilidade.<\/p>\n\n\n\n<p>Uma das iniciativas mais recentes inclui o lan\u00e7amento do programa <strong>G\u00e1s do Povo<\/strong>, que substituir\u00e1 o Aux\u00edlio-G\u00e1s e, muito em breve, permitir\u00e1 que benefici\u00e1rios fa\u00e7am recargas bimestrais ou trimestrais em seus botij\u00f5es de g\u00e1s gratuitamente.<\/p>\n\n\n\n<p>Considerando que o valor de R$ 108 pago anteriormente pelo Aux\u00edlio-G\u00e1s n\u00e3o acompanhava os pre\u00e7os praticados em todo o pa\u00eds, e consequentemente obrigava benefici\u00e1rios a desembolsarem mais dinheiro para arcar com o pagamento, a novidade \u00e9 extremamente vantajosa.<\/p>\n\n\n\n<p>Al\u00e9m disso, o governo tamb\u00e9m pode estar avaliando a integra\u00e7\u00e3o autom\u00e1tica do Bolsa Fam\u00edlia com a<strong> Tarifa Social de Energia El\u00e9trica<\/strong>, resultando em uma economia mensal ainda maior. Contudo, planos oficiais para o programa s\u00f3 devem ser revelados a partir do pr\u00f3ximo ano.<\/p>\n","protected":false},"excerpt":{"rendered":"<p>Depois de sua reformula\u00e7\u00e3o em 2023, o programa Bolsa Fam\u00edlia passou a garantir aos benefici\u00e1rios um suporte mensal de R$ 600, sendo este o valor mais alto j\u00e1 pago, levando em considera\u00e7\u00e3o todo o hist\u00f3rico da iniciativa. Apesar disso, o valor do benef\u00edcio tem sido alvo de cr\u00edticas, pois al\u00e9m de n\u00e3o ser reajustado h\u00e1 [&hellip;]<\/p>\n","protected":false},"author":3,"featured_media":2311,"comment_status":"open","ping_status":"open","sticky":false,"template":"","format":"standard","meta":{"jnews-multi-image_gallery":[],"jnews_single_post":{"format":"standard"},"jnews_primary_category":[],"jnews_social_meta":[],"jnews_post_split":[],"footnotes":""},"categories":[159],"tags":[],"class_list":["post-2310","post","type-post","status-publish","format-standard","has-post-thumbnail","hentry","category-cidadania"],"yoast_head":"<!-- This site is optimized with the Yoast SEO plugin v25.6 - https:\/\/yoast.com\/wordpress\/plugins\/seo\/ -->\n<title>Bolsa Fam\u00edlia vai ter aumento ou n\u00e3o? Veja o que est\u00e1 sendo discutido<\/title>\n<meta name=\"robots\" content=\"index, follow, max-snippet:-1, max-image-preview:large, max-video-preview:-1\" \/>\n<link rel=\"canonical\" href=\"https:\/\/tribunademinas.audiencelabs.com.br\/bolsa-familia-vai-ter-aumento-ou-nao-veja-o-que-esta-sendo-discutido\/\" \/>\n<meta property=\"og:locale\" content=\"pt_BR\" \/>\n<meta property=\"og:type\" content=\"article\" \/>\n<meta property=\"og:title\" content=\"Bolsa Fam\u00edlia vai ter aumento ou n\u00e3o? Veja o que est\u00e1 sendo discutido\" \/>\n<meta property=\"og:description\" content=\"Depois de sua reformula\u00e7\u00e3o em 2023, o programa Bolsa Fam\u00edlia passou a garantir aos benefici\u00e1rios um suporte mensal de R$ 600, sendo este o valor mais alto j\u00e1 pago, levando em considera\u00e7\u00e3o todo o hist\u00f3rico da iniciativa. Apesar disso, o valor do benef\u00edcio tem sido alvo de cr\u00edticas, pois al\u00e9m de n\u00e3o ser reajustado h\u00e1 [&hellip;]\" \/>\n<meta property=\"og:url\" content=\"https:\/\/tribunademinas.audiencelabs.com.br\/bolsa-familia-vai-ter-aumento-ou-nao-veja-o-que-esta-sendo-discutido\/\" \/>\n<meta property=\"og:site_name\" content=\"Tribuna de Minas - Dinheiro e Cidadania\" \/>\n<meta property=\"article:publisher\" content=\"https:\/\/www.facebook.com\/tribunademinas\/\" \/>\n<meta property=\"article:published_time\" content=\"2025-10-11T17:45:00+00:00\" \/>\n<meta property=\"og:image\" content=\"https:\/\/tribunademinas.audiencelabs.com.br\/wp-content\/uploads\/2025\/10\/bolsa-familia-aumento-o-que-esta-sendo-discutido.webp\" \/>\n\t<meta property=\"og:image:width\" content=\"1280\" \/>\n\t<meta property=\"og:image:height\" content=\"720\" \/>\n\t<meta property=\"og:image:type\" content=\"image\/webp\" \/>\n<meta name=\"author\" content=\"Jo\u00e3o Carlos Gomes\" \/>\n<meta name=\"twitter:card\" content=\"summary_large_image\" \/>\n<meta name=\"twitter:creator\" content=\"@tribunademinas\" \/>\n<meta name=\"twitter:site\" content=\"@tribunademinas\" \/>\n<meta name=\"twitter:label1\" content=\"Escrito por\" \/>\n\t<meta name=\"twitter:data1\" content=\"Jo\u00e3o Carlos Gomes\" \/>\n\t<meta name=\"twitter:label2\" content=\"Est. tempo de leitura\" \/>\n\t<meta name=\"twitter:data2\" content=\"3 minutos\" \/>\n<!-- \/ Yoast SEO plugin. -->","yoast_head_json":{"title":"Bolsa Fam\u00edlia vai ter aumento ou n\u00e3o? Veja o que est\u00e1 sendo discutido","robots":{"index":"index","follow":"follow","max-snippet":"max-snippet:-1","max-image-preview":"max-image-preview:large","max-video-preview":"max-video-preview:-1"},"canonical":"https:\/\/tribunademinas.audiencelabs.com.br\/bolsa-familia-vai-ter-aumento-ou-nao-veja-o-que-esta-sendo-discutido\/","og_locale":"pt_BR","og_type":"article","og_title":"Bolsa Fam\u00edlia vai ter aumento ou n\u00e3o? Veja o que est\u00e1 sendo discutido","og_description":"Depois de sua reformula\u00e7\u00e3o em 2023, o programa Bolsa Fam\u00edlia passou a garantir aos benefici\u00e1rios um suporte mensal de R$ 600, sendo este o valor mais alto j\u00e1 pago, levando em considera\u00e7\u00e3o todo o hist\u00f3rico da iniciativa. Apesar disso, o valor do benef\u00edcio tem sido alvo de cr\u00edticas, pois al\u00e9m de n\u00e3o ser reajustado h\u00e1 [&hellip;]","og_url":"https:\/\/tribunademinas.audiencelabs.com.br\/bolsa-familia-vai-ter-aumento-ou-nao-veja-o-que-esta-sendo-discutido\/","og_site_name":"Tribuna de Minas - Dinheiro e Cidadania","article_publisher":"https:\/\/www.facebook.com\/tribunademinas\/","article_published_time":"2025-10-11T17:45:00+00:00","og_image":[{"width":1280,"height":720,"url":"https:\/\/tribunademinas.audiencelabs.com.br\/wp-content\/uploads\/2025\/10\/bolsa-familia-aumento-o-que-esta-sendo-discutido.webp","type":"image\/webp"}],"author":"Jo\u00e3o Carlos Gomes","twitter_card":"summary_large_image","twitter_creator":"@tribunademinas","twitter_site":"@tribunademinas","twitter_misc":{"Escrito por":"Jo\u00e3o Carlos Gomes","Est. tempo de leitura":"3 minutos"},"schema":{"@context":"https:\/\/schema.org","@graph":[{"@type":"Article","@id":"https:\/\/tribunademinas.audiencelabs.com.br\/bolsa-familia-vai-ter-aumento-ou-nao-veja-o-que-esta-sendo-discutido\/#article","isPartOf":{"@id":"https:\/\/tribunademinas.audiencelabs.com.br\/bolsa-familia-vai-ter-aumento-ou-nao-veja-o-que-esta-sendo-discutido\/"},"author":{"name":"Jo\u00e3o Carlos Gomes","@id":"https:\/\/tribunademinas.audiencelabs.com.br\/#\/schema\/person\/37af466a64a722fadb8ef6841c52114f"},"headline":"Bolsa Fam\u00edlia vai ter aumento ou n\u00e3o? Veja o que est\u00e1 sendo discutido","datePublished":"2025-10-11T17:45:00+00:00","mainEntityOfPage":{"@id":"https:\/\/tribunademinas.audiencelabs.com.br\/bolsa-familia-vai-ter-aumento-ou-nao-veja-o-que-esta-sendo-discutido\/"},"wordCount":392,"commentCount":0,"publisher":{"@id":"https:\/\/tribunademinas.audiencelabs.com.br\/#organization"},"image":{"@id":"https:\/\/tribunademinas.audiencelabs.com.br\/bolsa-familia-vai-ter-aumento-ou-nao-veja-o-que-esta-sendo-discutido\/#primaryimage"},"thumbnailUrl":"https:\/\/tribunademinas.audiencelabs.com.br\/wp-content\/uploads\/2025\/10\/bolsa-familia-aumento-o-que-esta-sendo-discutido.webp","articleSection":["Cidadania"],"inLanguage":"pt-BR","potentialAction":[{"@type":"CommentAction","name":"Comment","target":["https:\/\/tribunademinas.audiencelabs.com.br\/bolsa-familia-vai-ter-aumento-ou-nao-veja-o-que-esta-sendo-discutido\/#respond"]}]},{"@type":"WebPage","@id":"https:\/\/tribunademinas.audiencelabs.com.br\/bolsa-familia-vai-ter-aumento-ou-nao-veja-o-que-esta-sendo-discutido\/","url":"https:\/\/tribunademinas.audiencelabs.com.br\/bolsa-familia-vai-ter-aumento-ou-nao-veja-o-que-esta-sendo-discutido\/","name":"Bolsa Fam\u00edlia vai ter aumento ou n\u00e3o? Veja o que est\u00e1 sendo discutido","isPartOf":{"@id":"https:\/\/tribunademinas.audiencelabs.com.br\/#website"},"primaryImageOfPage":{"@id":"https:\/\/tribunademinas.audiencelabs.com.br\/bolsa-familia-vai-ter-aumento-ou-nao-veja-o-que-esta-sendo-discutido\/#primaryimage"},"image":{"@id":"https:\/\/tribunademinas.audiencelabs.com.br\/bolsa-familia-vai-ter-aumento-ou-nao-veja-o-que-esta-sendo-discutido\/#primaryimage"},"thumbnailUrl":"https:\/\/tribunademinas.audiencelabs.com.br\/wp-content\/uploads\/2025\/10\/bolsa-familia-aumento-o-que-esta-sendo-discutido.webp","datePublished":"2025-10-11T17:45:00+00:00","breadcrumb":{"@id":"https:\/\/tribunademinas.audiencelabs.com.br\/bolsa-familia-vai-ter-aumento-ou-nao-veja-o-que-esta-sendo-discutido\/#breadcrumb"},"inLanguage":"pt-BR","potentialAction":[{"@type":"ReadAction","target":["https:\/\/tribunademinas.audiencelabs.com.br\/bolsa-familia-vai-ter-aumento-ou-nao-veja-o-que-esta-sendo-discutido\/"]}]},{"@type":"ImageObject","inLanguage":"pt-BR","@id":"https:\/\/tribunademinas.audiencelabs.com.br\/bolsa-familia-vai-ter-aumento-ou-nao-veja-o-que-esta-sendo-discutido\/#primaryimage","url":"https:\/\/tribunademinas.audiencelabs.com.br\/wp-content\/uploads\/2025\/10\/bolsa-familia-aumento-o-que-esta-sendo-discutido.webp","contentUrl":"https:\/\/tribunademinas.audiencelabs.com.br\/wp-content\/uploads\/2025\/10\/bolsa-familia-aumento-o-que-esta-sendo-discutido.webp","width":1280,"height":720,"caption":"Foto: MDAS\/Divulga\u00e7\u00e3o"},{"@type":"BreadcrumbList","@id":"https:\/\/tribunademinas.audiencelabs.com.br\/bolsa-familia-vai-ter-aumento-ou-nao-veja-o-que-esta-sendo-discutido\/#breadcrumb","itemListElement":[{"@type":"ListItem","position":1,"name":"In\u00edcio","item":"https:\/\/tribunademinas.audiencelabs.com.br\/"},{"@type":"ListItem","position":2,"name":"Bolsa Fam\u00edlia vai ter aumento ou n\u00e3o? Veja o que est\u00e1 sendo discutido"}]},{"@type":"WebSite","@id":"https:\/\/tribunademinas.audiencelabs.com.br\/#website","url":"https:\/\/tribunademinas.audiencelabs.com.br\/","name":"Tribuna de Minas - Dinheiro e Cidadania","description":"","publisher":{"@id":"https:\/\/tribunademinas.audiencelabs.com.br\/#organization"},"potentialAction":[{"@type":"SearchAction","target":{"@type":"EntryPoint","urlTemplate":"https:\/\/tribunademinas.audiencelabs.com.br\/?s={search_term_string}"},"query-input":{"@type":"PropertyValueSpecification","valueRequired":true,"valueName":"search_term_string"}}],"inLanguage":"pt-BR"},{"@type":"Organization","@id":"https:\/\/tribunademinas.audiencelabs.com.br\/#organization","name":"Tribuna de Minas - Dinheiro e Cidadania","url":"https:\/\/tribunademinas.audiencelabs.com.br\/","logo":{"@type":"ImageObject","inLanguage":"pt-BR","@id":"https:\/\/tribunademinas.audiencelabs.com.br\/#\/schema\/logo\/image\/","url":"https:\/\/tribunademinas.audiencelabs.com.br\/wp-content\/uploads\/2025\/08\/cropped-Tribuna_512x512-96x96-1.png","contentUrl":"https:\/\/tribunademinas.audiencelabs.com.br\/wp-content\/uploads\/2025\/08\/cropped-Tribuna_512x512-96x96-1.png","width":96,"height":96,"caption":"Tribuna de Minas - Dinheiro e Cidadania"},"image":{"@id":"https:\/\/tribunademinas.audiencelabs.com.br\/#\/schema\/logo\/image\/"},"sameAs":["https:\/\/www.facebook.com\/tribunademinas\/","https:\/\/x.com\/tribunademinas","https:\/\/www.instagram.com\/tribunademinas\/","https:\/\/www.youtube.com\/user\/TribunadeMinasJF"]},{"@type":"Person","@id":"https:\/\/tribunademinas.audiencelabs.com.br\/#\/schema\/person\/37af466a64a722fadb8ef6841c52114f","name":"Jo\u00e3o Carlos Gomes","image":{"@type":"ImageObject","inLanguage":"pt-BR","@id":"https:\/\/tribunademinas.audiencelabs.com.br\/#\/schema\/person\/image\/","url":"https:\/\/secure.gravatar.com\/avatar\/4ce4672dbdd694b329cd6fdb51bee7d1409be1f0ff76a537e4c4a737b2c7d1a9?s=96&d=mm&r=g","contentUrl":"https:\/\/secure.gravatar.com\/avatar\/4ce4672dbdd694b329cd6fdb51bee7d1409be1f0ff76a537e4c4a737b2c7d1a9?s=96&d=mm&r=g","caption":"Jo\u00e3o Carlos Gomes"},"description":"Jornalista formado pelo Centro Universit\u00e1rio Carioca, apreciador da Bossa Nova ao Metal Extremo, criador de conte\u00fado e m\u00fasico independente nas horas vagas.","url":"https:\/\/tribunademinas.audiencelabs.com.br\/author\/joaoc-junior\/"}]}},"amp_enabled":true,"_links":{"self":[{"href":"https:\/\/tribunademinas.audiencelabs.com.br\/wp-json\/wp\/v2\/posts\/2310","targetHints":{"allow":["GET"]}}],"collection":[{"href":"https:\/\/tribunademinas.audiencelabs.com.br\/wp-json\/wp\/v2\/posts"}],"about":[{"href":"https:\/\/tribunademinas.audiencelabs.com.br\/wp-json\/wp\/v2\/types\/post"}],"author":[{"embeddable":true,"href":"https:\/\/tribunademinas.audiencelabs.com.br\/wp-json\/wp\/v2\/users\/3"}],"replies":[{"embeddable":true,"href":"https:\/\/tribunademinas.audiencelabs.com.br\/wp-json\/wp\/v2\/comments?post=2310"}],"version-history":[{"count":1,"href":"https:\/\/tribunademinas.audiencelabs.com.br\/wp-json\/wp\/v2\/posts\/2310\/revisions"}],"predecessor-version":[{"id":2312,"href":"https:\/\/tribunademinas.audiencelabs.com.br\/wp-json\/wp\/v2\/posts\/2310\/revisions\/2312"}],"wp:featuredmedia":[{"embeddable":true,"href":"https:\/\/tribunademinas.audiencelabs.com.br\/wp-json\/wp\/v2\/media\/2311"}],"wp:attachment":[{"href":"https:\/\/tribunademinas.audiencelabs.com.br\/wp-json\/wp\/v2\/media?parent=2310"}],"wp:term":[{"taxonomy":"category","embeddable":true,"href":"https:\/\/tribunademinas.audiencelabs.com.br\/wp-json\/wp\/v2\/categories?post=2310"},{"taxonomy":"post_tag","embeddable":true,"href":"https:\/\/tribunademinas.audiencelabs.com.br\/wp-json\/wp\/v2\/tags?post=2310"}],"curies":[{"name":"wp","href":"https:\/\/api.w.org\/{rel}","templated":true}]}}